{"id":12337,"date":"2018-06-13T16:15:48","date_gmt":"2018-06-13T19:15:48","guid":{"rendered":"http:\/\/www.eldiariodetucuman.com\/web\/?p=12337"},"modified":"2018-06-13T16:26:22","modified_gmt":"2018-06-13T19:26:22","slug":"llega-el-invierno-como-prevenir-patologias-respiratorias","status":"publish","type":"post","link":"https:\/\/www.eldiariodetucuman.com\/web\/llega-el-invierno-como-prevenir-patologias-respiratorias\/","title":{"rendered":"LLega el invierno \u00bfC\u00f3mo prevenir patolog\u00edas respiratorias?"},"content":{"rendered":"<div class=\"mom-post-meta single-post-meta\">Con el descenso de temperaturas llegan las llamadas enfermedades estacionales, siendo las patolog\u00edas respiratorias m\u00e1s comunes en los ni\u00f1os, a las cuales hay que prestarles mucha atenci\u00f3n sobre todo a los menores de seis meses.<\/div>\n<p><!--more--><\/p>\n<p>Es por esto que, el Servicio de Internaci\u00f3n Abreviada (SIA) del Hospital del Ni\u00f1o Jes\u00fas a cargo de\u00a0<strong>Noem\u00ed D\u00edaz<\/strong>, brind\u00f3 una serie de recomendaci\u00f3n para prevenir, detectar y actuar con rapidez ante la aparici\u00f3n de s\u00edntomas de enfermedades respiratorias que afectan a los chicos.<\/p>\n<div class=\"entry-content\">\n<p class=\"selectionShareable\">D\u00edaz cont\u00f3 que \u201cdesde la SIA estamos preparados para enfrentar el pico estacional, Vamos a disponer de 22 cunas con ox\u00edgeno para recibir a los pacientes. Contamos con m\u00e1s 10 bocas de ox\u00edgenos para realizar el rescate necesario en los ni\u00f1os con cuadros obstructivos y tenemos el refuerzo de profesionales m\u00e9dicos y de enfermer\u00eda para hacer frente al incremento de consultas l\u00f3gicas de esta etapa del a\u00f1o\u201d.<\/p>\n<p>Cabe destacar que este tipo de patolog\u00edas duran entre 14 a 21 d\u00edas y es un proceso en el cual la recuperaci\u00f3n del paciente depende de un tratamiento espec\u00edfico. \u201cLo importante cuando un paciente llega a la SIA es sacarlo de la fase aguda para luego aclararle a los padres que esta enfermedad necesita su tiempo de evoluci\u00f3n, la cual ser\u00e1 favorable si realizan paso a paso las indicaciones que desde el servicio les brindamos\u201d, explic\u00f3 la profesional.<\/p>\n<p class=\"selectionShareable\">\u201cEs importe no automedicar al ni\u00f1o, mientras m\u00e1s r\u00e1pido sea la consulta menor es el tiempo de internaci\u00f3n abreviada de esta manera el peque\u00f1o regresa al hogar lo que favorece a su recuperaci\u00f3n dentro del seno familiar\u201d, concluy\u00f3.<\/p>\n<div class=\"base-box news-box mom_box_sc_custom mom_box_sc clear \">\n<p class=\"selectionShareable\"><strong>\u00bfC\u00f3mo identificar los signos de alertas en los ni\u00f1os para realizar una consulta precoz?<\/strong><\/p>\n<p class=\"selectionShareable\">\uf0b7 Si al respirar hunden las costillas (tiraje).<\/p>\n<p class=\"selectionShareable\">\uf0b7 Si se agita.<\/p>\n<p class=\"selectionShareable\">\uf0b7 Si est\u00e1 molesto.<\/p>\n<p class=\"selectionShareable\">\uf0b7 Si no se alimenta de manera normal.<\/p>\n<p class=\"selectionShareable\">\uf0b7 Si no puede dormir.<\/p>\n<p class=\"selectionShareable\">\uf0b7 Si presenta fiebre.<\/p>\n<p class=\"selectionShareable\">\uf0b7 Si est\u00e1 inquieto, irritable.<\/p>\n<\/div>\n<\/div>\n","protected":false},"excerpt":{"rendered":"<p>Con el descenso de temperaturas llegan las llamadas enfermedades estacionales, siendo las patolog\u00edas respiratorias m\u00e1s comunes en los ni\u00f1os, a las cuales hay que prestarles mucha atenci\u00f3n sobre todo a los menores de seis meses.<\/p>\n","protected":false},"author":5,"featured_media":12342,"comment_status":"closed","ping_status":"open","sticky":false,"template":"","format":"standard","meta":{"footnotes":""},"categories":[578],"tags":[7,1752,61],"class_list":{"0":"post-12337","1":"post","2":"type-post","3":"status-publish","4":"format-standard","5":"has-post-thumbnail","7":"category-salud","8":"tag-el-diario-de-tucuman","9":"tag-enfermedaades","10":"tag-tucuman"},"yoast_head":"<!-- This site is optimized with the Yoast SEO plugin v27.4 - https:\/\/yoast.com\/product\/yoast-seo-wordpress\/ -->\n<title>LLega el invierno \u00bfC\u00f3mo prevenir patolog\u00edas respiratorias? - El Diario de Tucuman<\/title>\n<meta name=\"robots\" content=\"index, follow, max-snippet:-1, max-image-preview:large, max-video-preview:-1\" \/>\n<link rel=\"canonical\" href=\"https:\/\/www.eldiariodetucuman.com\/web\/llega-el-invierno-como-prevenir-patologias-respiratorias\/\" \/>\n<meta property=\"og:locale\" content=\"es_ES\" \/>\n<meta property=\"og:type\" content=\"article\" \/>\n<meta property=\"og:title\" content=\"LLega el invierno \u00bfC\u00f3mo prevenir patolog\u00edas respiratorias? - El Diario de Tucuman\" \/>\n<meta property=\"og:description\" content=\"Con el descenso de temperaturas llegan las llamadas enfermedades estacionales, siendo las patolog\u00edas respiratorias m\u00e1s comunes en los ni\u00f1os, a las cuales hay que prestarles mucha atenci\u00f3n sobre todo a los menores de seis meses.\" \/>\n<meta property=\"og:url\" content=\"https:\/\/www.eldiariodetucuman.com\/web\/llega-el-invierno-como-prevenir-patologias-respiratorias\/\" \/>\n<meta property=\"og:site_name\" content=\"El Diario de Tucuman\" \/>\n<meta property=\"article:published_time\" content=\"2018-06-13T19:15:48+00:00\" \/>\n<meta property=\"article:modified_time\" content=\"2018-06-13T19:26:22+00:00\" \/>\n<meta property=\"og:image\" content=\"https:\/\/www.eldiariodetucuman.com\/web\/wp-content\/uploads\/2018\/06\/21db9ed80c4d33bafd02b50efe3e4d10.jpg\" \/>\n\t<meta property=\"og:image:width\" content=\"544\" \/>\n\t<meta property=\"og:image:height\" content=\"293\" \/>\n\t<meta property=\"og:image:type\" content=\"image\/jpeg\" \/>\n<meta name=\"author\" content=\"Redactor Uno\" \/>\n<meta name=\"twitter:card\" content=\"summary_large_image\" \/>\n<meta name=\"twitter:label1\" content=\"Escrito por\" \/>\n\t<meta name=\"twitter:data1\" content=\"Redactor Uno\" \/>\n\t<meta name=\"twitter:label2\" content=\"Tiempo de lectura\" \/>\n\t<meta name=\"twitter:data2\" content=\"2 minutos\" \/>\n<script type=\"application\/ld+json\" class=\"yoast-schema-graph\">{\"@context\":\"https:\\\/\\\/schema.org\",\"@graph\":[{\"@type\":\"Article\",\"@id\":\"https:\\\/\\\/www.eldiariodetucuman.com\\\/web\\\/llega-el-invierno-como-prevenir-patologias-respiratorias\\\/#article\",\"isPartOf\":{\"@id\":\"https:\\\/\\\/www.eldiariodetucuman.com\\\/web\\\/llega-el-invierno-como-prevenir-patologias-respiratorias\\\/\"},\"author\":{\"name\":\"Redactor Uno\",\"@id\":\"https:\\\/\\\/www.eldiariodetucuman.com\\\/web\\\/#\\\/schema\\\/person\\\/7e6644a46e60888f6b868594407e08dd\"},\"headline\":\"LLega el invierno \u00bfC\u00f3mo prevenir patolog\u00edas respiratorias?\",\"datePublished\":\"2018-06-13T19:15:48+00:00\",\"dateModified\":\"2018-06-13T19:26:22+00:00\",\"mainEntityOfPage\":{\"@id\":\"https:\\\/\\\/www.eldiariodetucuman.com\\\/web\\\/llega-el-invierno-como-prevenir-patologias-respiratorias\\\/\"},\"wordCount\":346,\"publisher\":{\"@id\":\"https:\\\/\\\/www.eldiariodetucuman.com\\\/web\\\/#organization\"},\"image\":{\"@id\":\"https:\\\/\\\/www.eldiariodetucuman.com\\\/web\\\/llega-el-invierno-como-prevenir-patologias-respiratorias\\\/#primaryimage\"},\"thumbnailUrl\":\"https:\\\/\\\/www.eldiariodetucuman.com\\\/web\\\/wp-content\\\/uploads\\\/2018\\\/06\\\/21db9ed80c4d33bafd02b50efe3e4d10.jpg\",\"keywords\":[\"El Diario de Tucuman\",\"enfermedaades\",\"Tucuman\"],\"articleSection\":[\"Salud\"],\"inLanguage\":\"es\"},{\"@type\":\"WebPage\",\"@id\":\"https:\\\/\\\/www.eldiariodetucuman.com\\\/web\\\/llega-el-invierno-como-prevenir-patologias-respiratorias\\\/\",\"url\":\"https:\\\/\\\/www.eldiariodetucuman.com\\\/web\\\/llega-el-invierno-como-prevenir-patologias-respiratorias\\\/\",\"name\":\"LLega el invierno \u00bfC\u00f3mo prevenir patolog\u00edas respiratorias? - El Diario de Tucuman\",\"isPartOf\":{\"@id\":\"https:\\\/\\\/www.eldiariodetucuman.com\\\/web\\\/#website\"},\"primaryImageOfPage\":{\"@id\":\"https:\\\/\\\/www.eldiariodetucuman.com\\\/web\\\/llega-el-invierno-como-prevenir-patologias-respiratorias\\\/#primaryimage\"},\"image\":{\"@id\":\"https:\\\/\\\/www.eldiariodetucuman.com\\\/web\\\/llega-el-invierno-como-prevenir-patologias-respiratorias\\\/#primaryimage\"},\"thumbnailUrl\":\"https:\\\/\\\/www.eldiariodetucuman.com\\\/web\\\/wp-content\\\/uploads\\\/2018\\\/06\\\/21db9ed80c4d33bafd02b50efe3e4d10.jpg\",\"datePublished\":\"2018-06-13T19:15:48+00:00\",\"dateModified\":\"2018-06-13T19:26:22+00:00\",\"breadcrumb\":{\"@id\":\"https:\\\/\\\/www.eldiariodetucuman.com\\\/web\\\/llega-el-invierno-como-prevenir-patologias-respiratorias\\\/#breadcrumb\"},\"inLanguage\":\"es\",\"potentialAction\":[{\"@type\":\"ReadAction\",\"target\":[\"https:\\\/\\\/www.eldiariodetucuman.com\\\/web\\\/llega-el-invierno-como-prevenir-patologias-respiratorias\\\/\"]}]},{\"@type\":\"ImageObject\",\"inLanguage\":\"es\",\"@id\":\"https:\\\/\\\/www.eldiariodetucuman.com\\\/web\\\/llega-el-invierno-como-prevenir-patologias-respiratorias\\\/#primaryimage\",\"url\":\"https:\\\/\\\/www.eldiariodetucuman.com\\\/web\\\/wp-content\\\/uploads\\\/2018\\\/06\\\/21db9ed80c4d33bafd02b50efe3e4d10.jpg\",\"contentUrl\":\"https:\\\/\\\/www.eldiariodetucuman.com\\\/web\\\/wp-content\\\/uploads\\\/2018\\\/06\\\/21db9ed80c4d33bafd02b50efe3e4d10.jpg\",\"width\":544,\"height\":293},{\"@type\":\"BreadcrumbList\",\"@id\":\"https:\\\/\\\/www.eldiariodetucuman.com\\\/web\\\/llega-el-invierno-como-prevenir-patologias-respiratorias\\\/#breadcrumb\",\"itemListElement\":[{\"@type\":\"ListItem\",\"position\":1,\"name\":\"Portada\",\"item\":\"https:\\\/\\\/www.eldiariodetucuman.com\\\/web\\\/\"},{\"@type\":\"ListItem\",\"position\":2,\"name\":\"LLega el invierno \u00bfC\u00f3mo prevenir patolog\u00edas respiratorias?\"}]},{\"@type\":\"WebSite\",\"@id\":\"https:\\\/\\\/www.eldiariodetucuman.com\\\/web\\\/#website\",\"url\":\"https:\\\/\\\/www.eldiariodetucuman.com\\\/web\\\/\",\"name\":\"El Diario de Tucuman\",\"description\":\"Diario Tucuman - Informaci\u00f3n y noticias\",\"publisher\":{\"@id\":\"https:\\\/\\\/www.eldiariodetucuman.com\\\/web\\\/#organization\"},\"potentialAction\":[{\"@type\":\"SearchAction\",\"target\":{\"@type\":\"EntryPoint\",\"urlTemplate\":\"https:\\\/\\\/www.eldiariodetucuman.com\\\/web\\\/?s={search_term_string}\"},\"query-input\":{\"@type\":\"PropertyValueSpecification\",\"valueRequired\":true,\"valueName\":\"search_term_string\"}}],\"inLanguage\":\"es\"},{\"@type\":\"Organization\",\"@id\":\"https:\\\/\\\/www.eldiariodetucuman.com\\\/web\\\/#organization\",\"name\":\"El Diario de Tucuman\",\"url\":\"https:\\\/\\\/www.eldiariodetucuman.com\\\/web\\\/\",\"logo\":{\"@type\":\"ImageObject\",\"inLanguage\":\"es\",\"@id\":\"https:\\\/\\\/www.eldiariodetucuman.com\\\/web\\\/#\\\/schema\\\/logo\\\/image\\\/\",\"url\":\"http:\\\/\\\/www.eldiariodetucuman.com\\\/web\\\/wp-content\\\/uploads\\\/2017\\\/12\\\/el-diario-de-tucuman.jpg\",\"contentUrl\":\"http:\\\/\\\/www.eldiariodetucuman.com\\\/web\\\/wp-content\\\/uploads\\\/2017\\\/12\\\/el-diario-de-tucuman.jpg\",\"width\":272,\"height\":92,\"caption\":\"El Diario de Tucuman\"},\"image\":{\"@id\":\"https:\\\/\\\/www.eldiariodetucuman.com\\\/web\\\/#\\\/schema\\\/logo\\\/image\\\/\"}},{\"@type\":\"Person\",\"@id\":\"https:\\\/\\\/www.eldiariodetucuman.com\\\/web\\\/#\\\/schema\\\/person\\\/7e6644a46e60888f6b868594407e08dd\",\"name\":\"Redactor Uno\",\"image\":{\"@type\":\"ImageObject\",\"inLanguage\":\"es\",\"@id\":\"https:\\\/\\\/secure.gravatar.com\\\/avatar\\\/0049b1bdf1bd548385c9ea6b9356431717930913089febd2ba904f0187d7d074?s=96&d=mm&r=g\",\"url\":\"https:\\\/\\\/secure.gravatar.com\\\/avatar\\\/0049b1bdf1bd548385c9ea6b9356431717930913089febd2ba904f0187d7d074?s=96&d=mm&r=g\",\"contentUrl\":\"https:\\\/\\\/secure.gravatar.com\\\/avatar\\\/0049b1bdf1bd548385c9ea6b9356431717930913089febd2ba904f0187d7d074?s=96&d=mm&r=g\",\"caption\":\"Redactor Uno\"},\"url\":\"https:\\\/\\\/www.eldiariodetucuman.com\\\/web\\\/author\\\/mramasco\\\/\"}]}<\/script>\n<!-- \/ Yoast SEO plugin. -->","yoast_head_json":{"title":"LLega el invierno \u00bfC\u00f3mo prevenir patolog\u00edas respiratorias? - El Diario de Tucuman","robots":{"index":"index","follow":"follow","max-snippet":"max-snippet:-1","max-image-preview":"max-image-preview:large","max-video-preview":"max-video-preview:-1"},"canonical":"https:\/\/www.eldiariodetucuman.com\/web\/llega-el-invierno-como-prevenir-patologias-respiratorias\/","og_locale":"es_ES","og_type":"article","og_title":"LLega el invierno \u00bfC\u00f3mo prevenir patolog\u00edas respiratorias? - El Diario de Tucuman","og_description":"Con el descenso de temperaturas llegan las llamadas enfermedades estacionales, siendo las patolog\u00edas respiratorias m\u00e1s comunes en los ni\u00f1os, a las cuales hay que prestarles mucha atenci\u00f3n sobre todo a los menores de seis meses.","og_url":"https:\/\/www.eldiariodetucuman.com\/web\/llega-el-invierno-como-prevenir-patologias-respiratorias\/","og_site_name":"El Diario de Tucuman","article_published_time":"2018-06-13T19:15:48+00:00","article_modified_time":"2018-06-13T19:26:22+00:00","og_image":[{"width":544,"height":293,"url":"https:\/\/www.eldiariodetucuman.com\/web\/wp-content\/uploads\/2018\/06\/21db9ed80c4d33bafd02b50efe3e4d10.jpg","type":"image\/jpeg"}],"author":"Redactor Uno","twitter_card":"summary_large_image","twitter_misc":{"Escrito por":"Redactor Uno","Tiempo de lectura":"2 minutos"},"schema":{"@context":"https:\/\/schema.org","@graph":[{"@type":"Article","@id":"https:\/\/www.eldiariodetucuman.com\/web\/llega-el-invierno-como-prevenir-patologias-respiratorias\/#article","isPartOf":{"@id":"https:\/\/www.eldiariodetucuman.com\/web\/llega-el-invierno-como-prevenir-patologias-respiratorias\/"},"author":{"name":"Redactor Uno","@id":"https:\/\/www.eldiariodetucuman.com\/web\/#\/schema\/person\/7e6644a46e60888f6b868594407e08dd"},"headline":"LLega el invierno \u00bfC\u00f3mo prevenir patolog\u00edas respiratorias?","datePublished":"2018-06-13T19:15:48+00:00","dateModified":"2018-06-13T19:26:22+00:00","mainEntityOfPage":{"@id":"https:\/\/www.eldiariodetucuman.com\/web\/llega-el-invierno-como-prevenir-patologias-respiratorias\/"},"wordCount":346,"publisher":{"@id":"https:\/\/www.eldiariodetucuman.com\/web\/#organization"},"image":{"@id":"https:\/\/www.eldiariodetucuman.com\/web\/llega-el-invierno-como-prevenir-patologias-respiratorias\/#primaryimage"},"thumbnailUrl":"https:\/\/www.eldiariodetucuman.com\/web\/wp-content\/uploads\/2018\/06\/21db9ed80c4d33bafd02b50efe3e4d10.jpg","keywords":["El Diario de Tucuman","enfermedaades","Tucuman"],"articleSection":["Salud"],"inLanguage":"es"},{"@type":"WebPage","@id":"https:\/\/www.eldiariodetucuman.com\/web\/llega-el-invierno-como-prevenir-patologias-respiratorias\/","url":"https:\/\/www.eldiariodetucuman.com\/web\/llega-el-invierno-como-prevenir-patologias-respiratorias\/","name":"LLega el invierno \u00bfC\u00f3mo prevenir patolog\u00edas respiratorias? - El Diario de Tucuman","isPartOf":{"@id":"https:\/\/www.eldiariodetucuman.com\/web\/#website"},"primaryImageOfPage":{"@id":"https:\/\/www.eldiariodetucuman.com\/web\/llega-el-invierno-como-prevenir-patologias-respiratorias\/#primaryimage"},"image":{"@id":"https:\/\/www.eldiariodetucuman.com\/web\/llega-el-invierno-como-prevenir-patologias-respiratorias\/#primaryimage"},"thumbnailUrl":"https:\/\/www.eldiariodetucuman.com\/web\/wp-content\/uploads\/2018\/06\/21db9ed80c4d33bafd02b50efe3e4d10.jpg","datePublished":"2018-06-13T19:15:48+00:00","dateModified":"2018-06-13T19:26:22+00:00","breadcrumb":{"@id":"https:\/\/www.eldiariodetucuman.com\/web\/llega-el-invierno-como-prevenir-patologias-respiratorias\/#breadcrumb"},"inLanguage":"es","potentialAction":[{"@type":"ReadAction","target":["https:\/\/www.eldiariodetucuman.com\/web\/llega-el-invierno-como-prevenir-patologias-respiratorias\/"]}]},{"@type":"ImageObject","inLanguage":"es","@id":"https:\/\/www.eldiariodetucuman.com\/web\/llega-el-invierno-como-prevenir-patologias-respiratorias\/#primaryimage","url":"https:\/\/www.eldiariodetucuman.com\/web\/wp-content\/uploads\/2018\/06\/21db9ed80c4d33bafd02b50efe3e4d10.jpg","contentUrl":"https:\/\/www.eldiariodetucuman.com\/web\/wp-content\/uploads\/2018\/06\/21db9ed80c4d33bafd02b50efe3e4d10.jpg","width":544,"height":293},{"@type":"BreadcrumbList","@id":"https:\/\/www.eldiariodetucuman.com\/web\/llega-el-invierno-como-prevenir-patologias-respiratorias\/#breadcrumb","itemListElement":[{"@type":"ListItem","position":1,"name":"Portada","item":"https:\/\/www.eldiariodetucuman.com\/web\/"},{"@type":"ListItem","position":2,"name":"LLega el invierno \u00bfC\u00f3mo prevenir patolog\u00edas respiratorias?"}]},{"@type":"WebSite","@id":"https:\/\/www.eldiariodetucuman.com\/web\/#website","url":"https:\/\/www.eldiariodetucuman.com\/web\/","name":"El Diario de Tucuman","description":"Diario Tucuman - Informaci\u00f3n y noticias","publisher":{"@id":"https:\/\/www.eldiariodetucuman.com\/web\/#organization"},"potentialAction":[{"@type":"SearchAction","target":{"@type":"EntryPoint","urlTemplate":"https:\/\/www.eldiariodetucuman.com\/web\/?s={search_term_string}"},"query-input":{"@type":"PropertyValueSpecification","valueRequired":true,"valueName":"search_term_string"}}],"inLanguage":"es"},{"@type":"Organization","@id":"https:\/\/www.eldiariodetucuman.com\/web\/#organization","name":"El Diario de Tucuman","url":"https:\/\/www.eldiariodetucuman.com\/web\/","logo":{"@type":"ImageObject","inLanguage":"es","@id":"https:\/\/www.eldiariodetucuman.com\/web\/#\/schema\/logo\/image\/","url":"http:\/\/www.eldiariodetucuman.com\/web\/wp-content\/uploads\/2017\/12\/el-diario-de-tucuman.jpg","contentUrl":"http:\/\/www.eldiariodetucuman.com\/web\/wp-content\/uploads\/2017\/12\/el-diario-de-tucuman.jpg","width":272,"height":92,"caption":"El Diario de Tucuman"},"image":{"@id":"https:\/\/www.eldiariodetucuman.com\/web\/#\/schema\/logo\/image\/"}},{"@type":"Person","@id":"https:\/\/www.eldiariodetucuman.com\/web\/#\/schema\/person\/7e6644a46e60888f6b868594407e08dd","name":"Redactor Uno","image":{"@type":"ImageObject","inLanguage":"es","@id":"https:\/\/secure.gravatar.com\/avatar\/0049b1bdf1bd548385c9ea6b9356431717930913089febd2ba904f0187d7d074?s=96&d=mm&r=g","url":"https:\/\/secure.gravatar.com\/avatar\/0049b1bdf1bd548385c9ea6b9356431717930913089febd2ba904f0187d7d074?s=96&d=mm&r=g","contentUrl":"https:\/\/secure.gravatar.com\/avatar\/0049b1bdf1bd548385c9ea6b9356431717930913089febd2ba904f0187d7d074?s=96&d=mm&r=g","caption":"Redactor Uno"},"url":"https:\/\/www.eldiariodetucuman.com\/web\/author\/mramasco\/"}]}},"_links":{"self":[{"href":"https:\/\/www.eldiariodetucuman.com\/web\/wp-json\/wp\/v2\/posts\/12337","targetHints":{"allow":["GET"]}}],"collection":[{"href":"https:\/\/www.eldiariodetucuman.com\/web\/wp-json\/wp\/v2\/posts"}],"about":[{"href":"https:\/\/www.eldiariodetucuman.com\/web\/wp-json\/wp\/v2\/types\/post"}],"author":[{"embeddable":true,"href":"https:\/\/www.eldiariodetucuman.com\/web\/wp-json\/wp\/v2\/users\/5"}],"replies":[{"embeddable":true,"href":"https:\/\/www.eldiariodetucuman.com\/web\/wp-json\/wp\/v2\/comments?post=12337"}],"version-history":[{"count":3,"href":"https:\/\/www.eldiariodetucuman.com\/web\/wp-json\/wp\/v2\/posts\/12337\/revisions"}],"predecessor-version":[{"id":12341,"href":"https:\/\/www.eldiariodetucuman.com\/web\/wp-json\/wp\/v2\/posts\/12337\/revisions\/12341"}],"wp:featuredmedia":[{"embeddable":true,"href":"https:\/\/www.eldiariodetucuman.com\/web\/wp-json\/wp\/v2\/media\/12342"}],"wp:attachment":[{"href":"https:\/\/www.eldiariodetucuman.com\/web\/wp-json\/wp\/v2\/media?parent=12337"}],"wp:term":[{"taxonomy":"category","embeddable":true,"href":"https:\/\/www.eldiariodetucuman.com\/web\/wp-json\/wp\/v2\/categories?post=12337"},{"taxonomy":"post_tag","embeddable":true,"href":"https:\/\/www.eldiariodetucuman.com\/web\/wp-json\/wp\/v2\/tags?post=12337"}],"curies":[{"name":"wp","href":"https:\/\/api.w.org\/{rel}","templated":true}]}}