{"id":12261,"date":"2018-06-12T12:56:11","date_gmt":"2018-06-12T15:56:11","guid":{"rendered":"http:\/\/www.eldiariodetucuman.com\/web\/vivo-nex-el-telefono-todo-pantalla-ya-es-una-realidad\/"},"modified":"2018-06-12T12:56:11","modified_gmt":"2018-06-12T15:56:11","slug":"vivo-nex-el-telefono-todo-pantalla-ya-es-una-realidad","status":"publish","type":"post","link":"https:\/\/www.eldiariodetucuman.com\/web\/vivo-nex-el-telefono-todo-pantalla-ya-es-una-realidad\/","title":{"rendered":"Vivo Nex: el tel\u00e9fono todo pantalla ya es una realidad"},"content":{"rendered":"<div>\n<div id=\"cuerpo\">\n<figure class=\"XL caja-destacada epigrafe\" id=\"figure_2704593\" data-is=\"imagen\"><span title=\"Ampliar imagen\" class=\"icon-ampliar\"><\/span><br \/>\n                        <span title=\"Cerrar modal\" class=\"icon-cerrar\"><\/span><figcaption><epigrafe>En el Vivo Nex, la pantalla ocupa casi la totalidad del frente del equipo; no hay lugar para el sensor de huellas digitales o la c\u00e1mara frontal<\/epigrafe><\/figcaption><\/figure>\n<p class=\"capital\">Vivo (uno de los mayores fabricantes de smartphones del mundo) finalmente hizo realidad el prototipo que<br \/>\n<a class=\"link\" href=\"https:\/\/www.lanacion.com.ar\/2112598-mwc-2018-vivo-apex-el-telefono-que-muestra-el-futuro-de-los-smartphones-y-sus-limites\">mostr\u00f3 en febrero en Barcelona, en el Congreso Mundial de M\u00f3viles<\/a>: un tel\u00e9fono que al frente es todo pantalla, sin marcos y sin la pesta\u00f1a superior. Esto le permite ofrecer algo in\u00e9dito: el 91,2 por ciento del frente del equipo est\u00e1 dominado por la pantalla; apenas tiene un m\u00ednimo borde inferior.<\/p>\n<p><!-- middle1 --><\/p>\n<p><!-- middle1 --><\/p>\n<p>Para referencia, en el iPhone X la pantalla ocupa el 82,9 por ciento del frente; en el Galaxy S9, el 83,6 por ciento, el mismo n\u00famero que ofrece el Xiaomi Mi Mix, un pionero del rubro.<\/p>\n<section class=\"listado ademas floatFix\" id=\"listadoAdemas\" data-is-block=\"true\" data-block-name=\"n_relacionadas-cuerpo\" data-diagramacion-id=\"0\"><\/section>\n<figure class=\"L epigrafe\" id=\"figure_2704605\" data-is=\"imagen\"><span title=\"Ampliar imagen\" class=\"icon-ampliar\"><\/span><br \/>\n                        <span title=\"Cerrar modal\" class=\"icon-cerrar\"><\/span><\/p>\n<picture><source media=\"(min-width: 768px)\" srcset=\"\/\/bucket2.glanacion.com\/anexos\/fotos\/05\/2704605w740.jpg\"><source media=\"(min-width: 380px)\" srcset=\"\/\/bucket2.glanacion.com\/anexos\/fotos\/05\/2704605w768.jpg\"><img decoding=\"async\" src=\"http:\/\/bucket2.glanacion.com\/anexos\/fotos\/05\/2704605w380.jpg\" alt=\"En el Vivo Nex, la c\u00e1mara frontal se oculta dentro del tel\u00e9fono cuando no est\u00e1 en uso\"><\/source><\/source><\/picture><figcaption><epigrafe>En el Vivo Nex, la c\u00e1mara frontal se oculta dentro del tel\u00e9fono cuando no est\u00e1 en uso<\/epigrafe><\/figcaption><\/figure>\n<p><!-- middle1 --><\/p>\n<p>Para lograrlo,<br \/>\n<a class=\"link\" href=\"http:\/\/www.vivo.com\/en\/about-vivo\/news\/vivo-nex\">el Vivo Nex <\/a>   incorpora dos tecnolog\u00edas notables. Por un lado, esconde el sensor de huellas digitales detr\u00e1s de la pantalla, as\u00ed que es invisible: cuando el sistema operativo necesita los datos dactilares del usuario, marca en pantalla d\u00f3nde debe apoyar el dedo. Ya no ocupa la mitad de la pantalla, como en el prototipo visto en febrero, sino que tiene una superficie m\u00e1s modesta, pero igualmente efectiva; la compa\u00f1\u00eda dice que es m\u00e1s veloz que el<br \/>\n<a class=\"link\" href=\"https:\/\/www.lanacion.com.ar\/2099383-el-primer-telefono-con-sensor-de-huellas-digitales-invisible-ya-es-una-realidad\">que incluy\u00f3 en el Vivo X20<\/a>  , que tambi\u00e9n tiene un sensor oculto detr\u00e1s de la pantalla de 6,6 pulgadas (de resoluci\u00f3n Full HD+).<\/p>\n<p><!-- middle1 --><\/p>\n<p><!-- middle1 --><\/p>\n<p><iframe loading=\"lazy\" allow=\"autoplay; encrypted-media\" allowfullscreen=\"\" frameborder=\"0\" height=\"360\" src=\"https:\/\/www.youtube.com\/embed\/CkPSuus7RJM\" width=\"640\"><\/iframe>\n    <\/p>\n<p>Lo otro que la compa\u00f1\u00eda debi\u00f3 reubicar es la c\u00e1mara frontal de 8 megapixeles, que ahora emerge como un periscopio del borde superior del tel\u00e9fono cuando se la necesita. Y es tambi\u00e9n una fuente potencial de problemas si el motor que la mueve se traba, aunque Vivo afirma que el motor fue testeado para elevar la c\u00e1mara 50 mil veces.<\/p>\n<p><!-- middle1 --><\/p>\n<p>Como en Xiaomi Mi Mix, y en algunos televisores de Sony, toda la pantalla funciona como un parlante.<\/p>\n<p><!-- middle1 --><\/p>\n<figure class=\"L epigrafe\" id=\"figure_2704603\" data-is=\"imagen\"><span title=\"Ampliar imagen\" class=\"icon-ampliar\"><\/span><br \/>\n                        <span title=\"Cerrar modal\" class=\"icon-cerrar\"><\/span><\/p>\n<picture><source media=\"(min-width: 768px)\" srcset=\"\/\/bucket2.glanacion.com\/anexos\/fotos\/03\/2704603w740.jpg\"><source media=\"(min-width: 380px)\" srcset=\"\/\/bucket2.glanacion.com\/anexos\/fotos\/03\/2704603w768.jpg\"><img decoding=\"async\" src=\"http:\/\/bucket2.glanacion.com\/anexos\/fotos\/03\/2704603w380.jpg\" alt=\"El Vivo Nex lleva un sensor de huellas oculto tras la pantalla, que es invisible cuando no est\u00e1 en uso; Xiaomi y Doogee tambi\u00e9n han implementado esta tecnoloig\u00eda\"><\/source><\/source><\/picture><figcaption><epigrafe>El Vivo Nex lleva un sensor de huellas oculto tras la pantalla, que es invisible cuando no est\u00e1 en uso; Xiaomi y Doogee tambi\u00e9n han implementado esta tecnoloig\u00eda<\/epigrafe><\/figcaption><\/figure>\n<p>El resto del hardware es de muy alta gama: chip Snapdragon 845 (como el Galaxy S9 y otros), 8 GB de RAM, una c\u00e1mara de 12 megapixeles con apertura f\/1.8 y estabilizaci\u00f3n \u00f3ptica, ayudada por una c\u00e1mara secundaria de 5 megapixeles, 256 GB de almacenamiento y una bater\u00eda de 4000 mAh. Tambi\u00e9n tendr\u00e1 una versi\u00f3n m\u00e1s econ\u00f3mica, con un chip Snapdragon 710 y 6 GB de RAM, y un sensor de huellas trasero.<\/p>\n<p><!-- middle1 --><\/p>\n<p>Usa una versi\u00f3n modificada de Android 8.1, llamada Funtouch.<\/p>\n<p>Por ahora s\u00f3lo est\u00e1 disponible en China a un precio que ronda los 750 d\u00f3lares.<\/p>\n<p>                <!-- firma autor --><\/p>\n<p>                <!-- temas --><\/p>\n<div class=\"temas\">\n<h4>temas <b>en esta nota<\/b><\/h4>\n<p> <!-- ***NUEVO*** - caja like --><\/p>\n<p>\n    <span class=\"texto-like\"> \u00bfTe gust\u00f3 <b>esta nota?<\/b><\/span><br \/>\n    <span class=\"icon-me-gusta\"> <\/span>\n<\/p>\n<\/p><\/div>\n<\/p><\/div>\n<\/div>\n","protected":false},"excerpt":{"rendered":"<p>En el Vivo Nex, la pantalla ocupa casi la totalidad del frente del equipo; no hay lugar para el sensor de huellas digitales o la c\u00e1mara frontal Vivo (uno de los mayores fabricantes de smartphones del mundo) finalmente hizo realidad el prototipo que mostr\u00f3 en febrero en Barcelona, en el Congreso Mundial de M\u00f3viles: un [&hellip;]<\/p>\n","protected":false},"author":4,"featured_media":0,"comment_status":"open","ping_status":"closed","sticky":false,"template":"","format":"standard","meta":{"footnotes":""},"categories":[154],"tags":[],"class_list":{"0":"post-12261","1":"post","2":"type-post","3":"status-publish","4":"format-standard","6":"category-ciencia-y-tecnologia"},"yoast_head":"<!-- This site is optimized with the Yoast SEO plugin v27.4 - https:\/\/yoast.com\/product\/yoast-seo-wordpress\/ -->\n<title>Vivo Nex: el tel\u00e9fono todo pantalla ya es una realidad - El Diario de Tucuman<\/title>\n<meta name=\"robots\" content=\"index, follow, max-snippet:-1, max-image-preview:large, max-video-preview:-1\" \/>\n<link rel=\"canonical\" href=\"https:\/\/www.eldiariodetucuman.com\/web\/vivo-nex-el-telefono-todo-pantalla-ya-es-una-realidad\/\" \/>\n<meta property=\"og:locale\" content=\"es_ES\" \/>\n<meta property=\"og:type\" content=\"article\" \/>\n<meta property=\"og:title\" content=\"Vivo Nex: el tel\u00e9fono todo pantalla ya es una realidad - El Diario de Tucuman\" \/>\n<meta property=\"og:description\" content=\"En el Vivo Nex, la pantalla ocupa casi la totalidad del frente del equipo; no hay lugar para el sensor de huellas digitales o la c\u00e1mara frontal Vivo (uno de los mayores fabricantes de smartphones del mundo) finalmente hizo realidad el prototipo que mostr\u00f3 en febrero en Barcelona, en el Congreso Mundial de M\u00f3viles: un [&hellip;]\" \/>\n<meta property=\"og:url\" content=\"https:\/\/www.eldiariodetucuman.com\/web\/vivo-nex-el-telefono-todo-pantalla-ya-es-una-realidad\/\" \/>\n<meta property=\"og:site_name\" content=\"El Diario de Tucuman\" \/>\n<meta property=\"article:published_time\" content=\"2018-06-12T15:56:11+00:00\" \/>\n<meta property=\"og:image\" content=\"http:\/\/bucket2.glanacion.com\/anexos\/fotos\/05\/2704605w380.jpg\" \/>\n<meta name=\"author\" content=\"eldiario detucuman\" \/>\n<meta name=\"twitter:card\" content=\"summary_large_image\" \/>\n<meta name=\"twitter:label1\" content=\"Escrito por\" \/>\n\t<meta name=\"twitter:data1\" content=\"eldiario detucuman\" \/>\n\t<meta name=\"twitter:label2\" content=\"Tiempo de lectura\" \/>\n\t<meta name=\"twitter:data2\" content=\"2 minutos\" \/>\n<script type=\"application\/ld+json\" class=\"yoast-schema-graph\">{\"@context\":\"https:\\\/\\\/schema.org\",\"@graph\":[{\"@type\":\"Article\",\"@id\":\"https:\\\/\\\/www.eldiariodetucuman.com\\\/web\\\/vivo-nex-el-telefono-todo-pantalla-ya-es-una-realidad\\\/#article\",\"isPartOf\":{\"@id\":\"https:\\\/\\\/www.eldiariodetucuman.com\\\/web\\\/vivo-nex-el-telefono-todo-pantalla-ya-es-una-realidad\\\/\"},\"author\":{\"name\":\"eldiario detucuman\",\"@id\":\"https:\\\/\\\/www.eldiariodetucuman.com\\\/web\\\/#\\\/schema\\\/person\\\/6f95946e54fde848b878ffa4928071d5\"},\"headline\":\"Vivo Nex: el tel\u00e9fono todo pantalla ya es una realidad\",\"datePublished\":\"2018-06-12T15:56:11+00:00\",\"mainEntityOfPage\":{\"@id\":\"https:\\\/\\\/www.eldiariodetucuman.com\\\/web\\\/vivo-nex-el-telefono-todo-pantalla-ya-es-una-realidad\\\/\"},\"wordCount\":490,\"commentCount\":0,\"publisher\":{\"@id\":\"https:\\\/\\\/www.eldiariodetucuman.com\\\/web\\\/#organization\"},\"image\":{\"@id\":\"https:\\\/\\\/www.eldiariodetucuman.com\\\/web\\\/vivo-nex-el-telefono-todo-pantalla-ya-es-una-realidad\\\/#primaryimage\"},\"thumbnailUrl\":\"http:\\\/\\\/bucket2.glanacion.com\\\/anexos\\\/fotos\\\/05\\\/2704605w380.jpg\",\"articleSection\":[\"ciencia y tecnologia\"],\"inLanguage\":\"es\",\"potentialAction\":[{\"@type\":\"CommentAction\",\"name\":\"Comment\",\"target\":[\"https:\\\/\\\/www.eldiariodetucuman.com\\\/web\\\/vivo-nex-el-telefono-todo-pantalla-ya-es-una-realidad\\\/#respond\"]}]},{\"@type\":\"WebPage\",\"@id\":\"https:\\\/\\\/www.eldiariodetucuman.com\\\/web\\\/vivo-nex-el-telefono-todo-pantalla-ya-es-una-realidad\\\/\",\"url\":\"https:\\\/\\\/www.eldiariodetucuman.com\\\/web\\\/vivo-nex-el-telefono-todo-pantalla-ya-es-una-realidad\\\/\",\"name\":\"Vivo Nex: el tel\u00e9fono todo pantalla ya es una realidad - El Diario de Tucuman\",\"isPartOf\":{\"@id\":\"https:\\\/\\\/www.eldiariodetucuman.com\\\/web\\\/#website\"},\"primaryImageOfPage\":{\"@id\":\"https:\\\/\\\/www.eldiariodetucuman.com\\\/web\\\/vivo-nex-el-telefono-todo-pantalla-ya-es-una-realidad\\\/#primaryimage\"},\"image\":{\"@id\":\"https:\\\/\\\/www.eldiariodetucuman.com\\\/web\\\/vivo-nex-el-telefono-todo-pantalla-ya-es-una-realidad\\\/#primaryimage\"},\"thumbnailUrl\":\"http:\\\/\\\/bucket2.glanacion.com\\\/anexos\\\/fotos\\\/05\\\/2704605w380.jpg\",\"datePublished\":\"2018-06-12T15:56:11+00:00\",\"breadcrumb\":{\"@id\":\"https:\\\/\\\/www.eldiariodetucuman.com\\\/web\\\/vivo-nex-el-telefono-todo-pantalla-ya-es-una-realidad\\\/#breadcrumb\"},\"inLanguage\":\"es\",\"potentialAction\":[{\"@type\":\"ReadAction\",\"target\":[\"https:\\\/\\\/www.eldiariodetucuman.com\\\/web\\\/vivo-nex-el-telefono-todo-pantalla-ya-es-una-realidad\\\/\"]}]},{\"@type\":\"ImageObject\",\"inLanguage\":\"es\",\"@id\":\"https:\\\/\\\/www.eldiariodetucuman.com\\\/web\\\/vivo-nex-el-telefono-todo-pantalla-ya-es-una-realidad\\\/#primaryimage\",\"url\":\"http:\\\/\\\/bucket2.glanacion.com\\\/anexos\\\/fotos\\\/05\\\/2704605w380.jpg\",\"contentUrl\":\"http:\\\/\\\/bucket2.glanacion.com\\\/anexos\\\/fotos\\\/05\\\/2704605w380.jpg\"},{\"@type\":\"BreadcrumbList\",\"@id\":\"https:\\\/\\\/www.eldiariodetucuman.com\\\/web\\\/vivo-nex-el-telefono-todo-pantalla-ya-es-una-realidad\\\/#breadcrumb\",\"itemListElement\":[{\"@type\":\"ListItem\",\"position\":1,\"name\":\"Portada\",\"item\":\"https:\\\/\\\/www.eldiariodetucuman.com\\\/web\\\/\"},{\"@type\":\"ListItem\",\"position\":2,\"name\":\"Vivo Nex: el tel\u00e9fono todo pantalla ya es una realidad\"}]},{\"@type\":\"WebSite\",\"@id\":\"https:\\\/\\\/www.eldiariodetucuman.com\\\/web\\\/#website\",\"url\":\"https:\\\/\\\/www.eldiariodetucuman.com\\\/web\\\/\",\"name\":\"El Diario de Tucuman\",\"description\":\"Diario Tucuman - Informaci\u00f3n y noticias\",\"publisher\":{\"@id\":\"https:\\\/\\\/www.eldiariodetucuman.com\\\/web\\\/#organization\"},\"potentialAction\":[{\"@type\":\"SearchAction\",\"target\":{\"@type\":\"EntryPoint\",\"urlTemplate\":\"https:\\\/\\\/www.eldiariodetucuman.com\\\/web\\\/?s={search_term_string}\"},\"query-input\":{\"@type\":\"PropertyValueSpecification\",\"valueRequired\":true,\"valueName\":\"search_term_string\"}}],\"inLanguage\":\"es\"},{\"@type\":\"Organization\",\"@id\":\"https:\\\/\\\/www.eldiariodetucuman.com\\\/web\\\/#organization\",\"name\":\"El Diario de Tucuman\",\"url\":\"https:\\\/\\\/www.eldiariodetucuman.com\\\/web\\\/\",\"logo\":{\"@type\":\"ImageObject\",\"inLanguage\":\"es\",\"@id\":\"https:\\\/\\\/www.eldiariodetucuman.com\\\/web\\\/#\\\/schema\\\/logo\\\/image\\\/\",\"url\":\"http:\\\/\\\/www.eldiariodetucuman.com\\\/web\\\/wp-content\\\/uploads\\\/2017\\\/12\\\/el-diario-de-tucuman.jpg\",\"contentUrl\":\"http:\\\/\\\/www.eldiariodetucuman.com\\\/web\\\/wp-content\\\/uploads\\\/2017\\\/12\\\/el-diario-de-tucuman.jpg\",\"width\":272,\"height\":92,\"caption\":\"El Diario de Tucuman\"},\"image\":{\"@id\":\"https:\\\/\\\/www.eldiariodetucuman.com\\\/web\\\/#\\\/schema\\\/logo\\\/image\\\/\"}},{\"@type\":\"Person\",\"@id\":\"https:\\\/\\\/www.eldiariodetucuman.com\\\/web\\\/#\\\/schema\\\/person\\\/6f95946e54fde848b878ffa4928071d5\",\"name\":\"eldiario detucuman\",\"image\":{\"@type\":\"ImageObject\",\"inLanguage\":\"es\",\"@id\":\"https:\\\/\\\/secure.gravatar.com\\\/avatar\\\/b6e1f89c5c4044c4962c8e6c20b1ca2cc99f549c965908afd4ec5308b3f51bfe?s=96&d=mm&r=g\",\"url\":\"https:\\\/\\\/secure.gravatar.com\\\/avatar\\\/b6e1f89c5c4044c4962c8e6c20b1ca2cc99f549c965908afd4ec5308b3f51bfe?s=96&d=mm&r=g\",\"contentUrl\":\"https:\\\/\\\/secure.gravatar.com\\\/avatar\\\/b6e1f89c5c4044c4962c8e6c20b1ca2cc99f549c965908afd4ec5308b3f51bfe?s=96&d=mm&r=g\",\"caption\":\"eldiario detucuman\"},\"url\":\"https:\\\/\\\/www.eldiariodetucuman.com\\\/web\\\/author\\\/eldiariodetucuman\\\/\"}]}<\/script>\n<!-- \/ Yoast SEO plugin. -->","yoast_head_json":{"title":"Vivo Nex: el tel\u00e9fono todo pantalla ya es una realidad - El Diario de Tucuman","robots":{"index":"index","follow":"follow","max-snippet":"max-snippet:-1","max-image-preview":"max-image-preview:large","max-video-preview":"max-video-preview:-1"},"canonical":"https:\/\/www.eldiariodetucuman.com\/web\/vivo-nex-el-telefono-todo-pantalla-ya-es-una-realidad\/","og_locale":"es_ES","og_type":"article","og_title":"Vivo Nex: el tel\u00e9fono todo pantalla ya es una realidad - El Diario de Tucuman","og_description":"En el Vivo Nex, la pantalla ocupa casi la totalidad del frente del equipo; no hay lugar para el sensor de huellas digitales o la c\u00e1mara frontal Vivo (uno de los mayores fabricantes de smartphones del mundo) finalmente hizo realidad el prototipo que mostr\u00f3 en febrero en Barcelona, en el Congreso Mundial de M\u00f3viles: un [&hellip;]","og_url":"https:\/\/www.eldiariodetucuman.com\/web\/vivo-nex-el-telefono-todo-pantalla-ya-es-una-realidad\/","og_site_name":"El Diario de Tucuman","article_published_time":"2018-06-12T15:56:11+00:00","og_image":[{"url":"http:\/\/bucket2.glanacion.com\/anexos\/fotos\/05\/2704605w380.jpg","type":"","width":"","height":""}],"author":"eldiario detucuman","twitter_card":"summary_large_image","twitter_misc":{"Escrito por":"eldiario detucuman","Tiempo de lectura":"2 minutos"},"schema":{"@context":"https:\/\/schema.org","@graph":[{"@type":"Article","@id":"https:\/\/www.eldiariodetucuman.com\/web\/vivo-nex-el-telefono-todo-pantalla-ya-es-una-realidad\/#article","isPartOf":{"@id":"https:\/\/www.eldiariodetucuman.com\/web\/vivo-nex-el-telefono-todo-pantalla-ya-es-una-realidad\/"},"author":{"name":"eldiario detucuman","@id":"https:\/\/www.eldiariodetucuman.com\/web\/#\/schema\/person\/6f95946e54fde848b878ffa4928071d5"},"headline":"Vivo Nex: el tel\u00e9fono todo pantalla ya es una realidad","datePublished":"2018-06-12T15:56:11+00:00","mainEntityOfPage":{"@id":"https:\/\/www.eldiariodetucuman.com\/web\/vivo-nex-el-telefono-todo-pantalla-ya-es-una-realidad\/"},"wordCount":490,"commentCount":0,"publisher":{"@id":"https:\/\/www.eldiariodetucuman.com\/web\/#organization"},"image":{"@id":"https:\/\/www.eldiariodetucuman.com\/web\/vivo-nex-el-telefono-todo-pantalla-ya-es-una-realidad\/#primaryimage"},"thumbnailUrl":"http:\/\/bucket2.glanacion.com\/anexos\/fotos\/05\/2704605w380.jpg","articleSection":["ciencia y tecnologia"],"inLanguage":"es","potentialAction":[{"@type":"CommentAction","name":"Comment","target":["https:\/\/www.eldiariodetucuman.com\/web\/vivo-nex-el-telefono-todo-pantalla-ya-es-una-realidad\/#respond"]}]},{"@type":"WebPage","@id":"https:\/\/www.eldiariodetucuman.com\/web\/vivo-nex-el-telefono-todo-pantalla-ya-es-una-realidad\/","url":"https:\/\/www.eldiariodetucuman.com\/web\/vivo-nex-el-telefono-todo-pantalla-ya-es-una-realidad\/","name":"Vivo Nex: el tel\u00e9fono todo pantalla ya es una realidad - El Diario de Tucuman","isPartOf":{"@id":"https:\/\/www.eldiariodetucuman.com\/web\/#website"},"primaryImageOfPage":{"@id":"https:\/\/www.eldiariodetucuman.com\/web\/vivo-nex-el-telefono-todo-pantalla-ya-es-una-realidad\/#primaryimage"},"image":{"@id":"https:\/\/www.eldiariodetucuman.com\/web\/vivo-nex-el-telefono-todo-pantalla-ya-es-una-realidad\/#primaryimage"},"thumbnailUrl":"http:\/\/bucket2.glanacion.com\/anexos\/fotos\/05\/2704605w380.jpg","datePublished":"2018-06-12T15:56:11+00:00","breadcrumb":{"@id":"https:\/\/www.eldiariodetucuman.com\/web\/vivo-nex-el-telefono-todo-pantalla-ya-es-una-realidad\/#breadcrumb"},"inLanguage":"es","potentialAction":[{"@type":"ReadAction","target":["https:\/\/www.eldiariodetucuman.com\/web\/vivo-nex-el-telefono-todo-pantalla-ya-es-una-realidad\/"]}]},{"@type":"ImageObject","inLanguage":"es","@id":"https:\/\/www.eldiariodetucuman.com\/web\/vivo-nex-el-telefono-todo-pantalla-ya-es-una-realidad\/#primaryimage","url":"http:\/\/bucket2.glanacion.com\/anexos\/fotos\/05\/2704605w380.jpg","contentUrl":"http:\/\/bucket2.glanacion.com\/anexos\/fotos\/05\/2704605w380.jpg"},{"@type":"BreadcrumbList","@id":"https:\/\/www.eldiariodetucuman.com\/web\/vivo-nex-el-telefono-todo-pantalla-ya-es-una-realidad\/#breadcrumb","itemListElement":[{"@type":"ListItem","position":1,"name":"Portada","item":"https:\/\/www.eldiariodetucuman.com\/web\/"},{"@type":"ListItem","position":2,"name":"Vivo Nex: el tel\u00e9fono todo pantalla ya es una realidad"}]},{"@type":"WebSite","@id":"https:\/\/www.eldiariodetucuman.com\/web\/#website","url":"https:\/\/www.eldiariodetucuman.com\/web\/","name":"El Diario de Tucuman","description":"Diario Tucuman - Informaci\u00f3n y noticias","publisher":{"@id":"https:\/\/www.eldiariodetucuman.com\/web\/#organization"},"potentialAction":[{"@type":"SearchAction","target":{"@type":"EntryPoint","urlTemplate":"https:\/\/www.eldiariodetucuman.com\/web\/?s={search_term_string}"},"query-input":{"@type":"PropertyValueSpecification","valueRequired":true,"valueName":"search_term_string"}}],"inLanguage":"es"},{"@type":"Organization","@id":"https:\/\/www.eldiariodetucuman.com\/web\/#organization","name":"El Diario de Tucuman","url":"https:\/\/www.eldiariodetucuman.com\/web\/","logo":{"@type":"ImageObject","inLanguage":"es","@id":"https:\/\/www.eldiariodetucuman.com\/web\/#\/schema\/logo\/image\/","url":"http:\/\/www.eldiariodetucuman.com\/web\/wp-content\/uploads\/2017\/12\/el-diario-de-tucuman.jpg","contentUrl":"http:\/\/www.eldiariodetucuman.com\/web\/wp-content\/uploads\/2017\/12\/el-diario-de-tucuman.jpg","width":272,"height":92,"caption":"El Diario de Tucuman"},"image":{"@id":"https:\/\/www.eldiariodetucuman.com\/web\/#\/schema\/logo\/image\/"}},{"@type":"Person","@id":"https:\/\/www.eldiariodetucuman.com\/web\/#\/schema\/person\/6f95946e54fde848b878ffa4928071d5","name":"eldiario detucuman","image":{"@type":"ImageObject","inLanguage":"es","@id":"https:\/\/secure.gravatar.com\/avatar\/b6e1f89c5c4044c4962c8e6c20b1ca2cc99f549c965908afd4ec5308b3f51bfe?s=96&d=mm&r=g","url":"https:\/\/secure.gravatar.com\/avatar\/b6e1f89c5c4044c4962c8e6c20b1ca2cc99f549c965908afd4ec5308b3f51bfe?s=96&d=mm&r=g","contentUrl":"https:\/\/secure.gravatar.com\/avatar\/b6e1f89c5c4044c4962c8e6c20b1ca2cc99f549c965908afd4ec5308b3f51bfe?s=96&d=mm&r=g","caption":"eldiario detucuman"},"url":"https:\/\/www.eldiariodetucuman.com\/web\/author\/eldiariodetucuman\/"}]}},"_links":{"self":[{"href":"https:\/\/www.eldiariodetucuman.com\/web\/wp-json\/wp\/v2\/posts\/12261","targetHints":{"allow":["GET"]}}],"collection":[{"href":"https:\/\/www.eldiariodetucuman.com\/web\/wp-json\/wp\/v2\/posts"}],"about":[{"href":"https:\/\/www.eldiariodetucuman.com\/web\/wp-json\/wp\/v2\/types\/post"}],"author":[{"embeddable":true,"href":"https:\/\/www.eldiariodetucuman.com\/web\/wp-json\/wp\/v2\/users\/4"}],"replies":[{"embeddable":true,"href":"https:\/\/www.eldiariodetucuman.com\/web\/wp-json\/wp\/v2\/comments?post=12261"}],"version-history":[{"count":0,"href":"https:\/\/www.eldiariodetucuman.com\/web\/wp-json\/wp\/v2\/posts\/12261\/revisions"}],"wp:attachment":[{"href":"https:\/\/www.eldiariodetucuman.com\/web\/wp-json\/wp\/v2\/media?parent=12261"}],"wp:term":[{"taxonomy":"category","embeddable":true,"href":"https:\/\/www.eldiariodetucuman.com\/web\/wp-json\/wp\/v2\/categories?post=12261"},{"taxonomy":"post_tag","embeddable":true,"href":"https:\/\/www.eldiariodetucuman.com\/web\/wp-json\/wp\/v2\/tags?post=12261"}],"curies":[{"name":"wp","href":"https:\/\/api.w.org\/{rel}","templated":true}]}}