{"id":12255,"date":"2018-06-12T12:50:06","date_gmt":"2018-06-12T15:50:06","guid":{"rendered":"http:\/\/www.eldiariodetucuman.com\/web\/historico-trump-y-kim-jong-un-se-dieron-la-mano\/"},"modified":"2018-06-12T12:50:06","modified_gmt":"2018-06-12T15:50:06","slug":"historico-trump-y-kim-jong-un-se-dieron-la-mano","status":"publish","type":"post","link":"https:\/\/www.eldiariodetucuman.com\/web\/historico-trump-y-kim-jong-un-se-dieron-la-mano\/","title":{"rendered":"Hist\u00f3rico: Trump y Kim Jong Un se dieron la mano"},"content":{"rendered":"<div>\n<div itemprop=\"articleBody\" readability=\"61.283300844704\">\n<p>\u00a0<\/p>\n<p><strong>  <a href=\"https:\/\/www.cronica.com.ar\/tags\/Donald%20Trump\">Donald Trump<\/a><\/strong> y <strong>Kim Jong Un <\/strong>se dieron un hist\u00f3rico apret\u00f3n de manos, el primero entre un presidente estadounidense en activo y un l\u00edder norcoreano.<\/p>\n<div>\n<figure class=\"image\"><img decoding=\"async\" alt=\"\" data-height=\"496\" data-size=\"w:4423,h:2949\" data-width=\"745\" hspace=\"5\" src=\"https:\/\/www.cronica.com.ar\/export\/sites\/cronica\/img\/2018\/06\/11\/usa_corea_2.jpg_140025018.jpg\" title=\"\" vspace=\"5\"><figcaption>Un c\u00f3nclave que se hizo esperar mucho tiempo (AFP).<\/figcaption><\/figure>\n<\/div>\n<p>Esta imagen simb\u00f3lica y hasta hace poco inimaginable, tras d\u00e9cadas de tensiones provocadas por las ambiciones nucleares de Pyongyang, marc\u00f3 el inicio de una cumbre de gran importancia para Asia y el mundo. \u00a0<\/p>\n<p>Los dos hombres, de recorrido y estilos radicalmente distintos y con m\u00e1s de 30 a\u00f1os de diferencia, se estrecharon la mano durante varios segundos y se dijeron unas palabras, con el semblante serio, ante una fila de banderas de sus pa\u00edses respectivos, en un hotel de lujo de la isla de Sentosa, en   <a href=\"https:\/\/www.cronica.com.ar\/tags\/Singapur\">Singapur<\/a>.\u00a0<\/p>\n<div>\n<figure class=\"image\"><img decoding=\"async\" alt=\"\" data-height=\"496\" data-size=\"w:4049,h:2700\" data-width=\"745\" hspace=\"5\" src=\"https:\/\/www.cronica.com.ar\/export\/sites\/cronica\/img\/2018\/06\/11\/usa_corea_1.jpg_140025018.jpg\" title=\"\" vspace=\"5\"><figcaption>Un c\u00f3nclave que se hizo esperar mucho tiempo (AFP).<\/figcaption><\/figure>\n<\/div>\n<p>Tras esa escena observada por millones de personas en todo el mundo, ambos l\u00edderes se reunieron en una sala, donde mantuvieron un encuentro a solas con sus int\u00e9rpretes. \u00a0<\/p>\n<p><em>\u00abTendremos una relaci\u00f3n fant\u00e1stica, no tengo ninguna duda\u201d<\/em>, dijo Trump, sonriendo junto a Kim. Por su parte el l\u00edder norcoreano reconoci\u00f3 que \u201c<em>no hab\u00eda sido f\u00e1cil<\/em>\u201d llegar hasta aqu\u00ed. \u201c<em>Los viejos prejuicios y pr\u00e1cticas fueron obst\u00e1culos en nuestro camino hacia adelante pero los superamos todos y hoy estamos aqu\u00ed<\/em>\u201d, asegur\u00f3.<\/p>\n<div>\n<figure class=\"image\"><img decoding=\"async\" alt=\"\" data-height=\"495\" data-size=\"w:4928,h:3280\" data-width=\"745\" hspace=\"5\" src=\"https:\/\/www.cronica.com.ar\/export\/sites\/cronica\/img\/2018\/06\/11\/usa_corea_3.jpg_140948539.jpg\" title=\"\" vspace=\"5\"><figcaption>Un c\u00f3nclave que se hizo esperar mucho tiempo (AFP).<\/figcaption><\/figure>\n<\/div>\n<\/div>\n<\/div>\n","protected":false},"excerpt":{"rendered":"<p>\u00a0 Donald Trump y Kim Jong Un se dieron un hist\u00f3rico apret\u00f3n de manos, el primero entre un presidente estadounidense en activo y un l\u00edder norcoreano. Un c\u00f3nclave que se hizo esperar mucho tiempo (AFP). Esta imagen simb\u00f3lica y hasta hace poco inimaginable, tras d\u00e9cadas de tensiones provocadas por las ambiciones nucleares de Pyongyang, marc\u00f3 [&hellip;]<\/p>\n","protected":false},"author":4,"featured_media":12256,"comment_status":"open","ping_status":"closed","sticky":false,"template":"","format":"standard","meta":{"footnotes":""},"categories":[194],"tags":[],"class_list":{"0":"post-12255","1":"post","2":"type-post","3":"status-publish","4":"format-standard","5":"has-post-thumbnail","7":"category-internacionales"},"yoast_head":"<!-- This site is optimized with the Yoast SEO plugin v27.4 - https:\/\/yoast.com\/product\/yoast-seo-wordpress\/ -->\n<title>Hist\u00f3rico: Trump y Kim Jong Un se dieron la mano - El Diario de Tucuman<\/title>\n<meta name=\"robots\" content=\"index, follow, max-snippet:-1, max-image-preview:large, max-video-preview:-1\" \/>\n<link rel=\"canonical\" href=\"https:\/\/www.eldiariodetucuman.com\/web\/historico-trump-y-kim-jong-un-se-dieron-la-mano\/\" \/>\n<meta property=\"og:locale\" content=\"es_ES\" \/>\n<meta property=\"og:type\" content=\"article\" \/>\n<meta property=\"og:title\" content=\"Hist\u00f3rico: Trump y Kim Jong Un se dieron la mano - El Diario de Tucuman\" \/>\n<meta property=\"og:description\" content=\"\u00a0 Donald Trump y Kim Jong Un se dieron un hist\u00f3rico apret\u00f3n de manos, el primero entre un presidente estadounidense en activo y un l\u00edder norcoreano. Un c\u00f3nclave que se hizo esperar mucho tiempo (AFP). Esta imagen simb\u00f3lica y hasta hace poco inimaginable, tras d\u00e9cadas de tensiones provocadas por las ambiciones nucleares de Pyongyang, marc\u00f3 [&hellip;]\" \/>\n<meta property=\"og:url\" content=\"https:\/\/www.eldiariodetucuman.com\/web\/historico-trump-y-kim-jong-un-se-dieron-la-mano\/\" \/>\n<meta property=\"og:site_name\" content=\"El Diario de Tucuman\" \/>\n<meta property=\"article:published_time\" content=\"2018-06-12T15:50:06+00:00\" \/>\n<meta property=\"og:image\" content=\"https:\/\/www.eldiariodetucuman.com\/web\/wp-content\/uploads\/2018\/06\/543cd76b8fc0b27d63c551ebbafc1133.jpeg\" \/>\n\t<meta property=\"og:image:width\" content=\"970\" \/>\n\t<meta property=\"og:image:height\" content=\"546\" \/>\n\t<meta property=\"og:image:type\" content=\"image\/jpeg\" \/>\n<meta name=\"author\" content=\"eldiario detucuman\" \/>\n<meta name=\"twitter:card\" content=\"summary_large_image\" \/>\n<meta name=\"twitter:label1\" content=\"Escrito por\" \/>\n\t<meta name=\"twitter:data1\" content=\"eldiario detucuman\" \/>\n\t<meta name=\"twitter:label2\" content=\"Tiempo de lectura\" \/>\n\t<meta name=\"twitter:data2\" content=\"1 minuto\" \/>\n<script type=\"application\/ld+json\" class=\"yoast-schema-graph\">{\"@context\":\"https:\\\/\\\/schema.org\",\"@graph\":[{\"@type\":\"Article\",\"@id\":\"https:\\\/\\\/www.eldiariodetucuman.com\\\/web\\\/historico-trump-y-kim-jong-un-se-dieron-la-mano\\\/#article\",\"isPartOf\":{\"@id\":\"https:\\\/\\\/www.eldiariodetucuman.com\\\/web\\\/historico-trump-y-kim-jong-un-se-dieron-la-mano\\\/\"},\"author\":{\"name\":\"eldiario detucuman\",\"@id\":\"https:\\\/\\\/www.eldiariodetucuman.com\\\/web\\\/#\\\/schema\\\/person\\\/6f95946e54fde848b878ffa4928071d5\"},\"headline\":\"Hist\u00f3rico: Trump y Kim Jong Un se dieron la mano\",\"datePublished\":\"2018-06-12T15:50:06+00:00\",\"mainEntityOfPage\":{\"@id\":\"https:\\\/\\\/www.eldiariodetucuman.com\\\/web\\\/historico-trump-y-kim-jong-un-se-dieron-la-mano\\\/\"},\"wordCount\":247,\"commentCount\":0,\"publisher\":{\"@id\":\"https:\\\/\\\/www.eldiariodetucuman.com\\\/web\\\/#organization\"},\"image\":{\"@id\":\"https:\\\/\\\/www.eldiariodetucuman.com\\\/web\\\/historico-trump-y-kim-jong-un-se-dieron-la-mano\\\/#primaryimage\"},\"thumbnailUrl\":\"https:\\\/\\\/www.eldiariodetucuman.com\\\/web\\\/wp-content\\\/uploads\\\/2018\\\/06\\\/543cd76b8fc0b27d63c551ebbafc1133.jpeg\",\"articleSection\":[\"Internacionales\"],\"inLanguage\":\"es\",\"potentialAction\":[{\"@type\":\"CommentAction\",\"name\":\"Comment\",\"target\":[\"https:\\\/\\\/www.eldiariodetucuman.com\\\/web\\\/historico-trump-y-kim-jong-un-se-dieron-la-mano\\\/#respond\"]}]},{\"@type\":\"WebPage\",\"@id\":\"https:\\\/\\\/www.eldiariodetucuman.com\\\/web\\\/historico-trump-y-kim-jong-un-se-dieron-la-mano\\\/\",\"url\":\"https:\\\/\\\/www.eldiariodetucuman.com\\\/web\\\/historico-trump-y-kim-jong-un-se-dieron-la-mano\\\/\",\"name\":\"Hist\u00f3rico: Trump y Kim Jong Un se dieron la mano - El Diario de Tucuman\",\"isPartOf\":{\"@id\":\"https:\\\/\\\/www.eldiariodetucuman.com\\\/web\\\/#website\"},\"primaryImageOfPage\":{\"@id\":\"https:\\\/\\\/www.eldiariodetucuman.com\\\/web\\\/historico-trump-y-kim-jong-un-se-dieron-la-mano\\\/#primaryimage\"},\"image\":{\"@id\":\"https:\\\/\\\/www.eldiariodetucuman.com\\\/web\\\/historico-trump-y-kim-jong-un-se-dieron-la-mano\\\/#primaryimage\"},\"thumbnailUrl\":\"https:\\\/\\\/www.eldiariodetucuman.com\\\/web\\\/wp-content\\\/uploads\\\/2018\\\/06\\\/543cd76b8fc0b27d63c551ebbafc1133.jpeg\",\"datePublished\":\"2018-06-12T15:50:06+00:00\",\"breadcrumb\":{\"@id\":\"https:\\\/\\\/www.eldiariodetucuman.com\\\/web\\\/historico-trump-y-kim-jong-un-se-dieron-la-mano\\\/#breadcrumb\"},\"inLanguage\":\"es\",\"potentialAction\":[{\"@type\":\"ReadAction\",\"target\":[\"https:\\\/\\\/www.eldiariodetucuman.com\\\/web\\\/historico-trump-y-kim-jong-un-se-dieron-la-mano\\\/\"]}]},{\"@type\":\"ImageObject\",\"inLanguage\":\"es\",\"@id\":\"https:\\\/\\\/www.eldiariodetucuman.com\\\/web\\\/historico-trump-y-kim-jong-un-se-dieron-la-mano\\\/#primaryimage\",\"url\":\"https:\\\/\\\/www.eldiariodetucuman.com\\\/web\\\/wp-content\\\/uploads\\\/2018\\\/06\\\/543cd76b8fc0b27d63c551ebbafc1133.jpeg\",\"contentUrl\":\"https:\\\/\\\/www.eldiariodetucuman.com\\\/web\\\/wp-content\\\/uploads\\\/2018\\\/06\\\/543cd76b8fc0b27d63c551ebbafc1133.jpeg\",\"width\":970,\"height\":546},{\"@type\":\"BreadcrumbList\",\"@id\":\"https:\\\/\\\/www.eldiariodetucuman.com\\\/web\\\/historico-trump-y-kim-jong-un-se-dieron-la-mano\\\/#breadcrumb\",\"itemListElement\":[{\"@type\":\"ListItem\",\"position\":1,\"name\":\"Portada\",\"item\":\"https:\\\/\\\/www.eldiariodetucuman.com\\\/web\\\/\"},{\"@type\":\"ListItem\",\"position\":2,\"name\":\"Hist\u00f3rico: Trump y Kim Jong Un se dieron la mano\"}]},{\"@type\":\"WebSite\",\"@id\":\"https:\\\/\\\/www.eldiariodetucuman.com\\\/web\\\/#website\",\"url\":\"https:\\\/\\\/www.eldiariodetucuman.com\\\/web\\\/\",\"name\":\"El Diario de Tucuman\",\"description\":\"Diario Tucuman - Informaci\u00f3n y noticias\",\"publisher\":{\"@id\":\"https:\\\/\\\/www.eldiariodetucuman.com\\\/web\\\/#organization\"},\"potentialAction\":[{\"@type\":\"SearchAction\",\"target\":{\"@type\":\"EntryPoint\",\"urlTemplate\":\"https:\\\/\\\/www.eldiariodetucuman.com\\\/web\\\/?s={search_term_string}\"},\"query-input\":{\"@type\":\"PropertyValueSpecification\",\"valueRequired\":true,\"valueName\":\"search_term_string\"}}],\"inLanguage\":\"es\"},{\"@type\":\"Organization\",\"@id\":\"https:\\\/\\\/www.eldiariodetucuman.com\\\/web\\\/#organization\",\"name\":\"El Diario de Tucuman\",\"url\":\"https:\\\/\\\/www.eldiariodetucuman.com\\\/web\\\/\",\"logo\":{\"@type\":\"ImageObject\",\"inLanguage\":\"es\",\"@id\":\"https:\\\/\\\/www.eldiariodetucuman.com\\\/web\\\/#\\\/schema\\\/logo\\\/image\\\/\",\"url\":\"http:\\\/\\\/www.eldiariodetucuman.com\\\/web\\\/wp-content\\\/uploads\\\/2017\\\/12\\\/el-diario-de-tucuman.jpg\",\"contentUrl\":\"http:\\\/\\\/www.eldiariodetucuman.com\\\/web\\\/wp-content\\\/uploads\\\/2017\\\/12\\\/el-diario-de-tucuman.jpg\",\"width\":272,\"height\":92,\"caption\":\"El Diario de Tucuman\"},\"image\":{\"@id\":\"https:\\\/\\\/www.eldiariodetucuman.com\\\/web\\\/#\\\/schema\\\/logo\\\/image\\\/\"}},{\"@type\":\"Person\",\"@id\":\"https:\\\/\\\/www.eldiariodetucuman.com\\\/web\\\/#\\\/schema\\\/person\\\/6f95946e54fde848b878ffa4928071d5\",\"name\":\"eldiario detucuman\",\"image\":{\"@type\":\"ImageObject\",\"inLanguage\":\"es\",\"@id\":\"https:\\\/\\\/secure.gravatar.com\\\/avatar\\\/b6e1f89c5c4044c4962c8e6c20b1ca2cc99f549c965908afd4ec5308b3f51bfe?s=96&d=mm&r=g\",\"url\":\"https:\\\/\\\/secure.gravatar.com\\\/avatar\\\/b6e1f89c5c4044c4962c8e6c20b1ca2cc99f549c965908afd4ec5308b3f51bfe?s=96&d=mm&r=g\",\"contentUrl\":\"https:\\\/\\\/secure.gravatar.com\\\/avatar\\\/b6e1f89c5c4044c4962c8e6c20b1ca2cc99f549c965908afd4ec5308b3f51bfe?s=96&d=mm&r=g\",\"caption\":\"eldiario detucuman\"},\"url\":\"https:\\\/\\\/www.eldiariodetucuman.com\\\/web\\\/author\\\/eldiariodetucuman\\\/\"}]}<\/script>\n<!-- \/ Yoast SEO plugin. -->","yoast_head_json":{"title":"Hist\u00f3rico: Trump y Kim Jong Un se dieron la mano - El Diario de Tucuman","robots":{"index":"index","follow":"follow","max-snippet":"max-snippet:-1","max-image-preview":"max-image-preview:large","max-video-preview":"max-video-preview:-1"},"canonical":"https:\/\/www.eldiariodetucuman.com\/web\/historico-trump-y-kim-jong-un-se-dieron-la-mano\/","og_locale":"es_ES","og_type":"article","og_title":"Hist\u00f3rico: Trump y Kim Jong Un se dieron la mano - El Diario de Tucuman","og_description":"\u00a0 Donald Trump y Kim Jong Un se dieron un hist\u00f3rico apret\u00f3n de manos, el primero entre un presidente estadounidense en activo y un l\u00edder norcoreano. Un c\u00f3nclave que se hizo esperar mucho tiempo (AFP). Esta imagen simb\u00f3lica y hasta hace poco inimaginable, tras d\u00e9cadas de tensiones provocadas por las ambiciones nucleares de Pyongyang, marc\u00f3 [&hellip;]","og_url":"https:\/\/www.eldiariodetucuman.com\/web\/historico-trump-y-kim-jong-un-se-dieron-la-mano\/","og_site_name":"El Diario de Tucuman","article_published_time":"2018-06-12T15:50:06+00:00","og_image":[{"width":970,"height":546,"url":"https:\/\/www.eldiariodetucuman.com\/web\/wp-content\/uploads\/2018\/06\/543cd76b8fc0b27d63c551ebbafc1133.jpeg","type":"image\/jpeg"}],"author":"eldiario detucuman","twitter_card":"summary_large_image","twitter_misc":{"Escrito por":"eldiario detucuman","Tiempo de lectura":"1 minuto"},"schema":{"@context":"https:\/\/schema.org","@graph":[{"@type":"Article","@id":"https:\/\/www.eldiariodetucuman.com\/web\/historico-trump-y-kim-jong-un-se-dieron-la-mano\/#article","isPartOf":{"@id":"https:\/\/www.eldiariodetucuman.com\/web\/historico-trump-y-kim-jong-un-se-dieron-la-mano\/"},"author":{"name":"eldiario detucuman","@id":"https:\/\/www.eldiariodetucuman.com\/web\/#\/schema\/person\/6f95946e54fde848b878ffa4928071d5"},"headline":"Hist\u00f3rico: Trump y Kim Jong Un se dieron la mano","datePublished":"2018-06-12T15:50:06+00:00","mainEntityOfPage":{"@id":"https:\/\/www.eldiariodetucuman.com\/web\/historico-trump-y-kim-jong-un-se-dieron-la-mano\/"},"wordCount":247,"commentCount":0,"publisher":{"@id":"https:\/\/www.eldiariodetucuman.com\/web\/#organization"},"image":{"@id":"https:\/\/www.eldiariodetucuman.com\/web\/historico-trump-y-kim-jong-un-se-dieron-la-mano\/#primaryimage"},"thumbnailUrl":"https:\/\/www.eldiariodetucuman.com\/web\/wp-content\/uploads\/2018\/06\/543cd76b8fc0b27d63c551ebbafc1133.jpeg","articleSection":["Internacionales"],"inLanguage":"es","potentialAction":[{"@type":"CommentAction","name":"Comment","target":["https:\/\/www.eldiariodetucuman.com\/web\/historico-trump-y-kim-jong-un-se-dieron-la-mano\/#respond"]}]},{"@type":"WebPage","@id":"https:\/\/www.eldiariodetucuman.com\/web\/historico-trump-y-kim-jong-un-se-dieron-la-mano\/","url":"https:\/\/www.eldiariodetucuman.com\/web\/historico-trump-y-kim-jong-un-se-dieron-la-mano\/","name":"Hist\u00f3rico: Trump y Kim Jong Un se dieron la mano - El Diario de Tucuman","isPartOf":{"@id":"https:\/\/www.eldiariodetucuman.com\/web\/#website"},"primaryImageOfPage":{"@id":"https:\/\/www.eldiariodetucuman.com\/web\/historico-trump-y-kim-jong-un-se-dieron-la-mano\/#primaryimage"},"image":{"@id":"https:\/\/www.eldiariodetucuman.com\/web\/historico-trump-y-kim-jong-un-se-dieron-la-mano\/#primaryimage"},"thumbnailUrl":"https:\/\/www.eldiariodetucuman.com\/web\/wp-content\/uploads\/2018\/06\/543cd76b8fc0b27d63c551ebbafc1133.jpeg","datePublished":"2018-06-12T15:50:06+00:00","breadcrumb":{"@id":"https:\/\/www.eldiariodetucuman.com\/web\/historico-trump-y-kim-jong-un-se-dieron-la-mano\/#breadcrumb"},"inLanguage":"es","potentialAction":[{"@type":"ReadAction","target":["https:\/\/www.eldiariodetucuman.com\/web\/historico-trump-y-kim-jong-un-se-dieron-la-mano\/"]}]},{"@type":"ImageObject","inLanguage":"es","@id":"https:\/\/www.eldiariodetucuman.com\/web\/historico-trump-y-kim-jong-un-se-dieron-la-mano\/#primaryimage","url":"https:\/\/www.eldiariodetucuman.com\/web\/wp-content\/uploads\/2018\/06\/543cd76b8fc0b27d63c551ebbafc1133.jpeg","contentUrl":"https:\/\/www.eldiariodetucuman.com\/web\/wp-content\/uploads\/2018\/06\/543cd76b8fc0b27d63c551ebbafc1133.jpeg","width":970,"height":546},{"@type":"BreadcrumbList","@id":"https:\/\/www.eldiariodetucuman.com\/web\/historico-trump-y-kim-jong-un-se-dieron-la-mano\/#breadcrumb","itemListElement":[{"@type":"ListItem","position":1,"name":"Portada","item":"https:\/\/www.eldiariodetucuman.com\/web\/"},{"@type":"ListItem","position":2,"name":"Hist\u00f3rico: Trump y Kim Jong Un se dieron la mano"}]},{"@type":"WebSite","@id":"https:\/\/www.eldiariodetucuman.com\/web\/#website","url":"https:\/\/www.eldiariodetucuman.com\/web\/","name":"El Diario de Tucuman","description":"Diario Tucuman - Informaci\u00f3n y noticias","publisher":{"@id":"https:\/\/www.eldiariodetucuman.com\/web\/#organization"},"potentialAction":[{"@type":"SearchAction","target":{"@type":"EntryPoint","urlTemplate":"https:\/\/www.eldiariodetucuman.com\/web\/?s={search_term_string}"},"query-input":{"@type":"PropertyValueSpecification","valueRequired":true,"valueName":"search_term_string"}}],"inLanguage":"es"},{"@type":"Organization","@id":"https:\/\/www.eldiariodetucuman.com\/web\/#organization","name":"El Diario de Tucuman","url":"https:\/\/www.eldiariodetucuman.com\/web\/","logo":{"@type":"ImageObject","inLanguage":"es","@id":"https:\/\/www.eldiariodetucuman.com\/web\/#\/schema\/logo\/image\/","url":"http:\/\/www.eldiariodetucuman.com\/web\/wp-content\/uploads\/2017\/12\/el-diario-de-tucuman.jpg","contentUrl":"http:\/\/www.eldiariodetucuman.com\/web\/wp-content\/uploads\/2017\/12\/el-diario-de-tucuman.jpg","width":272,"height":92,"caption":"El Diario de Tucuman"},"image":{"@id":"https:\/\/www.eldiariodetucuman.com\/web\/#\/schema\/logo\/image\/"}},{"@type":"Person","@id":"https:\/\/www.eldiariodetucuman.com\/web\/#\/schema\/person\/6f95946e54fde848b878ffa4928071d5","name":"eldiario detucuman","image":{"@type":"ImageObject","inLanguage":"es","@id":"https:\/\/secure.gravatar.com\/avatar\/b6e1f89c5c4044c4962c8e6c20b1ca2cc99f549c965908afd4ec5308b3f51bfe?s=96&d=mm&r=g","url":"https:\/\/secure.gravatar.com\/avatar\/b6e1f89c5c4044c4962c8e6c20b1ca2cc99f549c965908afd4ec5308b3f51bfe?s=96&d=mm&r=g","contentUrl":"https:\/\/secure.gravatar.com\/avatar\/b6e1f89c5c4044c4962c8e6c20b1ca2cc99f549c965908afd4ec5308b3f51bfe?s=96&d=mm&r=g","caption":"eldiario detucuman"},"url":"https:\/\/www.eldiariodetucuman.com\/web\/author\/eldiariodetucuman\/"}]}},"_links":{"self":[{"href":"https:\/\/www.eldiariodetucuman.com\/web\/wp-json\/wp\/v2\/posts\/12255","targetHints":{"allow":["GET"]}}],"collection":[{"href":"https:\/\/www.eldiariodetucuman.com\/web\/wp-json\/wp\/v2\/posts"}],"about":[{"href":"https:\/\/www.eldiariodetucuman.com\/web\/wp-json\/wp\/v2\/types\/post"}],"author":[{"embeddable":true,"href":"https:\/\/www.eldiariodetucuman.com\/web\/wp-json\/wp\/v2\/users\/4"}],"replies":[{"embeddable":true,"href":"https:\/\/www.eldiariodetucuman.com\/web\/wp-json\/wp\/v2\/comments?post=12255"}],"version-history":[{"count":0,"href":"https:\/\/www.eldiariodetucuman.com\/web\/wp-json\/wp\/v2\/posts\/12255\/revisions"}],"wp:featuredmedia":[{"embeddable":true,"href":"https:\/\/www.eldiariodetucuman.com\/web\/wp-json\/wp\/v2\/media\/12256"}],"wp:attachment":[{"href":"https:\/\/www.eldiariodetucuman.com\/web\/wp-json\/wp\/v2\/media?parent=12255"}],"wp:term":[{"taxonomy":"category","embeddable":true,"href":"https:\/\/www.eldiariodetucuman.com\/web\/wp-json\/wp\/v2\/categories?post=12255"},{"taxonomy":"post_tag","embeddable":true,"href":"https:\/\/www.eldiariodetucuman.com\/web\/wp-json\/wp\/v2\/tags?post=12255"}],"curies":[{"name":"wp","href":"https:\/\/api.w.org\/{rel}","templated":true}]}}