{"id":12252,"date":"2018-06-12T12:37:18","date_gmt":"2018-06-12T15:37:18","guid":{"rendered":"http:\/\/www.eldiariodetucuman.com\/web\/quieren-tirarle-unos-mangos-a-los-gremios-para-desvirtuar-el-reclamo\/"},"modified":"2018-06-12T12:37:20","modified_gmt":"2018-06-12T15:37:20","slug":"quieren-tirarle-unos-mangos-a-los-gremios-para-desvirtuar-el-reclamo","status":"publish","type":"post","link":"https:\/\/www.eldiariodetucuman.com\/web\/quieren-tirarle-unos-mangos-a-los-gremios-para-desvirtuar-el-reclamo\/","title":{"rendered":"\u00abQuieren tirarle unos mangos a los gremios para desvirtuar el reclamo\u00bb"},"content":{"rendered":"<div>\n<div readability=\"46.996632996633\">\n<p>Luego de que el sindicato de Camioneros ratificara el paro nacional para el pr\u00f3ximo jueves, se le sum\u00f3 presi\u00f3n a los miembros de la<a href=\"https:\/\/www.elintransigente.com\/politica\/2018\/6\/12\/la-cgt-convoca-la-huelga-nacional-495450.html\"> CGT que hoy tendr\u00e1n una nueva reuni\u00f3n con los funcionarios de Cambiemos <\/a>y que deber\u00e1n definirse si convocan a una huelga general o no. En ese sentido, el secretario del sindicato de Camioneros, <a href=\"https:\/\/www.elintransigente.com\/noticias\/buscar\/?buscar=pablo+moyano\">Pablo Moyano<\/a>, se pronunci\u00f3 sobre la tensi\u00f3n entre la central obrera y el gobierno.\u00a0<\/p>\n<p>\u201cSe ha ratificado la medida de fuerza porque si bien hoy es la audiencia en el Ministerio de Trabajo, ya ayer los empresarios reiteraron el 15% m\u00e1s el 5% que les ha mandado el gobierno. <strong>La \u00faltima paritaria por decreto fue la dictadura militar<\/strong>. Podr\u00edan anular las paritarias y que a\u00f1o por a\u00f1o el presidente o el FMI pongan un n\u00famero de aumento salarial por actividad\u201d, dijo, en di\u00e1logo con el programa de Gustavo Sylvestre.\u00a0<\/p>\n<aside class=\"htmlinline \"><ins class=\"adsbygoogle\" data-ad-layout=\"in-article\" data-ad-format=\"fluid\" data-ad-client=\"ca-pub-7781556717282971\" data-ad-slot=\"9383133609\"><\/ins><br \/>\n<\/aside>\n<p>Y agreg\u00f3, c\u00f3modo en la pol\u00e9mica: \u201c<strong>Sabemos que el rid\u00edculo 15% qued\u00f3 muy alejado de lo que hab\u00eda prometido Nicol\u00e1s Dujovne<\/strong> y tuvieron que dar un aumento de emergencia del 5%, que es rid\u00edculo. Lo que dijo el ministro de Trabajo nos tiene sin cuidado. El gobierno anterior tambi\u00e9n nos hab\u00eda multado con una cifra millonaria, fuimos a la justicia y nos dio la raz\u00f3n\u201d.\u00a0<\/p>\n<p>En tanto, al ser preguntado por las declaraciones de la ministra de Seguridad, Patricia Bullrich, le record\u00f3 su pasado militante. \u201c<strong>Lo que dijo la ministra es una provocaci\u00f3n <\/strong>permanente para que los trabajadores tengan miedo a llevar adelante medidas de fuerza. <strong>Esta se\u00f1ora daba charlas de peronismo y arengaba a los militantes a pelear contra el FMI<\/strong>, a apoyar la lucha de los sindicatos. <strong>Mir\u00e1 c\u00f3mo ha cambiado<\/strong>\u201d, ironiz\u00f3.\u00a0<\/p>\n<p>En relaci\u00f3n a la oferta concreta que hizo el oficialismo, fue tambi\u00e9n contundente: \u201c<strong>Pap\u00e1 Triaca le ha dicho a nuestros empresarios, que son corderitos, el 15% y seguramente el 5% m\u00e1s<\/strong>. No s\u00e9 si no nos quedamos cortos con el 27%, m\u00e1s un bono de $ 15.000 para fin de a\u00f1o para compensar. El gatillo se lo han puesto a los trabajadores con el 15%. Han venido con diez puntos de modificaci\u00f3n del convenio\u00a0<\/p>\n<\/div>\n<\/div>\n<p>Fuente: https:\/\/www.elintransigente.com\/politica\/2018\/6\/12\/quieren-tirarle-unos-mangos-los-gremios-para-desvirtuar-el-reclamo-495506.html<\/p>\n","protected":false},"excerpt":{"rendered":"<p>Luego de que el sindicato de Camioneros ratificara el paro nacional para el pr\u00f3ximo jueves, se le sum\u00f3 presi\u00f3n a los miembros de la CGT que hoy tendr\u00e1n una nueva reuni\u00f3n con los funcionarios de Cambiemos y que deber\u00e1n definirse si convocan a una huelga general o no. En ese sentido, el secretario del sindicato [&hellip;]<\/p>\n","protected":false},"author":1,"featured_media":12253,"comment_status":"open","ping_status":"closed","sticky":false,"template":"","format":"standard","meta":{"footnotes":""},"categories":[1],"tags":[],"class_list":{"0":"post-12252","1":"post","2":"type-post","3":"status-publish","4":"format-standard","5":"has-post-thumbnail","7":"category-portada"},"yoast_head":"<!-- This site is optimized with the Yoast SEO plugin v27.4 - https:\/\/yoast.com\/product\/yoast-seo-wordpress\/ -->\n<title>&quot;Quieren tirarle unos mangos a los gremios para desvirtuar el reclamo&quot; - El Diario de Tucuman<\/title>\n<meta name=\"robots\" content=\"index, follow, max-snippet:-1, max-image-preview:large, max-video-preview:-1\" \/>\n<link rel=\"canonical\" href=\"https:\/\/www.eldiariodetucuman.com\/web\/quieren-tirarle-unos-mangos-a-los-gremios-para-desvirtuar-el-reclamo\/\" \/>\n<meta property=\"og:locale\" content=\"es_ES\" \/>\n<meta property=\"og:type\" content=\"article\" \/>\n<meta property=\"og:title\" content=\"&quot;Quieren tirarle unos mangos a los gremios para desvirtuar el reclamo&quot; - El Diario de Tucuman\" \/>\n<meta property=\"og:description\" content=\"Luego de que el sindicato de Camioneros ratificara el paro nacional para el pr\u00f3ximo jueves, se le sum\u00f3 presi\u00f3n a los miembros de la CGT que hoy tendr\u00e1n una nueva reuni\u00f3n con los funcionarios de Cambiemos y que deber\u00e1n definirse si convocan a una huelga general o no. En ese sentido, el secretario del sindicato [&hellip;]\" \/>\n<meta property=\"og:url\" content=\"https:\/\/www.eldiariodetucuman.com\/web\/quieren-tirarle-unos-mangos-a-los-gremios-para-desvirtuar-el-reclamo\/\" \/>\n<meta property=\"og:site_name\" content=\"El Diario de Tucuman\" \/>\n<meta property=\"article:published_time\" content=\"2018-06-12T15:37:18+00:00\" \/>\n<meta property=\"article:modified_time\" content=\"2018-06-12T15:37:20+00:00\" \/>\n<meta property=\"og:image\" content=\"https:\/\/www.eldiariodetucuman.com\/web\/wp-content\/uploads\/2018\/06\/8ba03fde442c92e8c49d6e822d25daa8.jpeg\" \/>\n\t<meta property=\"og:image:width\" content=\"960\" \/>\n\t<meta property=\"og:image:height\" content=\"672\" \/>\n\t<meta property=\"og:image:type\" content=\"image\/jpeg\" \/>\n<meta name=\"author\" content=\"admin\" \/>\n<meta name=\"twitter:card\" content=\"summary_large_image\" \/>\n<meta name=\"twitter:label1\" content=\"Escrito por\" \/>\n\t<meta name=\"twitter:data1\" content=\"admin\" \/>\n\t<meta name=\"twitter:label2\" content=\"Tiempo de lectura\" \/>\n\t<meta name=\"twitter:data2\" content=\"2 minutos\" \/>\n<script type=\"application\/ld+json\" class=\"yoast-schema-graph\">{\"@context\":\"https:\\\/\\\/schema.org\",\"@graph\":[{\"@type\":\"Article\",\"@id\":\"https:\\\/\\\/www.eldiariodetucuman.com\\\/web\\\/quieren-tirarle-unos-mangos-a-los-gremios-para-desvirtuar-el-reclamo\\\/#article\",\"isPartOf\":{\"@id\":\"https:\\\/\\\/www.eldiariodetucuman.com\\\/web\\\/quieren-tirarle-unos-mangos-a-los-gremios-para-desvirtuar-el-reclamo\\\/\"},\"author\":{\"name\":\"admin\",\"@id\":\"https:\\\/\\\/www.eldiariodetucuman.com\\\/web\\\/#\\\/schema\\\/person\\\/9250197d75ab5483412e19678b121caa\"},\"headline\":\"\u00abQuieren tirarle unos mangos a los gremios para desvirtuar el reclamo\u00bb\",\"datePublished\":\"2018-06-12T15:37:18+00:00\",\"dateModified\":\"2018-06-12T15:37:20+00:00\",\"mainEntityOfPage\":{\"@id\":\"https:\\\/\\\/www.eldiariodetucuman.com\\\/web\\\/quieren-tirarle-unos-mangos-a-los-gremios-para-desvirtuar-el-reclamo\\\/\"},\"wordCount\":393,\"commentCount\":0,\"publisher\":{\"@id\":\"https:\\\/\\\/www.eldiariodetucuman.com\\\/web\\\/#organization\"},\"image\":{\"@id\":\"https:\\\/\\\/www.eldiariodetucuman.com\\\/web\\\/quieren-tirarle-unos-mangos-a-los-gremios-para-desvirtuar-el-reclamo\\\/#primaryimage\"},\"thumbnailUrl\":\"https:\\\/\\\/www.eldiariodetucuman.com\\\/web\\\/wp-content\\\/uploads\\\/2018\\\/06\\\/8ba03fde442c92e8c49d6e822d25daa8.jpeg\",\"articleSection\":[\"Portada\"],\"inLanguage\":\"es\",\"potentialAction\":[{\"@type\":\"CommentAction\",\"name\":\"Comment\",\"target\":[\"https:\\\/\\\/www.eldiariodetucuman.com\\\/web\\\/quieren-tirarle-unos-mangos-a-los-gremios-para-desvirtuar-el-reclamo\\\/#respond\"]}]},{\"@type\":\"WebPage\",\"@id\":\"https:\\\/\\\/www.eldiariodetucuman.com\\\/web\\\/quieren-tirarle-unos-mangos-a-los-gremios-para-desvirtuar-el-reclamo\\\/\",\"url\":\"https:\\\/\\\/www.eldiariodetucuman.com\\\/web\\\/quieren-tirarle-unos-mangos-a-los-gremios-para-desvirtuar-el-reclamo\\\/\",\"name\":\"\\\"Quieren tirarle unos mangos a los gremios para desvirtuar el reclamo\\\" - El Diario de Tucuman\",\"isPartOf\":{\"@id\":\"https:\\\/\\\/www.eldiariodetucuman.com\\\/web\\\/#website\"},\"primaryImageOfPage\":{\"@id\":\"https:\\\/\\\/www.eldiariodetucuman.com\\\/web\\\/quieren-tirarle-unos-mangos-a-los-gremios-para-desvirtuar-el-reclamo\\\/#primaryimage\"},\"image\":{\"@id\":\"https:\\\/\\\/www.eldiariodetucuman.com\\\/web\\\/quieren-tirarle-unos-mangos-a-los-gremios-para-desvirtuar-el-reclamo\\\/#primaryimage\"},\"thumbnailUrl\":\"https:\\\/\\\/www.eldiariodetucuman.com\\\/web\\\/wp-content\\\/uploads\\\/2018\\\/06\\\/8ba03fde442c92e8c49d6e822d25daa8.jpeg\",\"datePublished\":\"2018-06-12T15:37:18+00:00\",\"dateModified\":\"2018-06-12T15:37:20+00:00\",\"breadcrumb\":{\"@id\":\"https:\\\/\\\/www.eldiariodetucuman.com\\\/web\\\/quieren-tirarle-unos-mangos-a-los-gremios-para-desvirtuar-el-reclamo\\\/#breadcrumb\"},\"inLanguage\":\"es\",\"potentialAction\":[{\"@type\":\"ReadAction\",\"target\":[\"https:\\\/\\\/www.eldiariodetucuman.com\\\/web\\\/quieren-tirarle-unos-mangos-a-los-gremios-para-desvirtuar-el-reclamo\\\/\"]}]},{\"@type\":\"ImageObject\",\"inLanguage\":\"es\",\"@id\":\"https:\\\/\\\/www.eldiariodetucuman.com\\\/web\\\/quieren-tirarle-unos-mangos-a-los-gremios-para-desvirtuar-el-reclamo\\\/#primaryimage\",\"url\":\"https:\\\/\\\/www.eldiariodetucuman.com\\\/web\\\/wp-content\\\/uploads\\\/2018\\\/06\\\/8ba03fde442c92e8c49d6e822d25daa8.jpeg\",\"contentUrl\":\"https:\\\/\\\/www.eldiariodetucuman.com\\\/web\\\/wp-content\\\/uploads\\\/2018\\\/06\\\/8ba03fde442c92e8c49d6e822d25daa8.jpeg\",\"width\":960,\"height\":672},{\"@type\":\"BreadcrumbList\",\"@id\":\"https:\\\/\\\/www.eldiariodetucuman.com\\\/web\\\/quieren-tirarle-unos-mangos-a-los-gremios-para-desvirtuar-el-reclamo\\\/#breadcrumb\",\"itemListElement\":[{\"@type\":\"ListItem\",\"position\":1,\"name\":\"Portada\",\"item\":\"https:\\\/\\\/www.eldiariodetucuman.com\\\/web\\\/\"},{\"@type\":\"ListItem\",\"position\":2,\"name\":\"\u00abQuieren tirarle unos mangos a los gremios para desvirtuar el reclamo\u00bb\"}]},{\"@type\":\"WebSite\",\"@id\":\"https:\\\/\\\/www.eldiariodetucuman.com\\\/web\\\/#website\",\"url\":\"https:\\\/\\\/www.eldiariodetucuman.com\\\/web\\\/\",\"name\":\"El Diario de Tucuman\",\"description\":\"Diario Tucuman - Informaci\u00f3n y noticias\",\"publisher\":{\"@id\":\"https:\\\/\\\/www.eldiariodetucuman.com\\\/web\\\/#organization\"},\"potentialAction\":[{\"@type\":\"SearchAction\",\"target\":{\"@type\":\"EntryPoint\",\"urlTemplate\":\"https:\\\/\\\/www.eldiariodetucuman.com\\\/web\\\/?s={search_term_string}\"},\"query-input\":{\"@type\":\"PropertyValueSpecification\",\"valueRequired\":true,\"valueName\":\"search_term_string\"}}],\"inLanguage\":\"es\"},{\"@type\":\"Organization\",\"@id\":\"https:\\\/\\\/www.eldiariodetucuman.com\\\/web\\\/#organization\",\"name\":\"El Diario de Tucuman\",\"url\":\"https:\\\/\\\/www.eldiariodetucuman.com\\\/web\\\/\",\"logo\":{\"@type\":\"ImageObject\",\"inLanguage\":\"es\",\"@id\":\"https:\\\/\\\/www.eldiariodetucuman.com\\\/web\\\/#\\\/schema\\\/logo\\\/image\\\/\",\"url\":\"http:\\\/\\\/www.eldiariodetucuman.com\\\/web\\\/wp-content\\\/uploads\\\/2017\\\/12\\\/el-diario-de-tucuman.jpg\",\"contentUrl\":\"http:\\\/\\\/www.eldiariodetucuman.com\\\/web\\\/wp-content\\\/uploads\\\/2017\\\/12\\\/el-diario-de-tucuman.jpg\",\"width\":272,\"height\":92,\"caption\":\"El Diario de Tucuman\"},\"image\":{\"@id\":\"https:\\\/\\\/www.eldiariodetucuman.com\\\/web\\\/#\\\/schema\\\/logo\\\/image\\\/\"}},{\"@type\":\"Person\",\"@id\":\"https:\\\/\\\/www.eldiariodetucuman.com\\\/web\\\/#\\\/schema\\\/person\\\/9250197d75ab5483412e19678b121caa\",\"name\":\"admin\",\"image\":{\"@type\":\"ImageObject\",\"inLanguage\":\"es\",\"@id\":\"https:\\\/\\\/secure.gravatar.com\\\/avatar\\\/c44d117c2be811212c22cb481f6b8384b6873de103fbc49e7a03cc58d7dea4ac?s=96&d=mm&r=g\",\"url\":\"https:\\\/\\\/secure.gravatar.com\\\/avatar\\\/c44d117c2be811212c22cb481f6b8384b6873de103fbc49e7a03cc58d7dea4ac?s=96&d=mm&r=g\",\"contentUrl\":\"https:\\\/\\\/secure.gravatar.com\\\/avatar\\\/c44d117c2be811212c22cb481f6b8384b6873de103fbc49e7a03cc58d7dea4ac?s=96&d=mm&r=g\",\"caption\":\"admin\"},\"url\":\"https:\\\/\\\/www.eldiariodetucuman.com\\\/web\\\/author\\\/admin\\\/\"}]}<\/script>\n<!-- \/ Yoast SEO plugin. -->","yoast_head_json":{"title":"\"Quieren tirarle unos mangos a los gremios para desvirtuar el reclamo\" - El Diario de Tucuman","robots":{"index":"index","follow":"follow","max-snippet":"max-snippet:-1","max-image-preview":"max-image-preview:large","max-video-preview":"max-video-preview:-1"},"canonical":"https:\/\/www.eldiariodetucuman.com\/web\/quieren-tirarle-unos-mangos-a-los-gremios-para-desvirtuar-el-reclamo\/","og_locale":"es_ES","og_type":"article","og_title":"\"Quieren tirarle unos mangos a los gremios para desvirtuar el reclamo\" - El Diario de Tucuman","og_description":"Luego de que el sindicato de Camioneros ratificara el paro nacional para el pr\u00f3ximo jueves, se le sum\u00f3 presi\u00f3n a los miembros de la CGT que hoy tendr\u00e1n una nueva reuni\u00f3n con los funcionarios de Cambiemos y que deber\u00e1n definirse si convocan a una huelga general o no. En ese sentido, el secretario del sindicato [&hellip;]","og_url":"https:\/\/www.eldiariodetucuman.com\/web\/quieren-tirarle-unos-mangos-a-los-gremios-para-desvirtuar-el-reclamo\/","og_site_name":"El Diario de Tucuman","article_published_time":"2018-06-12T15:37:18+00:00","article_modified_time":"2018-06-12T15:37:20+00:00","og_image":[{"width":960,"height":672,"url":"https:\/\/www.eldiariodetucuman.com\/web\/wp-content\/uploads\/2018\/06\/8ba03fde442c92e8c49d6e822d25daa8.jpeg","type":"image\/jpeg"}],"author":"admin","twitter_card":"summary_large_image","twitter_misc":{"Escrito por":"admin","Tiempo de lectura":"2 minutos"},"schema":{"@context":"https:\/\/schema.org","@graph":[{"@type":"Article","@id":"https:\/\/www.eldiariodetucuman.com\/web\/quieren-tirarle-unos-mangos-a-los-gremios-para-desvirtuar-el-reclamo\/#article","isPartOf":{"@id":"https:\/\/www.eldiariodetucuman.com\/web\/quieren-tirarle-unos-mangos-a-los-gremios-para-desvirtuar-el-reclamo\/"},"author":{"name":"admin","@id":"https:\/\/www.eldiariodetucuman.com\/web\/#\/schema\/person\/9250197d75ab5483412e19678b121caa"},"headline":"\u00abQuieren tirarle unos mangos a los gremios para desvirtuar el reclamo\u00bb","datePublished":"2018-06-12T15:37:18+00:00","dateModified":"2018-06-12T15:37:20+00:00","mainEntityOfPage":{"@id":"https:\/\/www.eldiariodetucuman.com\/web\/quieren-tirarle-unos-mangos-a-los-gremios-para-desvirtuar-el-reclamo\/"},"wordCount":393,"commentCount":0,"publisher":{"@id":"https:\/\/www.eldiariodetucuman.com\/web\/#organization"},"image":{"@id":"https:\/\/www.eldiariodetucuman.com\/web\/quieren-tirarle-unos-mangos-a-los-gremios-para-desvirtuar-el-reclamo\/#primaryimage"},"thumbnailUrl":"https:\/\/www.eldiariodetucuman.com\/web\/wp-content\/uploads\/2018\/06\/8ba03fde442c92e8c49d6e822d25daa8.jpeg","articleSection":["Portada"],"inLanguage":"es","potentialAction":[{"@type":"CommentAction","name":"Comment","target":["https:\/\/www.eldiariodetucuman.com\/web\/quieren-tirarle-unos-mangos-a-los-gremios-para-desvirtuar-el-reclamo\/#respond"]}]},{"@type":"WebPage","@id":"https:\/\/www.eldiariodetucuman.com\/web\/quieren-tirarle-unos-mangos-a-los-gremios-para-desvirtuar-el-reclamo\/","url":"https:\/\/www.eldiariodetucuman.com\/web\/quieren-tirarle-unos-mangos-a-los-gremios-para-desvirtuar-el-reclamo\/","name":"\"Quieren tirarle unos mangos a los gremios para desvirtuar el reclamo\" - El Diario de Tucuman","isPartOf":{"@id":"https:\/\/www.eldiariodetucuman.com\/web\/#website"},"primaryImageOfPage":{"@id":"https:\/\/www.eldiariodetucuman.com\/web\/quieren-tirarle-unos-mangos-a-los-gremios-para-desvirtuar-el-reclamo\/#primaryimage"},"image":{"@id":"https:\/\/www.eldiariodetucuman.com\/web\/quieren-tirarle-unos-mangos-a-los-gremios-para-desvirtuar-el-reclamo\/#primaryimage"},"thumbnailUrl":"https:\/\/www.eldiariodetucuman.com\/web\/wp-content\/uploads\/2018\/06\/8ba03fde442c92e8c49d6e822d25daa8.jpeg","datePublished":"2018-06-12T15:37:18+00:00","dateModified":"2018-06-12T15:37:20+00:00","breadcrumb":{"@id":"https:\/\/www.eldiariodetucuman.com\/web\/quieren-tirarle-unos-mangos-a-los-gremios-para-desvirtuar-el-reclamo\/#breadcrumb"},"inLanguage":"es","potentialAction":[{"@type":"ReadAction","target":["https:\/\/www.eldiariodetucuman.com\/web\/quieren-tirarle-unos-mangos-a-los-gremios-para-desvirtuar-el-reclamo\/"]}]},{"@type":"ImageObject","inLanguage":"es","@id":"https:\/\/www.eldiariodetucuman.com\/web\/quieren-tirarle-unos-mangos-a-los-gremios-para-desvirtuar-el-reclamo\/#primaryimage","url":"https:\/\/www.eldiariodetucuman.com\/web\/wp-content\/uploads\/2018\/06\/8ba03fde442c92e8c49d6e822d25daa8.jpeg","contentUrl":"https:\/\/www.eldiariodetucuman.com\/web\/wp-content\/uploads\/2018\/06\/8ba03fde442c92e8c49d6e822d25daa8.jpeg","width":960,"height":672},{"@type":"BreadcrumbList","@id":"https:\/\/www.eldiariodetucuman.com\/web\/quieren-tirarle-unos-mangos-a-los-gremios-para-desvirtuar-el-reclamo\/#breadcrumb","itemListElement":[{"@type":"ListItem","position":1,"name":"Portada","item":"https:\/\/www.eldiariodetucuman.com\/web\/"},{"@type":"ListItem","position":2,"name":"\u00abQuieren tirarle unos mangos a los gremios para desvirtuar el reclamo\u00bb"}]},{"@type":"WebSite","@id":"https:\/\/www.eldiariodetucuman.com\/web\/#website","url":"https:\/\/www.eldiariodetucuman.com\/web\/","name":"El Diario de Tucuman","description":"Diario Tucuman - Informaci\u00f3n y noticias","publisher":{"@id":"https:\/\/www.eldiariodetucuman.com\/web\/#organization"},"potentialAction":[{"@type":"SearchAction","target":{"@type":"EntryPoint","urlTemplate":"https:\/\/www.eldiariodetucuman.com\/web\/?s={search_term_string}"},"query-input":{"@type":"PropertyValueSpecification","valueRequired":true,"valueName":"search_term_string"}}],"inLanguage":"es"},{"@type":"Organization","@id":"https:\/\/www.eldiariodetucuman.com\/web\/#organization","name":"El Diario de Tucuman","url":"https:\/\/www.eldiariodetucuman.com\/web\/","logo":{"@type":"ImageObject","inLanguage":"es","@id":"https:\/\/www.eldiariodetucuman.com\/web\/#\/schema\/logo\/image\/","url":"http:\/\/www.eldiariodetucuman.com\/web\/wp-content\/uploads\/2017\/12\/el-diario-de-tucuman.jpg","contentUrl":"http:\/\/www.eldiariodetucuman.com\/web\/wp-content\/uploads\/2017\/12\/el-diario-de-tucuman.jpg","width":272,"height":92,"caption":"El Diario de Tucuman"},"image":{"@id":"https:\/\/www.eldiariodetucuman.com\/web\/#\/schema\/logo\/image\/"}},{"@type":"Person","@id":"https:\/\/www.eldiariodetucuman.com\/web\/#\/schema\/person\/9250197d75ab5483412e19678b121caa","name":"admin","image":{"@type":"ImageObject","inLanguage":"es","@id":"https:\/\/secure.gravatar.com\/avatar\/c44d117c2be811212c22cb481f6b8384b6873de103fbc49e7a03cc58d7dea4ac?s=96&d=mm&r=g","url":"https:\/\/secure.gravatar.com\/avatar\/c44d117c2be811212c22cb481f6b8384b6873de103fbc49e7a03cc58d7dea4ac?s=96&d=mm&r=g","contentUrl":"https:\/\/secure.gravatar.com\/avatar\/c44d117c2be811212c22cb481f6b8384b6873de103fbc49e7a03cc58d7dea4ac?s=96&d=mm&r=g","caption":"admin"},"url":"https:\/\/www.eldiariodetucuman.com\/web\/author\/admin\/"}]}},"_links":{"self":[{"href":"https:\/\/www.eldiariodetucuman.com\/web\/wp-json\/wp\/v2\/posts\/12252","targetHints":{"allow":["GET"]}}],"collection":[{"href":"https:\/\/www.eldiariodetucuman.com\/web\/wp-json\/wp\/v2\/posts"}],"about":[{"href":"https:\/\/www.eldiariodetucuman.com\/web\/wp-json\/wp\/v2\/types\/post"}],"author":[{"embeddable":true,"href":"https:\/\/www.eldiariodetucuman.com\/web\/wp-json\/wp\/v2\/users\/1"}],"replies":[{"embeddable":true,"href":"https:\/\/www.eldiariodetucuman.com\/web\/wp-json\/wp\/v2\/comments?post=12252"}],"version-history":[{"count":1,"href":"https:\/\/www.eldiariodetucuman.com\/web\/wp-json\/wp\/v2\/posts\/12252\/revisions"}],"predecessor-version":[{"id":12254,"href":"https:\/\/www.eldiariodetucuman.com\/web\/wp-json\/wp\/v2\/posts\/12252\/revisions\/12254"}],"wp:featuredmedia":[{"embeddable":true,"href":"https:\/\/www.eldiariodetucuman.com\/web\/wp-json\/wp\/v2\/media\/12253"}],"wp:attachment":[{"href":"https:\/\/www.eldiariodetucuman.com\/web\/wp-json\/wp\/v2\/media?parent=12252"}],"wp:term":[{"taxonomy":"category","embeddable":true,"href":"https:\/\/www.eldiariodetucuman.com\/web\/wp-json\/wp\/v2\/categories?post=12252"},{"taxonomy":"post_tag","embeddable":true,"href":"https:\/\/www.eldiariodetucuman.com\/web\/wp-json\/wp\/v2\/tags?post=12252"}],"curies":[{"name":"wp","href":"https:\/\/api.w.org\/{rel}","templated":true}]}}