{"id":12249,"date":"2018-06-12T12:34:56","date_gmt":"2018-06-12T15:34:56","guid":{"rendered":"http:\/\/www.eldiariodetucuman.com\/web\/?p=12249"},"modified":"2018-06-12T12:34:56","modified_gmt":"2018-06-12T15:34:56","slug":"la-provincia-acuerda-un-salario-a-los-azucareros-que-va-desde-los-22-109","status":"publish","type":"post","link":"https:\/\/www.eldiariodetucuman.com\/web\/la-provincia-acuerda-un-salario-a-los-azucareros-que-va-desde-los-22-109\/","title":{"rendered":"La provincia acuerda un salario a los azucareros que va desde los $22.109"},"content":{"rendered":"<p>Teniendo en cuenta el complejo contexto econ\u00f3mico que atraviesa el pa\u00eds y con el fin de atender las necesidades de los tucumanos, el gobernador, <strong>Juan <a title=\"Manzur\" href=\"https:\/\/www.diario360.com.ar\/tag\/juan-luis-manzur\/\" target=\"_self\" data-ail=\"15682\">Manzur<\/a><\/strong>, junto con <strong>Osvaldo Jaldo<\/strong>, convoc\u00f3 al \u00a0Ministro de Gobierno <strong>Regino Amado<\/strong> y al secretario de Trabajo, <strong>Roberto Palina<\/strong>, para <!--more-->impulsar acciones tendientes a atender los pedidos salariales de los trabajadores provinciales para evitar medidas de fuerza.<\/p>\n<p>Tras la reuni\u00f3n, Palina expres\u00f3 que present\u00f3 al Gobernador un informe de la actividad azucarera que detalla el funcionamiento de cada ingenio y la recomposici\u00f3n salarial de los trabajadores que alcanz\u00f3 un 23 %, con un salario b\u00e1sico para la categor\u00eda que menos gana de $22.109.<\/p>\n<p class=\"selectionShareable\">El funcionario destac\u00f3 que la medida servir\u00e1 para evitar medidas de fuerza y destac\u00f3 que \u201cen el \u00e1mbito de Tucum\u00e1n esta recomposici\u00f3n es una de las mejores del pa\u00eds\u201d.<\/p>\n<p><a href=\"https:\/\/www.diario360.com.ar\/wp-content\/uploads\/2018\/06\/regino-amado.jpg\" data-mil=\"15682\"><img loading=\"lazy\" decoding=\"async\" class=\"aligncenter size-full wp-image-15684 td-animation-stack-type0-1\" src=\"https:\/\/www.diario360.com.ar\/wp-content\/uploads\/2018\/06\/regino-amado.jpg\" sizes=\"auto, (max-width: 782px) 100vw, 782px\" srcset=\"https:\/\/www.diario360.com.ar\/wp-content\/uploads\/2018\/06\/regino-amado.jpg 782w, https:\/\/www.diario360.com.ar\/wp-content\/uploads\/2018\/06\/regino-amado-300x155.jpg 300w, https:\/\/www.diario360.com.ar\/wp-content\/uploads\/2018\/06\/regino-amado-768x397.jpg 768w, https:\/\/www.diario360.com.ar\/wp-content\/uploads\/2018\/06\/regino-amado-696x360.jpg 696w\" alt=\"\" width=\"782\" height=\"404\" \/><\/a><\/p>\n<p class=\"selectionShareable\">Tambi\u00e9n se refiri\u00f3 al trabajo que desarrolla el Instituto de Promoci\u00f3n del Az\u00facar y Alcohol de Tucum\u00e1n instal\u00f3 laboratorios m\u00f3viles en los ingenios a fin de llevar adelante controles efectivos.<\/p>\n<p class=\"selectionShareable\">El Secretario de Trabajo tambi\u00e9n dijo: \u201cHablamos de la gesti\u00f3n. El Gobernador pidi\u00f3 trabajar todos juntos, dejar para m\u00e1s adelante las candidaturas. Es importante este tipo de reuniones teniendo en cuenta el dif\u00edcil momento que est\u00e1 pasando el que pa\u00eds. Hay que trabajar para la gente y garantizar la paz social. Ponerle el hombro a este Gobierno\u201d.<\/p>\n<p>En cuanto a la revisi\u00f3n salarial del 15 al 20% que otorg\u00f3 el Ministerio de Trabajo de la Naci\u00f3n, dijo que muchos gremios la fijaron para octubre. \u201cTucum\u00e1n ten\u00eda un 17% acordado, por lo que le restar\u00eda s\u00f3lo un 3% para alcanzar lo fijado\u201d, finaliz\u00f3.<\/p>\n","protected":false},"excerpt":{"rendered":"<p>Teniendo en cuenta el complejo contexto econ\u00f3mico que atraviesa el pa\u00eds y con el fin de atender las necesidades de los tucumanos, el gobernador, Juan Manzur, junto con Osvaldo Jaldo, convoc\u00f3 al \u00a0Ministro de Gobierno Regino Amado y al secretario de Trabajo, Roberto Palina, para<\/p>\n","protected":false},"author":3,"featured_media":12250,"comment_status":"closed","ping_status":"open","sticky":false,"template":"","format":"standard","meta":{"footnotes":""},"categories":[2],"tags":[216,217,1316,61],"class_list":{"0":"post-12249","1":"post","2":"type-post","3":"status-publish","4":"format-standard","5":"has-post-thumbnail","7":"category-actualidad","8":"tag-juan-manzur","9":"tag-osvaldo-jaldo","10":"tag-regino-amado","11":"tag-tucuman"},"yoast_head":"<!-- This site is optimized with the Yoast SEO plugin v27.4 - https:\/\/yoast.com\/product\/yoast-seo-wordpress\/ -->\n<title>La provincia acuerda un salario a los azucareros que va desde los $22.109 - El Diario de Tucuman<\/title>\n<meta name=\"robots\" content=\"index, follow, max-snippet:-1, max-image-preview:large, max-video-preview:-1\" \/>\n<link rel=\"canonical\" href=\"https:\/\/www.eldiariodetucuman.com\/web\/la-provincia-acuerda-un-salario-a-los-azucareros-que-va-desde-los-22-109\/\" \/>\n<meta property=\"og:locale\" content=\"es_ES\" \/>\n<meta property=\"og:type\" content=\"article\" \/>\n<meta property=\"og:title\" content=\"La provincia acuerda un salario a los azucareros que va desde los $22.109 - El Diario de Tucuman\" \/>\n<meta property=\"og:description\" content=\"Teniendo en cuenta el complejo contexto econ\u00f3mico que atraviesa el pa\u00eds y con el fin de atender las necesidades de los tucumanos, el gobernador, Juan Manzur, junto con Osvaldo Jaldo, convoc\u00f3 al \u00a0Ministro de Gobierno Regino Amado y al secretario de Trabajo, Roberto Palina, para\" \/>\n<meta property=\"og:url\" content=\"https:\/\/www.eldiariodetucuman.com\/web\/la-provincia-acuerda-un-salario-a-los-azucareros-que-va-desde-los-22-109\/\" \/>\n<meta property=\"og:site_name\" content=\"El Diario de Tucuman\" \/>\n<meta property=\"article:published_time\" content=\"2018-06-12T15:34:56+00:00\" \/>\n<meta property=\"og:image\" content=\"https:\/\/www.eldiariodetucuman.com\/web\/wp-content\/uploads\/2018\/06\/manzur-jaldo-amado.jpg\" \/>\n\t<meta property=\"og:image:width\" content=\"750\" \/>\n\t<meta property=\"og:image:height\" content=\"416\" \/>\n\t<meta property=\"og:image:type\" content=\"image\/jpeg\" \/>\n<meta name=\"author\" content=\"El diario de Tucuman\" \/>\n<meta name=\"twitter:card\" content=\"summary_large_image\" \/>\n<meta name=\"twitter:label1\" content=\"Escrito por\" \/>\n\t<meta name=\"twitter:data1\" content=\"El diario de Tucuman\" \/>\n\t<meta name=\"twitter:label2\" content=\"Tiempo de lectura\" \/>\n\t<meta name=\"twitter:data2\" content=\"1 minuto\" \/>\n<script type=\"application\/ld+json\" class=\"yoast-schema-graph\">{\"@context\":\"https:\\\/\\\/schema.org\",\"@graph\":[{\"@type\":\"Article\",\"@id\":\"https:\\\/\\\/www.eldiariodetucuman.com\\\/web\\\/la-provincia-acuerda-un-salario-a-los-azucareros-que-va-desde-los-22-109\\\/#article\",\"isPartOf\":{\"@id\":\"https:\\\/\\\/www.eldiariodetucuman.com\\\/web\\\/la-provincia-acuerda-un-salario-a-los-azucareros-que-va-desde-los-22-109\\\/\"},\"author\":{\"name\":\"El diario de Tucuman\",\"@id\":\"https:\\\/\\\/www.eldiariodetucuman.com\\\/web\\\/#\\\/schema\\\/person\\\/3adbe300ecd6242af93c97dab1dc3ba1\"},\"headline\":\"La provincia acuerda un salario a los azucareros que va desde los $22.109\",\"datePublished\":\"2018-06-12T15:34:56+00:00\",\"mainEntityOfPage\":{\"@id\":\"https:\\\/\\\/www.eldiariodetucuman.com\\\/web\\\/la-provincia-acuerda-un-salario-a-los-azucareros-que-va-desde-los-22-109\\\/\"},\"wordCount\":299,\"publisher\":{\"@id\":\"https:\\\/\\\/www.eldiariodetucuman.com\\\/web\\\/#organization\"},\"image\":{\"@id\":\"https:\\\/\\\/www.eldiariodetucuman.com\\\/web\\\/la-provincia-acuerda-un-salario-a-los-azucareros-que-va-desde-los-22-109\\\/#primaryimage\"},\"thumbnailUrl\":\"https:\\\/\\\/www.eldiariodetucuman.com\\\/web\\\/wp-content\\\/uploads\\\/2018\\\/06\\\/manzur-jaldo-amado.jpg\",\"keywords\":[\"juan manzur\",\"Osvaldo Jaldo\",\"Regino Amado\",\"Tucuman\"],\"articleSection\":[\"Actualidad\"],\"inLanguage\":\"es\"},{\"@type\":\"WebPage\",\"@id\":\"https:\\\/\\\/www.eldiariodetucuman.com\\\/web\\\/la-provincia-acuerda-un-salario-a-los-azucareros-que-va-desde-los-22-109\\\/\",\"url\":\"https:\\\/\\\/www.eldiariodetucuman.com\\\/web\\\/la-provincia-acuerda-un-salario-a-los-azucareros-que-va-desde-los-22-109\\\/\",\"name\":\"La provincia acuerda un salario a los azucareros que va desde los $22.109 - El Diario de Tucuman\",\"isPartOf\":{\"@id\":\"https:\\\/\\\/www.eldiariodetucuman.com\\\/web\\\/#website\"},\"primaryImageOfPage\":{\"@id\":\"https:\\\/\\\/www.eldiariodetucuman.com\\\/web\\\/la-provincia-acuerda-un-salario-a-los-azucareros-que-va-desde-los-22-109\\\/#primaryimage\"},\"image\":{\"@id\":\"https:\\\/\\\/www.eldiariodetucuman.com\\\/web\\\/la-provincia-acuerda-un-salario-a-los-azucareros-que-va-desde-los-22-109\\\/#primaryimage\"},\"thumbnailUrl\":\"https:\\\/\\\/www.eldiariodetucuman.com\\\/web\\\/wp-content\\\/uploads\\\/2018\\\/06\\\/manzur-jaldo-amado.jpg\",\"datePublished\":\"2018-06-12T15:34:56+00:00\",\"breadcrumb\":{\"@id\":\"https:\\\/\\\/www.eldiariodetucuman.com\\\/web\\\/la-provincia-acuerda-un-salario-a-los-azucareros-que-va-desde-los-22-109\\\/#breadcrumb\"},\"inLanguage\":\"es\",\"potentialAction\":[{\"@type\":\"ReadAction\",\"target\":[\"https:\\\/\\\/www.eldiariodetucuman.com\\\/web\\\/la-provincia-acuerda-un-salario-a-los-azucareros-que-va-desde-los-22-109\\\/\"]}]},{\"@type\":\"ImageObject\",\"inLanguage\":\"es\",\"@id\":\"https:\\\/\\\/www.eldiariodetucuman.com\\\/web\\\/la-provincia-acuerda-un-salario-a-los-azucareros-que-va-desde-los-22-109\\\/#primaryimage\",\"url\":\"https:\\\/\\\/www.eldiariodetucuman.com\\\/web\\\/wp-content\\\/uploads\\\/2018\\\/06\\\/manzur-jaldo-amado.jpg\",\"contentUrl\":\"https:\\\/\\\/www.eldiariodetucuman.com\\\/web\\\/wp-content\\\/uploads\\\/2018\\\/06\\\/manzur-jaldo-amado.jpg\",\"width\":750,\"height\":416},{\"@type\":\"BreadcrumbList\",\"@id\":\"https:\\\/\\\/www.eldiariodetucuman.com\\\/web\\\/la-provincia-acuerda-un-salario-a-los-azucareros-que-va-desde-los-22-109\\\/#breadcrumb\",\"itemListElement\":[{\"@type\":\"ListItem\",\"position\":1,\"name\":\"Portada\",\"item\":\"https:\\\/\\\/www.eldiariodetucuman.com\\\/web\\\/\"},{\"@type\":\"ListItem\",\"position\":2,\"name\":\"La provincia acuerda un salario a los azucareros que va desde los $22.109\"}]},{\"@type\":\"WebSite\",\"@id\":\"https:\\\/\\\/www.eldiariodetucuman.com\\\/web\\\/#website\",\"url\":\"https:\\\/\\\/www.eldiariodetucuman.com\\\/web\\\/\",\"name\":\"El Diario de Tucuman\",\"description\":\"Diario Tucuman - Informaci\u00f3n y noticias\",\"publisher\":{\"@id\":\"https:\\\/\\\/www.eldiariodetucuman.com\\\/web\\\/#organization\"},\"potentialAction\":[{\"@type\":\"SearchAction\",\"target\":{\"@type\":\"EntryPoint\",\"urlTemplate\":\"https:\\\/\\\/www.eldiariodetucuman.com\\\/web\\\/?s={search_term_string}\"},\"query-input\":{\"@type\":\"PropertyValueSpecification\",\"valueRequired\":true,\"valueName\":\"search_term_string\"}}],\"inLanguage\":\"es\"},{\"@type\":\"Organization\",\"@id\":\"https:\\\/\\\/www.eldiariodetucuman.com\\\/web\\\/#organization\",\"name\":\"El Diario de Tucuman\",\"url\":\"https:\\\/\\\/www.eldiariodetucuman.com\\\/web\\\/\",\"logo\":{\"@type\":\"ImageObject\",\"inLanguage\":\"es\",\"@id\":\"https:\\\/\\\/www.eldiariodetucuman.com\\\/web\\\/#\\\/schema\\\/logo\\\/image\\\/\",\"url\":\"http:\\\/\\\/www.eldiariodetucuman.com\\\/web\\\/wp-content\\\/uploads\\\/2017\\\/12\\\/el-diario-de-tucuman.jpg\",\"contentUrl\":\"http:\\\/\\\/www.eldiariodetucuman.com\\\/web\\\/wp-content\\\/uploads\\\/2017\\\/12\\\/el-diario-de-tucuman.jpg\",\"width\":272,\"height\":92,\"caption\":\"El Diario de Tucuman\"},\"image\":{\"@id\":\"https:\\\/\\\/www.eldiariodetucuman.com\\\/web\\\/#\\\/schema\\\/logo\\\/image\\\/\"}},{\"@type\":\"Person\",\"@id\":\"https:\\\/\\\/www.eldiariodetucuman.com\\\/web\\\/#\\\/schema\\\/person\\\/3adbe300ecd6242af93c97dab1dc3ba1\",\"name\":\"El diario de Tucuman\",\"image\":{\"@type\":\"ImageObject\",\"inLanguage\":\"es\",\"@id\":\"https:\\\/\\\/secure.gravatar.com\\\/avatar\\\/b7214de193b24d0bd708ac5516aa13d0f20c6560795bfbee06857d5c8ac2f0b2?s=96&d=mm&r=g\",\"url\":\"https:\\\/\\\/secure.gravatar.com\\\/avatar\\\/b7214de193b24d0bd708ac5516aa13d0f20c6560795bfbee06857d5c8ac2f0b2?s=96&d=mm&r=g\",\"contentUrl\":\"https:\\\/\\\/secure.gravatar.com\\\/avatar\\\/b7214de193b24d0bd708ac5516aa13d0f20c6560795bfbee06857d5c8ac2f0b2?s=96&d=mm&r=g\",\"caption\":\"El diario de Tucuman\"},\"url\":\"https:\\\/\\\/www.eldiariodetucuman.com\\\/web\\\/author\\\/mgiobellina\\\/\"}]}<\/script>\n<!-- \/ Yoast SEO plugin. -->","yoast_head_json":{"title":"La provincia acuerda un salario a los azucareros que va desde los $22.109 - El Diario de Tucuman","robots":{"index":"index","follow":"follow","max-snippet":"max-snippet:-1","max-image-preview":"max-image-preview:large","max-video-preview":"max-video-preview:-1"},"canonical":"https:\/\/www.eldiariodetucuman.com\/web\/la-provincia-acuerda-un-salario-a-los-azucareros-que-va-desde-los-22-109\/","og_locale":"es_ES","og_type":"article","og_title":"La provincia acuerda un salario a los azucareros que va desde los $22.109 - El Diario de Tucuman","og_description":"Teniendo en cuenta el complejo contexto econ\u00f3mico que atraviesa el pa\u00eds y con el fin de atender las necesidades de los tucumanos, el gobernador, Juan Manzur, junto con Osvaldo Jaldo, convoc\u00f3 al \u00a0Ministro de Gobierno Regino Amado y al secretario de Trabajo, Roberto Palina, para","og_url":"https:\/\/www.eldiariodetucuman.com\/web\/la-provincia-acuerda-un-salario-a-los-azucareros-que-va-desde-los-22-109\/","og_site_name":"El Diario de Tucuman","article_published_time":"2018-06-12T15:34:56+00:00","og_image":[{"width":750,"height":416,"url":"https:\/\/www.eldiariodetucuman.com\/web\/wp-content\/uploads\/2018\/06\/manzur-jaldo-amado.jpg","type":"image\/jpeg"}],"author":"El diario de Tucuman","twitter_card":"summary_large_image","twitter_misc":{"Escrito por":"El diario de Tucuman","Tiempo de lectura":"1 minuto"},"schema":{"@context":"https:\/\/schema.org","@graph":[{"@type":"Article","@id":"https:\/\/www.eldiariodetucuman.com\/web\/la-provincia-acuerda-un-salario-a-los-azucareros-que-va-desde-los-22-109\/#article","isPartOf":{"@id":"https:\/\/www.eldiariodetucuman.com\/web\/la-provincia-acuerda-un-salario-a-los-azucareros-que-va-desde-los-22-109\/"},"author":{"name":"El diario de Tucuman","@id":"https:\/\/www.eldiariodetucuman.com\/web\/#\/schema\/person\/3adbe300ecd6242af93c97dab1dc3ba1"},"headline":"La provincia acuerda un salario a los azucareros que va desde los $22.109","datePublished":"2018-06-12T15:34:56+00:00","mainEntityOfPage":{"@id":"https:\/\/www.eldiariodetucuman.com\/web\/la-provincia-acuerda-un-salario-a-los-azucareros-que-va-desde-los-22-109\/"},"wordCount":299,"publisher":{"@id":"https:\/\/www.eldiariodetucuman.com\/web\/#organization"},"image":{"@id":"https:\/\/www.eldiariodetucuman.com\/web\/la-provincia-acuerda-un-salario-a-los-azucareros-que-va-desde-los-22-109\/#primaryimage"},"thumbnailUrl":"https:\/\/www.eldiariodetucuman.com\/web\/wp-content\/uploads\/2018\/06\/manzur-jaldo-amado.jpg","keywords":["juan manzur","Osvaldo Jaldo","Regino Amado","Tucuman"],"articleSection":["Actualidad"],"inLanguage":"es"},{"@type":"WebPage","@id":"https:\/\/www.eldiariodetucuman.com\/web\/la-provincia-acuerda-un-salario-a-los-azucareros-que-va-desde-los-22-109\/","url":"https:\/\/www.eldiariodetucuman.com\/web\/la-provincia-acuerda-un-salario-a-los-azucareros-que-va-desde-los-22-109\/","name":"La provincia acuerda un salario a los azucareros que va desde los $22.109 - El Diario de Tucuman","isPartOf":{"@id":"https:\/\/www.eldiariodetucuman.com\/web\/#website"},"primaryImageOfPage":{"@id":"https:\/\/www.eldiariodetucuman.com\/web\/la-provincia-acuerda-un-salario-a-los-azucareros-que-va-desde-los-22-109\/#primaryimage"},"image":{"@id":"https:\/\/www.eldiariodetucuman.com\/web\/la-provincia-acuerda-un-salario-a-los-azucareros-que-va-desde-los-22-109\/#primaryimage"},"thumbnailUrl":"https:\/\/www.eldiariodetucuman.com\/web\/wp-content\/uploads\/2018\/06\/manzur-jaldo-amado.jpg","datePublished":"2018-06-12T15:34:56+00:00","breadcrumb":{"@id":"https:\/\/www.eldiariodetucuman.com\/web\/la-provincia-acuerda-un-salario-a-los-azucareros-que-va-desde-los-22-109\/#breadcrumb"},"inLanguage":"es","potentialAction":[{"@type":"ReadAction","target":["https:\/\/www.eldiariodetucuman.com\/web\/la-provincia-acuerda-un-salario-a-los-azucareros-que-va-desde-los-22-109\/"]}]},{"@type":"ImageObject","inLanguage":"es","@id":"https:\/\/www.eldiariodetucuman.com\/web\/la-provincia-acuerda-un-salario-a-los-azucareros-que-va-desde-los-22-109\/#primaryimage","url":"https:\/\/www.eldiariodetucuman.com\/web\/wp-content\/uploads\/2018\/06\/manzur-jaldo-amado.jpg","contentUrl":"https:\/\/www.eldiariodetucuman.com\/web\/wp-content\/uploads\/2018\/06\/manzur-jaldo-amado.jpg","width":750,"height":416},{"@type":"BreadcrumbList","@id":"https:\/\/www.eldiariodetucuman.com\/web\/la-provincia-acuerda-un-salario-a-los-azucareros-que-va-desde-los-22-109\/#breadcrumb","itemListElement":[{"@type":"ListItem","position":1,"name":"Portada","item":"https:\/\/www.eldiariodetucuman.com\/web\/"},{"@type":"ListItem","position":2,"name":"La provincia acuerda un salario a los azucareros que va desde los $22.109"}]},{"@type":"WebSite","@id":"https:\/\/www.eldiariodetucuman.com\/web\/#website","url":"https:\/\/www.eldiariodetucuman.com\/web\/","name":"El Diario de Tucuman","description":"Diario Tucuman - Informaci\u00f3n y noticias","publisher":{"@id":"https:\/\/www.eldiariodetucuman.com\/web\/#organization"},"potentialAction":[{"@type":"SearchAction","target":{"@type":"EntryPoint","urlTemplate":"https:\/\/www.eldiariodetucuman.com\/web\/?s={search_term_string}"},"query-input":{"@type":"PropertyValueSpecification","valueRequired":true,"valueName":"search_term_string"}}],"inLanguage":"es"},{"@type":"Organization","@id":"https:\/\/www.eldiariodetucuman.com\/web\/#organization","name":"El Diario de Tucuman","url":"https:\/\/www.eldiariodetucuman.com\/web\/","logo":{"@type":"ImageObject","inLanguage":"es","@id":"https:\/\/www.eldiariodetucuman.com\/web\/#\/schema\/logo\/image\/","url":"http:\/\/www.eldiariodetucuman.com\/web\/wp-content\/uploads\/2017\/12\/el-diario-de-tucuman.jpg","contentUrl":"http:\/\/www.eldiariodetucuman.com\/web\/wp-content\/uploads\/2017\/12\/el-diario-de-tucuman.jpg","width":272,"height":92,"caption":"El Diario de Tucuman"},"image":{"@id":"https:\/\/www.eldiariodetucuman.com\/web\/#\/schema\/logo\/image\/"}},{"@type":"Person","@id":"https:\/\/www.eldiariodetucuman.com\/web\/#\/schema\/person\/3adbe300ecd6242af93c97dab1dc3ba1","name":"El diario de Tucuman","image":{"@type":"ImageObject","inLanguage":"es","@id":"https:\/\/secure.gravatar.com\/avatar\/b7214de193b24d0bd708ac5516aa13d0f20c6560795bfbee06857d5c8ac2f0b2?s=96&d=mm&r=g","url":"https:\/\/secure.gravatar.com\/avatar\/b7214de193b24d0bd708ac5516aa13d0f20c6560795bfbee06857d5c8ac2f0b2?s=96&d=mm&r=g","contentUrl":"https:\/\/secure.gravatar.com\/avatar\/b7214de193b24d0bd708ac5516aa13d0f20c6560795bfbee06857d5c8ac2f0b2?s=96&d=mm&r=g","caption":"El diario de Tucuman"},"url":"https:\/\/www.eldiariodetucuman.com\/web\/author\/mgiobellina\/"}]}},"_links":{"self":[{"href":"https:\/\/www.eldiariodetucuman.com\/web\/wp-json\/wp\/v2\/posts\/12249","targetHints":{"allow":["GET"]}}],"collection":[{"href":"https:\/\/www.eldiariodetucuman.com\/web\/wp-json\/wp\/v2\/posts"}],"about":[{"href":"https:\/\/www.eldiariodetucuman.com\/web\/wp-json\/wp\/v2\/types\/post"}],"author":[{"embeddable":true,"href":"https:\/\/www.eldiariodetucuman.com\/web\/wp-json\/wp\/v2\/users\/3"}],"replies":[{"embeddable":true,"href":"https:\/\/www.eldiariodetucuman.com\/web\/wp-json\/wp\/v2\/comments?post=12249"}],"version-history":[{"count":1,"href":"https:\/\/www.eldiariodetucuman.com\/web\/wp-json\/wp\/v2\/posts\/12249\/revisions"}],"predecessor-version":[{"id":12251,"href":"https:\/\/www.eldiariodetucuman.com\/web\/wp-json\/wp\/v2\/posts\/12249\/revisions\/12251"}],"wp:featuredmedia":[{"embeddable":true,"href":"https:\/\/www.eldiariodetucuman.com\/web\/wp-json\/wp\/v2\/media\/12250"}],"wp:attachment":[{"href":"https:\/\/www.eldiariodetucuman.com\/web\/wp-json\/wp\/v2\/media?parent=12249"}],"wp:term":[{"taxonomy":"category","embeddable":true,"href":"https:\/\/www.eldiariodetucuman.com\/web\/wp-json\/wp\/v2\/categories?post=12249"},{"taxonomy":"post_tag","embeddable":true,"href":"https:\/\/www.eldiariodetucuman.com\/web\/wp-json\/wp\/v2\/tags?post=12249"}],"curies":[{"name":"wp","href":"https:\/\/api.w.org\/{rel}","templated":true}]}}