{"id":12246,"date":"2018-06-12T12:08:02","date_gmt":"2018-06-12T15:08:02","guid":{"rendered":"http:\/\/www.eldiariodetucuman.com\/web\/los-vuelos-tucuman-san-pablo-lograron-plena-ocupacion-2\/"},"modified":"2018-06-12T12:08:03","modified_gmt":"2018-06-12T15:08:03","slug":"los-vuelos-tucuman-san-pablo-lograron-plena-ocupacion-2","status":"publish","type":"post","link":"https:\/\/www.eldiariodetucuman.com\/web\/los-vuelos-tucuman-san-pablo-lograron-plena-ocupacion-2\/","title":{"rendered":"Los vuelos Tucum\u00e1n San Pablo lograron plena ocupaci\u00f3n \u00a0"},"content":{"rendered":"<div>\n<div readability=\"51\">\n<p>El gobernador,<strong> Juan Manzur<\/strong>, \u00a0se refiri\u00f3 a la visita a Tucum\u00e1n del vicepresidente del Parlamento de la ciudad de San Pablo (Brasil),<strong> Rodrigo Hayashi Goulart.<\/strong><\/p>\n<blockquote class=\"mom_quote \"><p>Manzur expres\u00f3 que durante el encuentro en Casa de Gobierno, hablaron sobre el desarrollo de la conectividad a\u00e9rea que impulsa la provincia y de los vuelos que comunican a Tucum\u00e1n con San Pablo.<\/p><\/blockquote>\n<p><iframe loading=\"lazy\" width=\"650\" height=\"315\" src=\"http:\/\/www.youtube.com\/embed\/aUWlLCXPzEY\"><\/iframe><\/p>\n<p>\u00a0<\/p>\n<p>\u00a0<\/p>\n<p>Dijo que gracias a la nueva conectividad con la ciudad paulista, Tucum\u00e1n tiene acceso a una de las capitales cosmopolititas m\u00e1s importantes de Latinoam\u00e9rica: \u201cEl parlamento de San pablo tiene una \u00e1rea de influencia de 25 millones de habitantes. Todo el Estado tiene 45 millones de habitantes y tiene el doble de PBI de argentina\u201d.<\/p>\n<p>Declar\u00f3, adem\u00e1s, que el Ente Tucum\u00e1n Turismo inform\u00f3 que los vuelos Tucum\u00e1n \u2013 San Pablo alcanzaron una plena ocupaci\u00f3n para los pr\u00f3ximos tres meses. \u201cLa mayor\u00eda de los pasajes est\u00e1n vendidos para ir a San Pablo y para venir a Tucum\u00e1n. Eso es turismo, comercio, inversi\u00f3n. Eso est\u00e1 vinculado a la capacidad cient\u00edfica y t\u00e9cnica. Integrarnos con la regi\u00f3n traer\u00e1 trabajo para los tucumanos\u201d.<\/p>\n<\/div>\n<\/div>\n<p>Fuente: http:\/\/comunicaciontucuman.gob.ar\/2018\/06\/los-vuelos-tucuman-san-pablo-lograron-plena-ocupacion\/<\/p>\n","protected":false},"excerpt":{"rendered":"<p>El gobernador, Juan Manzur, \u00a0se refiri\u00f3 a la visita a Tucum\u00e1n del vicepresidente del Parlamento de la ciudad de San Pablo (Brasil), Rodrigo Hayashi Goulart. Manzur expres\u00f3 que durante el encuentro en Casa de Gobierno, hablaron sobre el desarrollo de la conectividad a\u00e9rea que impulsa la provincia y de los vuelos que comunican a Tucum\u00e1n [&hellip;]<\/p>\n","protected":false},"author":1,"featured_media":12247,"comment_status":"open","ping_status":"closed","sticky":false,"template":"","format":"standard","meta":{"footnotes":""},"categories":[3],"tags":[],"class_list":{"0":"post-12246","1":"post","2":"type-post","3":"status-publish","4":"format-standard","5":"has-post-thumbnail","7":"category-politica"},"yoast_head":"<!-- This site is optimized with the Yoast SEO plugin v27.4 - https:\/\/yoast.com\/product\/yoast-seo-wordpress\/ -->\n<title>Los vuelos Tucum\u00e1n San Pablo lograron plena ocupaci\u00f3n \u00a0 - El Diario de Tucuman<\/title>\n<meta name=\"robots\" content=\"index, follow, max-snippet:-1, max-image-preview:large, max-video-preview:-1\" \/>\n<link rel=\"canonical\" href=\"https:\/\/www.eldiariodetucuman.com\/web\/los-vuelos-tucuman-san-pablo-lograron-plena-ocupacion-2\/\" \/>\n<meta property=\"og:locale\" content=\"es_ES\" \/>\n<meta property=\"og:type\" content=\"article\" \/>\n<meta property=\"og:title\" content=\"Los vuelos Tucum\u00e1n San Pablo lograron plena ocupaci\u00f3n \u00a0 - El Diario de Tucuman\" \/>\n<meta property=\"og:description\" content=\"El gobernador, Juan Manzur, \u00a0se refiri\u00f3 a la visita a Tucum\u00e1n del vicepresidente del Parlamento de la ciudad de San Pablo (Brasil), Rodrigo Hayashi Goulart. Manzur expres\u00f3 que durante el encuentro en Casa de Gobierno, hablaron sobre el desarrollo de la conectividad a\u00e9rea que impulsa la provincia y de los vuelos que comunican a Tucum\u00e1n [&hellip;]\" \/>\n<meta property=\"og:url\" content=\"https:\/\/www.eldiariodetucuman.com\/web\/los-vuelos-tucuman-san-pablo-lograron-plena-ocupacion-2\/\" \/>\n<meta property=\"og:site_name\" content=\"El Diario de Tucuman\" \/>\n<meta property=\"article:published_time\" content=\"2018-06-12T15:08:02+00:00\" \/>\n<meta property=\"article:modified_time\" content=\"2018-06-12T15:08:03+00:00\" \/>\n<meta property=\"og:image\" content=\"https:\/\/www.eldiariodetucuman.com\/web\/wp-content\/uploads\/2018\/06\/82d15e27f56e31cf63f955ce81d4f976.jpeg\" \/>\n\t<meta property=\"og:image:width\" content=\"300\" \/>\n\t<meta property=\"og:image:height\" content=\"166\" \/>\n\t<meta property=\"og:image:type\" content=\"image\/jpeg\" \/>\n<meta name=\"author\" content=\"admin\" \/>\n<meta name=\"twitter:card\" content=\"summary_large_image\" \/>\n<meta name=\"twitter:label1\" content=\"Escrito por\" \/>\n\t<meta name=\"twitter:data1\" content=\"admin\" \/>\n\t<meta name=\"twitter:label2\" content=\"Tiempo de lectura\" \/>\n\t<meta name=\"twitter:data2\" content=\"1 minuto\" \/>\n<script type=\"application\/ld+json\" class=\"yoast-schema-graph\">{\"@context\":\"https:\\\/\\\/schema.org\",\"@graph\":[{\"@type\":\"Article\",\"@id\":\"https:\\\/\\\/www.eldiariodetucuman.com\\\/web\\\/los-vuelos-tucuman-san-pablo-lograron-plena-ocupacion-2\\\/#article\",\"isPartOf\":{\"@id\":\"https:\\\/\\\/www.eldiariodetucuman.com\\\/web\\\/los-vuelos-tucuman-san-pablo-lograron-plena-ocupacion-2\\\/\"},\"author\":{\"name\":\"admin\",\"@id\":\"https:\\\/\\\/www.eldiariodetucuman.com\\\/web\\\/#\\\/schema\\\/person\\\/9250197d75ab5483412e19678b121caa\"},\"headline\":\"Los vuelos Tucum\u00e1n San Pablo lograron plena ocupaci\u00f3n \u00a0\",\"datePublished\":\"2018-06-12T15:08:02+00:00\",\"dateModified\":\"2018-06-12T15:08:03+00:00\",\"mainEntityOfPage\":{\"@id\":\"https:\\\/\\\/www.eldiariodetucuman.com\\\/web\\\/los-vuelos-tucuman-san-pablo-lograron-plena-ocupacion-2\\\/\"},\"wordCount\":208,\"commentCount\":0,\"publisher\":{\"@id\":\"https:\\\/\\\/www.eldiariodetucuman.com\\\/web\\\/#organization\"},\"image\":{\"@id\":\"https:\\\/\\\/www.eldiariodetucuman.com\\\/web\\\/los-vuelos-tucuman-san-pablo-lograron-plena-ocupacion-2\\\/#primaryimage\"},\"thumbnailUrl\":\"https:\\\/\\\/www.eldiariodetucuman.com\\\/web\\\/wp-content\\\/uploads\\\/2018\\\/06\\\/82d15e27f56e31cf63f955ce81d4f976.jpeg\",\"articleSection\":[\"Politica\"],\"inLanguage\":\"es\",\"potentialAction\":[{\"@type\":\"CommentAction\",\"name\":\"Comment\",\"target\":[\"https:\\\/\\\/www.eldiariodetucuman.com\\\/web\\\/los-vuelos-tucuman-san-pablo-lograron-plena-ocupacion-2\\\/#respond\"]}]},{\"@type\":\"WebPage\",\"@id\":\"https:\\\/\\\/www.eldiariodetucuman.com\\\/web\\\/los-vuelos-tucuman-san-pablo-lograron-plena-ocupacion-2\\\/\",\"url\":\"https:\\\/\\\/www.eldiariodetucuman.com\\\/web\\\/los-vuelos-tucuman-san-pablo-lograron-plena-ocupacion-2\\\/\",\"name\":\"Los vuelos Tucum\u00e1n San Pablo lograron plena ocupaci\u00f3n \u00a0 - El Diario de Tucuman\",\"isPartOf\":{\"@id\":\"https:\\\/\\\/www.eldiariodetucuman.com\\\/web\\\/#website\"},\"primaryImageOfPage\":{\"@id\":\"https:\\\/\\\/www.eldiariodetucuman.com\\\/web\\\/los-vuelos-tucuman-san-pablo-lograron-plena-ocupacion-2\\\/#primaryimage\"},\"image\":{\"@id\":\"https:\\\/\\\/www.eldiariodetucuman.com\\\/web\\\/los-vuelos-tucuman-san-pablo-lograron-plena-ocupacion-2\\\/#primaryimage\"},\"thumbnailUrl\":\"https:\\\/\\\/www.eldiariodetucuman.com\\\/web\\\/wp-content\\\/uploads\\\/2018\\\/06\\\/82d15e27f56e31cf63f955ce81d4f976.jpeg\",\"datePublished\":\"2018-06-12T15:08:02+00:00\",\"dateModified\":\"2018-06-12T15:08:03+00:00\",\"breadcrumb\":{\"@id\":\"https:\\\/\\\/www.eldiariodetucuman.com\\\/web\\\/los-vuelos-tucuman-san-pablo-lograron-plena-ocupacion-2\\\/#breadcrumb\"},\"inLanguage\":\"es\",\"potentialAction\":[{\"@type\":\"ReadAction\",\"target\":[\"https:\\\/\\\/www.eldiariodetucuman.com\\\/web\\\/los-vuelos-tucuman-san-pablo-lograron-plena-ocupacion-2\\\/\"]}]},{\"@type\":\"ImageObject\",\"inLanguage\":\"es\",\"@id\":\"https:\\\/\\\/www.eldiariodetucuman.com\\\/web\\\/los-vuelos-tucuman-san-pablo-lograron-plena-ocupacion-2\\\/#primaryimage\",\"url\":\"https:\\\/\\\/www.eldiariodetucuman.com\\\/web\\\/wp-content\\\/uploads\\\/2018\\\/06\\\/82d15e27f56e31cf63f955ce81d4f976.jpeg\",\"contentUrl\":\"https:\\\/\\\/www.eldiariodetucuman.com\\\/web\\\/wp-content\\\/uploads\\\/2018\\\/06\\\/82d15e27f56e31cf63f955ce81d4f976.jpeg\",\"width\":300,\"height\":166},{\"@type\":\"BreadcrumbList\",\"@id\":\"https:\\\/\\\/www.eldiariodetucuman.com\\\/web\\\/los-vuelos-tucuman-san-pablo-lograron-plena-ocupacion-2\\\/#breadcrumb\",\"itemListElement\":[{\"@type\":\"ListItem\",\"position\":1,\"name\":\"Portada\",\"item\":\"https:\\\/\\\/www.eldiariodetucuman.com\\\/web\\\/\"},{\"@type\":\"ListItem\",\"position\":2,\"name\":\"Los vuelos Tucum\u00e1n San Pablo lograron plena ocupaci\u00f3n \u00a0\"}]},{\"@type\":\"WebSite\",\"@id\":\"https:\\\/\\\/www.eldiariodetucuman.com\\\/web\\\/#website\",\"url\":\"https:\\\/\\\/www.eldiariodetucuman.com\\\/web\\\/\",\"name\":\"El Diario de Tucuman\",\"description\":\"Diario Tucuman - Informaci\u00f3n y noticias\",\"publisher\":{\"@id\":\"https:\\\/\\\/www.eldiariodetucuman.com\\\/web\\\/#organization\"},\"potentialAction\":[{\"@type\":\"SearchAction\",\"target\":{\"@type\":\"EntryPoint\",\"urlTemplate\":\"https:\\\/\\\/www.eldiariodetucuman.com\\\/web\\\/?s={search_term_string}\"},\"query-input\":{\"@type\":\"PropertyValueSpecification\",\"valueRequired\":true,\"valueName\":\"search_term_string\"}}],\"inLanguage\":\"es\"},{\"@type\":\"Organization\",\"@id\":\"https:\\\/\\\/www.eldiariodetucuman.com\\\/web\\\/#organization\",\"name\":\"El Diario de Tucuman\",\"url\":\"https:\\\/\\\/www.eldiariodetucuman.com\\\/web\\\/\",\"logo\":{\"@type\":\"ImageObject\",\"inLanguage\":\"es\",\"@id\":\"https:\\\/\\\/www.eldiariodetucuman.com\\\/web\\\/#\\\/schema\\\/logo\\\/image\\\/\",\"url\":\"http:\\\/\\\/www.eldiariodetucuman.com\\\/web\\\/wp-content\\\/uploads\\\/2017\\\/12\\\/el-diario-de-tucuman.jpg\",\"contentUrl\":\"http:\\\/\\\/www.eldiariodetucuman.com\\\/web\\\/wp-content\\\/uploads\\\/2017\\\/12\\\/el-diario-de-tucuman.jpg\",\"width\":272,\"height\":92,\"caption\":\"El Diario de Tucuman\"},\"image\":{\"@id\":\"https:\\\/\\\/www.eldiariodetucuman.com\\\/web\\\/#\\\/schema\\\/logo\\\/image\\\/\"}},{\"@type\":\"Person\",\"@id\":\"https:\\\/\\\/www.eldiariodetucuman.com\\\/web\\\/#\\\/schema\\\/person\\\/9250197d75ab5483412e19678b121caa\",\"name\":\"admin\",\"image\":{\"@type\":\"ImageObject\",\"inLanguage\":\"es\",\"@id\":\"https:\\\/\\\/secure.gravatar.com\\\/avatar\\\/c44d117c2be811212c22cb481f6b8384b6873de103fbc49e7a03cc58d7dea4ac?s=96&d=mm&r=g\",\"url\":\"https:\\\/\\\/secure.gravatar.com\\\/avatar\\\/c44d117c2be811212c22cb481f6b8384b6873de103fbc49e7a03cc58d7dea4ac?s=96&d=mm&r=g\",\"contentUrl\":\"https:\\\/\\\/secure.gravatar.com\\\/avatar\\\/c44d117c2be811212c22cb481f6b8384b6873de103fbc49e7a03cc58d7dea4ac?s=96&d=mm&r=g\",\"caption\":\"admin\"},\"url\":\"https:\\\/\\\/www.eldiariodetucuman.com\\\/web\\\/author\\\/admin\\\/\"}]}<\/script>\n<!-- \/ Yoast SEO plugin. -->","yoast_head_json":{"title":"Los vuelos Tucum\u00e1n San Pablo lograron plena ocupaci\u00f3n \u00a0 - El Diario de Tucuman","robots":{"index":"index","follow":"follow","max-snippet":"max-snippet:-1","max-image-preview":"max-image-preview:large","max-video-preview":"max-video-preview:-1"},"canonical":"https:\/\/www.eldiariodetucuman.com\/web\/los-vuelos-tucuman-san-pablo-lograron-plena-ocupacion-2\/","og_locale":"es_ES","og_type":"article","og_title":"Los vuelos Tucum\u00e1n San Pablo lograron plena ocupaci\u00f3n \u00a0 - El Diario de Tucuman","og_description":"El gobernador, Juan Manzur, \u00a0se refiri\u00f3 a la visita a Tucum\u00e1n del vicepresidente del Parlamento de la ciudad de San Pablo (Brasil), Rodrigo Hayashi Goulart. Manzur expres\u00f3 que durante el encuentro en Casa de Gobierno, hablaron sobre el desarrollo de la conectividad a\u00e9rea que impulsa la provincia y de los vuelos que comunican a Tucum\u00e1n [&hellip;]","og_url":"https:\/\/www.eldiariodetucuman.com\/web\/los-vuelos-tucuman-san-pablo-lograron-plena-ocupacion-2\/","og_site_name":"El Diario de Tucuman","article_published_time":"2018-06-12T15:08:02+00:00","article_modified_time":"2018-06-12T15:08:03+00:00","og_image":[{"width":300,"height":166,"url":"https:\/\/www.eldiariodetucuman.com\/web\/wp-content\/uploads\/2018\/06\/82d15e27f56e31cf63f955ce81d4f976.jpeg","type":"image\/jpeg"}],"author":"admin","twitter_card":"summary_large_image","twitter_misc":{"Escrito por":"admin","Tiempo de lectura":"1 minuto"},"schema":{"@context":"https:\/\/schema.org","@graph":[{"@type":"Article","@id":"https:\/\/www.eldiariodetucuman.com\/web\/los-vuelos-tucuman-san-pablo-lograron-plena-ocupacion-2\/#article","isPartOf":{"@id":"https:\/\/www.eldiariodetucuman.com\/web\/los-vuelos-tucuman-san-pablo-lograron-plena-ocupacion-2\/"},"author":{"name":"admin","@id":"https:\/\/www.eldiariodetucuman.com\/web\/#\/schema\/person\/9250197d75ab5483412e19678b121caa"},"headline":"Los vuelos Tucum\u00e1n San Pablo lograron plena ocupaci\u00f3n \u00a0","datePublished":"2018-06-12T15:08:02+00:00","dateModified":"2018-06-12T15:08:03+00:00","mainEntityOfPage":{"@id":"https:\/\/www.eldiariodetucuman.com\/web\/los-vuelos-tucuman-san-pablo-lograron-plena-ocupacion-2\/"},"wordCount":208,"commentCount":0,"publisher":{"@id":"https:\/\/www.eldiariodetucuman.com\/web\/#organization"},"image":{"@id":"https:\/\/www.eldiariodetucuman.com\/web\/los-vuelos-tucuman-san-pablo-lograron-plena-ocupacion-2\/#primaryimage"},"thumbnailUrl":"https:\/\/www.eldiariodetucuman.com\/web\/wp-content\/uploads\/2018\/06\/82d15e27f56e31cf63f955ce81d4f976.jpeg","articleSection":["Politica"],"inLanguage":"es","potentialAction":[{"@type":"CommentAction","name":"Comment","target":["https:\/\/www.eldiariodetucuman.com\/web\/los-vuelos-tucuman-san-pablo-lograron-plena-ocupacion-2\/#respond"]}]},{"@type":"WebPage","@id":"https:\/\/www.eldiariodetucuman.com\/web\/los-vuelos-tucuman-san-pablo-lograron-plena-ocupacion-2\/","url":"https:\/\/www.eldiariodetucuman.com\/web\/los-vuelos-tucuman-san-pablo-lograron-plena-ocupacion-2\/","name":"Los vuelos Tucum\u00e1n San Pablo lograron plena ocupaci\u00f3n \u00a0 - El Diario de Tucuman","isPartOf":{"@id":"https:\/\/www.eldiariodetucuman.com\/web\/#website"},"primaryImageOfPage":{"@id":"https:\/\/www.eldiariodetucuman.com\/web\/los-vuelos-tucuman-san-pablo-lograron-plena-ocupacion-2\/#primaryimage"},"image":{"@id":"https:\/\/www.eldiariodetucuman.com\/web\/los-vuelos-tucuman-san-pablo-lograron-plena-ocupacion-2\/#primaryimage"},"thumbnailUrl":"https:\/\/www.eldiariodetucuman.com\/web\/wp-content\/uploads\/2018\/06\/82d15e27f56e31cf63f955ce81d4f976.jpeg","datePublished":"2018-06-12T15:08:02+00:00","dateModified":"2018-06-12T15:08:03+00:00","breadcrumb":{"@id":"https:\/\/www.eldiariodetucuman.com\/web\/los-vuelos-tucuman-san-pablo-lograron-plena-ocupacion-2\/#breadcrumb"},"inLanguage":"es","potentialAction":[{"@type":"ReadAction","target":["https:\/\/www.eldiariodetucuman.com\/web\/los-vuelos-tucuman-san-pablo-lograron-plena-ocupacion-2\/"]}]},{"@type":"ImageObject","inLanguage":"es","@id":"https:\/\/www.eldiariodetucuman.com\/web\/los-vuelos-tucuman-san-pablo-lograron-plena-ocupacion-2\/#primaryimage","url":"https:\/\/www.eldiariodetucuman.com\/web\/wp-content\/uploads\/2018\/06\/82d15e27f56e31cf63f955ce81d4f976.jpeg","contentUrl":"https:\/\/www.eldiariodetucuman.com\/web\/wp-content\/uploads\/2018\/06\/82d15e27f56e31cf63f955ce81d4f976.jpeg","width":300,"height":166},{"@type":"BreadcrumbList","@id":"https:\/\/www.eldiariodetucuman.com\/web\/los-vuelos-tucuman-san-pablo-lograron-plena-ocupacion-2\/#breadcrumb","itemListElement":[{"@type":"ListItem","position":1,"name":"Portada","item":"https:\/\/www.eldiariodetucuman.com\/web\/"},{"@type":"ListItem","position":2,"name":"Los vuelos Tucum\u00e1n San Pablo lograron plena ocupaci\u00f3n \u00a0"}]},{"@type":"WebSite","@id":"https:\/\/www.eldiariodetucuman.com\/web\/#website","url":"https:\/\/www.eldiariodetucuman.com\/web\/","name":"El Diario de Tucuman","description":"Diario Tucuman - Informaci\u00f3n y noticias","publisher":{"@id":"https:\/\/www.eldiariodetucuman.com\/web\/#organization"},"potentialAction":[{"@type":"SearchAction","target":{"@type":"EntryPoint","urlTemplate":"https:\/\/www.eldiariodetucuman.com\/web\/?s={search_term_string}"},"query-input":{"@type":"PropertyValueSpecification","valueRequired":true,"valueName":"search_term_string"}}],"inLanguage":"es"},{"@type":"Organization","@id":"https:\/\/www.eldiariodetucuman.com\/web\/#organization","name":"El Diario de Tucuman","url":"https:\/\/www.eldiariodetucuman.com\/web\/","logo":{"@type":"ImageObject","inLanguage":"es","@id":"https:\/\/www.eldiariodetucuman.com\/web\/#\/schema\/logo\/image\/","url":"http:\/\/www.eldiariodetucuman.com\/web\/wp-content\/uploads\/2017\/12\/el-diario-de-tucuman.jpg","contentUrl":"http:\/\/www.eldiariodetucuman.com\/web\/wp-content\/uploads\/2017\/12\/el-diario-de-tucuman.jpg","width":272,"height":92,"caption":"El Diario de Tucuman"},"image":{"@id":"https:\/\/www.eldiariodetucuman.com\/web\/#\/schema\/logo\/image\/"}},{"@type":"Person","@id":"https:\/\/www.eldiariodetucuman.com\/web\/#\/schema\/person\/9250197d75ab5483412e19678b121caa","name":"admin","image":{"@type":"ImageObject","inLanguage":"es","@id":"https:\/\/secure.gravatar.com\/avatar\/c44d117c2be811212c22cb481f6b8384b6873de103fbc49e7a03cc58d7dea4ac?s=96&d=mm&r=g","url":"https:\/\/secure.gravatar.com\/avatar\/c44d117c2be811212c22cb481f6b8384b6873de103fbc49e7a03cc58d7dea4ac?s=96&d=mm&r=g","contentUrl":"https:\/\/secure.gravatar.com\/avatar\/c44d117c2be811212c22cb481f6b8384b6873de103fbc49e7a03cc58d7dea4ac?s=96&d=mm&r=g","caption":"admin"},"url":"https:\/\/www.eldiariodetucuman.com\/web\/author\/admin\/"}]}},"_links":{"self":[{"href":"https:\/\/www.eldiariodetucuman.com\/web\/wp-json\/wp\/v2\/posts\/12246","targetHints":{"allow":["GET"]}}],"collection":[{"href":"https:\/\/www.eldiariodetucuman.com\/web\/wp-json\/wp\/v2\/posts"}],"about":[{"href":"https:\/\/www.eldiariodetucuman.com\/web\/wp-json\/wp\/v2\/types\/post"}],"author":[{"embeddable":true,"href":"https:\/\/www.eldiariodetucuman.com\/web\/wp-json\/wp\/v2\/users\/1"}],"replies":[{"embeddable":true,"href":"https:\/\/www.eldiariodetucuman.com\/web\/wp-json\/wp\/v2\/comments?post=12246"}],"version-history":[{"count":1,"href":"https:\/\/www.eldiariodetucuman.com\/web\/wp-json\/wp\/v2\/posts\/12246\/revisions"}],"predecessor-version":[{"id":12248,"href":"https:\/\/www.eldiariodetucuman.com\/web\/wp-json\/wp\/v2\/posts\/12246\/revisions\/12248"}],"wp:featuredmedia":[{"embeddable":true,"href":"https:\/\/www.eldiariodetucuman.com\/web\/wp-json\/wp\/v2\/media\/12247"}],"wp:attachment":[{"href":"https:\/\/www.eldiariodetucuman.com\/web\/wp-json\/wp\/v2\/media?parent=12246"}],"wp:term":[{"taxonomy":"category","embeddable":true,"href":"https:\/\/www.eldiariodetucuman.com\/web\/wp-json\/wp\/v2\/categories?post=12246"},{"taxonomy":"post_tag","embeddable":true,"href":"https:\/\/www.eldiariodetucuman.com\/web\/wp-json\/wp\/v2\/tags?post=12246"}],"curies":[{"name":"wp","href":"https:\/\/api.w.org\/{rel}","templated":true}]}}