{"id":12240,"date":"2018-06-12T12:07:46","date_gmt":"2018-06-12T15:07:46","guid":{"rendered":"http:\/\/www.eldiariodetucuman.com\/web\/transformaron-un-basural-en-un-espacio-verde-para-la-gente-2\/"},"modified":"2018-06-12T12:07:47","modified_gmt":"2018-06-12T15:07:47","slug":"transformaron-un-basural-en-un-espacio-verde-para-la-gente-2","status":"publish","type":"post","link":"https:\/\/www.eldiariodetucuman.com\/web\/transformaron-un-basural-en-un-espacio-verde-para-la-gente-2\/","title":{"rendered":"Transformaron un basural en un espacio verde para la gente"},"content":{"rendered":"<div>\n<div readability=\"72\">\n<p>El gobernador, <strong>Juan Manzur<\/strong>, visit\u00f3 esta tarde la comuna de Le\u00f3n Roug\u00e9s donde, impulsado por la secretar\u00eda de Medioambiente, un vertedero de basura se transform\u00f3 en un espacio verde para la gente de la zona. En el lugar Manzur tambi\u00e9n supervis\u00f3 las obras de un nuevo refugio en una parada de \u00f3mnibus sobre la ruta 38.<\/p>\n<p>La erradicaci\u00f3n del basural forma parte del \u201cPrograma Provincial de Saneamiento de Basurales a Cielo Abierto en Municipios y Comunas\u201d<\/p>\n<p><iframe loading=\"lazy\" width=\"650\" height=\"315\" src=\"http:\/\/www.youtube.com\/embed\/Kgqq6ScPWv4\"><\/iframe><\/p>\n<p>\u00a0<\/p>\n<p>\u00a0<\/p>\n<p>El primer mandatario provincial estuvo acompa\u00f1ado por el vicegobernador, <strong>Osvaldo Jaldo<\/strong>, el ministro de Gobierno y Justicia, <strong>Regino Amado<\/strong>, el secretario de Medioambiente, <strong>Alfredo Montalv\u00e1n<\/strong>, y el intendente de Monteros, <strong>Francisco Serra<\/strong>, entre otros.<\/p>\n<blockquote class=\"mom_quote \"><p>Manzur destac\u00f3 la importancia de la limpieza. \u201cEsta es una gran obra: eliminar los basurales a cielo abierto y queremos erradicar todos los basurales de la provincia. Esto trae mucho perjuicio para la salud y\u00a0hemos empezado por uno de los grandes basurales que hab\u00eda en Tucum\u00e1n: esto hoy se ha transformado en un gran jard\u00edn. Pero esto adem\u00e1s implica una correcta disposici\u00f3n de todos los residuos. Es un paso gigante hacia adelante porque es cuidar la salud de los tucumanos\u201d.\u00a0<\/p><\/blockquote>\n<p>\u201cAvanzamos en el interior de la provincia para transformar los vertederos a cielo abierto en vertederos controlados y en casos como este en parques con forestaci\u00f3n con plantas provistas por la secretar\u00eda de Medio Ambiente. En el t\u00e9rmino de un a\u00f1o hay que tener relevados y un programa de transformaci\u00f3n\u201d, afirm\u00f3 Montalv\u00e1n.<\/p>\n<p><a href=\"http:\/\/comunicaciontucuman.gob.ar\/wp-content\/uploads\/2018\/06\/Manzur_Leon_Rouges-12.jpg\"><img loading=\"lazy\" decoding=\"async\" class=\"alignnone size-medium wp-image-166945\" src=\"http:\/\/comunicaciontucuman.gob.ar\/wp-content\/uploads\/2018\/06\/Manzur_Leon_Rouges-12-300x166.jpg\" alt=\"Manzur_Leon_Rouges (12)\" width=\"300\" height=\"166\"><\/a>\u00a0<a href=\"http:\/\/comunicaciontucuman.gob.ar\/wp-content\/uploads\/2018\/06\/Manzur_Leon_Rouges-9.jpg\"><img loading=\"lazy\" decoding=\"async\" class=\"alignnone size-medium wp-image-166942\" src=\"http:\/\/comunicaciontucuman.gob.ar\/wp-content\/uploads\/2018\/06\/Manzur_Leon_Rouges-9-300x166.jpg\" alt=\"Manzur_Leon_Rouges (9)\" width=\"300\" height=\"166\"><\/a><\/p>\n<p>\u00a0<\/p>\n<p>Por su parte Jaldo manifest\u00f3 que \u201choy estamos sepultando definitivamente este basural que expon\u00eda a todos los vecinos a contraer enfermedades. Adem\u00e1s de insectos\u00a0 y alima\u00f1as\u201d. Adem\u00e1s el Vicegobernador expres\u00f3 que \u201cesto se puede hacer gracias a la decisi\u00f3n del Gobernador y del trabajo en equipo\u201d.<\/p>\n<p>El delegado, <strong>Oscar Vega, <\/strong>finalmente afirm\u00f3 que \u201clos vecinos estaban muy preocupados por las molestias que ocasionaba el basural, entonces nos pusimos en marcha para poder erradicarlo. Estamos muy felices de poder haber transformado esto en un espacio verde\u201d.<\/p>\n<p><strong>Galer\u00eda de im\u00e1genes<\/strong><\/p>\n<\/div>\n<\/div>\n<p>Fuente: http:\/\/comunicaciontucuman.gob.ar\/2018\/06\/transformaron-un-basural-en-un-espacio-verde-para-la-gente\/<\/p>\n","protected":false},"excerpt":{"rendered":"<p>El gobernador, Juan Manzur, visit\u00f3 esta tarde la comuna de Le\u00f3n Roug\u00e9s donde, impulsado por la secretar\u00eda de Medioambiente, un vertedero de basura se transform\u00f3 en un espacio verde para la gente de la zona. En el lugar Manzur tambi\u00e9n supervis\u00f3 las obras de un nuevo refugio en una parada de \u00f3mnibus sobre la ruta [&hellip;]<\/p>\n","protected":false},"author":1,"featured_media":12241,"comment_status":"open","ping_status":"closed","sticky":false,"template":"","format":"standard","meta":{"footnotes":""},"categories":[3],"tags":[],"class_list":{"0":"post-12240","1":"post","2":"type-post","3":"status-publish","4":"format-standard","5":"has-post-thumbnail","7":"category-politica"},"yoast_head":"<!-- This site is optimized with the Yoast SEO plugin v27.4 - https:\/\/yoast.com\/product\/yoast-seo-wordpress\/ -->\n<title>Transformaron un basural en un espacio verde para la gente - El Diario de Tucuman<\/title>\n<meta name=\"robots\" content=\"index, follow, max-snippet:-1, max-image-preview:large, max-video-preview:-1\" \/>\n<link rel=\"canonical\" href=\"https:\/\/www.eldiariodetucuman.com\/web\/transformaron-un-basural-en-un-espacio-verde-para-la-gente-2\/\" \/>\n<meta property=\"og:locale\" content=\"es_ES\" \/>\n<meta property=\"og:type\" content=\"article\" \/>\n<meta property=\"og:title\" content=\"Transformaron un basural en un espacio verde para la gente - El Diario de Tucuman\" \/>\n<meta property=\"og:description\" content=\"El gobernador, Juan Manzur, visit\u00f3 esta tarde la comuna de Le\u00f3n Roug\u00e9s donde, impulsado por la secretar\u00eda de Medioambiente, un vertedero de basura se transform\u00f3 en un espacio verde para la gente de la zona. En el lugar Manzur tambi\u00e9n supervis\u00f3 las obras de un nuevo refugio en una parada de \u00f3mnibus sobre la ruta [&hellip;]\" \/>\n<meta property=\"og:url\" content=\"https:\/\/www.eldiariodetucuman.com\/web\/transformaron-un-basural-en-un-espacio-verde-para-la-gente-2\/\" \/>\n<meta property=\"og:site_name\" content=\"El Diario de Tucuman\" \/>\n<meta property=\"article:published_time\" content=\"2018-06-12T15:07:46+00:00\" \/>\n<meta property=\"article:modified_time\" content=\"2018-06-12T15:07:47+00:00\" \/>\n<meta property=\"og:image\" content=\"https:\/\/www.eldiariodetucuman.com\/web\/wp-content\/uploads\/2018\/06\/18a01213fb78f9f974a38a071dd89393.jpeg\" \/>\n\t<meta property=\"og:image:width\" content=\"300\" \/>\n\t<meta property=\"og:image:height\" content=\"166\" \/>\n\t<meta property=\"og:image:type\" content=\"image\/jpeg\" \/>\n<meta name=\"author\" content=\"admin\" \/>\n<meta name=\"twitter:card\" content=\"summary_large_image\" \/>\n<meta name=\"twitter:label1\" content=\"Escrito por\" \/>\n\t<meta name=\"twitter:data1\" content=\"admin\" \/>\n\t<meta name=\"twitter:label2\" content=\"Tiempo de lectura\" \/>\n\t<meta name=\"twitter:data2\" content=\"2 minutos\" \/>\n<script type=\"application\/ld+json\" class=\"yoast-schema-graph\">{\"@context\":\"https:\\\/\\\/schema.org\",\"@graph\":[{\"@type\":\"Article\",\"@id\":\"https:\\\/\\\/www.eldiariodetucuman.com\\\/web\\\/transformaron-un-basural-en-un-espacio-verde-para-la-gente-2\\\/#article\",\"isPartOf\":{\"@id\":\"https:\\\/\\\/www.eldiariodetucuman.com\\\/web\\\/transformaron-un-basural-en-un-espacio-verde-para-la-gente-2\\\/\"},\"author\":{\"name\":\"admin\",\"@id\":\"https:\\\/\\\/www.eldiariodetucuman.com\\\/web\\\/#\\\/schema\\\/person\\\/9250197d75ab5483412e19678b121caa\"},\"headline\":\"Transformaron un basural en un espacio verde para la gente\",\"datePublished\":\"2018-06-12T15:07:46+00:00\",\"dateModified\":\"2018-06-12T15:07:47+00:00\",\"mainEntityOfPage\":{\"@id\":\"https:\\\/\\\/www.eldiariodetucuman.com\\\/web\\\/transformaron-un-basural-en-un-espacio-verde-para-la-gente-2\\\/\"},\"wordCount\":371,\"commentCount\":0,\"publisher\":{\"@id\":\"https:\\\/\\\/www.eldiariodetucuman.com\\\/web\\\/#organization\"},\"image\":{\"@id\":\"https:\\\/\\\/www.eldiariodetucuman.com\\\/web\\\/transformaron-un-basural-en-un-espacio-verde-para-la-gente-2\\\/#primaryimage\"},\"thumbnailUrl\":\"https:\\\/\\\/www.eldiariodetucuman.com\\\/web\\\/wp-content\\\/uploads\\\/2018\\\/06\\\/18a01213fb78f9f974a38a071dd89393.jpeg\",\"articleSection\":[\"Politica\"],\"inLanguage\":\"es\",\"potentialAction\":[{\"@type\":\"CommentAction\",\"name\":\"Comment\",\"target\":[\"https:\\\/\\\/www.eldiariodetucuman.com\\\/web\\\/transformaron-un-basural-en-un-espacio-verde-para-la-gente-2\\\/#respond\"]}]},{\"@type\":\"WebPage\",\"@id\":\"https:\\\/\\\/www.eldiariodetucuman.com\\\/web\\\/transformaron-un-basural-en-un-espacio-verde-para-la-gente-2\\\/\",\"url\":\"https:\\\/\\\/www.eldiariodetucuman.com\\\/web\\\/transformaron-un-basural-en-un-espacio-verde-para-la-gente-2\\\/\",\"name\":\"Transformaron un basural en un espacio verde para la gente - El Diario de Tucuman\",\"isPartOf\":{\"@id\":\"https:\\\/\\\/www.eldiariodetucuman.com\\\/web\\\/#website\"},\"primaryImageOfPage\":{\"@id\":\"https:\\\/\\\/www.eldiariodetucuman.com\\\/web\\\/transformaron-un-basural-en-un-espacio-verde-para-la-gente-2\\\/#primaryimage\"},\"image\":{\"@id\":\"https:\\\/\\\/www.eldiariodetucuman.com\\\/web\\\/transformaron-un-basural-en-un-espacio-verde-para-la-gente-2\\\/#primaryimage\"},\"thumbnailUrl\":\"https:\\\/\\\/www.eldiariodetucuman.com\\\/web\\\/wp-content\\\/uploads\\\/2018\\\/06\\\/18a01213fb78f9f974a38a071dd89393.jpeg\",\"datePublished\":\"2018-06-12T15:07:46+00:00\",\"dateModified\":\"2018-06-12T15:07:47+00:00\",\"breadcrumb\":{\"@id\":\"https:\\\/\\\/www.eldiariodetucuman.com\\\/web\\\/transformaron-un-basural-en-un-espacio-verde-para-la-gente-2\\\/#breadcrumb\"},\"inLanguage\":\"es\",\"potentialAction\":[{\"@type\":\"ReadAction\",\"target\":[\"https:\\\/\\\/www.eldiariodetucuman.com\\\/web\\\/transformaron-un-basural-en-un-espacio-verde-para-la-gente-2\\\/\"]}]},{\"@type\":\"ImageObject\",\"inLanguage\":\"es\",\"@id\":\"https:\\\/\\\/www.eldiariodetucuman.com\\\/web\\\/transformaron-un-basural-en-un-espacio-verde-para-la-gente-2\\\/#primaryimage\",\"url\":\"https:\\\/\\\/www.eldiariodetucuman.com\\\/web\\\/wp-content\\\/uploads\\\/2018\\\/06\\\/18a01213fb78f9f974a38a071dd89393.jpeg\",\"contentUrl\":\"https:\\\/\\\/www.eldiariodetucuman.com\\\/web\\\/wp-content\\\/uploads\\\/2018\\\/06\\\/18a01213fb78f9f974a38a071dd89393.jpeg\",\"width\":300,\"height\":166},{\"@type\":\"BreadcrumbList\",\"@id\":\"https:\\\/\\\/www.eldiariodetucuman.com\\\/web\\\/transformaron-un-basural-en-un-espacio-verde-para-la-gente-2\\\/#breadcrumb\",\"itemListElement\":[{\"@type\":\"ListItem\",\"position\":1,\"name\":\"Portada\",\"item\":\"https:\\\/\\\/www.eldiariodetucuman.com\\\/web\\\/\"},{\"@type\":\"ListItem\",\"position\":2,\"name\":\"Transformaron un basural en un espacio verde para la gente\"}]},{\"@type\":\"WebSite\",\"@id\":\"https:\\\/\\\/www.eldiariodetucuman.com\\\/web\\\/#website\",\"url\":\"https:\\\/\\\/www.eldiariodetucuman.com\\\/web\\\/\",\"name\":\"El Diario de Tucuman\",\"description\":\"Diario Tucuman - Informaci\u00f3n y noticias\",\"publisher\":{\"@id\":\"https:\\\/\\\/www.eldiariodetucuman.com\\\/web\\\/#organization\"},\"potentialAction\":[{\"@type\":\"SearchAction\",\"target\":{\"@type\":\"EntryPoint\",\"urlTemplate\":\"https:\\\/\\\/www.eldiariodetucuman.com\\\/web\\\/?s={search_term_string}\"},\"query-input\":{\"@type\":\"PropertyValueSpecification\",\"valueRequired\":true,\"valueName\":\"search_term_string\"}}],\"inLanguage\":\"es\"},{\"@type\":\"Organization\",\"@id\":\"https:\\\/\\\/www.eldiariodetucuman.com\\\/web\\\/#organization\",\"name\":\"El Diario de Tucuman\",\"url\":\"https:\\\/\\\/www.eldiariodetucuman.com\\\/web\\\/\",\"logo\":{\"@type\":\"ImageObject\",\"inLanguage\":\"es\",\"@id\":\"https:\\\/\\\/www.eldiariodetucuman.com\\\/web\\\/#\\\/schema\\\/logo\\\/image\\\/\",\"url\":\"http:\\\/\\\/www.eldiariodetucuman.com\\\/web\\\/wp-content\\\/uploads\\\/2017\\\/12\\\/el-diario-de-tucuman.jpg\",\"contentUrl\":\"http:\\\/\\\/www.eldiariodetucuman.com\\\/web\\\/wp-content\\\/uploads\\\/2017\\\/12\\\/el-diario-de-tucuman.jpg\",\"width\":272,\"height\":92,\"caption\":\"El Diario de Tucuman\"},\"image\":{\"@id\":\"https:\\\/\\\/www.eldiariodetucuman.com\\\/web\\\/#\\\/schema\\\/logo\\\/image\\\/\"}},{\"@type\":\"Person\",\"@id\":\"https:\\\/\\\/www.eldiariodetucuman.com\\\/web\\\/#\\\/schema\\\/person\\\/9250197d75ab5483412e19678b121caa\",\"name\":\"admin\",\"image\":{\"@type\":\"ImageObject\",\"inLanguage\":\"es\",\"@id\":\"https:\\\/\\\/secure.gravatar.com\\\/avatar\\\/c44d117c2be811212c22cb481f6b8384b6873de103fbc49e7a03cc58d7dea4ac?s=96&d=mm&r=g\",\"url\":\"https:\\\/\\\/secure.gravatar.com\\\/avatar\\\/c44d117c2be811212c22cb481f6b8384b6873de103fbc49e7a03cc58d7dea4ac?s=96&d=mm&r=g\",\"contentUrl\":\"https:\\\/\\\/secure.gravatar.com\\\/avatar\\\/c44d117c2be811212c22cb481f6b8384b6873de103fbc49e7a03cc58d7dea4ac?s=96&d=mm&r=g\",\"caption\":\"admin\"},\"url\":\"https:\\\/\\\/www.eldiariodetucuman.com\\\/web\\\/author\\\/admin\\\/\"}]}<\/script>\n<!-- \/ Yoast SEO plugin. -->","yoast_head_json":{"title":"Transformaron un basural en un espacio verde para la gente - El Diario de Tucuman","robots":{"index":"index","follow":"follow","max-snippet":"max-snippet:-1","max-image-preview":"max-image-preview:large","max-video-preview":"max-video-preview:-1"},"canonical":"https:\/\/www.eldiariodetucuman.com\/web\/transformaron-un-basural-en-un-espacio-verde-para-la-gente-2\/","og_locale":"es_ES","og_type":"article","og_title":"Transformaron un basural en un espacio verde para la gente - El Diario de Tucuman","og_description":"El gobernador, Juan Manzur, visit\u00f3 esta tarde la comuna de Le\u00f3n Roug\u00e9s donde, impulsado por la secretar\u00eda de Medioambiente, un vertedero de basura se transform\u00f3 en un espacio verde para la gente de la zona. En el lugar Manzur tambi\u00e9n supervis\u00f3 las obras de un nuevo refugio en una parada de \u00f3mnibus sobre la ruta [&hellip;]","og_url":"https:\/\/www.eldiariodetucuman.com\/web\/transformaron-un-basural-en-un-espacio-verde-para-la-gente-2\/","og_site_name":"El Diario de Tucuman","article_published_time":"2018-06-12T15:07:46+00:00","article_modified_time":"2018-06-12T15:07:47+00:00","og_image":[{"width":300,"height":166,"url":"https:\/\/www.eldiariodetucuman.com\/web\/wp-content\/uploads\/2018\/06\/18a01213fb78f9f974a38a071dd89393.jpeg","type":"image\/jpeg"}],"author":"admin","twitter_card":"summary_large_image","twitter_misc":{"Escrito por":"admin","Tiempo de lectura":"2 minutos"},"schema":{"@context":"https:\/\/schema.org","@graph":[{"@type":"Article","@id":"https:\/\/www.eldiariodetucuman.com\/web\/transformaron-un-basural-en-un-espacio-verde-para-la-gente-2\/#article","isPartOf":{"@id":"https:\/\/www.eldiariodetucuman.com\/web\/transformaron-un-basural-en-un-espacio-verde-para-la-gente-2\/"},"author":{"name":"admin","@id":"https:\/\/www.eldiariodetucuman.com\/web\/#\/schema\/person\/9250197d75ab5483412e19678b121caa"},"headline":"Transformaron un basural en un espacio verde para la gente","datePublished":"2018-06-12T15:07:46+00:00","dateModified":"2018-06-12T15:07:47+00:00","mainEntityOfPage":{"@id":"https:\/\/www.eldiariodetucuman.com\/web\/transformaron-un-basural-en-un-espacio-verde-para-la-gente-2\/"},"wordCount":371,"commentCount":0,"publisher":{"@id":"https:\/\/www.eldiariodetucuman.com\/web\/#organization"},"image":{"@id":"https:\/\/www.eldiariodetucuman.com\/web\/transformaron-un-basural-en-un-espacio-verde-para-la-gente-2\/#primaryimage"},"thumbnailUrl":"https:\/\/www.eldiariodetucuman.com\/web\/wp-content\/uploads\/2018\/06\/18a01213fb78f9f974a38a071dd89393.jpeg","articleSection":["Politica"],"inLanguage":"es","potentialAction":[{"@type":"CommentAction","name":"Comment","target":["https:\/\/www.eldiariodetucuman.com\/web\/transformaron-un-basural-en-un-espacio-verde-para-la-gente-2\/#respond"]}]},{"@type":"WebPage","@id":"https:\/\/www.eldiariodetucuman.com\/web\/transformaron-un-basural-en-un-espacio-verde-para-la-gente-2\/","url":"https:\/\/www.eldiariodetucuman.com\/web\/transformaron-un-basural-en-un-espacio-verde-para-la-gente-2\/","name":"Transformaron un basural en un espacio verde para la gente - El Diario de Tucuman","isPartOf":{"@id":"https:\/\/www.eldiariodetucuman.com\/web\/#website"},"primaryImageOfPage":{"@id":"https:\/\/www.eldiariodetucuman.com\/web\/transformaron-un-basural-en-un-espacio-verde-para-la-gente-2\/#primaryimage"},"image":{"@id":"https:\/\/www.eldiariodetucuman.com\/web\/transformaron-un-basural-en-un-espacio-verde-para-la-gente-2\/#primaryimage"},"thumbnailUrl":"https:\/\/www.eldiariodetucuman.com\/web\/wp-content\/uploads\/2018\/06\/18a01213fb78f9f974a38a071dd89393.jpeg","datePublished":"2018-06-12T15:07:46+00:00","dateModified":"2018-06-12T15:07:47+00:00","breadcrumb":{"@id":"https:\/\/www.eldiariodetucuman.com\/web\/transformaron-un-basural-en-un-espacio-verde-para-la-gente-2\/#breadcrumb"},"inLanguage":"es","potentialAction":[{"@type":"ReadAction","target":["https:\/\/www.eldiariodetucuman.com\/web\/transformaron-un-basural-en-un-espacio-verde-para-la-gente-2\/"]}]},{"@type":"ImageObject","inLanguage":"es","@id":"https:\/\/www.eldiariodetucuman.com\/web\/transformaron-un-basural-en-un-espacio-verde-para-la-gente-2\/#primaryimage","url":"https:\/\/www.eldiariodetucuman.com\/web\/wp-content\/uploads\/2018\/06\/18a01213fb78f9f974a38a071dd89393.jpeg","contentUrl":"https:\/\/www.eldiariodetucuman.com\/web\/wp-content\/uploads\/2018\/06\/18a01213fb78f9f974a38a071dd89393.jpeg","width":300,"height":166},{"@type":"BreadcrumbList","@id":"https:\/\/www.eldiariodetucuman.com\/web\/transformaron-un-basural-en-un-espacio-verde-para-la-gente-2\/#breadcrumb","itemListElement":[{"@type":"ListItem","position":1,"name":"Portada","item":"https:\/\/www.eldiariodetucuman.com\/web\/"},{"@type":"ListItem","position":2,"name":"Transformaron un basural en un espacio verde para la gente"}]},{"@type":"WebSite","@id":"https:\/\/www.eldiariodetucuman.com\/web\/#website","url":"https:\/\/www.eldiariodetucuman.com\/web\/","name":"El Diario de Tucuman","description":"Diario Tucuman - Informaci\u00f3n y noticias","publisher":{"@id":"https:\/\/www.eldiariodetucuman.com\/web\/#organization"},"potentialAction":[{"@type":"SearchAction","target":{"@type":"EntryPoint","urlTemplate":"https:\/\/www.eldiariodetucuman.com\/web\/?s={search_term_string}"},"query-input":{"@type":"PropertyValueSpecification","valueRequired":true,"valueName":"search_term_string"}}],"inLanguage":"es"},{"@type":"Organization","@id":"https:\/\/www.eldiariodetucuman.com\/web\/#organization","name":"El Diario de Tucuman","url":"https:\/\/www.eldiariodetucuman.com\/web\/","logo":{"@type":"ImageObject","inLanguage":"es","@id":"https:\/\/www.eldiariodetucuman.com\/web\/#\/schema\/logo\/image\/","url":"http:\/\/www.eldiariodetucuman.com\/web\/wp-content\/uploads\/2017\/12\/el-diario-de-tucuman.jpg","contentUrl":"http:\/\/www.eldiariodetucuman.com\/web\/wp-content\/uploads\/2017\/12\/el-diario-de-tucuman.jpg","width":272,"height":92,"caption":"El Diario de Tucuman"},"image":{"@id":"https:\/\/www.eldiariodetucuman.com\/web\/#\/schema\/logo\/image\/"}},{"@type":"Person","@id":"https:\/\/www.eldiariodetucuman.com\/web\/#\/schema\/person\/9250197d75ab5483412e19678b121caa","name":"admin","image":{"@type":"ImageObject","inLanguage":"es","@id":"https:\/\/secure.gravatar.com\/avatar\/c44d117c2be811212c22cb481f6b8384b6873de103fbc49e7a03cc58d7dea4ac?s=96&d=mm&r=g","url":"https:\/\/secure.gravatar.com\/avatar\/c44d117c2be811212c22cb481f6b8384b6873de103fbc49e7a03cc58d7dea4ac?s=96&d=mm&r=g","contentUrl":"https:\/\/secure.gravatar.com\/avatar\/c44d117c2be811212c22cb481f6b8384b6873de103fbc49e7a03cc58d7dea4ac?s=96&d=mm&r=g","caption":"admin"},"url":"https:\/\/www.eldiariodetucuman.com\/web\/author\/admin\/"}]}},"_links":{"self":[{"href":"https:\/\/www.eldiariodetucuman.com\/web\/wp-json\/wp\/v2\/posts\/12240","targetHints":{"allow":["GET"]}}],"collection":[{"href":"https:\/\/www.eldiariodetucuman.com\/web\/wp-json\/wp\/v2\/posts"}],"about":[{"href":"https:\/\/www.eldiariodetucuman.com\/web\/wp-json\/wp\/v2\/types\/post"}],"author":[{"embeddable":true,"href":"https:\/\/www.eldiariodetucuman.com\/web\/wp-json\/wp\/v2\/users\/1"}],"replies":[{"embeddable":true,"href":"https:\/\/www.eldiariodetucuman.com\/web\/wp-json\/wp\/v2\/comments?post=12240"}],"version-history":[{"count":1,"href":"https:\/\/www.eldiariodetucuman.com\/web\/wp-json\/wp\/v2\/posts\/12240\/revisions"}],"predecessor-version":[{"id":12242,"href":"https:\/\/www.eldiariodetucuman.com\/web\/wp-json\/wp\/v2\/posts\/12240\/revisions\/12242"}],"wp:featuredmedia":[{"embeddable":true,"href":"https:\/\/www.eldiariodetucuman.com\/web\/wp-json\/wp\/v2\/media\/12241"}],"wp:attachment":[{"href":"https:\/\/www.eldiariodetucuman.com\/web\/wp-json\/wp\/v2\/media?parent=12240"}],"wp:term":[{"taxonomy":"category","embeddable":true,"href":"https:\/\/www.eldiariodetucuman.com\/web\/wp-json\/wp\/v2\/categories?post=12240"},{"taxonomy":"post_tag","embeddable":true,"href":"https:\/\/www.eldiariodetucuman.com\/web\/wp-json\/wp\/v2\/tags?post=12240"}],"curies":[{"name":"wp","href":"https:\/\/api.w.org\/{rel}","templated":true}]}}