{"id":12237,"date":"2018-06-12T12:07:37","date_gmt":"2018-06-12T15:07:37","guid":{"rendered":"http:\/\/www.eldiariodetucuman.com\/web\/el-salario-basico-de-los-azucareros-fue-fijado-en-22-109\/"},"modified":"2018-06-12T12:07:38","modified_gmt":"2018-06-12T15:07:38","slug":"el-salario-basico-de-los-azucareros-fue-fijado-en-22-109","status":"publish","type":"post","link":"https:\/\/www.eldiariodetucuman.com\/web\/el-salario-basico-de-los-azucareros-fue-fijado-en-22-109\/","title":{"rendered":"El salario b\u00e1sico de los azucareros fue fijado en $22.109"},"content":{"rendered":"<div>\n<div readability=\"59\">\n<p>Teniendo en cuenta el complejo contexto econ\u00f3mico que atraviesa el pa\u00eds y con el fin de atender las necesidades de los tucumanos, el gobernador, <strong>Juan Manzur<\/strong>, convoc\u00f3 al secretario de Trabajo, <strong>Roberto Palina<\/strong>, para impulsar acciones tendientes a atender los pedidos salariales de los trabajadores provinciales para evitar medidas de fuerza.<\/p>\n<blockquote class=\"mom_quote \"><p>Durante el encuentro, el Mandatario fue acompa\u00f1ado por el vicegobernador, <strong>Osvaldo Jaldo<\/strong>, y el Ministro de Gobierno y Justicia,<strong> Regino Amado<\/strong>.<\/p><\/blockquote>\n<p><iframe loading=\"lazy\" width=\"650\" height=\"315\" src=\"http:\/\/www.youtube.com\/embed\/ni-ren_bkeQ\"><\/iframe><\/p>\n<p>\u00a0<\/p>\n<p>\u00a0<\/p>\n<p>Tras la reuni\u00f3n, Palina expres\u00f3 que present\u00f3 al Gobernador un informe de la actividad azucarera que detalla el funcionamiento de cada ingenio y la recomposici\u00f3n salarial de los trabajadores que alcanz\u00f3 un 23 %, con un salario b\u00e1sico para la categor\u00eda que menos gana de $22.109.<\/p>\n<p><a href=\"http:\/\/comunicaciontucuman.gob.ar\/wp-content\/uploads\/2018\/06\/palina_nn_1.jpg\"><img loading=\"lazy\" decoding=\"async\" class=\"size-medium wp-image-166988 alignleft\" src=\"http:\/\/comunicaciontucuman.gob.ar\/wp-content\/uploads\/2018\/06\/palina_nn_1-300x166.jpg\" alt=\"palina_nn_1\" width=\"300\" height=\"166\"><\/a>El funcionario destac\u00f3 que la medida servir\u00e1 para evitar medidas de fuerza y destac\u00f3 que \u201cen el \u00e1mbito de Tucum\u00e1n esta recomposici\u00f3n es una de las mejores del pa\u00eds\u201d.<\/p>\n<p>Tambi\u00e9n se refiri\u00f3 al trabajo que desarrolla el Instituto de Promoci\u00f3n del Az\u00facar y Alcohol de Tucum\u00e1n instal\u00f3 laboratorios m\u00f3viles en los ingenios a fin de llevar adelante controles efectivos.<\/p>\n<p>El Secretario de Trabajo tambi\u00e9n dijo: \u201cHablamos de la gesti\u00f3n. El Gobernador pidi\u00f3 trabajar todos juntos, dejar para m\u00e1s adelante las candidaturas. Es importante este tipo de reuniones teniendo en cuenta el dif\u00edcil momento que est\u00e1 pasando el que pa\u00eds. Hay que trabajar para la gente y garantizar la paz social. Ponerle el hombro a este Gobierno\u201d.<\/p>\n<blockquote class=\"mom_quote \"><p>En cuanto a la revisi\u00f3n salarial del 15 al 20% que otorg\u00f3 el Ministerio de Trabajo de la Naci\u00f3n, dijo que muchos gremios la fijaron para octubre. \u201cTucum\u00e1n ten\u00eda un 17% acordado, por lo que le restar\u00eda s\u00f3lo un 3% para alcanzar lo fijado\u201d, finaliz\u00f3.<\/p><\/blockquote>\n<\/div>\n<\/div>\n<p>Fuente: http:\/\/comunicaciontucuman.gob.ar\/2018\/06\/el-salario-basico-de-los-azucareros-fue-fijado-en-22-109\/<\/p>\n","protected":false},"excerpt":{"rendered":"<p>Teniendo en cuenta el complejo contexto econ\u00f3mico que atraviesa el pa\u00eds y con el fin de atender las necesidades de los tucumanos, el gobernador, Juan Manzur, convoc\u00f3 al secretario de Trabajo, Roberto Palina, para impulsar acciones tendientes a atender los pedidos salariales de los trabajadores provinciales para evitar medidas de fuerza. Durante el encuentro, el [&hellip;]<\/p>\n","protected":false},"author":1,"featured_media":12238,"comment_status":"open","ping_status":"closed","sticky":false,"template":"","format":"standard","meta":{"footnotes":""},"categories":[3],"tags":[],"class_list":{"0":"post-12237","1":"post","2":"type-post","3":"status-publish","4":"format-standard","5":"has-post-thumbnail","7":"category-politica"},"yoast_head":"<!-- This site is optimized with the Yoast SEO plugin v27.5 - https:\/\/yoast.com\/product\/yoast-seo-wordpress\/ -->\n<title>El salario b\u00e1sico de los azucareros fue fijado en $22.109 - El Diario de Tucuman<\/title>\n<meta name=\"robots\" content=\"index, follow, max-snippet:-1, max-image-preview:large, max-video-preview:-1\" \/>\n<link rel=\"canonical\" href=\"https:\/\/www.eldiariodetucuman.com\/web\/el-salario-basico-de-los-azucareros-fue-fijado-en-22-109\/\" \/>\n<meta property=\"og:locale\" content=\"es_ES\" \/>\n<meta property=\"og:type\" content=\"article\" \/>\n<meta property=\"og:title\" content=\"El salario b\u00e1sico de los azucareros fue fijado en $22.109 - El Diario de Tucuman\" \/>\n<meta property=\"og:description\" content=\"Teniendo en cuenta el complejo contexto econ\u00f3mico que atraviesa el pa\u00eds y con el fin de atender las necesidades de los tucumanos, el gobernador, Juan Manzur, convoc\u00f3 al secretario de Trabajo, Roberto Palina, para impulsar acciones tendientes a atender los pedidos salariales de los trabajadores provinciales para evitar medidas de fuerza. Durante el encuentro, el [&hellip;]\" \/>\n<meta property=\"og:url\" content=\"https:\/\/www.eldiariodetucuman.com\/web\/el-salario-basico-de-los-azucareros-fue-fijado-en-22-109\/\" \/>\n<meta property=\"og:site_name\" content=\"El Diario de Tucuman\" \/>\n<meta property=\"article:published_time\" content=\"2018-06-12T15:07:37+00:00\" \/>\n<meta property=\"article:modified_time\" content=\"2018-06-12T15:07:38+00:00\" \/>\n<meta property=\"og:image\" content=\"https:\/\/www.eldiariodetucuman.com\/web\/wp-content\/uploads\/2018\/06\/00dccf9c130a96a33cb2bdcd2f9de3e6.jpeg\" \/>\n\t<meta property=\"og:image:width\" content=\"300\" \/>\n\t<meta property=\"og:image:height\" content=\"166\" \/>\n\t<meta property=\"og:image:type\" content=\"image\/jpeg\" \/>\n<meta name=\"author\" content=\"admin\" \/>\n<meta name=\"twitter:card\" content=\"summary_large_image\" \/>\n<meta name=\"twitter:label1\" content=\"Escrito por\" \/>\n\t<meta name=\"twitter:data1\" content=\"admin\" \/>\n\t<meta name=\"twitter:label2\" content=\"Tiempo de lectura\" \/>\n\t<meta name=\"twitter:data2\" content=\"2 minutos\" \/>\n<script type=\"application\/ld+json\" class=\"yoast-schema-graph\">{\"@context\":\"https:\\\/\\\/schema.org\",\"@graph\":[{\"@type\":\"Article\",\"@id\":\"https:\\\/\\\/www.eldiariodetucuman.com\\\/web\\\/el-salario-basico-de-los-azucareros-fue-fijado-en-22-109\\\/#article\",\"isPartOf\":{\"@id\":\"https:\\\/\\\/www.eldiariodetucuman.com\\\/web\\\/el-salario-basico-de-los-azucareros-fue-fijado-en-22-109\\\/\"},\"author\":{\"name\":\"admin\",\"@id\":\"https:\\\/\\\/www.eldiariodetucuman.com\\\/web\\\/#\\\/schema\\\/person\\\/9250197d75ab5483412e19678b121caa\"},\"headline\":\"El salario b\u00e1sico de los azucareros fue fijado en $22.109\",\"datePublished\":\"2018-06-12T15:07:37+00:00\",\"dateModified\":\"2018-06-12T15:07:38+00:00\",\"mainEntityOfPage\":{\"@id\":\"https:\\\/\\\/www.eldiariodetucuman.com\\\/web\\\/el-salario-basico-de-los-azucareros-fue-fijado-en-22-109\\\/\"},\"wordCount\":315,\"commentCount\":0,\"publisher\":{\"@id\":\"https:\\\/\\\/www.eldiariodetucuman.com\\\/web\\\/#organization\"},\"image\":{\"@id\":\"https:\\\/\\\/www.eldiariodetucuman.com\\\/web\\\/el-salario-basico-de-los-azucareros-fue-fijado-en-22-109\\\/#primaryimage\"},\"thumbnailUrl\":\"https:\\\/\\\/www.eldiariodetucuman.com\\\/web\\\/wp-content\\\/uploads\\\/2018\\\/06\\\/00dccf9c130a96a33cb2bdcd2f9de3e6.jpeg\",\"articleSection\":[\"Politica\"],\"inLanguage\":\"es\",\"potentialAction\":[{\"@type\":\"CommentAction\",\"name\":\"Comment\",\"target\":[\"https:\\\/\\\/www.eldiariodetucuman.com\\\/web\\\/el-salario-basico-de-los-azucareros-fue-fijado-en-22-109\\\/#respond\"]}]},{\"@type\":\"WebPage\",\"@id\":\"https:\\\/\\\/www.eldiariodetucuman.com\\\/web\\\/el-salario-basico-de-los-azucareros-fue-fijado-en-22-109\\\/\",\"url\":\"https:\\\/\\\/www.eldiariodetucuman.com\\\/web\\\/el-salario-basico-de-los-azucareros-fue-fijado-en-22-109\\\/\",\"name\":\"El salario b\u00e1sico de los azucareros fue fijado en $22.109 - El Diario de Tucuman\",\"isPartOf\":{\"@id\":\"https:\\\/\\\/www.eldiariodetucuman.com\\\/web\\\/#website\"},\"primaryImageOfPage\":{\"@id\":\"https:\\\/\\\/www.eldiariodetucuman.com\\\/web\\\/el-salario-basico-de-los-azucareros-fue-fijado-en-22-109\\\/#primaryimage\"},\"image\":{\"@id\":\"https:\\\/\\\/www.eldiariodetucuman.com\\\/web\\\/el-salario-basico-de-los-azucareros-fue-fijado-en-22-109\\\/#primaryimage\"},\"thumbnailUrl\":\"https:\\\/\\\/www.eldiariodetucuman.com\\\/web\\\/wp-content\\\/uploads\\\/2018\\\/06\\\/00dccf9c130a96a33cb2bdcd2f9de3e6.jpeg\",\"datePublished\":\"2018-06-12T15:07:37+00:00\",\"dateModified\":\"2018-06-12T15:07:38+00:00\",\"breadcrumb\":{\"@id\":\"https:\\\/\\\/www.eldiariodetucuman.com\\\/web\\\/el-salario-basico-de-los-azucareros-fue-fijado-en-22-109\\\/#breadcrumb\"},\"inLanguage\":\"es\",\"potentialAction\":[{\"@type\":\"ReadAction\",\"target\":[\"https:\\\/\\\/www.eldiariodetucuman.com\\\/web\\\/el-salario-basico-de-los-azucareros-fue-fijado-en-22-109\\\/\"]}]},{\"@type\":\"ImageObject\",\"inLanguage\":\"es\",\"@id\":\"https:\\\/\\\/www.eldiariodetucuman.com\\\/web\\\/el-salario-basico-de-los-azucareros-fue-fijado-en-22-109\\\/#primaryimage\",\"url\":\"https:\\\/\\\/www.eldiariodetucuman.com\\\/web\\\/wp-content\\\/uploads\\\/2018\\\/06\\\/00dccf9c130a96a33cb2bdcd2f9de3e6.jpeg\",\"contentUrl\":\"https:\\\/\\\/www.eldiariodetucuman.com\\\/web\\\/wp-content\\\/uploads\\\/2018\\\/06\\\/00dccf9c130a96a33cb2bdcd2f9de3e6.jpeg\",\"width\":300,\"height\":166},{\"@type\":\"BreadcrumbList\",\"@id\":\"https:\\\/\\\/www.eldiariodetucuman.com\\\/web\\\/el-salario-basico-de-los-azucareros-fue-fijado-en-22-109\\\/#breadcrumb\",\"itemListElement\":[{\"@type\":\"ListItem\",\"position\":1,\"name\":\"Portada\",\"item\":\"https:\\\/\\\/www.eldiariodetucuman.com\\\/web\\\/\"},{\"@type\":\"ListItem\",\"position\":2,\"name\":\"El salario b\u00e1sico de los azucareros fue fijado en $22.109\"}]},{\"@type\":\"WebSite\",\"@id\":\"https:\\\/\\\/www.eldiariodetucuman.com\\\/web\\\/#website\",\"url\":\"https:\\\/\\\/www.eldiariodetucuman.com\\\/web\\\/\",\"name\":\"El Diario de Tucuman\",\"description\":\"Diario Tucuman - Informaci\u00f3n y noticias\",\"publisher\":{\"@id\":\"https:\\\/\\\/www.eldiariodetucuman.com\\\/web\\\/#organization\"},\"potentialAction\":[{\"@type\":\"SearchAction\",\"target\":{\"@type\":\"EntryPoint\",\"urlTemplate\":\"https:\\\/\\\/www.eldiariodetucuman.com\\\/web\\\/?s={search_term_string}\"},\"query-input\":{\"@type\":\"PropertyValueSpecification\",\"valueRequired\":true,\"valueName\":\"search_term_string\"}}],\"inLanguage\":\"es\"},{\"@type\":\"Organization\",\"@id\":\"https:\\\/\\\/www.eldiariodetucuman.com\\\/web\\\/#organization\",\"name\":\"El Diario de Tucuman\",\"url\":\"https:\\\/\\\/www.eldiariodetucuman.com\\\/web\\\/\",\"logo\":{\"@type\":\"ImageObject\",\"inLanguage\":\"es\",\"@id\":\"https:\\\/\\\/www.eldiariodetucuman.com\\\/web\\\/#\\\/schema\\\/logo\\\/image\\\/\",\"url\":\"http:\\\/\\\/www.eldiariodetucuman.com\\\/web\\\/wp-content\\\/uploads\\\/2017\\\/12\\\/el-diario-de-tucuman.jpg\",\"contentUrl\":\"http:\\\/\\\/www.eldiariodetucuman.com\\\/web\\\/wp-content\\\/uploads\\\/2017\\\/12\\\/el-diario-de-tucuman.jpg\",\"width\":272,\"height\":92,\"caption\":\"El Diario de Tucuman\"},\"image\":{\"@id\":\"https:\\\/\\\/www.eldiariodetucuman.com\\\/web\\\/#\\\/schema\\\/logo\\\/image\\\/\"}},{\"@type\":\"Person\",\"@id\":\"https:\\\/\\\/www.eldiariodetucuman.com\\\/web\\\/#\\\/schema\\\/person\\\/9250197d75ab5483412e19678b121caa\",\"name\":\"admin\",\"image\":{\"@type\":\"ImageObject\",\"inLanguage\":\"es\",\"@id\":\"https:\\\/\\\/secure.gravatar.com\\\/avatar\\\/c44d117c2be811212c22cb481f6b8384b6873de103fbc49e7a03cc58d7dea4ac?s=96&d=mm&r=g\",\"url\":\"https:\\\/\\\/secure.gravatar.com\\\/avatar\\\/c44d117c2be811212c22cb481f6b8384b6873de103fbc49e7a03cc58d7dea4ac?s=96&d=mm&r=g\",\"contentUrl\":\"https:\\\/\\\/secure.gravatar.com\\\/avatar\\\/c44d117c2be811212c22cb481f6b8384b6873de103fbc49e7a03cc58d7dea4ac?s=96&d=mm&r=g\",\"caption\":\"admin\"},\"url\":\"https:\\\/\\\/www.eldiariodetucuman.com\\\/web\\\/author\\\/admin\\\/\"}]}<\/script>\n<!-- \/ Yoast SEO plugin. -->","yoast_head_json":{"title":"El salario b\u00e1sico de los azucareros fue fijado en $22.109 - El Diario de Tucuman","robots":{"index":"index","follow":"follow","max-snippet":"max-snippet:-1","max-image-preview":"max-image-preview:large","max-video-preview":"max-video-preview:-1"},"canonical":"https:\/\/www.eldiariodetucuman.com\/web\/el-salario-basico-de-los-azucareros-fue-fijado-en-22-109\/","og_locale":"es_ES","og_type":"article","og_title":"El salario b\u00e1sico de los azucareros fue fijado en $22.109 - El Diario de Tucuman","og_description":"Teniendo en cuenta el complejo contexto econ\u00f3mico que atraviesa el pa\u00eds y con el fin de atender las necesidades de los tucumanos, el gobernador, Juan Manzur, convoc\u00f3 al secretario de Trabajo, Roberto Palina, para impulsar acciones tendientes a atender los pedidos salariales de los trabajadores provinciales para evitar medidas de fuerza. Durante el encuentro, el [&hellip;]","og_url":"https:\/\/www.eldiariodetucuman.com\/web\/el-salario-basico-de-los-azucareros-fue-fijado-en-22-109\/","og_site_name":"El Diario de Tucuman","article_published_time":"2018-06-12T15:07:37+00:00","article_modified_time":"2018-06-12T15:07:38+00:00","og_image":[{"width":300,"height":166,"url":"https:\/\/www.eldiariodetucuman.com\/web\/wp-content\/uploads\/2018\/06\/00dccf9c130a96a33cb2bdcd2f9de3e6.jpeg","type":"image\/jpeg"}],"author":"admin","twitter_card":"summary_large_image","twitter_misc":{"Escrito por":"admin","Tiempo de lectura":"2 minutos"},"schema":{"@context":"https:\/\/schema.org","@graph":[{"@type":"Article","@id":"https:\/\/www.eldiariodetucuman.com\/web\/el-salario-basico-de-los-azucareros-fue-fijado-en-22-109\/#article","isPartOf":{"@id":"https:\/\/www.eldiariodetucuman.com\/web\/el-salario-basico-de-los-azucareros-fue-fijado-en-22-109\/"},"author":{"name":"admin","@id":"https:\/\/www.eldiariodetucuman.com\/web\/#\/schema\/person\/9250197d75ab5483412e19678b121caa"},"headline":"El salario b\u00e1sico de los azucareros fue fijado en $22.109","datePublished":"2018-06-12T15:07:37+00:00","dateModified":"2018-06-12T15:07:38+00:00","mainEntityOfPage":{"@id":"https:\/\/www.eldiariodetucuman.com\/web\/el-salario-basico-de-los-azucareros-fue-fijado-en-22-109\/"},"wordCount":315,"commentCount":0,"publisher":{"@id":"https:\/\/www.eldiariodetucuman.com\/web\/#organization"},"image":{"@id":"https:\/\/www.eldiariodetucuman.com\/web\/el-salario-basico-de-los-azucareros-fue-fijado-en-22-109\/#primaryimage"},"thumbnailUrl":"https:\/\/www.eldiariodetucuman.com\/web\/wp-content\/uploads\/2018\/06\/00dccf9c130a96a33cb2bdcd2f9de3e6.jpeg","articleSection":["Politica"],"inLanguage":"es","potentialAction":[{"@type":"CommentAction","name":"Comment","target":["https:\/\/www.eldiariodetucuman.com\/web\/el-salario-basico-de-los-azucareros-fue-fijado-en-22-109\/#respond"]}]},{"@type":"WebPage","@id":"https:\/\/www.eldiariodetucuman.com\/web\/el-salario-basico-de-los-azucareros-fue-fijado-en-22-109\/","url":"https:\/\/www.eldiariodetucuman.com\/web\/el-salario-basico-de-los-azucareros-fue-fijado-en-22-109\/","name":"El salario b\u00e1sico de los azucareros fue fijado en $22.109 - El Diario de Tucuman","isPartOf":{"@id":"https:\/\/www.eldiariodetucuman.com\/web\/#website"},"primaryImageOfPage":{"@id":"https:\/\/www.eldiariodetucuman.com\/web\/el-salario-basico-de-los-azucareros-fue-fijado-en-22-109\/#primaryimage"},"image":{"@id":"https:\/\/www.eldiariodetucuman.com\/web\/el-salario-basico-de-los-azucareros-fue-fijado-en-22-109\/#primaryimage"},"thumbnailUrl":"https:\/\/www.eldiariodetucuman.com\/web\/wp-content\/uploads\/2018\/06\/00dccf9c130a96a33cb2bdcd2f9de3e6.jpeg","datePublished":"2018-06-12T15:07:37+00:00","dateModified":"2018-06-12T15:07:38+00:00","breadcrumb":{"@id":"https:\/\/www.eldiariodetucuman.com\/web\/el-salario-basico-de-los-azucareros-fue-fijado-en-22-109\/#breadcrumb"},"inLanguage":"es","potentialAction":[{"@type":"ReadAction","target":["https:\/\/www.eldiariodetucuman.com\/web\/el-salario-basico-de-los-azucareros-fue-fijado-en-22-109\/"]}]},{"@type":"ImageObject","inLanguage":"es","@id":"https:\/\/www.eldiariodetucuman.com\/web\/el-salario-basico-de-los-azucareros-fue-fijado-en-22-109\/#primaryimage","url":"https:\/\/www.eldiariodetucuman.com\/web\/wp-content\/uploads\/2018\/06\/00dccf9c130a96a33cb2bdcd2f9de3e6.jpeg","contentUrl":"https:\/\/www.eldiariodetucuman.com\/web\/wp-content\/uploads\/2018\/06\/00dccf9c130a96a33cb2bdcd2f9de3e6.jpeg","width":300,"height":166},{"@type":"BreadcrumbList","@id":"https:\/\/www.eldiariodetucuman.com\/web\/el-salario-basico-de-los-azucareros-fue-fijado-en-22-109\/#breadcrumb","itemListElement":[{"@type":"ListItem","position":1,"name":"Portada","item":"https:\/\/www.eldiariodetucuman.com\/web\/"},{"@type":"ListItem","position":2,"name":"El salario b\u00e1sico de los azucareros fue fijado en $22.109"}]},{"@type":"WebSite","@id":"https:\/\/www.eldiariodetucuman.com\/web\/#website","url":"https:\/\/www.eldiariodetucuman.com\/web\/","name":"El Diario de Tucuman","description":"Diario Tucuman - Informaci\u00f3n y noticias","publisher":{"@id":"https:\/\/www.eldiariodetucuman.com\/web\/#organization"},"potentialAction":[{"@type":"SearchAction","target":{"@type":"EntryPoint","urlTemplate":"https:\/\/www.eldiariodetucuman.com\/web\/?s={search_term_string}"},"query-input":{"@type":"PropertyValueSpecification","valueRequired":true,"valueName":"search_term_string"}}],"inLanguage":"es"},{"@type":"Organization","@id":"https:\/\/www.eldiariodetucuman.com\/web\/#organization","name":"El Diario de Tucuman","url":"https:\/\/www.eldiariodetucuman.com\/web\/","logo":{"@type":"ImageObject","inLanguage":"es","@id":"https:\/\/www.eldiariodetucuman.com\/web\/#\/schema\/logo\/image\/","url":"http:\/\/www.eldiariodetucuman.com\/web\/wp-content\/uploads\/2017\/12\/el-diario-de-tucuman.jpg","contentUrl":"http:\/\/www.eldiariodetucuman.com\/web\/wp-content\/uploads\/2017\/12\/el-diario-de-tucuman.jpg","width":272,"height":92,"caption":"El Diario de Tucuman"},"image":{"@id":"https:\/\/www.eldiariodetucuman.com\/web\/#\/schema\/logo\/image\/"}},{"@type":"Person","@id":"https:\/\/www.eldiariodetucuman.com\/web\/#\/schema\/person\/9250197d75ab5483412e19678b121caa","name":"admin","image":{"@type":"ImageObject","inLanguage":"es","@id":"https:\/\/secure.gravatar.com\/avatar\/c44d117c2be811212c22cb481f6b8384b6873de103fbc49e7a03cc58d7dea4ac?s=96&d=mm&r=g","url":"https:\/\/secure.gravatar.com\/avatar\/c44d117c2be811212c22cb481f6b8384b6873de103fbc49e7a03cc58d7dea4ac?s=96&d=mm&r=g","contentUrl":"https:\/\/secure.gravatar.com\/avatar\/c44d117c2be811212c22cb481f6b8384b6873de103fbc49e7a03cc58d7dea4ac?s=96&d=mm&r=g","caption":"admin"},"url":"https:\/\/www.eldiariodetucuman.com\/web\/author\/admin\/"}]}},"_links":{"self":[{"href":"https:\/\/www.eldiariodetucuman.com\/web\/wp-json\/wp\/v2\/posts\/12237","targetHints":{"allow":["GET"]}}],"collection":[{"href":"https:\/\/www.eldiariodetucuman.com\/web\/wp-json\/wp\/v2\/posts"}],"about":[{"href":"https:\/\/www.eldiariodetucuman.com\/web\/wp-json\/wp\/v2\/types\/post"}],"author":[{"embeddable":true,"href":"https:\/\/www.eldiariodetucuman.com\/web\/wp-json\/wp\/v2\/users\/1"}],"replies":[{"embeddable":true,"href":"https:\/\/www.eldiariodetucuman.com\/web\/wp-json\/wp\/v2\/comments?post=12237"}],"version-history":[{"count":1,"href":"https:\/\/www.eldiariodetucuman.com\/web\/wp-json\/wp\/v2\/posts\/12237\/revisions"}],"predecessor-version":[{"id":12239,"href":"https:\/\/www.eldiariodetucuman.com\/web\/wp-json\/wp\/v2\/posts\/12237\/revisions\/12239"}],"wp:featuredmedia":[{"embeddable":true,"href":"https:\/\/www.eldiariodetucuman.com\/web\/wp-json\/wp\/v2\/media\/12238"}],"wp:attachment":[{"href":"https:\/\/www.eldiariodetucuman.com\/web\/wp-json\/wp\/v2\/media?parent=12237"}],"wp:term":[{"taxonomy":"category","embeddable":true,"href":"https:\/\/www.eldiariodetucuman.com\/web\/wp-json\/wp\/v2\/categories?post=12237"},{"taxonomy":"post_tag","embeddable":true,"href":"https:\/\/www.eldiariodetucuman.com\/web\/wp-json\/wp\/v2\/tags?post=12237"}],"curies":[{"name":"wp","href":"https:\/\/api.w.org\/{rel}","templated":true}]}}