{"id":12234,"date":"2018-06-12T12:02:51","date_gmt":"2018-06-12T15:02:51","guid":{"rendered":"http:\/\/www.eldiariodetucuman.com\/web\/stella-maris-cordoba-en-buen-dia-alperovich-cumplio-una-etapa\/"},"modified":"2018-06-12T12:02:55","modified_gmt":"2018-06-12T15:02:55","slug":"stella-maris-cordoba-en-buen-dia-alperovich-cumplio-una-etapa","status":"publish","type":"post","link":"https:\/\/www.eldiariodetucuman.com\/web\/stella-maris-cordoba-en-buen-dia-alperovich-cumplio-una-etapa\/","title":{"rendered":"Stella Maris C\u00f3rdoba en \u00abBuen d\u00eda\u00bb: \u00abAlperovich cumpli\u00f3 una etapa\u00bb"},"content":{"rendered":"<div>\n<div readability=\"82\">\n<p>Enfrentada desde hace a\u00f1os con el ex gobernador <b>Jos\u00e9 Alperovich<\/b>, la legisladora peronista <b>Stella Maris C\u00f3rdoba<\/b> dej\u00f3 en claro su postura dentro de la interna partidaria, que ya se encamina hacia las elecciones provinciales de 2019. \u00abAlperovich ya cumpli\u00f3 una etapa. La f\u00f3rmula del equilibrio es Manzur-Jaldo\u00bb, dispar\u00f3 la integrante de Proyecto Popular.\u00a0<\/p>\n<p>Esta semana el mandatario <b>Juan Manzur<\/b> volvi\u00f3 a reunirse con Alperovich, tres veces gobernador y uno de los cuadros pol\u00edticos m\u00e1s fuertes dentro del Partido Justicialista tucumano. \u00abNo estar\u00eda de acuerdo con que alperovich vuelva a postularse como gobernador. Ya cumpli\u00f3 una etapa. Siempre fui cr\u00edtica sobre su gesti\u00f3n y si uno piensa en la seguridad y en el estado en que \u00e9ste gobierno ha recibido las comisar\u00edas, ah\u00ed se ve el d\u00e9ficit de su gobierno en materia de seguridad\u00bb, apunt\u00f3.<\/p>\n<p class=\"style frase\">Siguiendo con su argumentaci\u00f3n, otro de los puntos en los que atac\u00f3 a Alperovich fue en la forma en la que aglutin\u00f3 poder durante sus 12 a\u00f1os de gobierno. \u00abHa desnaturalizado la militancia.  Pienso que la f\u00f3rmula del equilibrio, que el peronismo quiere, es la conformada por Manzur y Jaldo\u00bb, apost\u00f3 C\u00f3rdoba.<\/p>\n<p>Con mucho m\u00e1s di\u00e1logo con la actual conducci\u00f3n del Poder Ejecutivo, la legisladora coment\u00f3 que trabaja en un proyecto para modificar la Ley de Contravenciones. \u00abYa tengo el borrador del protecto para reemplazar la Ley de Contravenciones por un C\u00f3digo de Convivencia, que ser\u00eda un avance para vivir en una democracia m\u00e1s plena. La ley de contravenciones le da poder discrecional a la Polic\u00eda y fue considerada anticonstitucional por la Corte Suprema de Justicia\u00bb, se\u00f1al\u00f3.<\/p>\n<p>Sobre el proyecto de reforma pol\u00edtica en la provincia, que lleva adelante la Legislatura, C\u00f3rdoba confirm\u00f3 que acompa\u00f1ar\u00e1 la iniciativa oficialista. \u00abLa verdadera reforma habr\u00eda pasado por reformar la constituci\u00f3n. Para no vulnerarla, necesitamos herramientas para facilitar la tarea del votante en el cuarto oscuro. Por eso acompa\u00f1amos el proyecto para eliminar los partidos municipales. Es una iniciativa para impulsar a los partidos pol\u00edticos y no a trav\u00e9s de los acoples, porque da\u00f1an la representatividad democr\u00e1tica\u00bb, argument\u00f3.<\/p>\n<p>\u00abCreo en el sistema de boleta \u00fanica de papel y a lo sumo habr\u00e1 cuatro papeletas, por las categor\u00edas que se emiten. Adem\u00e1s reducir\u00edamos las posibilidades de trampas y el robo de boletas\u00bb, dijo C\u00f3rdoba, que adem\u00e1s ponder\u00f3 que estudia el sistema implementado por el gobierno de Santa Fe, en detrimento del voto electr\u00f3nico impulsado por Cambiemos y puesto en funcionamiento en Salta y en la Ciudad de Buenos Aires.<\/p>\n<\/p><\/div>\n<\/div>\n<p>Fuente: http:\/\/www.lagaceta.com.ar\/nota\/773769\/lg-play\/stella-maris-cordoba-buen-dia-alperovich-cumplio-etapa.html<\/p>\n","protected":false},"excerpt":{"rendered":"<p>Enfrentada desde hace a\u00f1os con el ex gobernador Jos\u00e9 Alperovich, la legisladora peronista Stella Maris C\u00f3rdoba dej\u00f3 en claro su postura dentro de la interna partidaria, que ya se encamina hacia las elecciones provinciales de 2019. \u00abAlperovich ya cumpli\u00f3 una etapa. La f\u00f3rmula del equilibrio es Manzur-Jaldo\u00bb, dispar\u00f3 la integrante de Proyecto Popular.\u00a0 Esta semana [&hellip;]<\/p>\n","protected":false},"author":1,"featured_media":12235,"comment_status":"open","ping_status":"closed","sticky":false,"template":"","format":"standard","meta":{"footnotes":""},"categories":[1],"tags":[],"class_list":{"0":"post-12234","1":"post","2":"type-post","3":"status-publish","4":"format-standard","5":"has-post-thumbnail","7":"category-portada"},"yoast_head":"<!-- This site is optimized with the Yoast SEO plugin v27.5 - https:\/\/yoast.com\/product\/yoast-seo-wordpress\/ -->\n<title>Stella Maris C\u00f3rdoba en &quot;Buen d\u00eda&quot;: &quot;Alperovich cumpli\u00f3 una etapa&quot; - El Diario de Tucuman<\/title>\n<meta name=\"robots\" content=\"index, follow, max-snippet:-1, max-image-preview:large, max-video-preview:-1\" \/>\n<link rel=\"canonical\" href=\"https:\/\/www.eldiariodetucuman.com\/web\/stella-maris-cordoba-en-buen-dia-alperovich-cumplio-una-etapa\/\" \/>\n<meta property=\"og:locale\" content=\"es_ES\" \/>\n<meta property=\"og:type\" content=\"article\" \/>\n<meta property=\"og:title\" content=\"Stella Maris C\u00f3rdoba en &quot;Buen d\u00eda&quot;: &quot;Alperovich cumpli\u00f3 una etapa&quot; - El Diario de Tucuman\" \/>\n<meta property=\"og:description\" content=\"Enfrentada desde hace a\u00f1os con el ex gobernador Jos\u00e9 Alperovich, la legisladora peronista Stella Maris C\u00f3rdoba dej\u00f3 en claro su postura dentro de la interna partidaria, que ya se encamina hacia las elecciones provinciales de 2019. \u00abAlperovich ya cumpli\u00f3 una etapa. La f\u00f3rmula del equilibrio es Manzur-Jaldo\u00bb, dispar\u00f3 la integrante de Proyecto Popular.\u00a0 Esta semana [&hellip;]\" \/>\n<meta property=\"og:url\" content=\"https:\/\/www.eldiariodetucuman.com\/web\/stella-maris-cordoba-en-buen-dia-alperovich-cumplio-una-etapa\/\" \/>\n<meta property=\"og:site_name\" content=\"El Diario de Tucuman\" \/>\n<meta property=\"article:published_time\" content=\"2018-06-12T15:02:51+00:00\" \/>\n<meta property=\"article:modified_time\" content=\"2018-06-12T15:02:55+00:00\" \/>\n<meta property=\"og:image\" content=\"https:\/\/www.eldiariodetucuman.com\/web\/wp-content\/uploads\/2018\/06\/ab7f348eaf9ad9aca4fc2839015b30ab.jpeg\" \/>\n\t<meta property=\"og:image:width\" content=\"1500\" \/>\n\t<meta property=\"og:image:height\" content=\"850\" \/>\n\t<meta property=\"og:image:type\" content=\"image\/jpeg\" \/>\n<meta name=\"author\" content=\"admin\" \/>\n<meta name=\"twitter:card\" content=\"summary_large_image\" \/>\n<meta name=\"twitter:label1\" content=\"Escrito por\" \/>\n\t<meta name=\"twitter:data1\" content=\"admin\" \/>\n\t<meta name=\"twitter:label2\" content=\"Tiempo de lectura\" \/>\n\t<meta name=\"twitter:data2\" content=\"2 minutos\" \/>\n<script type=\"application\/ld+json\" class=\"yoast-schema-graph\">{\"@context\":\"https:\\\/\\\/schema.org\",\"@graph\":[{\"@type\":\"Article\",\"@id\":\"https:\\\/\\\/www.eldiariodetucuman.com\\\/web\\\/stella-maris-cordoba-en-buen-dia-alperovich-cumplio-una-etapa\\\/#article\",\"isPartOf\":{\"@id\":\"https:\\\/\\\/www.eldiariodetucuman.com\\\/web\\\/stella-maris-cordoba-en-buen-dia-alperovich-cumplio-una-etapa\\\/\"},\"author\":{\"name\":\"admin\",\"@id\":\"https:\\\/\\\/www.eldiariodetucuman.com\\\/web\\\/#\\\/schema\\\/person\\\/9250197d75ab5483412e19678b121caa\"},\"headline\":\"Stella Maris C\u00f3rdoba en \u00abBuen d\u00eda\u00bb: \u00abAlperovich cumpli\u00f3 una etapa\u00bb\",\"datePublished\":\"2018-06-12T15:02:51+00:00\",\"dateModified\":\"2018-06-12T15:02:55+00:00\",\"mainEntityOfPage\":{\"@id\":\"https:\\\/\\\/www.eldiariodetucuman.com\\\/web\\\/stella-maris-cordoba-en-buen-dia-alperovich-cumplio-una-etapa\\\/\"},\"wordCount\":466,\"commentCount\":0,\"publisher\":{\"@id\":\"https:\\\/\\\/www.eldiariodetucuman.com\\\/web\\\/#organization\"},\"image\":{\"@id\":\"https:\\\/\\\/www.eldiariodetucuman.com\\\/web\\\/stella-maris-cordoba-en-buen-dia-alperovich-cumplio-una-etapa\\\/#primaryimage\"},\"thumbnailUrl\":\"https:\\\/\\\/www.eldiariodetucuman.com\\\/web\\\/wp-content\\\/uploads\\\/2018\\\/06\\\/ab7f348eaf9ad9aca4fc2839015b30ab.jpeg\",\"articleSection\":[\"Portada\"],\"inLanguage\":\"es\",\"potentialAction\":[{\"@type\":\"CommentAction\",\"name\":\"Comment\",\"target\":[\"https:\\\/\\\/www.eldiariodetucuman.com\\\/web\\\/stella-maris-cordoba-en-buen-dia-alperovich-cumplio-una-etapa\\\/#respond\"]}]},{\"@type\":\"WebPage\",\"@id\":\"https:\\\/\\\/www.eldiariodetucuman.com\\\/web\\\/stella-maris-cordoba-en-buen-dia-alperovich-cumplio-una-etapa\\\/\",\"url\":\"https:\\\/\\\/www.eldiariodetucuman.com\\\/web\\\/stella-maris-cordoba-en-buen-dia-alperovich-cumplio-una-etapa\\\/\",\"name\":\"Stella Maris C\u00f3rdoba en \\\"Buen d\u00eda\\\": \\\"Alperovich cumpli\u00f3 una etapa\\\" - El Diario de Tucuman\",\"isPartOf\":{\"@id\":\"https:\\\/\\\/www.eldiariodetucuman.com\\\/web\\\/#website\"},\"primaryImageOfPage\":{\"@id\":\"https:\\\/\\\/www.eldiariodetucuman.com\\\/web\\\/stella-maris-cordoba-en-buen-dia-alperovich-cumplio-una-etapa\\\/#primaryimage\"},\"image\":{\"@id\":\"https:\\\/\\\/www.eldiariodetucuman.com\\\/web\\\/stella-maris-cordoba-en-buen-dia-alperovich-cumplio-una-etapa\\\/#primaryimage\"},\"thumbnailUrl\":\"https:\\\/\\\/www.eldiariodetucuman.com\\\/web\\\/wp-content\\\/uploads\\\/2018\\\/06\\\/ab7f348eaf9ad9aca4fc2839015b30ab.jpeg\",\"datePublished\":\"2018-06-12T15:02:51+00:00\",\"dateModified\":\"2018-06-12T15:02:55+00:00\",\"breadcrumb\":{\"@id\":\"https:\\\/\\\/www.eldiariodetucuman.com\\\/web\\\/stella-maris-cordoba-en-buen-dia-alperovich-cumplio-una-etapa\\\/#breadcrumb\"},\"inLanguage\":\"es\",\"potentialAction\":[{\"@type\":\"ReadAction\",\"target\":[\"https:\\\/\\\/www.eldiariodetucuman.com\\\/web\\\/stella-maris-cordoba-en-buen-dia-alperovich-cumplio-una-etapa\\\/\"]}]},{\"@type\":\"ImageObject\",\"inLanguage\":\"es\",\"@id\":\"https:\\\/\\\/www.eldiariodetucuman.com\\\/web\\\/stella-maris-cordoba-en-buen-dia-alperovich-cumplio-una-etapa\\\/#primaryimage\",\"url\":\"https:\\\/\\\/www.eldiariodetucuman.com\\\/web\\\/wp-content\\\/uploads\\\/2018\\\/06\\\/ab7f348eaf9ad9aca4fc2839015b30ab.jpeg\",\"contentUrl\":\"https:\\\/\\\/www.eldiariodetucuman.com\\\/web\\\/wp-content\\\/uploads\\\/2018\\\/06\\\/ab7f348eaf9ad9aca4fc2839015b30ab.jpeg\",\"width\":1500,\"height\":850},{\"@type\":\"BreadcrumbList\",\"@id\":\"https:\\\/\\\/www.eldiariodetucuman.com\\\/web\\\/stella-maris-cordoba-en-buen-dia-alperovich-cumplio-una-etapa\\\/#breadcrumb\",\"itemListElement\":[{\"@type\":\"ListItem\",\"position\":1,\"name\":\"Portada\",\"item\":\"https:\\\/\\\/www.eldiariodetucuman.com\\\/web\\\/\"},{\"@type\":\"ListItem\",\"position\":2,\"name\":\"Stella Maris C\u00f3rdoba en \u00abBuen d\u00eda\u00bb: \u00abAlperovich cumpli\u00f3 una etapa\u00bb\"}]},{\"@type\":\"WebSite\",\"@id\":\"https:\\\/\\\/www.eldiariodetucuman.com\\\/web\\\/#website\",\"url\":\"https:\\\/\\\/www.eldiariodetucuman.com\\\/web\\\/\",\"name\":\"El Diario de Tucuman\",\"description\":\"Diario Tucuman - Informaci\u00f3n y noticias\",\"publisher\":{\"@id\":\"https:\\\/\\\/www.eldiariodetucuman.com\\\/web\\\/#organization\"},\"potentialAction\":[{\"@type\":\"SearchAction\",\"target\":{\"@type\":\"EntryPoint\",\"urlTemplate\":\"https:\\\/\\\/www.eldiariodetucuman.com\\\/web\\\/?s={search_term_string}\"},\"query-input\":{\"@type\":\"PropertyValueSpecification\",\"valueRequired\":true,\"valueName\":\"search_term_string\"}}],\"inLanguage\":\"es\"},{\"@type\":\"Organization\",\"@id\":\"https:\\\/\\\/www.eldiariodetucuman.com\\\/web\\\/#organization\",\"name\":\"El Diario de Tucuman\",\"url\":\"https:\\\/\\\/www.eldiariodetucuman.com\\\/web\\\/\",\"logo\":{\"@type\":\"ImageObject\",\"inLanguage\":\"es\",\"@id\":\"https:\\\/\\\/www.eldiariodetucuman.com\\\/web\\\/#\\\/schema\\\/logo\\\/image\\\/\",\"url\":\"http:\\\/\\\/www.eldiariodetucuman.com\\\/web\\\/wp-content\\\/uploads\\\/2017\\\/12\\\/el-diario-de-tucuman.jpg\",\"contentUrl\":\"http:\\\/\\\/www.eldiariodetucuman.com\\\/web\\\/wp-content\\\/uploads\\\/2017\\\/12\\\/el-diario-de-tucuman.jpg\",\"width\":272,\"height\":92,\"caption\":\"El Diario de Tucuman\"},\"image\":{\"@id\":\"https:\\\/\\\/www.eldiariodetucuman.com\\\/web\\\/#\\\/schema\\\/logo\\\/image\\\/\"}},{\"@type\":\"Person\",\"@id\":\"https:\\\/\\\/www.eldiariodetucuman.com\\\/web\\\/#\\\/schema\\\/person\\\/9250197d75ab5483412e19678b121caa\",\"name\":\"admin\",\"image\":{\"@type\":\"ImageObject\",\"inLanguage\":\"es\",\"@id\":\"https:\\\/\\\/secure.gravatar.com\\\/avatar\\\/c44d117c2be811212c22cb481f6b8384b6873de103fbc49e7a03cc58d7dea4ac?s=96&d=mm&r=g\",\"url\":\"https:\\\/\\\/secure.gravatar.com\\\/avatar\\\/c44d117c2be811212c22cb481f6b8384b6873de103fbc49e7a03cc58d7dea4ac?s=96&d=mm&r=g\",\"contentUrl\":\"https:\\\/\\\/secure.gravatar.com\\\/avatar\\\/c44d117c2be811212c22cb481f6b8384b6873de103fbc49e7a03cc58d7dea4ac?s=96&d=mm&r=g\",\"caption\":\"admin\"},\"url\":\"https:\\\/\\\/www.eldiariodetucuman.com\\\/web\\\/author\\\/admin\\\/\"}]}<\/script>\n<!-- \/ Yoast SEO plugin. -->","yoast_head_json":{"title":"Stella Maris C\u00f3rdoba en \"Buen d\u00eda\": \"Alperovich cumpli\u00f3 una etapa\" - El Diario de Tucuman","robots":{"index":"index","follow":"follow","max-snippet":"max-snippet:-1","max-image-preview":"max-image-preview:large","max-video-preview":"max-video-preview:-1"},"canonical":"https:\/\/www.eldiariodetucuman.com\/web\/stella-maris-cordoba-en-buen-dia-alperovich-cumplio-una-etapa\/","og_locale":"es_ES","og_type":"article","og_title":"Stella Maris C\u00f3rdoba en \"Buen d\u00eda\": \"Alperovich cumpli\u00f3 una etapa\" - El Diario de Tucuman","og_description":"Enfrentada desde hace a\u00f1os con el ex gobernador Jos\u00e9 Alperovich, la legisladora peronista Stella Maris C\u00f3rdoba dej\u00f3 en claro su postura dentro de la interna partidaria, que ya se encamina hacia las elecciones provinciales de 2019. \u00abAlperovich ya cumpli\u00f3 una etapa. La f\u00f3rmula del equilibrio es Manzur-Jaldo\u00bb, dispar\u00f3 la integrante de Proyecto Popular.\u00a0 Esta semana [&hellip;]","og_url":"https:\/\/www.eldiariodetucuman.com\/web\/stella-maris-cordoba-en-buen-dia-alperovich-cumplio-una-etapa\/","og_site_name":"El Diario de Tucuman","article_published_time":"2018-06-12T15:02:51+00:00","article_modified_time":"2018-06-12T15:02:55+00:00","og_image":[{"width":1500,"height":850,"url":"https:\/\/www.eldiariodetucuman.com\/web\/wp-content\/uploads\/2018\/06\/ab7f348eaf9ad9aca4fc2839015b30ab.jpeg","type":"image\/jpeg"}],"author":"admin","twitter_card":"summary_large_image","twitter_misc":{"Escrito por":"admin","Tiempo de lectura":"2 minutos"},"schema":{"@context":"https:\/\/schema.org","@graph":[{"@type":"Article","@id":"https:\/\/www.eldiariodetucuman.com\/web\/stella-maris-cordoba-en-buen-dia-alperovich-cumplio-una-etapa\/#article","isPartOf":{"@id":"https:\/\/www.eldiariodetucuman.com\/web\/stella-maris-cordoba-en-buen-dia-alperovich-cumplio-una-etapa\/"},"author":{"name":"admin","@id":"https:\/\/www.eldiariodetucuman.com\/web\/#\/schema\/person\/9250197d75ab5483412e19678b121caa"},"headline":"Stella Maris C\u00f3rdoba en \u00abBuen d\u00eda\u00bb: \u00abAlperovich cumpli\u00f3 una etapa\u00bb","datePublished":"2018-06-12T15:02:51+00:00","dateModified":"2018-06-12T15:02:55+00:00","mainEntityOfPage":{"@id":"https:\/\/www.eldiariodetucuman.com\/web\/stella-maris-cordoba-en-buen-dia-alperovich-cumplio-una-etapa\/"},"wordCount":466,"commentCount":0,"publisher":{"@id":"https:\/\/www.eldiariodetucuman.com\/web\/#organization"},"image":{"@id":"https:\/\/www.eldiariodetucuman.com\/web\/stella-maris-cordoba-en-buen-dia-alperovich-cumplio-una-etapa\/#primaryimage"},"thumbnailUrl":"https:\/\/www.eldiariodetucuman.com\/web\/wp-content\/uploads\/2018\/06\/ab7f348eaf9ad9aca4fc2839015b30ab.jpeg","articleSection":["Portada"],"inLanguage":"es","potentialAction":[{"@type":"CommentAction","name":"Comment","target":["https:\/\/www.eldiariodetucuman.com\/web\/stella-maris-cordoba-en-buen-dia-alperovich-cumplio-una-etapa\/#respond"]}]},{"@type":"WebPage","@id":"https:\/\/www.eldiariodetucuman.com\/web\/stella-maris-cordoba-en-buen-dia-alperovich-cumplio-una-etapa\/","url":"https:\/\/www.eldiariodetucuman.com\/web\/stella-maris-cordoba-en-buen-dia-alperovich-cumplio-una-etapa\/","name":"Stella Maris C\u00f3rdoba en \"Buen d\u00eda\": \"Alperovich cumpli\u00f3 una etapa\" - El Diario de Tucuman","isPartOf":{"@id":"https:\/\/www.eldiariodetucuman.com\/web\/#website"},"primaryImageOfPage":{"@id":"https:\/\/www.eldiariodetucuman.com\/web\/stella-maris-cordoba-en-buen-dia-alperovich-cumplio-una-etapa\/#primaryimage"},"image":{"@id":"https:\/\/www.eldiariodetucuman.com\/web\/stella-maris-cordoba-en-buen-dia-alperovich-cumplio-una-etapa\/#primaryimage"},"thumbnailUrl":"https:\/\/www.eldiariodetucuman.com\/web\/wp-content\/uploads\/2018\/06\/ab7f348eaf9ad9aca4fc2839015b30ab.jpeg","datePublished":"2018-06-12T15:02:51+00:00","dateModified":"2018-06-12T15:02:55+00:00","breadcrumb":{"@id":"https:\/\/www.eldiariodetucuman.com\/web\/stella-maris-cordoba-en-buen-dia-alperovich-cumplio-una-etapa\/#breadcrumb"},"inLanguage":"es","potentialAction":[{"@type":"ReadAction","target":["https:\/\/www.eldiariodetucuman.com\/web\/stella-maris-cordoba-en-buen-dia-alperovich-cumplio-una-etapa\/"]}]},{"@type":"ImageObject","inLanguage":"es","@id":"https:\/\/www.eldiariodetucuman.com\/web\/stella-maris-cordoba-en-buen-dia-alperovich-cumplio-una-etapa\/#primaryimage","url":"https:\/\/www.eldiariodetucuman.com\/web\/wp-content\/uploads\/2018\/06\/ab7f348eaf9ad9aca4fc2839015b30ab.jpeg","contentUrl":"https:\/\/www.eldiariodetucuman.com\/web\/wp-content\/uploads\/2018\/06\/ab7f348eaf9ad9aca4fc2839015b30ab.jpeg","width":1500,"height":850},{"@type":"BreadcrumbList","@id":"https:\/\/www.eldiariodetucuman.com\/web\/stella-maris-cordoba-en-buen-dia-alperovich-cumplio-una-etapa\/#breadcrumb","itemListElement":[{"@type":"ListItem","position":1,"name":"Portada","item":"https:\/\/www.eldiariodetucuman.com\/web\/"},{"@type":"ListItem","position":2,"name":"Stella Maris C\u00f3rdoba en \u00abBuen d\u00eda\u00bb: \u00abAlperovich cumpli\u00f3 una etapa\u00bb"}]},{"@type":"WebSite","@id":"https:\/\/www.eldiariodetucuman.com\/web\/#website","url":"https:\/\/www.eldiariodetucuman.com\/web\/","name":"El Diario de Tucuman","description":"Diario Tucuman - Informaci\u00f3n y noticias","publisher":{"@id":"https:\/\/www.eldiariodetucuman.com\/web\/#organization"},"potentialAction":[{"@type":"SearchAction","target":{"@type":"EntryPoint","urlTemplate":"https:\/\/www.eldiariodetucuman.com\/web\/?s={search_term_string}"},"query-input":{"@type":"PropertyValueSpecification","valueRequired":true,"valueName":"search_term_string"}}],"inLanguage":"es"},{"@type":"Organization","@id":"https:\/\/www.eldiariodetucuman.com\/web\/#organization","name":"El Diario de Tucuman","url":"https:\/\/www.eldiariodetucuman.com\/web\/","logo":{"@type":"ImageObject","inLanguage":"es","@id":"https:\/\/www.eldiariodetucuman.com\/web\/#\/schema\/logo\/image\/","url":"http:\/\/www.eldiariodetucuman.com\/web\/wp-content\/uploads\/2017\/12\/el-diario-de-tucuman.jpg","contentUrl":"http:\/\/www.eldiariodetucuman.com\/web\/wp-content\/uploads\/2017\/12\/el-diario-de-tucuman.jpg","width":272,"height":92,"caption":"El Diario de Tucuman"},"image":{"@id":"https:\/\/www.eldiariodetucuman.com\/web\/#\/schema\/logo\/image\/"}},{"@type":"Person","@id":"https:\/\/www.eldiariodetucuman.com\/web\/#\/schema\/person\/9250197d75ab5483412e19678b121caa","name":"admin","image":{"@type":"ImageObject","inLanguage":"es","@id":"https:\/\/secure.gravatar.com\/avatar\/c44d117c2be811212c22cb481f6b8384b6873de103fbc49e7a03cc58d7dea4ac?s=96&d=mm&r=g","url":"https:\/\/secure.gravatar.com\/avatar\/c44d117c2be811212c22cb481f6b8384b6873de103fbc49e7a03cc58d7dea4ac?s=96&d=mm&r=g","contentUrl":"https:\/\/secure.gravatar.com\/avatar\/c44d117c2be811212c22cb481f6b8384b6873de103fbc49e7a03cc58d7dea4ac?s=96&d=mm&r=g","caption":"admin"},"url":"https:\/\/www.eldiariodetucuman.com\/web\/author\/admin\/"}]}},"_links":{"self":[{"href":"https:\/\/www.eldiariodetucuman.com\/web\/wp-json\/wp\/v2\/posts\/12234","targetHints":{"allow":["GET"]}}],"collection":[{"href":"https:\/\/www.eldiariodetucuman.com\/web\/wp-json\/wp\/v2\/posts"}],"about":[{"href":"https:\/\/www.eldiariodetucuman.com\/web\/wp-json\/wp\/v2\/types\/post"}],"author":[{"embeddable":true,"href":"https:\/\/www.eldiariodetucuman.com\/web\/wp-json\/wp\/v2\/users\/1"}],"replies":[{"embeddable":true,"href":"https:\/\/www.eldiariodetucuman.com\/web\/wp-json\/wp\/v2\/comments?post=12234"}],"version-history":[{"count":1,"href":"https:\/\/www.eldiariodetucuman.com\/web\/wp-json\/wp\/v2\/posts\/12234\/revisions"}],"predecessor-version":[{"id":12236,"href":"https:\/\/www.eldiariodetucuman.com\/web\/wp-json\/wp\/v2\/posts\/12234\/revisions\/12236"}],"wp:featuredmedia":[{"embeddable":true,"href":"https:\/\/www.eldiariodetucuman.com\/web\/wp-json\/wp\/v2\/media\/12235"}],"wp:attachment":[{"href":"https:\/\/www.eldiariodetucuman.com\/web\/wp-json\/wp\/v2\/media?parent=12234"}],"wp:term":[{"taxonomy":"category","embeddable":true,"href":"https:\/\/www.eldiariodetucuman.com\/web\/wp-json\/wp\/v2\/categories?post=12234"},{"taxonomy":"post_tag","embeddable":true,"href":"https:\/\/www.eldiariodetucuman.com\/web\/wp-json\/wp\/v2\/tags?post=12234"}],"curies":[{"name":"wp","href":"https:\/\/api.w.org\/{rel}","templated":true}]}}