{"id":12231,"date":"2018-06-12T12:02:42","date_gmt":"2018-06-12T15:02:42","guid":{"rendered":"http:\/\/www.eldiariodetucuman.com\/web\/habra-desabastecimiento-las-consecuencias-del-paro-de-camioneros-en-tucuman\/"},"modified":"2018-06-12T12:02:45","modified_gmt":"2018-06-12T15:02:45","slug":"habra-desabastecimiento-las-consecuencias-del-paro-de-camioneros-en-tucuman","status":"publish","type":"post","link":"https:\/\/www.eldiariodetucuman.com\/web\/habra-desabastecimiento-las-consecuencias-del-paro-de-camioneros-en-tucuman\/","title":{"rendered":"\u00bfHabr\u00e1 desabastecimiento? Las consecuencias del paro de Camioneros en Tucum\u00e1n"},"content":{"rendered":"<div>\n<div readability=\"64.127509495388\">\n<p><a href=\"https:\/\/www.lagaceta.com.ar\/nota\/773728\/actualidad\/camioneros-ratifica-paro-jueves.html\" mce_href=\"https:\/\/www.lagaceta.com.ar\/nota\/773728\/actualidad\/camioneros-ratifica-paro-jueves.html\" target=\"_blank\">El titular de la Federaci\u00f3n Nacional de Camioneros, Hugo Moyano, confirm\u00f3 ayer la convocatoria a un paro nacional del sector para este jueves en reclamo de un aumento salarial del 27% en el marco de la discusi\u00f3n paritaria<\/a>. \u00bfC\u00f3mo afectar\u00e1 esta protesta en Tucum\u00e1n?<\/p>\n<p><b>C\u00e9sar Torres<\/b>, secretario general de Camioneros de la Provincia, asegur\u00f3 que \u00ablos servicios que se ver\u00e1n afectados en la provincia ser\u00e1n el de la recolecci\u00f3n de residuos y el barrido y limpieza de calles. La medida tambi\u00e9n repercutir\u00e1 en los transportes de combustibles, de gaseosas, de l\u00e1cteos, de log\u00edstica, de caudales y de mudanzas. Las 14 ramas que son parte de nuestro sindicato se adherir\u00e1n\u00bb.<\/p>\n<p class=\"style frase\">\u00abEstamos pidiendo un 27% de aumento porque es el an\u00e1lisis que hicimos nosotros. Y el mismo Gobierno dijo que la inflaci\u00f3n ser\u00e1 superior a esa cifra. Nos ofrecen un 15% y no entendemos por qu\u00e9\u00bb<\/p>\n<p>En declaraciones a \u00abBuen d\u00eda\u00bb, el noticiero matutino de LG Play, Torres subray\u00f3 que lo que se busca es \u00abafectar principalmente la econom\u00eda de las empresas\u00bb. \u00abEl desabastecimiento se puede percibir en algunos casos, por ejemplo en el combustible se puede sentir al d\u00eda siguiente y en el transporte de caudales se podr\u00eda notar durante la tarde del jueves\u00bb, agreg\u00f3.<\/p>\n<p>La semana pasada, la ministra de Seguridad, <b>Patricia Bullrich<\/b>, hab\u00eda advertido que el Gobierno no iba a permitir que Argentina \u00absea bloqueada\u00bb por la manifestaci\u00f3n de Camioneros. Torres respondi\u00f3 a la advertencia de la funcionaria nacional: \u201cNosotros no vamos a obstruir el tr\u00e1nsito de nadie, solamente pararemos los camiones. Pero si llega a haber represi\u00f3n, Moyano dijo que se analizar\u00e1 qu\u00e9 medidas se van a tomar\u201d.<\/p>\n<p>\u201cEn Tucum\u00e1n no habr\u00e1 asistencia a los puestos de trabajo y vamos a estar apostados en alg\u00fan punto estrat\u00e9gico de la ruta hasta que se levante el paro\u00bb, concluy\u00f3.<\/p>\n<\/p><\/div>\n<\/div>\n<p>Fuente: http:\/\/www.lagaceta.com.ar\/nota\/773771\/lg-play\/habra-desabastecimiento-consecuencias-paro-camioneros-tucuman.html<\/p>\n","protected":false},"excerpt":{"rendered":"<p>El titular de la Federaci\u00f3n Nacional de Camioneros, Hugo Moyano, confirm\u00f3 ayer la convocatoria a un paro nacional del sector para este jueves en reclamo de un aumento salarial del 27% en el marco de la discusi\u00f3n paritaria. \u00bfC\u00f3mo afectar\u00e1 esta protesta en Tucum\u00e1n? C\u00e9sar Torres, secretario general de Camioneros de la Provincia, asegur\u00f3 que [&hellip;]<\/p>\n","protected":false},"author":1,"featured_media":12232,"comment_status":"open","ping_status":"closed","sticky":false,"template":"","format":"standard","meta":{"footnotes":""},"categories":[1],"tags":[],"class_list":{"0":"post-12231","1":"post","2":"type-post","3":"status-publish","4":"format-standard","5":"has-post-thumbnail","7":"category-portada"},"yoast_head":"<!-- This site is optimized with the Yoast SEO plugin v27.5 - https:\/\/yoast.com\/product\/yoast-seo-wordpress\/ -->\n<title>\u00bfHabr\u00e1 desabastecimiento? Las consecuencias del paro de Camioneros en Tucum\u00e1n - El Diario de Tucuman<\/title>\n<meta name=\"robots\" content=\"index, follow, max-snippet:-1, max-image-preview:large, max-video-preview:-1\" \/>\n<link rel=\"canonical\" href=\"https:\/\/www.eldiariodetucuman.com\/web\/habra-desabastecimiento-las-consecuencias-del-paro-de-camioneros-en-tucuman\/\" \/>\n<meta property=\"og:locale\" content=\"es_ES\" \/>\n<meta property=\"og:type\" content=\"article\" \/>\n<meta property=\"og:title\" content=\"\u00bfHabr\u00e1 desabastecimiento? Las consecuencias del paro de Camioneros en Tucum\u00e1n - El Diario de Tucuman\" \/>\n<meta property=\"og:description\" content=\"El titular de la Federaci\u00f3n Nacional de Camioneros, Hugo Moyano, confirm\u00f3 ayer la convocatoria a un paro nacional del sector para este jueves en reclamo de un aumento salarial del 27% en el marco de la discusi\u00f3n paritaria. \u00bfC\u00f3mo afectar\u00e1 esta protesta en Tucum\u00e1n? C\u00e9sar Torres, secretario general de Camioneros de la Provincia, asegur\u00f3 que [&hellip;]\" \/>\n<meta property=\"og:url\" content=\"https:\/\/www.eldiariodetucuman.com\/web\/habra-desabastecimiento-las-consecuencias-del-paro-de-camioneros-en-tucuman\/\" \/>\n<meta property=\"og:site_name\" content=\"El Diario de Tucuman\" \/>\n<meta property=\"article:published_time\" content=\"2018-06-12T15:02:42+00:00\" \/>\n<meta property=\"article:modified_time\" content=\"2018-06-12T15:02:45+00:00\" \/>\n<meta property=\"og:image\" content=\"https:\/\/www.eldiariodetucuman.com\/web\/wp-content\/uploads\/2018\/06\/b328dd44b812689931118e454ad9d3fb.jpeg\" \/>\n\t<meta property=\"og:image:width\" content=\"1500\" \/>\n\t<meta property=\"og:image:height\" content=\"850\" \/>\n\t<meta property=\"og:image:type\" content=\"image\/jpeg\" \/>\n<meta name=\"author\" content=\"admin\" \/>\n<meta name=\"twitter:card\" content=\"summary_large_image\" \/>\n<meta name=\"twitter:label1\" content=\"Escrito por\" \/>\n\t<meta name=\"twitter:data1\" content=\"admin\" \/>\n\t<meta name=\"twitter:label2\" content=\"Tiempo de lectura\" \/>\n\t<meta name=\"twitter:data2\" content=\"2 minutos\" \/>\n<script type=\"application\/ld+json\" class=\"yoast-schema-graph\">{\"@context\":\"https:\\\/\\\/schema.org\",\"@graph\":[{\"@type\":\"Article\",\"@id\":\"https:\\\/\\\/www.eldiariodetucuman.com\\\/web\\\/habra-desabastecimiento-las-consecuencias-del-paro-de-camioneros-en-tucuman\\\/#article\",\"isPartOf\":{\"@id\":\"https:\\\/\\\/www.eldiariodetucuman.com\\\/web\\\/habra-desabastecimiento-las-consecuencias-del-paro-de-camioneros-en-tucuman\\\/\"},\"author\":{\"name\":\"admin\",\"@id\":\"https:\\\/\\\/www.eldiariodetucuman.com\\\/web\\\/#\\\/schema\\\/person\\\/9250197d75ab5483412e19678b121caa\"},\"headline\":\"\u00bfHabr\u00e1 desabastecimiento? Las consecuencias del paro de Camioneros en Tucum\u00e1n\",\"datePublished\":\"2018-06-12T15:02:42+00:00\",\"dateModified\":\"2018-06-12T15:02:45+00:00\",\"mainEntityOfPage\":{\"@id\":\"https:\\\/\\\/www.eldiariodetucuman.com\\\/web\\\/habra-desabastecimiento-las-consecuencias-del-paro-de-camioneros-en-tucuman\\\/\"},\"wordCount\":341,\"commentCount\":0,\"publisher\":{\"@id\":\"https:\\\/\\\/www.eldiariodetucuman.com\\\/web\\\/#organization\"},\"image\":{\"@id\":\"https:\\\/\\\/www.eldiariodetucuman.com\\\/web\\\/habra-desabastecimiento-las-consecuencias-del-paro-de-camioneros-en-tucuman\\\/#primaryimage\"},\"thumbnailUrl\":\"https:\\\/\\\/www.eldiariodetucuman.com\\\/web\\\/wp-content\\\/uploads\\\/2018\\\/06\\\/b328dd44b812689931118e454ad9d3fb.jpeg\",\"articleSection\":[\"Portada\"],\"inLanguage\":\"es\",\"potentialAction\":[{\"@type\":\"CommentAction\",\"name\":\"Comment\",\"target\":[\"https:\\\/\\\/www.eldiariodetucuman.com\\\/web\\\/habra-desabastecimiento-las-consecuencias-del-paro-de-camioneros-en-tucuman\\\/#respond\"]}]},{\"@type\":\"WebPage\",\"@id\":\"https:\\\/\\\/www.eldiariodetucuman.com\\\/web\\\/habra-desabastecimiento-las-consecuencias-del-paro-de-camioneros-en-tucuman\\\/\",\"url\":\"https:\\\/\\\/www.eldiariodetucuman.com\\\/web\\\/habra-desabastecimiento-las-consecuencias-del-paro-de-camioneros-en-tucuman\\\/\",\"name\":\"\u00bfHabr\u00e1 desabastecimiento? Las consecuencias del paro de Camioneros en Tucum\u00e1n - El Diario de Tucuman\",\"isPartOf\":{\"@id\":\"https:\\\/\\\/www.eldiariodetucuman.com\\\/web\\\/#website\"},\"primaryImageOfPage\":{\"@id\":\"https:\\\/\\\/www.eldiariodetucuman.com\\\/web\\\/habra-desabastecimiento-las-consecuencias-del-paro-de-camioneros-en-tucuman\\\/#primaryimage\"},\"image\":{\"@id\":\"https:\\\/\\\/www.eldiariodetucuman.com\\\/web\\\/habra-desabastecimiento-las-consecuencias-del-paro-de-camioneros-en-tucuman\\\/#primaryimage\"},\"thumbnailUrl\":\"https:\\\/\\\/www.eldiariodetucuman.com\\\/web\\\/wp-content\\\/uploads\\\/2018\\\/06\\\/b328dd44b812689931118e454ad9d3fb.jpeg\",\"datePublished\":\"2018-06-12T15:02:42+00:00\",\"dateModified\":\"2018-06-12T15:02:45+00:00\",\"breadcrumb\":{\"@id\":\"https:\\\/\\\/www.eldiariodetucuman.com\\\/web\\\/habra-desabastecimiento-las-consecuencias-del-paro-de-camioneros-en-tucuman\\\/#breadcrumb\"},\"inLanguage\":\"es\",\"potentialAction\":[{\"@type\":\"ReadAction\",\"target\":[\"https:\\\/\\\/www.eldiariodetucuman.com\\\/web\\\/habra-desabastecimiento-las-consecuencias-del-paro-de-camioneros-en-tucuman\\\/\"]}]},{\"@type\":\"ImageObject\",\"inLanguage\":\"es\",\"@id\":\"https:\\\/\\\/www.eldiariodetucuman.com\\\/web\\\/habra-desabastecimiento-las-consecuencias-del-paro-de-camioneros-en-tucuman\\\/#primaryimage\",\"url\":\"https:\\\/\\\/www.eldiariodetucuman.com\\\/web\\\/wp-content\\\/uploads\\\/2018\\\/06\\\/b328dd44b812689931118e454ad9d3fb.jpeg\",\"contentUrl\":\"https:\\\/\\\/www.eldiariodetucuman.com\\\/web\\\/wp-content\\\/uploads\\\/2018\\\/06\\\/b328dd44b812689931118e454ad9d3fb.jpeg\",\"width\":1500,\"height\":850},{\"@type\":\"BreadcrumbList\",\"@id\":\"https:\\\/\\\/www.eldiariodetucuman.com\\\/web\\\/habra-desabastecimiento-las-consecuencias-del-paro-de-camioneros-en-tucuman\\\/#breadcrumb\",\"itemListElement\":[{\"@type\":\"ListItem\",\"position\":1,\"name\":\"Portada\",\"item\":\"https:\\\/\\\/www.eldiariodetucuman.com\\\/web\\\/\"},{\"@type\":\"ListItem\",\"position\":2,\"name\":\"\u00bfHabr\u00e1 desabastecimiento? Las consecuencias del paro de Camioneros en Tucum\u00e1n\"}]},{\"@type\":\"WebSite\",\"@id\":\"https:\\\/\\\/www.eldiariodetucuman.com\\\/web\\\/#website\",\"url\":\"https:\\\/\\\/www.eldiariodetucuman.com\\\/web\\\/\",\"name\":\"El Diario de Tucuman\",\"description\":\"Diario Tucuman - Informaci\u00f3n y noticias\",\"publisher\":{\"@id\":\"https:\\\/\\\/www.eldiariodetucuman.com\\\/web\\\/#organization\"},\"potentialAction\":[{\"@type\":\"SearchAction\",\"target\":{\"@type\":\"EntryPoint\",\"urlTemplate\":\"https:\\\/\\\/www.eldiariodetucuman.com\\\/web\\\/?s={search_term_string}\"},\"query-input\":{\"@type\":\"PropertyValueSpecification\",\"valueRequired\":true,\"valueName\":\"search_term_string\"}}],\"inLanguage\":\"es\"},{\"@type\":\"Organization\",\"@id\":\"https:\\\/\\\/www.eldiariodetucuman.com\\\/web\\\/#organization\",\"name\":\"El Diario de Tucuman\",\"url\":\"https:\\\/\\\/www.eldiariodetucuman.com\\\/web\\\/\",\"logo\":{\"@type\":\"ImageObject\",\"inLanguage\":\"es\",\"@id\":\"https:\\\/\\\/www.eldiariodetucuman.com\\\/web\\\/#\\\/schema\\\/logo\\\/image\\\/\",\"url\":\"http:\\\/\\\/www.eldiariodetucuman.com\\\/web\\\/wp-content\\\/uploads\\\/2017\\\/12\\\/el-diario-de-tucuman.jpg\",\"contentUrl\":\"http:\\\/\\\/www.eldiariodetucuman.com\\\/web\\\/wp-content\\\/uploads\\\/2017\\\/12\\\/el-diario-de-tucuman.jpg\",\"width\":272,\"height\":92,\"caption\":\"El Diario de Tucuman\"},\"image\":{\"@id\":\"https:\\\/\\\/www.eldiariodetucuman.com\\\/web\\\/#\\\/schema\\\/logo\\\/image\\\/\"}},{\"@type\":\"Person\",\"@id\":\"https:\\\/\\\/www.eldiariodetucuman.com\\\/web\\\/#\\\/schema\\\/person\\\/9250197d75ab5483412e19678b121caa\",\"name\":\"admin\",\"image\":{\"@type\":\"ImageObject\",\"inLanguage\":\"es\",\"@id\":\"https:\\\/\\\/secure.gravatar.com\\\/avatar\\\/c44d117c2be811212c22cb481f6b8384b6873de103fbc49e7a03cc58d7dea4ac?s=96&d=mm&r=g\",\"url\":\"https:\\\/\\\/secure.gravatar.com\\\/avatar\\\/c44d117c2be811212c22cb481f6b8384b6873de103fbc49e7a03cc58d7dea4ac?s=96&d=mm&r=g\",\"contentUrl\":\"https:\\\/\\\/secure.gravatar.com\\\/avatar\\\/c44d117c2be811212c22cb481f6b8384b6873de103fbc49e7a03cc58d7dea4ac?s=96&d=mm&r=g\",\"caption\":\"admin\"},\"url\":\"https:\\\/\\\/www.eldiariodetucuman.com\\\/web\\\/author\\\/admin\\\/\"}]}<\/script>\n<!-- \/ Yoast SEO plugin. -->","yoast_head_json":{"title":"\u00bfHabr\u00e1 desabastecimiento? Las consecuencias del paro de Camioneros en Tucum\u00e1n - El Diario de Tucuman","robots":{"index":"index","follow":"follow","max-snippet":"max-snippet:-1","max-image-preview":"max-image-preview:large","max-video-preview":"max-video-preview:-1"},"canonical":"https:\/\/www.eldiariodetucuman.com\/web\/habra-desabastecimiento-las-consecuencias-del-paro-de-camioneros-en-tucuman\/","og_locale":"es_ES","og_type":"article","og_title":"\u00bfHabr\u00e1 desabastecimiento? Las consecuencias del paro de Camioneros en Tucum\u00e1n - El Diario de Tucuman","og_description":"El titular de la Federaci\u00f3n Nacional de Camioneros, Hugo Moyano, confirm\u00f3 ayer la convocatoria a un paro nacional del sector para este jueves en reclamo de un aumento salarial del 27% en el marco de la discusi\u00f3n paritaria. \u00bfC\u00f3mo afectar\u00e1 esta protesta en Tucum\u00e1n? C\u00e9sar Torres, secretario general de Camioneros de la Provincia, asegur\u00f3 que [&hellip;]","og_url":"https:\/\/www.eldiariodetucuman.com\/web\/habra-desabastecimiento-las-consecuencias-del-paro-de-camioneros-en-tucuman\/","og_site_name":"El Diario de Tucuman","article_published_time":"2018-06-12T15:02:42+00:00","article_modified_time":"2018-06-12T15:02:45+00:00","og_image":[{"width":1500,"height":850,"url":"https:\/\/www.eldiariodetucuman.com\/web\/wp-content\/uploads\/2018\/06\/b328dd44b812689931118e454ad9d3fb.jpeg","type":"image\/jpeg"}],"author":"admin","twitter_card":"summary_large_image","twitter_misc":{"Escrito por":"admin","Tiempo de lectura":"2 minutos"},"schema":{"@context":"https:\/\/schema.org","@graph":[{"@type":"Article","@id":"https:\/\/www.eldiariodetucuman.com\/web\/habra-desabastecimiento-las-consecuencias-del-paro-de-camioneros-en-tucuman\/#article","isPartOf":{"@id":"https:\/\/www.eldiariodetucuman.com\/web\/habra-desabastecimiento-las-consecuencias-del-paro-de-camioneros-en-tucuman\/"},"author":{"name":"admin","@id":"https:\/\/www.eldiariodetucuman.com\/web\/#\/schema\/person\/9250197d75ab5483412e19678b121caa"},"headline":"\u00bfHabr\u00e1 desabastecimiento? Las consecuencias del paro de Camioneros en Tucum\u00e1n","datePublished":"2018-06-12T15:02:42+00:00","dateModified":"2018-06-12T15:02:45+00:00","mainEntityOfPage":{"@id":"https:\/\/www.eldiariodetucuman.com\/web\/habra-desabastecimiento-las-consecuencias-del-paro-de-camioneros-en-tucuman\/"},"wordCount":341,"commentCount":0,"publisher":{"@id":"https:\/\/www.eldiariodetucuman.com\/web\/#organization"},"image":{"@id":"https:\/\/www.eldiariodetucuman.com\/web\/habra-desabastecimiento-las-consecuencias-del-paro-de-camioneros-en-tucuman\/#primaryimage"},"thumbnailUrl":"https:\/\/www.eldiariodetucuman.com\/web\/wp-content\/uploads\/2018\/06\/b328dd44b812689931118e454ad9d3fb.jpeg","articleSection":["Portada"],"inLanguage":"es","potentialAction":[{"@type":"CommentAction","name":"Comment","target":["https:\/\/www.eldiariodetucuman.com\/web\/habra-desabastecimiento-las-consecuencias-del-paro-de-camioneros-en-tucuman\/#respond"]}]},{"@type":"WebPage","@id":"https:\/\/www.eldiariodetucuman.com\/web\/habra-desabastecimiento-las-consecuencias-del-paro-de-camioneros-en-tucuman\/","url":"https:\/\/www.eldiariodetucuman.com\/web\/habra-desabastecimiento-las-consecuencias-del-paro-de-camioneros-en-tucuman\/","name":"\u00bfHabr\u00e1 desabastecimiento? Las consecuencias del paro de Camioneros en Tucum\u00e1n - El Diario de Tucuman","isPartOf":{"@id":"https:\/\/www.eldiariodetucuman.com\/web\/#website"},"primaryImageOfPage":{"@id":"https:\/\/www.eldiariodetucuman.com\/web\/habra-desabastecimiento-las-consecuencias-del-paro-de-camioneros-en-tucuman\/#primaryimage"},"image":{"@id":"https:\/\/www.eldiariodetucuman.com\/web\/habra-desabastecimiento-las-consecuencias-del-paro-de-camioneros-en-tucuman\/#primaryimage"},"thumbnailUrl":"https:\/\/www.eldiariodetucuman.com\/web\/wp-content\/uploads\/2018\/06\/b328dd44b812689931118e454ad9d3fb.jpeg","datePublished":"2018-06-12T15:02:42+00:00","dateModified":"2018-06-12T15:02:45+00:00","breadcrumb":{"@id":"https:\/\/www.eldiariodetucuman.com\/web\/habra-desabastecimiento-las-consecuencias-del-paro-de-camioneros-en-tucuman\/#breadcrumb"},"inLanguage":"es","potentialAction":[{"@type":"ReadAction","target":["https:\/\/www.eldiariodetucuman.com\/web\/habra-desabastecimiento-las-consecuencias-del-paro-de-camioneros-en-tucuman\/"]}]},{"@type":"ImageObject","inLanguage":"es","@id":"https:\/\/www.eldiariodetucuman.com\/web\/habra-desabastecimiento-las-consecuencias-del-paro-de-camioneros-en-tucuman\/#primaryimage","url":"https:\/\/www.eldiariodetucuman.com\/web\/wp-content\/uploads\/2018\/06\/b328dd44b812689931118e454ad9d3fb.jpeg","contentUrl":"https:\/\/www.eldiariodetucuman.com\/web\/wp-content\/uploads\/2018\/06\/b328dd44b812689931118e454ad9d3fb.jpeg","width":1500,"height":850},{"@type":"BreadcrumbList","@id":"https:\/\/www.eldiariodetucuman.com\/web\/habra-desabastecimiento-las-consecuencias-del-paro-de-camioneros-en-tucuman\/#breadcrumb","itemListElement":[{"@type":"ListItem","position":1,"name":"Portada","item":"https:\/\/www.eldiariodetucuman.com\/web\/"},{"@type":"ListItem","position":2,"name":"\u00bfHabr\u00e1 desabastecimiento? Las consecuencias del paro de Camioneros en Tucum\u00e1n"}]},{"@type":"WebSite","@id":"https:\/\/www.eldiariodetucuman.com\/web\/#website","url":"https:\/\/www.eldiariodetucuman.com\/web\/","name":"El Diario de Tucuman","description":"Diario Tucuman - Informaci\u00f3n y noticias","publisher":{"@id":"https:\/\/www.eldiariodetucuman.com\/web\/#organization"},"potentialAction":[{"@type":"SearchAction","target":{"@type":"EntryPoint","urlTemplate":"https:\/\/www.eldiariodetucuman.com\/web\/?s={search_term_string}"},"query-input":{"@type":"PropertyValueSpecification","valueRequired":true,"valueName":"search_term_string"}}],"inLanguage":"es"},{"@type":"Organization","@id":"https:\/\/www.eldiariodetucuman.com\/web\/#organization","name":"El Diario de Tucuman","url":"https:\/\/www.eldiariodetucuman.com\/web\/","logo":{"@type":"ImageObject","inLanguage":"es","@id":"https:\/\/www.eldiariodetucuman.com\/web\/#\/schema\/logo\/image\/","url":"http:\/\/www.eldiariodetucuman.com\/web\/wp-content\/uploads\/2017\/12\/el-diario-de-tucuman.jpg","contentUrl":"http:\/\/www.eldiariodetucuman.com\/web\/wp-content\/uploads\/2017\/12\/el-diario-de-tucuman.jpg","width":272,"height":92,"caption":"El Diario de Tucuman"},"image":{"@id":"https:\/\/www.eldiariodetucuman.com\/web\/#\/schema\/logo\/image\/"}},{"@type":"Person","@id":"https:\/\/www.eldiariodetucuman.com\/web\/#\/schema\/person\/9250197d75ab5483412e19678b121caa","name":"admin","image":{"@type":"ImageObject","inLanguage":"es","@id":"https:\/\/secure.gravatar.com\/avatar\/c44d117c2be811212c22cb481f6b8384b6873de103fbc49e7a03cc58d7dea4ac?s=96&d=mm&r=g","url":"https:\/\/secure.gravatar.com\/avatar\/c44d117c2be811212c22cb481f6b8384b6873de103fbc49e7a03cc58d7dea4ac?s=96&d=mm&r=g","contentUrl":"https:\/\/secure.gravatar.com\/avatar\/c44d117c2be811212c22cb481f6b8384b6873de103fbc49e7a03cc58d7dea4ac?s=96&d=mm&r=g","caption":"admin"},"url":"https:\/\/www.eldiariodetucuman.com\/web\/author\/admin\/"}]}},"_links":{"self":[{"href":"https:\/\/www.eldiariodetucuman.com\/web\/wp-json\/wp\/v2\/posts\/12231","targetHints":{"allow":["GET"]}}],"collection":[{"href":"https:\/\/www.eldiariodetucuman.com\/web\/wp-json\/wp\/v2\/posts"}],"about":[{"href":"https:\/\/www.eldiariodetucuman.com\/web\/wp-json\/wp\/v2\/types\/post"}],"author":[{"embeddable":true,"href":"https:\/\/www.eldiariodetucuman.com\/web\/wp-json\/wp\/v2\/users\/1"}],"replies":[{"embeddable":true,"href":"https:\/\/www.eldiariodetucuman.com\/web\/wp-json\/wp\/v2\/comments?post=12231"}],"version-history":[{"count":1,"href":"https:\/\/www.eldiariodetucuman.com\/web\/wp-json\/wp\/v2\/posts\/12231\/revisions"}],"predecessor-version":[{"id":12233,"href":"https:\/\/www.eldiariodetucuman.com\/web\/wp-json\/wp\/v2\/posts\/12231\/revisions\/12233"}],"wp:featuredmedia":[{"embeddable":true,"href":"https:\/\/www.eldiariodetucuman.com\/web\/wp-json\/wp\/v2\/media\/12232"}],"wp:attachment":[{"href":"https:\/\/www.eldiariodetucuman.com\/web\/wp-json\/wp\/v2\/media?parent=12231"}],"wp:term":[{"taxonomy":"category","embeddable":true,"href":"https:\/\/www.eldiariodetucuman.com\/web\/wp-json\/wp\/v2\/categories?post=12231"},{"taxonomy":"post_tag","embeddable":true,"href":"https:\/\/www.eldiariodetucuman.com\/web\/wp-json\/wp\/v2\/tags?post=12231"}],"curies":[{"name":"wp","href":"https:\/\/api.w.org\/{rel}","templated":true}]}}