{"id":12228,"date":"2018-06-12T11:42:18","date_gmt":"2018-06-12T14:42:18","guid":{"rendered":"http:\/\/www.eldiariodetucuman.com\/web\/a-pocas-horas-de-su-tratamiento-se-firma-el-dictamen-sobre-la-legalizacion\/"},"modified":"2018-06-12T11:42:20","modified_gmt":"2018-06-12T14:42:20","slug":"a-pocas-horas-de-su-tratamiento-se-firma-el-dictamen-sobre-la-legalizacion","status":"publish","type":"post","link":"https:\/\/www.eldiariodetucuman.com\/web\/a-pocas-horas-de-su-tratamiento-se-firma-el-dictamen-sobre-la-legalizacion\/","title":{"rendered":"A pocas horas de su tratamiento, se firma el dictamen sobre la legalizaci\u00f3n"},"content":{"rendered":"<div>\n<div readability=\"104.35460848287\">\n<p>Los diputados que promueven la<a href=\"https:\/\/www.elintransigente.com\/noticias\/buscar\/?buscar=aborto\"> legalizaci\u00f3n del aborto<\/a> buscan lograr un dictamen de mayor\u00eda, que ser\u00e1 debatido el mi\u00e9rcoles en el recinto de la c\u00e1mara baja, cuya <strong>votaci\u00f3n tiene un final abierto<\/strong>, ya que<strong> est\u00e1n muy parejos los votos <\/strong>que tienen los que est\u00e1n a favor y en contra del proyecto de interrupci\u00f3n voluntaria del embarazo hasta la semana 14. La firma del dictamen es en el Congreso de la Naci\u00f3n hoy a las 15.<\/p>\n<p>En ese contexto, el plenario de las comisiones de legislaci\u00f3n general, Salud, Familia y Legislaci\u00f3n Penal se reunir\u00e1 a las 15 para firmar el dictamen a favor de la legalizaci\u00f3n del aborto y otro que rechaza esta propuesta, y all\u00ed los impulsores de esta iniciativa esperan alcanzar 62 firmas y as\u00ed obtener el dictamen de mayor\u00eda. En tanto, se achic\u00f3 la diferencia dado que<strong> se pronuncian en contra 119 legisladores y 111 apoyan la despenalizaci\u00f3n <\/strong>del aborto.<\/p>\n<aside class=\"htmlinline \"><ins class=\"adsbygoogle\" data-ad-layout=\"in-article\" data-ad-format=\"fluid\" data-ad-client=\"ca-pub-7781556717282971\" data-ad-slot=\"9383133609\"><\/ins><br \/>\n<\/aside>\n<p>Asimismo, <strong>existen 25 diputados que est\u00e1n indecisos o no quieren revelar su voto<\/strong>. Estos n\u00fameros, sin contabilizar al presidente de la C\u00e1mara, el macrista Emilio Monz\u00f3, que no participa de la votaci\u00f3n, y al kirchnerista Julio De Vido, suspendido. En ese sentido, el presidente de la comisi\u00f3n de Legislaci\u00f3n General, Daniel Lipovetzky (PRO), asegur\u00f3 que el resultado de la votaci\u00f3n \u201ces abierto\u201d, ya que el conteo, dijo, \u00abest\u00e1 muy parejo\u00bb.<\/p>\n<p>\u201c<strong>Esperamos que el mi\u00e9rcoles tengamos la media sanci\u00f3n, pero el conteo est\u00e1 muy parejo<\/strong>. Cada vez hay menos indecisos y la diferencia es m\u00ednima, no debe llegar a dos o tres como m\u00e1ximo. Por lo tanto el resultado es abierto y no vamos a saber c\u00f3mo saldr\u00e1 la ley hasta el mismo momento de la votaci\u00f3n\u201d, asegur\u00f3 Lipovetzky en declaraciones radiales. De todos modos, en el conteo puede variar ya que algunos diputados pueden ausentarse a la votaci\u00f3n.<\/p>\n<p>Tambi\u00e9n informaron su decisi\u00f3n de votar a favor la macrista correntina Sofia Brambilla, el sindicalista kirchnerista Abel Furlan, sus compa\u00f1eros de bloque Mar\u00eda Guer\u00edn y julio Solanas, el radical Jorge Lacoste y el peronista pampeano Sergio Ziliotto, quienes hasta ahora se mostraban dentro del lote de diputados que a\u00fano no hab\u00edan definido su postura sobre la legalizaci\u00f3n del aborto.<\/p>\n<p>Por su parte, el macrista Facundo Garret\u00f3n se\u00f1al\u00f3, en declaraciones periodisticas, que \u00absoy uno de los pocos indecisos que quedan, lo decidir\u00e9 el mismo mi\u00e9rcoles\u00bb y se\u00f1al\u00f3 que \u00abestoy en contra del aborto pero entiendo que la despenalizaci\u00f3n es una herramienta para bajarlos\u00bb y \u00abes un tema de salud p\u00fablica\u00bb. Garret\u00f3n denunci\u00f3 que \u00abrecibi\u00f3 amenazas, me dijeron que no vuelva a Tucum\u00e1n\u00bb si \u00abvotaba a favor del proyecto del aborto\u00bb.<\/p>\n<p>A su vez, los diputados justicialistas Luis Beder Herrera y Flavia Morales que figuran como indecisos se inclinari\u00e1n por el rechazo del proyecto de despenalizaci\u00f3n del aborto, seg\u00fan informaron fuentes parlamentarias. Otro gir\u00f3 lo di\u00f3 el mendocino intransigente <a href=\"https:\/\/www.elintransigente.com\/politica\/2018\/6\/12\/echaron-del-interbloque-de-lousteau-al-diputado-que-cambio-de-opinion-495448.html\">Jos\u00e9 Ram\u00f3n, aliado al interbloque de Mart\u00edn Lousteau, que la semana pasada hab\u00eda difundido un texto favorable a la despenalizaci\u00f3n y hoy public\u00f3 en redes sociales un video opuesto<\/a>.<\/p>\n<p>El borrador elaborado por los diputados que respaldan la iniciativa se basa en el proyecto de la Campa\u00f1a por el Derecho al Aborto Legal, Seguro y Gratuito, que ese colectivo presenta desde 2006, y recibi\u00f3 al menos cuatro modificaciones en busca de sumar mayores consensos y tentar a los legisladores a\u00fan indecisos. Entre esos cambios se analiza incorporar la objeci\u00f3n de conciencia, que habilitar\u00eda a los profesionales a ejercerla de manera individual.<\/p>\n<p>Otra de las <strong>modificaciones est\u00e1 vinculada al art\u00edculo que habilita a las adolescentes de entre 13 y 16 a\u00f1os a practicarse un aborto sin la autorizaci\u00f3n de sus padres<\/strong>, punto que quieren eliminar para que esa situaci\u00f3n quede supeditada a lo dispuesto por el C\u00f3digo Civil y Comercial. Tambi\u00e9n se analiza contemplar el aborto despu\u00e9s de la semana 14 en casos de \u00abmalformaciones fetales graves incompatibles con la vida extrauterina\u00bb y de violaci\u00f3n.<\/p>\n<p>Una \u00faltima modificaci\u00f3n consistir\u00eda en poner a disposici\u00f3n de las mujeres que manifiesten voluntad de abortar la informaci\u00f3n necesaria para que tomen la decisi\u00f3n, que incluir\u00eda un per\u00edodo de reflexi\u00f3n obligatoria, e incorporar\u00eda medidas para reforzar la educaci\u00f3n sexual adem\u00e1s de crear consejer\u00edas de atenci\u00f3n integral a cargo de equipos interdisciplinarios para acompa\u00f1ar a la mujer antes y despu\u00e9s de la interrupci\u00f3n del embarazo.<\/p>\n<p>El proyecto establece que \u00ab<strong>en ning\u00fan caso ser\u00e1 punible el aborto practicado con el consentimiento de la mujer<\/strong>\u00bb y contempla penas que van de 3 a 10 a\u00f1os al que practique un aborto sin ese consentimiento, que se elevan a 15 a\u00f1os en caso de muerte de la paciente. Otro punto clave es que se obliga a los hospitales p\u00fablicos, prepagas, obras sociales sindicales, del Congreso, de las Fuerzas Armadas y PAMI a realizar la pr\u00e1ctica m\u00e9dica del aborto.<br \/>\n\u00a0<\/p>\n<\/div>\n<\/div>\n<p>Fuente: https:\/\/www.elintransigente.com\/politica\/2018\/6\/12\/pocas-horas-de-su-tratamiento-se-firma-el-dictamen-sobre-la-legalizacion-495452.html<\/p>\n","protected":false},"excerpt":{"rendered":"<p>Los diputados que promueven la legalizaci\u00f3n del aborto buscan lograr un dictamen de mayor\u00eda, que ser\u00e1 debatido el mi\u00e9rcoles en el recinto de la c\u00e1mara baja, cuya votaci\u00f3n tiene un final abierto, ya que est\u00e1n muy parejos los votos que tienen los que est\u00e1n a favor y en contra del proyecto de interrupci\u00f3n voluntaria del [&hellip;]<\/p>\n","protected":false},"author":1,"featured_media":12229,"comment_status":"open","ping_status":"closed","sticky":false,"template":"","format":"standard","meta":{"footnotes":""},"categories":[1],"tags":[],"class_list":{"0":"post-12228","1":"post","2":"type-post","3":"status-publish","4":"format-standard","5":"has-post-thumbnail","7":"category-portada"},"yoast_head":"<!-- This site is optimized with the Yoast SEO plugin v27.5 - https:\/\/yoast.com\/product\/yoast-seo-wordpress\/ -->\n<title>A pocas horas de su tratamiento, se firma el dictamen sobre la legalizaci\u00f3n - El Diario de Tucuman<\/title>\n<meta name=\"robots\" content=\"index, follow, max-snippet:-1, max-image-preview:large, max-video-preview:-1\" \/>\n<link rel=\"canonical\" href=\"https:\/\/www.eldiariodetucuman.com\/web\/a-pocas-horas-de-su-tratamiento-se-firma-el-dictamen-sobre-la-legalizacion\/\" \/>\n<meta property=\"og:locale\" content=\"es_ES\" \/>\n<meta property=\"og:type\" content=\"article\" \/>\n<meta property=\"og:title\" content=\"A pocas horas de su tratamiento, se firma el dictamen sobre la legalizaci\u00f3n - El Diario de Tucuman\" \/>\n<meta property=\"og:description\" content=\"Los diputados que promueven la legalizaci\u00f3n del aborto buscan lograr un dictamen de mayor\u00eda, que ser\u00e1 debatido el mi\u00e9rcoles en el recinto de la c\u00e1mara baja, cuya votaci\u00f3n tiene un final abierto, ya que est\u00e1n muy parejos los votos que tienen los que est\u00e1n a favor y en contra del proyecto de interrupci\u00f3n voluntaria del [&hellip;]\" \/>\n<meta property=\"og:url\" content=\"https:\/\/www.eldiariodetucuman.com\/web\/a-pocas-horas-de-su-tratamiento-se-firma-el-dictamen-sobre-la-legalizacion\/\" \/>\n<meta property=\"og:site_name\" content=\"El Diario de Tucuman\" \/>\n<meta property=\"article:published_time\" content=\"2018-06-12T14:42:18+00:00\" \/>\n<meta property=\"article:modified_time\" content=\"2018-06-12T14:42:20+00:00\" \/>\n<meta property=\"og:image\" content=\"https:\/\/www.eldiariodetucuman.com\/web\/wp-content\/uploads\/2018\/06\/109f4dc17a5104122a1187709cd49b81.jpeg\" \/>\n\t<meta property=\"og:image:width\" content=\"960\" \/>\n\t<meta property=\"og:image:height\" content=\"540\" \/>\n\t<meta property=\"og:image:type\" content=\"image\/jpeg\" \/>\n<meta name=\"author\" content=\"admin\" \/>\n<meta name=\"twitter:card\" content=\"summary_large_image\" \/>\n<meta name=\"twitter:label1\" content=\"Escrito por\" \/>\n\t<meta name=\"twitter:data1\" content=\"admin\" \/>\n\t<meta name=\"twitter:label2\" content=\"Tiempo de lectura\" \/>\n\t<meta name=\"twitter:data2\" content=\"4 minutos\" \/>\n<script type=\"application\/ld+json\" class=\"yoast-schema-graph\">{\"@context\":\"https:\\\/\\\/schema.org\",\"@graph\":[{\"@type\":\"Article\",\"@id\":\"https:\\\/\\\/www.eldiariodetucuman.com\\\/web\\\/a-pocas-horas-de-su-tratamiento-se-firma-el-dictamen-sobre-la-legalizacion\\\/#article\",\"isPartOf\":{\"@id\":\"https:\\\/\\\/www.eldiariodetucuman.com\\\/web\\\/a-pocas-horas-de-su-tratamiento-se-firma-el-dictamen-sobre-la-legalizacion\\\/\"},\"author\":{\"name\":\"admin\",\"@id\":\"https:\\\/\\\/www.eldiariodetucuman.com\\\/web\\\/#\\\/schema\\\/person\\\/9250197d75ab5483412e19678b121caa\"},\"headline\":\"A pocas horas de su tratamiento, se firma el dictamen sobre la legalizaci\u00f3n\",\"datePublished\":\"2018-06-12T14:42:18+00:00\",\"dateModified\":\"2018-06-12T14:42:20+00:00\",\"mainEntityOfPage\":{\"@id\":\"https:\\\/\\\/www.eldiariodetucuman.com\\\/web\\\/a-pocas-horas-de-su-tratamiento-se-firma-el-dictamen-sobre-la-legalizacion\\\/\"},\"wordCount\":877,\"commentCount\":0,\"publisher\":{\"@id\":\"https:\\\/\\\/www.eldiariodetucuman.com\\\/web\\\/#organization\"},\"image\":{\"@id\":\"https:\\\/\\\/www.eldiariodetucuman.com\\\/web\\\/a-pocas-horas-de-su-tratamiento-se-firma-el-dictamen-sobre-la-legalizacion\\\/#primaryimage\"},\"thumbnailUrl\":\"https:\\\/\\\/www.eldiariodetucuman.com\\\/web\\\/wp-content\\\/uploads\\\/2018\\\/06\\\/109f4dc17a5104122a1187709cd49b81.jpeg\",\"articleSection\":[\"Portada\"],\"inLanguage\":\"es\",\"potentialAction\":[{\"@type\":\"CommentAction\",\"name\":\"Comment\",\"target\":[\"https:\\\/\\\/www.eldiariodetucuman.com\\\/web\\\/a-pocas-horas-de-su-tratamiento-se-firma-el-dictamen-sobre-la-legalizacion\\\/#respond\"]}]},{\"@type\":\"WebPage\",\"@id\":\"https:\\\/\\\/www.eldiariodetucuman.com\\\/web\\\/a-pocas-horas-de-su-tratamiento-se-firma-el-dictamen-sobre-la-legalizacion\\\/\",\"url\":\"https:\\\/\\\/www.eldiariodetucuman.com\\\/web\\\/a-pocas-horas-de-su-tratamiento-se-firma-el-dictamen-sobre-la-legalizacion\\\/\",\"name\":\"A pocas horas de su tratamiento, se firma el dictamen sobre la legalizaci\u00f3n - El Diario de Tucuman\",\"isPartOf\":{\"@id\":\"https:\\\/\\\/www.eldiariodetucuman.com\\\/web\\\/#website\"},\"primaryImageOfPage\":{\"@id\":\"https:\\\/\\\/www.eldiariodetucuman.com\\\/web\\\/a-pocas-horas-de-su-tratamiento-se-firma-el-dictamen-sobre-la-legalizacion\\\/#primaryimage\"},\"image\":{\"@id\":\"https:\\\/\\\/www.eldiariodetucuman.com\\\/web\\\/a-pocas-horas-de-su-tratamiento-se-firma-el-dictamen-sobre-la-legalizacion\\\/#primaryimage\"},\"thumbnailUrl\":\"https:\\\/\\\/www.eldiariodetucuman.com\\\/web\\\/wp-content\\\/uploads\\\/2018\\\/06\\\/109f4dc17a5104122a1187709cd49b81.jpeg\",\"datePublished\":\"2018-06-12T14:42:18+00:00\",\"dateModified\":\"2018-06-12T14:42:20+00:00\",\"breadcrumb\":{\"@id\":\"https:\\\/\\\/www.eldiariodetucuman.com\\\/web\\\/a-pocas-horas-de-su-tratamiento-se-firma-el-dictamen-sobre-la-legalizacion\\\/#breadcrumb\"},\"inLanguage\":\"es\",\"potentialAction\":[{\"@type\":\"ReadAction\",\"target\":[\"https:\\\/\\\/www.eldiariodetucuman.com\\\/web\\\/a-pocas-horas-de-su-tratamiento-se-firma-el-dictamen-sobre-la-legalizacion\\\/\"]}]},{\"@type\":\"ImageObject\",\"inLanguage\":\"es\",\"@id\":\"https:\\\/\\\/www.eldiariodetucuman.com\\\/web\\\/a-pocas-horas-de-su-tratamiento-se-firma-el-dictamen-sobre-la-legalizacion\\\/#primaryimage\",\"url\":\"https:\\\/\\\/www.eldiariodetucuman.com\\\/web\\\/wp-content\\\/uploads\\\/2018\\\/06\\\/109f4dc17a5104122a1187709cd49b81.jpeg\",\"contentUrl\":\"https:\\\/\\\/www.eldiariodetucuman.com\\\/web\\\/wp-content\\\/uploads\\\/2018\\\/06\\\/109f4dc17a5104122a1187709cd49b81.jpeg\",\"width\":960,\"height\":540},{\"@type\":\"BreadcrumbList\",\"@id\":\"https:\\\/\\\/www.eldiariodetucuman.com\\\/web\\\/a-pocas-horas-de-su-tratamiento-se-firma-el-dictamen-sobre-la-legalizacion\\\/#breadcrumb\",\"itemListElement\":[{\"@type\":\"ListItem\",\"position\":1,\"name\":\"Portada\",\"item\":\"https:\\\/\\\/www.eldiariodetucuman.com\\\/web\\\/\"},{\"@type\":\"ListItem\",\"position\":2,\"name\":\"A pocas horas de su tratamiento, se firma el dictamen sobre la legalizaci\u00f3n\"}]},{\"@type\":\"WebSite\",\"@id\":\"https:\\\/\\\/www.eldiariodetucuman.com\\\/web\\\/#website\",\"url\":\"https:\\\/\\\/www.eldiariodetucuman.com\\\/web\\\/\",\"name\":\"El Diario de Tucuman\",\"description\":\"Diario Tucuman - Informaci\u00f3n y noticias\",\"publisher\":{\"@id\":\"https:\\\/\\\/www.eldiariodetucuman.com\\\/web\\\/#organization\"},\"potentialAction\":[{\"@type\":\"SearchAction\",\"target\":{\"@type\":\"EntryPoint\",\"urlTemplate\":\"https:\\\/\\\/www.eldiariodetucuman.com\\\/web\\\/?s={search_term_string}\"},\"query-input\":{\"@type\":\"PropertyValueSpecification\",\"valueRequired\":true,\"valueName\":\"search_term_string\"}}],\"inLanguage\":\"es\"},{\"@type\":\"Organization\",\"@id\":\"https:\\\/\\\/www.eldiariodetucuman.com\\\/web\\\/#organization\",\"name\":\"El Diario de Tucuman\",\"url\":\"https:\\\/\\\/www.eldiariodetucuman.com\\\/web\\\/\",\"logo\":{\"@type\":\"ImageObject\",\"inLanguage\":\"es\",\"@id\":\"https:\\\/\\\/www.eldiariodetucuman.com\\\/web\\\/#\\\/schema\\\/logo\\\/image\\\/\",\"url\":\"http:\\\/\\\/www.eldiariodetucuman.com\\\/web\\\/wp-content\\\/uploads\\\/2017\\\/12\\\/el-diario-de-tucuman.jpg\",\"contentUrl\":\"http:\\\/\\\/www.eldiariodetucuman.com\\\/web\\\/wp-content\\\/uploads\\\/2017\\\/12\\\/el-diario-de-tucuman.jpg\",\"width\":272,\"height\":92,\"caption\":\"El Diario de Tucuman\"},\"image\":{\"@id\":\"https:\\\/\\\/www.eldiariodetucuman.com\\\/web\\\/#\\\/schema\\\/logo\\\/image\\\/\"}},{\"@type\":\"Person\",\"@id\":\"https:\\\/\\\/www.eldiariodetucuman.com\\\/web\\\/#\\\/schema\\\/person\\\/9250197d75ab5483412e19678b121caa\",\"name\":\"admin\",\"image\":{\"@type\":\"ImageObject\",\"inLanguage\":\"es\",\"@id\":\"https:\\\/\\\/secure.gravatar.com\\\/avatar\\\/c44d117c2be811212c22cb481f6b8384b6873de103fbc49e7a03cc58d7dea4ac?s=96&d=mm&r=g\",\"url\":\"https:\\\/\\\/secure.gravatar.com\\\/avatar\\\/c44d117c2be811212c22cb481f6b8384b6873de103fbc49e7a03cc58d7dea4ac?s=96&d=mm&r=g\",\"contentUrl\":\"https:\\\/\\\/secure.gravatar.com\\\/avatar\\\/c44d117c2be811212c22cb481f6b8384b6873de103fbc49e7a03cc58d7dea4ac?s=96&d=mm&r=g\",\"caption\":\"admin\"},\"url\":\"https:\\\/\\\/www.eldiariodetucuman.com\\\/web\\\/author\\\/admin\\\/\"}]}<\/script>\n<!-- \/ Yoast SEO plugin. -->","yoast_head_json":{"title":"A pocas horas de su tratamiento, se firma el dictamen sobre la legalizaci\u00f3n - El Diario de Tucuman","robots":{"index":"index","follow":"follow","max-snippet":"max-snippet:-1","max-image-preview":"max-image-preview:large","max-video-preview":"max-video-preview:-1"},"canonical":"https:\/\/www.eldiariodetucuman.com\/web\/a-pocas-horas-de-su-tratamiento-se-firma-el-dictamen-sobre-la-legalizacion\/","og_locale":"es_ES","og_type":"article","og_title":"A pocas horas de su tratamiento, se firma el dictamen sobre la legalizaci\u00f3n - El Diario de Tucuman","og_description":"Los diputados que promueven la legalizaci\u00f3n del aborto buscan lograr un dictamen de mayor\u00eda, que ser\u00e1 debatido el mi\u00e9rcoles en el recinto de la c\u00e1mara baja, cuya votaci\u00f3n tiene un final abierto, ya que est\u00e1n muy parejos los votos que tienen los que est\u00e1n a favor y en contra del proyecto de interrupci\u00f3n voluntaria del [&hellip;]","og_url":"https:\/\/www.eldiariodetucuman.com\/web\/a-pocas-horas-de-su-tratamiento-se-firma-el-dictamen-sobre-la-legalizacion\/","og_site_name":"El Diario de Tucuman","article_published_time":"2018-06-12T14:42:18+00:00","article_modified_time":"2018-06-12T14:42:20+00:00","og_image":[{"width":960,"height":540,"url":"https:\/\/www.eldiariodetucuman.com\/web\/wp-content\/uploads\/2018\/06\/109f4dc17a5104122a1187709cd49b81.jpeg","type":"image\/jpeg"}],"author":"admin","twitter_card":"summary_large_image","twitter_misc":{"Escrito por":"admin","Tiempo de lectura":"4 minutos"},"schema":{"@context":"https:\/\/schema.org","@graph":[{"@type":"Article","@id":"https:\/\/www.eldiariodetucuman.com\/web\/a-pocas-horas-de-su-tratamiento-se-firma-el-dictamen-sobre-la-legalizacion\/#article","isPartOf":{"@id":"https:\/\/www.eldiariodetucuman.com\/web\/a-pocas-horas-de-su-tratamiento-se-firma-el-dictamen-sobre-la-legalizacion\/"},"author":{"name":"admin","@id":"https:\/\/www.eldiariodetucuman.com\/web\/#\/schema\/person\/9250197d75ab5483412e19678b121caa"},"headline":"A pocas horas de su tratamiento, se firma el dictamen sobre la legalizaci\u00f3n","datePublished":"2018-06-12T14:42:18+00:00","dateModified":"2018-06-12T14:42:20+00:00","mainEntityOfPage":{"@id":"https:\/\/www.eldiariodetucuman.com\/web\/a-pocas-horas-de-su-tratamiento-se-firma-el-dictamen-sobre-la-legalizacion\/"},"wordCount":877,"commentCount":0,"publisher":{"@id":"https:\/\/www.eldiariodetucuman.com\/web\/#organization"},"image":{"@id":"https:\/\/www.eldiariodetucuman.com\/web\/a-pocas-horas-de-su-tratamiento-se-firma-el-dictamen-sobre-la-legalizacion\/#primaryimage"},"thumbnailUrl":"https:\/\/www.eldiariodetucuman.com\/web\/wp-content\/uploads\/2018\/06\/109f4dc17a5104122a1187709cd49b81.jpeg","articleSection":["Portada"],"inLanguage":"es","potentialAction":[{"@type":"CommentAction","name":"Comment","target":["https:\/\/www.eldiariodetucuman.com\/web\/a-pocas-horas-de-su-tratamiento-se-firma-el-dictamen-sobre-la-legalizacion\/#respond"]}]},{"@type":"WebPage","@id":"https:\/\/www.eldiariodetucuman.com\/web\/a-pocas-horas-de-su-tratamiento-se-firma-el-dictamen-sobre-la-legalizacion\/","url":"https:\/\/www.eldiariodetucuman.com\/web\/a-pocas-horas-de-su-tratamiento-se-firma-el-dictamen-sobre-la-legalizacion\/","name":"A pocas horas de su tratamiento, se firma el dictamen sobre la legalizaci\u00f3n - El Diario de Tucuman","isPartOf":{"@id":"https:\/\/www.eldiariodetucuman.com\/web\/#website"},"primaryImageOfPage":{"@id":"https:\/\/www.eldiariodetucuman.com\/web\/a-pocas-horas-de-su-tratamiento-se-firma-el-dictamen-sobre-la-legalizacion\/#primaryimage"},"image":{"@id":"https:\/\/www.eldiariodetucuman.com\/web\/a-pocas-horas-de-su-tratamiento-se-firma-el-dictamen-sobre-la-legalizacion\/#primaryimage"},"thumbnailUrl":"https:\/\/www.eldiariodetucuman.com\/web\/wp-content\/uploads\/2018\/06\/109f4dc17a5104122a1187709cd49b81.jpeg","datePublished":"2018-06-12T14:42:18+00:00","dateModified":"2018-06-12T14:42:20+00:00","breadcrumb":{"@id":"https:\/\/www.eldiariodetucuman.com\/web\/a-pocas-horas-de-su-tratamiento-se-firma-el-dictamen-sobre-la-legalizacion\/#breadcrumb"},"inLanguage":"es","potentialAction":[{"@type":"ReadAction","target":["https:\/\/www.eldiariodetucuman.com\/web\/a-pocas-horas-de-su-tratamiento-se-firma-el-dictamen-sobre-la-legalizacion\/"]}]},{"@type":"ImageObject","inLanguage":"es","@id":"https:\/\/www.eldiariodetucuman.com\/web\/a-pocas-horas-de-su-tratamiento-se-firma-el-dictamen-sobre-la-legalizacion\/#primaryimage","url":"https:\/\/www.eldiariodetucuman.com\/web\/wp-content\/uploads\/2018\/06\/109f4dc17a5104122a1187709cd49b81.jpeg","contentUrl":"https:\/\/www.eldiariodetucuman.com\/web\/wp-content\/uploads\/2018\/06\/109f4dc17a5104122a1187709cd49b81.jpeg","width":960,"height":540},{"@type":"BreadcrumbList","@id":"https:\/\/www.eldiariodetucuman.com\/web\/a-pocas-horas-de-su-tratamiento-se-firma-el-dictamen-sobre-la-legalizacion\/#breadcrumb","itemListElement":[{"@type":"ListItem","position":1,"name":"Portada","item":"https:\/\/www.eldiariodetucuman.com\/web\/"},{"@type":"ListItem","position":2,"name":"A pocas horas de su tratamiento, se firma el dictamen sobre la legalizaci\u00f3n"}]},{"@type":"WebSite","@id":"https:\/\/www.eldiariodetucuman.com\/web\/#website","url":"https:\/\/www.eldiariodetucuman.com\/web\/","name":"El Diario de Tucuman","description":"Diario Tucuman - Informaci\u00f3n y noticias","publisher":{"@id":"https:\/\/www.eldiariodetucuman.com\/web\/#organization"},"potentialAction":[{"@type":"SearchAction","target":{"@type":"EntryPoint","urlTemplate":"https:\/\/www.eldiariodetucuman.com\/web\/?s={search_term_string}"},"query-input":{"@type":"PropertyValueSpecification","valueRequired":true,"valueName":"search_term_string"}}],"inLanguage":"es"},{"@type":"Organization","@id":"https:\/\/www.eldiariodetucuman.com\/web\/#organization","name":"El Diario de Tucuman","url":"https:\/\/www.eldiariodetucuman.com\/web\/","logo":{"@type":"ImageObject","inLanguage":"es","@id":"https:\/\/www.eldiariodetucuman.com\/web\/#\/schema\/logo\/image\/","url":"http:\/\/www.eldiariodetucuman.com\/web\/wp-content\/uploads\/2017\/12\/el-diario-de-tucuman.jpg","contentUrl":"http:\/\/www.eldiariodetucuman.com\/web\/wp-content\/uploads\/2017\/12\/el-diario-de-tucuman.jpg","width":272,"height":92,"caption":"El Diario de Tucuman"},"image":{"@id":"https:\/\/www.eldiariodetucuman.com\/web\/#\/schema\/logo\/image\/"}},{"@type":"Person","@id":"https:\/\/www.eldiariodetucuman.com\/web\/#\/schema\/person\/9250197d75ab5483412e19678b121caa","name":"admin","image":{"@type":"ImageObject","inLanguage":"es","@id":"https:\/\/secure.gravatar.com\/avatar\/c44d117c2be811212c22cb481f6b8384b6873de103fbc49e7a03cc58d7dea4ac?s=96&d=mm&r=g","url":"https:\/\/secure.gravatar.com\/avatar\/c44d117c2be811212c22cb481f6b8384b6873de103fbc49e7a03cc58d7dea4ac?s=96&d=mm&r=g","contentUrl":"https:\/\/secure.gravatar.com\/avatar\/c44d117c2be811212c22cb481f6b8384b6873de103fbc49e7a03cc58d7dea4ac?s=96&d=mm&r=g","caption":"admin"},"url":"https:\/\/www.eldiariodetucuman.com\/web\/author\/admin\/"}]}},"_links":{"self":[{"href":"https:\/\/www.eldiariodetucuman.com\/web\/wp-json\/wp\/v2\/posts\/12228","targetHints":{"allow":["GET"]}}],"collection":[{"href":"https:\/\/www.eldiariodetucuman.com\/web\/wp-json\/wp\/v2\/posts"}],"about":[{"href":"https:\/\/www.eldiariodetucuman.com\/web\/wp-json\/wp\/v2\/types\/post"}],"author":[{"embeddable":true,"href":"https:\/\/www.eldiariodetucuman.com\/web\/wp-json\/wp\/v2\/users\/1"}],"replies":[{"embeddable":true,"href":"https:\/\/www.eldiariodetucuman.com\/web\/wp-json\/wp\/v2\/comments?post=12228"}],"version-history":[{"count":1,"href":"https:\/\/www.eldiariodetucuman.com\/web\/wp-json\/wp\/v2\/posts\/12228\/revisions"}],"predecessor-version":[{"id":12230,"href":"https:\/\/www.eldiariodetucuman.com\/web\/wp-json\/wp\/v2\/posts\/12228\/revisions\/12230"}],"wp:featuredmedia":[{"embeddable":true,"href":"https:\/\/www.eldiariodetucuman.com\/web\/wp-json\/wp\/v2\/media\/12229"}],"wp:attachment":[{"href":"https:\/\/www.eldiariodetucuman.com\/web\/wp-json\/wp\/v2\/media?parent=12228"}],"wp:term":[{"taxonomy":"category","embeddable":true,"href":"https:\/\/www.eldiariodetucuman.com\/web\/wp-json\/wp\/v2\/categories?post=12228"},{"taxonomy":"post_tag","embeddable":true,"href":"https:\/\/www.eldiariodetucuman.com\/web\/wp-json\/wp\/v2\/tags?post=12228"}],"curies":[{"name":"wp","href":"https:\/\/api.w.org\/{rel}","templated":true}]}}