{"id":12225,"date":"2018-06-12T11:42:10","date_gmt":"2018-06-12T14:42:10","guid":{"rendered":"http:\/\/www.eldiariodetucuman.com\/web\/escandalo-institucional-en-parana-por-el-caso-del-narco-intendente\/"},"modified":"2018-06-12T11:42:12","modified_gmt":"2018-06-12T14:42:12","slug":"escandalo-institucional-en-parana-por-el-caso-del-narco-intendente","status":"publish","type":"post","link":"https:\/\/www.eldiariodetucuman.com\/web\/escandalo-institucional-en-parana-por-el-caso-del-narco-intendente\/","title":{"rendered":"Esc\u00e1ndalo institucional en Paran\u00e1 por el caso del \u201cnarco intendente\u201d"},"content":{"rendered":"<div>\n<div readability=\"56.774939172749\">\n<p>El intendente de Paran\u00e1, <a href=\"https:\/\/www.elintransigente.com\/noticias\/buscar\/?buscar=Sergio+Varisco\">Sergio Varisco<\/a>, qued\u00f3 a principio de mes imputado junto a dos concejales, envuelto en un <a href=\"https:\/\/www.elintransigente.com\/politica\/2018\/5\/8\/narcotrafico-en-parana-allanan-el-municipio-la-casa-del-intendente-490100.html\">esc\u00e1ndalo de narcotr\u00e1fico que golpea directamente a Cambiemos<\/a>. En tanto, el juez Leandro R\u00edos, quien investiga supuestas relaciones entre funcionarios del municipio y una organizaci\u00f3n delictiva encabezada por Daniel \u00abTavi\u00bb Celis y su hermano Miguel \u00abCholo\u00bb Celis, cuenta con pruebas comprometedoras.\u00a0<\/p>\n<p>En ese sentido, todo el arco pol\u00edtico local se encuentra convulsionado con esta noticia y el presidente del bloque FpV Paran\u00e1, David C\u00e1ceres, advirti\u00f3 que se encuentran viviendo \u201c<strong>una crisis institucional sin precedentes<\/strong>\u201d, durante una entrevista otorgada al programa radial de Gustavo Sylvestre, que realiza un tenaz seguimiento al caso que involucra al alto funcionario de Cambiemos.\u00a0<\/p>\n<aside class=\"htmlinline \"><ins class=\"adsbygoogle\" data-ad-layout=\"in-article\" data-ad-format=\"fluid\" data-ad-client=\"ca-pub-7781556717282971\" data-ad-slot=\"9383133609\"><\/ins><br \/>\n<\/aside>\n<p>\u201cEstamos viviendo una crisis institucional sin precedentes. Como bloque venimos manifestando que el intendente reflexione sobre la realidad de esto y d<strong>\u00e9 un paso al costado para que la gesti\u00f3n pueda seguir<\/strong>, porque la gesti\u00f3n es deficitaria en obra p\u00fablica y prestaci\u00f3n de servicios esenciales. Ayer vivimos un momento bochornoso que lo \u00fanico que hace es oscurecer\u201d, sentenci\u00f3 C\u00e1ceres.<\/p>\n<p>Y agreg\u00f3: \u201cEn una sesi\u00f3n anterior ya hab\u00eda habido un grado de violencia importante. Nosotros no aceptamos que el modo de trabajo sea bajo coacci\u00f3n. Yo estaba denunciando a Jos\u00e9 Escobar, secretario de Medios de Comunicaci\u00f3n que tiene una actitud patotera contra la oposici\u00f3n, y la tribuna del intendente comenz\u00f3 a enardecerse. All\u00ed, el intendente irrumpi\u00f3 en la sesi\u00f3n y la tribuna explot\u00f3 en el recinto\u201d.\u00a0<\/p>\n<p>Asimismo, relat\u00f3 que desde el bloque se levantaron y retiraron y que la sesi\u00f3n \u201cqued\u00f3 sin qu\u00f3rum\u201d. \u201c<strong>Vienen teniendo profundas diferencias desde el comienzo de la gesti\u00f3n<\/strong>. El primer a\u00f1o, el intendente le redujo el presupuesto al poder legislativo para tratar de domesticar las opiniones opositoras. Nosotros tenemos asiduos visitantes del gobierno nacional, como <a href=\"https:\/\/www.elintransigente.com\/noticias\/buscar\/?buscar=Rogelio+Frigerio\">Rogelio Frigerio<\/a>, conductor de Cambiemos en Entre R\u00edos\u201d, indic\u00f3.<\/p>\n<p>Al ser consultado sobre la pol\u00e9mica por el pedido de desafuero contra la diputada de Chaco, A\u00edda Ayala, indic\u00f3 que Varisco \u201cten\u00eda un estado de excitaci\u00f3n que parec\u00eda que hab\u00eda ganado el mundial\u201d. \u201c<strong>Es indignante haberlo visto al presidente hablando a los juzgados federales para luchar contra el narcotr\u00e1fico y al mismo tiempo atiende a nuestro intendente<\/strong>\u201d, concluy\u00f3.\u00a0<br \/>\n\u00a0<\/p>\n<\/div>\n<\/div>\n<p>Fuente: https:\/\/www.elintransigente.com\/politica\/2018\/6\/12\/escandalo-institucional-en-parana-por-el-caso-del-narco-intendente-495486.html<\/p>\n","protected":false},"excerpt":{"rendered":"<p>El intendente de Paran\u00e1, Sergio Varisco, qued\u00f3 a principio de mes imputado junto a dos concejales, envuelto en un esc\u00e1ndalo de narcotr\u00e1fico que golpea directamente a Cambiemos. En tanto, el juez Leandro R\u00edos, quien investiga supuestas relaciones entre funcionarios del municipio y una organizaci\u00f3n delictiva encabezada por Daniel \u00abTavi\u00bb Celis y su hermano Miguel \u00abCholo\u00bb [&hellip;]<\/p>\n","protected":false},"author":1,"featured_media":12226,"comment_status":"open","ping_status":"closed","sticky":false,"template":"","format":"standard","meta":{"footnotes":""},"categories":[1],"tags":[],"class_list":{"0":"post-12225","1":"post","2":"type-post","3":"status-publish","4":"format-standard","5":"has-post-thumbnail","7":"category-portada"},"yoast_head":"<!-- This site is optimized with the Yoast SEO plugin v27.5 - https:\/\/yoast.com\/product\/yoast-seo-wordpress\/ -->\n<title>Esc\u00e1ndalo institucional en Paran\u00e1 por el caso del \u201cnarco intendente\u201d - El Diario de Tucuman<\/title>\n<meta name=\"robots\" content=\"index, follow, max-snippet:-1, max-image-preview:large, max-video-preview:-1\" \/>\n<link rel=\"canonical\" href=\"https:\/\/www.eldiariodetucuman.com\/web\/escandalo-institucional-en-parana-por-el-caso-del-narco-intendente\/\" \/>\n<meta property=\"og:locale\" content=\"es_ES\" \/>\n<meta property=\"og:type\" content=\"article\" \/>\n<meta property=\"og:title\" content=\"Esc\u00e1ndalo institucional en Paran\u00e1 por el caso del \u201cnarco intendente\u201d - El Diario de Tucuman\" \/>\n<meta property=\"og:description\" content=\"El intendente de Paran\u00e1, Sergio Varisco, qued\u00f3 a principio de mes imputado junto a dos concejales, envuelto en un esc\u00e1ndalo de narcotr\u00e1fico que golpea directamente a Cambiemos. En tanto, el juez Leandro R\u00edos, quien investiga supuestas relaciones entre funcionarios del municipio y una organizaci\u00f3n delictiva encabezada por Daniel \u00abTavi\u00bb Celis y su hermano Miguel \u00abCholo\u00bb [&hellip;]\" \/>\n<meta property=\"og:url\" content=\"https:\/\/www.eldiariodetucuman.com\/web\/escandalo-institucional-en-parana-por-el-caso-del-narco-intendente\/\" \/>\n<meta property=\"og:site_name\" content=\"El Diario de Tucuman\" \/>\n<meta property=\"article:published_time\" content=\"2018-06-12T14:42:10+00:00\" \/>\n<meta property=\"article:modified_time\" content=\"2018-06-12T14:42:12+00:00\" \/>\n<meta property=\"og:image\" content=\"https:\/\/www.eldiariodetucuman.com\/web\/wp-content\/uploads\/2018\/06\/ae054562269fd4d6f8e951524838431c.jpeg\" \/>\n\t<meta property=\"og:image:width\" content=\"960\" \/>\n\t<meta property=\"og:image:height\" content=\"539\" \/>\n\t<meta property=\"og:image:type\" content=\"image\/jpeg\" \/>\n<meta name=\"author\" content=\"admin\" \/>\n<meta name=\"twitter:card\" content=\"summary_large_image\" \/>\n<meta name=\"twitter:label1\" content=\"Escrito por\" \/>\n\t<meta name=\"twitter:data1\" content=\"admin\" \/>\n\t<meta name=\"twitter:label2\" content=\"Tiempo de lectura\" \/>\n\t<meta name=\"twitter:data2\" content=\"2 minutos\" \/>\n<script type=\"application\/ld+json\" class=\"yoast-schema-graph\">{\"@context\":\"https:\\\/\\\/schema.org\",\"@graph\":[{\"@type\":\"Article\",\"@id\":\"https:\\\/\\\/www.eldiariodetucuman.com\\\/web\\\/escandalo-institucional-en-parana-por-el-caso-del-narco-intendente\\\/#article\",\"isPartOf\":{\"@id\":\"https:\\\/\\\/www.eldiariodetucuman.com\\\/web\\\/escandalo-institucional-en-parana-por-el-caso-del-narco-intendente\\\/\"},\"author\":{\"name\":\"admin\",\"@id\":\"https:\\\/\\\/www.eldiariodetucuman.com\\\/web\\\/#\\\/schema\\\/person\\\/9250197d75ab5483412e19678b121caa\"},\"headline\":\"Esc\u00e1ndalo institucional en Paran\u00e1 por el caso del \u201cnarco intendente\u201d\",\"datePublished\":\"2018-06-12T14:42:10+00:00\",\"dateModified\":\"2018-06-12T14:42:12+00:00\",\"mainEntityOfPage\":{\"@id\":\"https:\\\/\\\/www.eldiariodetucuman.com\\\/web\\\/escandalo-institucional-en-parana-por-el-caso-del-narco-intendente\\\/\"},\"wordCount\":411,\"commentCount\":0,\"publisher\":{\"@id\":\"https:\\\/\\\/www.eldiariodetucuman.com\\\/web\\\/#organization\"},\"image\":{\"@id\":\"https:\\\/\\\/www.eldiariodetucuman.com\\\/web\\\/escandalo-institucional-en-parana-por-el-caso-del-narco-intendente\\\/#primaryimage\"},\"thumbnailUrl\":\"https:\\\/\\\/www.eldiariodetucuman.com\\\/web\\\/wp-content\\\/uploads\\\/2018\\\/06\\\/ae054562269fd4d6f8e951524838431c.jpeg\",\"articleSection\":[\"Portada\"],\"inLanguage\":\"es\",\"potentialAction\":[{\"@type\":\"CommentAction\",\"name\":\"Comment\",\"target\":[\"https:\\\/\\\/www.eldiariodetucuman.com\\\/web\\\/escandalo-institucional-en-parana-por-el-caso-del-narco-intendente\\\/#respond\"]}]},{\"@type\":\"WebPage\",\"@id\":\"https:\\\/\\\/www.eldiariodetucuman.com\\\/web\\\/escandalo-institucional-en-parana-por-el-caso-del-narco-intendente\\\/\",\"url\":\"https:\\\/\\\/www.eldiariodetucuman.com\\\/web\\\/escandalo-institucional-en-parana-por-el-caso-del-narco-intendente\\\/\",\"name\":\"Esc\u00e1ndalo institucional en Paran\u00e1 por el caso del \u201cnarco intendente\u201d - El Diario de Tucuman\",\"isPartOf\":{\"@id\":\"https:\\\/\\\/www.eldiariodetucuman.com\\\/web\\\/#website\"},\"primaryImageOfPage\":{\"@id\":\"https:\\\/\\\/www.eldiariodetucuman.com\\\/web\\\/escandalo-institucional-en-parana-por-el-caso-del-narco-intendente\\\/#primaryimage\"},\"image\":{\"@id\":\"https:\\\/\\\/www.eldiariodetucuman.com\\\/web\\\/escandalo-institucional-en-parana-por-el-caso-del-narco-intendente\\\/#primaryimage\"},\"thumbnailUrl\":\"https:\\\/\\\/www.eldiariodetucuman.com\\\/web\\\/wp-content\\\/uploads\\\/2018\\\/06\\\/ae054562269fd4d6f8e951524838431c.jpeg\",\"datePublished\":\"2018-06-12T14:42:10+00:00\",\"dateModified\":\"2018-06-12T14:42:12+00:00\",\"breadcrumb\":{\"@id\":\"https:\\\/\\\/www.eldiariodetucuman.com\\\/web\\\/escandalo-institucional-en-parana-por-el-caso-del-narco-intendente\\\/#breadcrumb\"},\"inLanguage\":\"es\",\"potentialAction\":[{\"@type\":\"ReadAction\",\"target\":[\"https:\\\/\\\/www.eldiariodetucuman.com\\\/web\\\/escandalo-institucional-en-parana-por-el-caso-del-narco-intendente\\\/\"]}]},{\"@type\":\"ImageObject\",\"inLanguage\":\"es\",\"@id\":\"https:\\\/\\\/www.eldiariodetucuman.com\\\/web\\\/escandalo-institucional-en-parana-por-el-caso-del-narco-intendente\\\/#primaryimage\",\"url\":\"https:\\\/\\\/www.eldiariodetucuman.com\\\/web\\\/wp-content\\\/uploads\\\/2018\\\/06\\\/ae054562269fd4d6f8e951524838431c.jpeg\",\"contentUrl\":\"https:\\\/\\\/www.eldiariodetucuman.com\\\/web\\\/wp-content\\\/uploads\\\/2018\\\/06\\\/ae054562269fd4d6f8e951524838431c.jpeg\",\"width\":960,\"height\":539},{\"@type\":\"BreadcrumbList\",\"@id\":\"https:\\\/\\\/www.eldiariodetucuman.com\\\/web\\\/escandalo-institucional-en-parana-por-el-caso-del-narco-intendente\\\/#breadcrumb\",\"itemListElement\":[{\"@type\":\"ListItem\",\"position\":1,\"name\":\"Portada\",\"item\":\"https:\\\/\\\/www.eldiariodetucuman.com\\\/web\\\/\"},{\"@type\":\"ListItem\",\"position\":2,\"name\":\"Esc\u00e1ndalo institucional en Paran\u00e1 por el caso del \u201cnarco intendente\u201d\"}]},{\"@type\":\"WebSite\",\"@id\":\"https:\\\/\\\/www.eldiariodetucuman.com\\\/web\\\/#website\",\"url\":\"https:\\\/\\\/www.eldiariodetucuman.com\\\/web\\\/\",\"name\":\"El Diario de Tucuman\",\"description\":\"Diario Tucuman - Informaci\u00f3n y noticias\",\"publisher\":{\"@id\":\"https:\\\/\\\/www.eldiariodetucuman.com\\\/web\\\/#organization\"},\"potentialAction\":[{\"@type\":\"SearchAction\",\"target\":{\"@type\":\"EntryPoint\",\"urlTemplate\":\"https:\\\/\\\/www.eldiariodetucuman.com\\\/web\\\/?s={search_term_string}\"},\"query-input\":{\"@type\":\"PropertyValueSpecification\",\"valueRequired\":true,\"valueName\":\"search_term_string\"}}],\"inLanguage\":\"es\"},{\"@type\":\"Organization\",\"@id\":\"https:\\\/\\\/www.eldiariodetucuman.com\\\/web\\\/#organization\",\"name\":\"El Diario de Tucuman\",\"url\":\"https:\\\/\\\/www.eldiariodetucuman.com\\\/web\\\/\",\"logo\":{\"@type\":\"ImageObject\",\"inLanguage\":\"es\",\"@id\":\"https:\\\/\\\/www.eldiariodetucuman.com\\\/web\\\/#\\\/schema\\\/logo\\\/image\\\/\",\"url\":\"http:\\\/\\\/www.eldiariodetucuman.com\\\/web\\\/wp-content\\\/uploads\\\/2017\\\/12\\\/el-diario-de-tucuman.jpg\",\"contentUrl\":\"http:\\\/\\\/www.eldiariodetucuman.com\\\/web\\\/wp-content\\\/uploads\\\/2017\\\/12\\\/el-diario-de-tucuman.jpg\",\"width\":272,\"height\":92,\"caption\":\"El Diario de Tucuman\"},\"image\":{\"@id\":\"https:\\\/\\\/www.eldiariodetucuman.com\\\/web\\\/#\\\/schema\\\/logo\\\/image\\\/\"}},{\"@type\":\"Person\",\"@id\":\"https:\\\/\\\/www.eldiariodetucuman.com\\\/web\\\/#\\\/schema\\\/person\\\/9250197d75ab5483412e19678b121caa\",\"name\":\"admin\",\"image\":{\"@type\":\"ImageObject\",\"inLanguage\":\"es\",\"@id\":\"https:\\\/\\\/secure.gravatar.com\\\/avatar\\\/c44d117c2be811212c22cb481f6b8384b6873de103fbc49e7a03cc58d7dea4ac?s=96&d=mm&r=g\",\"url\":\"https:\\\/\\\/secure.gravatar.com\\\/avatar\\\/c44d117c2be811212c22cb481f6b8384b6873de103fbc49e7a03cc58d7dea4ac?s=96&d=mm&r=g\",\"contentUrl\":\"https:\\\/\\\/secure.gravatar.com\\\/avatar\\\/c44d117c2be811212c22cb481f6b8384b6873de103fbc49e7a03cc58d7dea4ac?s=96&d=mm&r=g\",\"caption\":\"admin\"},\"url\":\"https:\\\/\\\/www.eldiariodetucuman.com\\\/web\\\/author\\\/admin\\\/\"}]}<\/script>\n<!-- \/ Yoast SEO plugin. -->","yoast_head_json":{"title":"Esc\u00e1ndalo institucional en Paran\u00e1 por el caso del \u201cnarco intendente\u201d - El Diario de Tucuman","robots":{"index":"index","follow":"follow","max-snippet":"max-snippet:-1","max-image-preview":"max-image-preview:large","max-video-preview":"max-video-preview:-1"},"canonical":"https:\/\/www.eldiariodetucuman.com\/web\/escandalo-institucional-en-parana-por-el-caso-del-narco-intendente\/","og_locale":"es_ES","og_type":"article","og_title":"Esc\u00e1ndalo institucional en Paran\u00e1 por el caso del \u201cnarco intendente\u201d - El Diario de Tucuman","og_description":"El intendente de Paran\u00e1, Sergio Varisco, qued\u00f3 a principio de mes imputado junto a dos concejales, envuelto en un esc\u00e1ndalo de narcotr\u00e1fico que golpea directamente a Cambiemos. En tanto, el juez Leandro R\u00edos, quien investiga supuestas relaciones entre funcionarios del municipio y una organizaci\u00f3n delictiva encabezada por Daniel \u00abTavi\u00bb Celis y su hermano Miguel \u00abCholo\u00bb [&hellip;]","og_url":"https:\/\/www.eldiariodetucuman.com\/web\/escandalo-institucional-en-parana-por-el-caso-del-narco-intendente\/","og_site_name":"El Diario de Tucuman","article_published_time":"2018-06-12T14:42:10+00:00","article_modified_time":"2018-06-12T14:42:12+00:00","og_image":[{"width":960,"height":539,"url":"https:\/\/www.eldiariodetucuman.com\/web\/wp-content\/uploads\/2018\/06\/ae054562269fd4d6f8e951524838431c.jpeg","type":"image\/jpeg"}],"author":"admin","twitter_card":"summary_large_image","twitter_misc":{"Escrito por":"admin","Tiempo de lectura":"2 minutos"},"schema":{"@context":"https:\/\/schema.org","@graph":[{"@type":"Article","@id":"https:\/\/www.eldiariodetucuman.com\/web\/escandalo-institucional-en-parana-por-el-caso-del-narco-intendente\/#article","isPartOf":{"@id":"https:\/\/www.eldiariodetucuman.com\/web\/escandalo-institucional-en-parana-por-el-caso-del-narco-intendente\/"},"author":{"name":"admin","@id":"https:\/\/www.eldiariodetucuman.com\/web\/#\/schema\/person\/9250197d75ab5483412e19678b121caa"},"headline":"Esc\u00e1ndalo institucional en Paran\u00e1 por el caso del \u201cnarco intendente\u201d","datePublished":"2018-06-12T14:42:10+00:00","dateModified":"2018-06-12T14:42:12+00:00","mainEntityOfPage":{"@id":"https:\/\/www.eldiariodetucuman.com\/web\/escandalo-institucional-en-parana-por-el-caso-del-narco-intendente\/"},"wordCount":411,"commentCount":0,"publisher":{"@id":"https:\/\/www.eldiariodetucuman.com\/web\/#organization"},"image":{"@id":"https:\/\/www.eldiariodetucuman.com\/web\/escandalo-institucional-en-parana-por-el-caso-del-narco-intendente\/#primaryimage"},"thumbnailUrl":"https:\/\/www.eldiariodetucuman.com\/web\/wp-content\/uploads\/2018\/06\/ae054562269fd4d6f8e951524838431c.jpeg","articleSection":["Portada"],"inLanguage":"es","potentialAction":[{"@type":"CommentAction","name":"Comment","target":["https:\/\/www.eldiariodetucuman.com\/web\/escandalo-institucional-en-parana-por-el-caso-del-narco-intendente\/#respond"]}]},{"@type":"WebPage","@id":"https:\/\/www.eldiariodetucuman.com\/web\/escandalo-institucional-en-parana-por-el-caso-del-narco-intendente\/","url":"https:\/\/www.eldiariodetucuman.com\/web\/escandalo-institucional-en-parana-por-el-caso-del-narco-intendente\/","name":"Esc\u00e1ndalo institucional en Paran\u00e1 por el caso del \u201cnarco intendente\u201d - El Diario de Tucuman","isPartOf":{"@id":"https:\/\/www.eldiariodetucuman.com\/web\/#website"},"primaryImageOfPage":{"@id":"https:\/\/www.eldiariodetucuman.com\/web\/escandalo-institucional-en-parana-por-el-caso-del-narco-intendente\/#primaryimage"},"image":{"@id":"https:\/\/www.eldiariodetucuman.com\/web\/escandalo-institucional-en-parana-por-el-caso-del-narco-intendente\/#primaryimage"},"thumbnailUrl":"https:\/\/www.eldiariodetucuman.com\/web\/wp-content\/uploads\/2018\/06\/ae054562269fd4d6f8e951524838431c.jpeg","datePublished":"2018-06-12T14:42:10+00:00","dateModified":"2018-06-12T14:42:12+00:00","breadcrumb":{"@id":"https:\/\/www.eldiariodetucuman.com\/web\/escandalo-institucional-en-parana-por-el-caso-del-narco-intendente\/#breadcrumb"},"inLanguage":"es","potentialAction":[{"@type":"ReadAction","target":["https:\/\/www.eldiariodetucuman.com\/web\/escandalo-institucional-en-parana-por-el-caso-del-narco-intendente\/"]}]},{"@type":"ImageObject","inLanguage":"es","@id":"https:\/\/www.eldiariodetucuman.com\/web\/escandalo-institucional-en-parana-por-el-caso-del-narco-intendente\/#primaryimage","url":"https:\/\/www.eldiariodetucuman.com\/web\/wp-content\/uploads\/2018\/06\/ae054562269fd4d6f8e951524838431c.jpeg","contentUrl":"https:\/\/www.eldiariodetucuman.com\/web\/wp-content\/uploads\/2018\/06\/ae054562269fd4d6f8e951524838431c.jpeg","width":960,"height":539},{"@type":"BreadcrumbList","@id":"https:\/\/www.eldiariodetucuman.com\/web\/escandalo-institucional-en-parana-por-el-caso-del-narco-intendente\/#breadcrumb","itemListElement":[{"@type":"ListItem","position":1,"name":"Portada","item":"https:\/\/www.eldiariodetucuman.com\/web\/"},{"@type":"ListItem","position":2,"name":"Esc\u00e1ndalo institucional en Paran\u00e1 por el caso del \u201cnarco intendente\u201d"}]},{"@type":"WebSite","@id":"https:\/\/www.eldiariodetucuman.com\/web\/#website","url":"https:\/\/www.eldiariodetucuman.com\/web\/","name":"El Diario de Tucuman","description":"Diario Tucuman - Informaci\u00f3n y noticias","publisher":{"@id":"https:\/\/www.eldiariodetucuman.com\/web\/#organization"},"potentialAction":[{"@type":"SearchAction","target":{"@type":"EntryPoint","urlTemplate":"https:\/\/www.eldiariodetucuman.com\/web\/?s={search_term_string}"},"query-input":{"@type":"PropertyValueSpecification","valueRequired":true,"valueName":"search_term_string"}}],"inLanguage":"es"},{"@type":"Organization","@id":"https:\/\/www.eldiariodetucuman.com\/web\/#organization","name":"El Diario de Tucuman","url":"https:\/\/www.eldiariodetucuman.com\/web\/","logo":{"@type":"ImageObject","inLanguage":"es","@id":"https:\/\/www.eldiariodetucuman.com\/web\/#\/schema\/logo\/image\/","url":"http:\/\/www.eldiariodetucuman.com\/web\/wp-content\/uploads\/2017\/12\/el-diario-de-tucuman.jpg","contentUrl":"http:\/\/www.eldiariodetucuman.com\/web\/wp-content\/uploads\/2017\/12\/el-diario-de-tucuman.jpg","width":272,"height":92,"caption":"El Diario de Tucuman"},"image":{"@id":"https:\/\/www.eldiariodetucuman.com\/web\/#\/schema\/logo\/image\/"}},{"@type":"Person","@id":"https:\/\/www.eldiariodetucuman.com\/web\/#\/schema\/person\/9250197d75ab5483412e19678b121caa","name":"admin","image":{"@type":"ImageObject","inLanguage":"es","@id":"https:\/\/secure.gravatar.com\/avatar\/c44d117c2be811212c22cb481f6b8384b6873de103fbc49e7a03cc58d7dea4ac?s=96&d=mm&r=g","url":"https:\/\/secure.gravatar.com\/avatar\/c44d117c2be811212c22cb481f6b8384b6873de103fbc49e7a03cc58d7dea4ac?s=96&d=mm&r=g","contentUrl":"https:\/\/secure.gravatar.com\/avatar\/c44d117c2be811212c22cb481f6b8384b6873de103fbc49e7a03cc58d7dea4ac?s=96&d=mm&r=g","caption":"admin"},"url":"https:\/\/www.eldiariodetucuman.com\/web\/author\/admin\/"}]}},"_links":{"self":[{"href":"https:\/\/www.eldiariodetucuman.com\/web\/wp-json\/wp\/v2\/posts\/12225","targetHints":{"allow":["GET"]}}],"collection":[{"href":"https:\/\/www.eldiariodetucuman.com\/web\/wp-json\/wp\/v2\/posts"}],"about":[{"href":"https:\/\/www.eldiariodetucuman.com\/web\/wp-json\/wp\/v2\/types\/post"}],"author":[{"embeddable":true,"href":"https:\/\/www.eldiariodetucuman.com\/web\/wp-json\/wp\/v2\/users\/1"}],"replies":[{"embeddable":true,"href":"https:\/\/www.eldiariodetucuman.com\/web\/wp-json\/wp\/v2\/comments?post=12225"}],"version-history":[{"count":1,"href":"https:\/\/www.eldiariodetucuman.com\/web\/wp-json\/wp\/v2\/posts\/12225\/revisions"}],"predecessor-version":[{"id":12227,"href":"https:\/\/www.eldiariodetucuman.com\/web\/wp-json\/wp\/v2\/posts\/12225\/revisions\/12227"}],"wp:featuredmedia":[{"embeddable":true,"href":"https:\/\/www.eldiariodetucuman.com\/web\/wp-json\/wp\/v2\/media\/12226"}],"wp:attachment":[{"href":"https:\/\/www.eldiariodetucuman.com\/web\/wp-json\/wp\/v2\/media?parent=12225"}],"wp:term":[{"taxonomy":"category","embeddable":true,"href":"https:\/\/www.eldiariodetucuman.com\/web\/wp-json\/wp\/v2\/categories?post=12225"},{"taxonomy":"post_tag","embeddable":true,"href":"https:\/\/www.eldiariodetucuman.com\/web\/wp-json\/wp\/v2\/tags?post=12225"}],"curies":[{"name":"wp","href":"https:\/\/api.w.org\/{rel}","templated":true}]}}