{"id":11981,"date":"2018-06-07T15:16:03","date_gmt":"2018-06-07T18:16:03","guid":{"rendered":"http:\/\/www.eldiariodetucuman.com\/web\/?p=11981"},"modified":"2018-06-07T15:16:03","modified_gmt":"2018-06-07T18:16:03","slug":"en-santa-ana-se-movilizan-para-ayudar-a-romina","status":"publish","type":"post","link":"https:\/\/www.eldiariodetucuman.com\/web\/en-santa-ana-se-movilizan-para-ayudar-a-romina\/","title":{"rendered":"En Santa Ana se movilizan para ayudar a Romina"},"content":{"rendered":"<div class=\"meta-stuff\"><strong>Romina Ledesma<\/strong> tiene 30 a\u00f1os y vive en la localidad de<strong> Santa An<\/strong>a. Sufre hace 6 a\u00f1os una dolorosa y extra\u00f1a enfermedad llamada Cefales Horton, tambi\u00e9n conocida como cefalea suicida, precisamente por el inmenso e insoportable dolor que causa.<\/div>\n<p><!--more--><\/p>\n<section class=\"entry entry-single\">Para aliviar el dolor, Romina recibe altas dosis de morfina y convive con ox\u00edgeno analg\u00e9sico. Se pudo conocer que necesita casi $ 1.500.000 para hacer un tratamiento en Espa\u00f1a.<\/p>\n<p>E<span class=\"text_exposed_show\">n una carta abierta, la joven puso: \u201cNecesito su ayuda. \u00a1Dame por favor la posibilidad de seguir viviendo!\u201d, son las desesperadas palabras que us\u00f3 Romina para pedir la colaboraci\u00f3n de todos.<\/span><\/p>\n<div class=\"text_exposed_show\">\n<p>Sobre el final de la carta, la mujer manifest\u00f3: \u201cQuiero volver a sentirme bien junto a mis hijos Xiomara, Alan David y mi esposo Gabriel, que tanto me necesitan; no quiero ser dentro de poco un mero recuerdo para ellos y quiero seguir presente en sus vidas como cualquier madre, acompa\u00f1arlo a la escuela, asistirlos y poder vivenciar su crecimiento\u201d.<\/p>\n<p>Tengamos conciencia y si podemos colaborar, Romina abri\u00f3 una cuenta en el Banco Naci\u00f3n Suc. 1030 AGUILARES \u2013 Tucum\u00e1n, cuenta N\u00b0 1041463803 CBU 01101047-30010414638033<\/p>\n<p>El viernes 8 a hs 20 en el club Super Cl\u00e1sico de Santa Ana realizar\u00e1n una pe\u00f1a a beneficio de Romina. En la oportunidad actuar\u00e1n Las Voces del Boquer\u00f3n, IVO Rodr\u00edguez, los KAU , El Rejunte, Pizza Carrizo, Balet Academia Batiruano, Ringo Ruiz, Lalo Medina Juan \u00c1ngel Robledo y Cheo Acosta.<\/p>\n<p><strong>Fuente:<\/strong>\u00a0<a href=\"https:\/\/enteratetucuman.com\/2018\/06\/07\/llamado-a-la-solidaridad-romina-nos-necesita\/\">https:\/\/enteratetucuman.com\/2018\/06\/07\/llamado-a-la-solidaridad-romina-nos-necesita\/<\/a><\/p>\n<\/div>\n<\/section>\n","protected":false},"excerpt":{"rendered":"<p>Romina Ledesma tiene 30 a\u00f1os y vive en la localidad de Santa Ana. Sufre hace 6 a\u00f1os una dolorosa y extra\u00f1a enfermedad llamada Cefales Horton, tambi\u00e9n conocida como cefalea suicida, precisamente por el inmenso e insoportable dolor que causa.<\/p>\n","protected":false},"author":5,"featured_media":11982,"comment_status":"closed","ping_status":"open","sticky":false,"template":"","format":"standard","meta":{"footnotes":""},"categories":[2],"tags":[134,7,1036,61],"class_list":{"0":"post-11981","1":"post","2":"type-post","3":"status-publish","4":"format-standard","5":"has-post-thumbnail","7":"category-actualidad","8":"tag-argentina","9":"tag-el-diario-de-tucuman","10":"tag-solidaridad","11":"tag-tucuman"},"yoast_head":"<!-- This site is optimized with the Yoast SEO plugin v27.4 - https:\/\/yoast.com\/product\/yoast-seo-wordpress\/ -->\n<title>En Santa Ana se movilizan para ayudar a Romina - El Diario de Tucuman<\/title>\n<meta name=\"robots\" content=\"index, follow, max-snippet:-1, max-image-preview:large, max-video-preview:-1\" \/>\n<link rel=\"canonical\" href=\"https:\/\/www.eldiariodetucuman.com\/web\/en-santa-ana-se-movilizan-para-ayudar-a-romina\/\" \/>\n<meta property=\"og:locale\" content=\"es_ES\" \/>\n<meta property=\"og:type\" content=\"article\" \/>\n<meta property=\"og:title\" content=\"En Santa Ana se movilizan para ayudar a Romina - El Diario de Tucuman\" \/>\n<meta property=\"og:description\" content=\"Romina Ledesma tiene 30 a\u00f1os y vive en la localidad de Santa Ana. Sufre hace 6 a\u00f1os una dolorosa y extra\u00f1a enfermedad llamada Cefales Horton, tambi\u00e9n conocida como cefalea suicida, precisamente por el inmenso e insoportable dolor que causa.\" \/>\n<meta property=\"og:url\" content=\"https:\/\/www.eldiariodetucuman.com\/web\/en-santa-ana-se-movilizan-para-ayudar-a-romina\/\" \/>\n<meta property=\"og:site_name\" content=\"El Diario de Tucuman\" \/>\n<meta property=\"article:published_time\" content=\"2018-06-07T18:16:03+00:00\" \/>\n<meta property=\"og:image\" content=\"https:\/\/www.eldiariodetucuman.com\/web\/wp-content\/uploads\/2018\/06\/rominasantaana.jpg\" \/>\n\t<meta property=\"og:image:width\" content=\"719\" \/>\n\t<meta property=\"og:image:height\" content=\"600\" \/>\n\t<meta property=\"og:image:type\" content=\"image\/jpeg\" \/>\n<meta name=\"author\" content=\"Redactor Uno\" \/>\n<meta name=\"twitter:card\" content=\"summary_large_image\" \/>\n<meta name=\"twitter:label1\" content=\"Escrito por\" \/>\n\t<meta name=\"twitter:data1\" content=\"Redactor Uno\" \/>\n\t<meta name=\"twitter:label2\" content=\"Tiempo de lectura\" \/>\n\t<meta name=\"twitter:data2\" content=\"1 minuto\" \/>\n<script type=\"application\/ld+json\" class=\"yoast-schema-graph\">{\"@context\":\"https:\\\/\\\/schema.org\",\"@graph\":[{\"@type\":\"Article\",\"@id\":\"https:\\\/\\\/www.eldiariodetucuman.com\\\/web\\\/en-santa-ana-se-movilizan-para-ayudar-a-romina\\\/#article\",\"isPartOf\":{\"@id\":\"https:\\\/\\\/www.eldiariodetucuman.com\\\/web\\\/en-santa-ana-se-movilizan-para-ayudar-a-romina\\\/\"},\"author\":{\"name\":\"Redactor Uno\",\"@id\":\"https:\\\/\\\/www.eldiariodetucuman.com\\\/web\\\/#\\\/schema\\\/person\\\/7e6644a46e60888f6b868594407e08dd\"},\"headline\":\"En Santa Ana se movilizan para ayudar a Romina\",\"datePublished\":\"2018-06-07T18:16:03+00:00\",\"mainEntityOfPage\":{\"@id\":\"https:\\\/\\\/www.eldiariodetucuman.com\\\/web\\\/en-santa-ana-se-movilizan-para-ayudar-a-romina\\\/\"},\"wordCount\":255,\"publisher\":{\"@id\":\"https:\\\/\\\/www.eldiariodetucuman.com\\\/web\\\/#organization\"},\"image\":{\"@id\":\"https:\\\/\\\/www.eldiariodetucuman.com\\\/web\\\/en-santa-ana-se-movilizan-para-ayudar-a-romina\\\/#primaryimage\"},\"thumbnailUrl\":\"https:\\\/\\\/www.eldiariodetucuman.com\\\/web\\\/wp-content\\\/uploads\\\/2018\\\/06\\\/rominasantaana.jpg\",\"keywords\":[\"Argentina\",\"El Diario de Tucuman\",\"solidaridad\",\"Tucuman\"],\"articleSection\":[\"Actualidad\"],\"inLanguage\":\"es\"},{\"@type\":\"WebPage\",\"@id\":\"https:\\\/\\\/www.eldiariodetucuman.com\\\/web\\\/en-santa-ana-se-movilizan-para-ayudar-a-romina\\\/\",\"url\":\"https:\\\/\\\/www.eldiariodetucuman.com\\\/web\\\/en-santa-ana-se-movilizan-para-ayudar-a-romina\\\/\",\"name\":\"En Santa Ana se movilizan para ayudar a Romina - El Diario de Tucuman\",\"isPartOf\":{\"@id\":\"https:\\\/\\\/www.eldiariodetucuman.com\\\/web\\\/#website\"},\"primaryImageOfPage\":{\"@id\":\"https:\\\/\\\/www.eldiariodetucuman.com\\\/web\\\/en-santa-ana-se-movilizan-para-ayudar-a-romina\\\/#primaryimage\"},\"image\":{\"@id\":\"https:\\\/\\\/www.eldiariodetucuman.com\\\/web\\\/en-santa-ana-se-movilizan-para-ayudar-a-romina\\\/#primaryimage\"},\"thumbnailUrl\":\"https:\\\/\\\/www.eldiariodetucuman.com\\\/web\\\/wp-content\\\/uploads\\\/2018\\\/06\\\/rominasantaana.jpg\",\"datePublished\":\"2018-06-07T18:16:03+00:00\",\"breadcrumb\":{\"@id\":\"https:\\\/\\\/www.eldiariodetucuman.com\\\/web\\\/en-santa-ana-se-movilizan-para-ayudar-a-romina\\\/#breadcrumb\"},\"inLanguage\":\"es\",\"potentialAction\":[{\"@type\":\"ReadAction\",\"target\":[\"https:\\\/\\\/www.eldiariodetucuman.com\\\/web\\\/en-santa-ana-se-movilizan-para-ayudar-a-romina\\\/\"]}]},{\"@type\":\"ImageObject\",\"inLanguage\":\"es\",\"@id\":\"https:\\\/\\\/www.eldiariodetucuman.com\\\/web\\\/en-santa-ana-se-movilizan-para-ayudar-a-romina\\\/#primaryimage\",\"url\":\"https:\\\/\\\/www.eldiariodetucuman.com\\\/web\\\/wp-content\\\/uploads\\\/2018\\\/06\\\/rominasantaana.jpg\",\"contentUrl\":\"https:\\\/\\\/www.eldiariodetucuman.com\\\/web\\\/wp-content\\\/uploads\\\/2018\\\/06\\\/rominasantaana.jpg\",\"width\":719,\"height\":600},{\"@type\":\"BreadcrumbList\",\"@id\":\"https:\\\/\\\/www.eldiariodetucuman.com\\\/web\\\/en-santa-ana-se-movilizan-para-ayudar-a-romina\\\/#breadcrumb\",\"itemListElement\":[{\"@type\":\"ListItem\",\"position\":1,\"name\":\"Portada\",\"item\":\"https:\\\/\\\/www.eldiariodetucuman.com\\\/web\\\/\"},{\"@type\":\"ListItem\",\"position\":2,\"name\":\"En Santa Ana se movilizan para ayudar a Romina\"}]},{\"@type\":\"WebSite\",\"@id\":\"https:\\\/\\\/www.eldiariodetucuman.com\\\/web\\\/#website\",\"url\":\"https:\\\/\\\/www.eldiariodetucuman.com\\\/web\\\/\",\"name\":\"El Diario de Tucuman\",\"description\":\"Diario Tucuman - Informaci\u00f3n y noticias\",\"publisher\":{\"@id\":\"https:\\\/\\\/www.eldiariodetucuman.com\\\/web\\\/#organization\"},\"potentialAction\":[{\"@type\":\"SearchAction\",\"target\":{\"@type\":\"EntryPoint\",\"urlTemplate\":\"https:\\\/\\\/www.eldiariodetucuman.com\\\/web\\\/?s={search_term_string}\"},\"query-input\":{\"@type\":\"PropertyValueSpecification\",\"valueRequired\":true,\"valueName\":\"search_term_string\"}}],\"inLanguage\":\"es\"},{\"@type\":\"Organization\",\"@id\":\"https:\\\/\\\/www.eldiariodetucuman.com\\\/web\\\/#organization\",\"name\":\"El Diario de Tucuman\",\"url\":\"https:\\\/\\\/www.eldiariodetucuman.com\\\/web\\\/\",\"logo\":{\"@type\":\"ImageObject\",\"inLanguage\":\"es\",\"@id\":\"https:\\\/\\\/www.eldiariodetucuman.com\\\/web\\\/#\\\/schema\\\/logo\\\/image\\\/\",\"url\":\"http:\\\/\\\/www.eldiariodetucuman.com\\\/web\\\/wp-content\\\/uploads\\\/2017\\\/12\\\/el-diario-de-tucuman.jpg\",\"contentUrl\":\"http:\\\/\\\/www.eldiariodetucuman.com\\\/web\\\/wp-content\\\/uploads\\\/2017\\\/12\\\/el-diario-de-tucuman.jpg\",\"width\":272,\"height\":92,\"caption\":\"El Diario de Tucuman\"},\"image\":{\"@id\":\"https:\\\/\\\/www.eldiariodetucuman.com\\\/web\\\/#\\\/schema\\\/logo\\\/image\\\/\"}},{\"@type\":\"Person\",\"@id\":\"https:\\\/\\\/www.eldiariodetucuman.com\\\/web\\\/#\\\/schema\\\/person\\\/7e6644a46e60888f6b868594407e08dd\",\"name\":\"Redactor Uno\",\"image\":{\"@type\":\"ImageObject\",\"inLanguage\":\"es\",\"@id\":\"https:\\\/\\\/secure.gravatar.com\\\/avatar\\\/0049b1bdf1bd548385c9ea6b9356431717930913089febd2ba904f0187d7d074?s=96&d=mm&r=g\",\"url\":\"https:\\\/\\\/secure.gravatar.com\\\/avatar\\\/0049b1bdf1bd548385c9ea6b9356431717930913089febd2ba904f0187d7d074?s=96&d=mm&r=g\",\"contentUrl\":\"https:\\\/\\\/secure.gravatar.com\\\/avatar\\\/0049b1bdf1bd548385c9ea6b9356431717930913089febd2ba904f0187d7d074?s=96&d=mm&r=g\",\"caption\":\"Redactor Uno\"},\"url\":\"https:\\\/\\\/www.eldiariodetucuman.com\\\/web\\\/author\\\/mramasco\\\/\"}]}<\/script>\n<!-- \/ Yoast SEO plugin. -->","yoast_head_json":{"title":"En Santa Ana se movilizan para ayudar a Romina - El Diario de Tucuman","robots":{"index":"index","follow":"follow","max-snippet":"max-snippet:-1","max-image-preview":"max-image-preview:large","max-video-preview":"max-video-preview:-1"},"canonical":"https:\/\/www.eldiariodetucuman.com\/web\/en-santa-ana-se-movilizan-para-ayudar-a-romina\/","og_locale":"es_ES","og_type":"article","og_title":"En Santa Ana se movilizan para ayudar a Romina - El Diario de Tucuman","og_description":"Romina Ledesma tiene 30 a\u00f1os y vive en la localidad de Santa Ana. Sufre hace 6 a\u00f1os una dolorosa y extra\u00f1a enfermedad llamada Cefales Horton, tambi\u00e9n conocida como cefalea suicida, precisamente por el inmenso e insoportable dolor que causa.","og_url":"https:\/\/www.eldiariodetucuman.com\/web\/en-santa-ana-se-movilizan-para-ayudar-a-romina\/","og_site_name":"El Diario de Tucuman","article_published_time":"2018-06-07T18:16:03+00:00","og_image":[{"width":719,"height":600,"url":"https:\/\/www.eldiariodetucuman.com\/web\/wp-content\/uploads\/2018\/06\/rominasantaana.jpg","type":"image\/jpeg"}],"author":"Redactor Uno","twitter_card":"summary_large_image","twitter_misc":{"Escrito por":"Redactor Uno","Tiempo de lectura":"1 minuto"},"schema":{"@context":"https:\/\/schema.org","@graph":[{"@type":"Article","@id":"https:\/\/www.eldiariodetucuman.com\/web\/en-santa-ana-se-movilizan-para-ayudar-a-romina\/#article","isPartOf":{"@id":"https:\/\/www.eldiariodetucuman.com\/web\/en-santa-ana-se-movilizan-para-ayudar-a-romina\/"},"author":{"name":"Redactor Uno","@id":"https:\/\/www.eldiariodetucuman.com\/web\/#\/schema\/person\/7e6644a46e60888f6b868594407e08dd"},"headline":"En Santa Ana se movilizan para ayudar a Romina","datePublished":"2018-06-07T18:16:03+00:00","mainEntityOfPage":{"@id":"https:\/\/www.eldiariodetucuman.com\/web\/en-santa-ana-se-movilizan-para-ayudar-a-romina\/"},"wordCount":255,"publisher":{"@id":"https:\/\/www.eldiariodetucuman.com\/web\/#organization"},"image":{"@id":"https:\/\/www.eldiariodetucuman.com\/web\/en-santa-ana-se-movilizan-para-ayudar-a-romina\/#primaryimage"},"thumbnailUrl":"https:\/\/www.eldiariodetucuman.com\/web\/wp-content\/uploads\/2018\/06\/rominasantaana.jpg","keywords":["Argentina","El Diario de Tucuman","solidaridad","Tucuman"],"articleSection":["Actualidad"],"inLanguage":"es"},{"@type":"WebPage","@id":"https:\/\/www.eldiariodetucuman.com\/web\/en-santa-ana-se-movilizan-para-ayudar-a-romina\/","url":"https:\/\/www.eldiariodetucuman.com\/web\/en-santa-ana-se-movilizan-para-ayudar-a-romina\/","name":"En Santa Ana se movilizan para ayudar a Romina - El Diario de Tucuman","isPartOf":{"@id":"https:\/\/www.eldiariodetucuman.com\/web\/#website"},"primaryImageOfPage":{"@id":"https:\/\/www.eldiariodetucuman.com\/web\/en-santa-ana-se-movilizan-para-ayudar-a-romina\/#primaryimage"},"image":{"@id":"https:\/\/www.eldiariodetucuman.com\/web\/en-santa-ana-se-movilizan-para-ayudar-a-romina\/#primaryimage"},"thumbnailUrl":"https:\/\/www.eldiariodetucuman.com\/web\/wp-content\/uploads\/2018\/06\/rominasantaana.jpg","datePublished":"2018-06-07T18:16:03+00:00","breadcrumb":{"@id":"https:\/\/www.eldiariodetucuman.com\/web\/en-santa-ana-se-movilizan-para-ayudar-a-romina\/#breadcrumb"},"inLanguage":"es","potentialAction":[{"@type":"ReadAction","target":["https:\/\/www.eldiariodetucuman.com\/web\/en-santa-ana-se-movilizan-para-ayudar-a-romina\/"]}]},{"@type":"ImageObject","inLanguage":"es","@id":"https:\/\/www.eldiariodetucuman.com\/web\/en-santa-ana-se-movilizan-para-ayudar-a-romina\/#primaryimage","url":"https:\/\/www.eldiariodetucuman.com\/web\/wp-content\/uploads\/2018\/06\/rominasantaana.jpg","contentUrl":"https:\/\/www.eldiariodetucuman.com\/web\/wp-content\/uploads\/2018\/06\/rominasantaana.jpg","width":719,"height":600},{"@type":"BreadcrumbList","@id":"https:\/\/www.eldiariodetucuman.com\/web\/en-santa-ana-se-movilizan-para-ayudar-a-romina\/#breadcrumb","itemListElement":[{"@type":"ListItem","position":1,"name":"Portada","item":"https:\/\/www.eldiariodetucuman.com\/web\/"},{"@type":"ListItem","position":2,"name":"En Santa Ana se movilizan para ayudar a Romina"}]},{"@type":"WebSite","@id":"https:\/\/www.eldiariodetucuman.com\/web\/#website","url":"https:\/\/www.eldiariodetucuman.com\/web\/","name":"El Diario de Tucuman","description":"Diario Tucuman - Informaci\u00f3n y noticias","publisher":{"@id":"https:\/\/www.eldiariodetucuman.com\/web\/#organization"},"potentialAction":[{"@type":"SearchAction","target":{"@type":"EntryPoint","urlTemplate":"https:\/\/www.eldiariodetucuman.com\/web\/?s={search_term_string}"},"query-input":{"@type":"PropertyValueSpecification","valueRequired":true,"valueName":"search_term_string"}}],"inLanguage":"es"},{"@type":"Organization","@id":"https:\/\/www.eldiariodetucuman.com\/web\/#organization","name":"El Diario de Tucuman","url":"https:\/\/www.eldiariodetucuman.com\/web\/","logo":{"@type":"ImageObject","inLanguage":"es","@id":"https:\/\/www.eldiariodetucuman.com\/web\/#\/schema\/logo\/image\/","url":"http:\/\/www.eldiariodetucuman.com\/web\/wp-content\/uploads\/2017\/12\/el-diario-de-tucuman.jpg","contentUrl":"http:\/\/www.eldiariodetucuman.com\/web\/wp-content\/uploads\/2017\/12\/el-diario-de-tucuman.jpg","width":272,"height":92,"caption":"El Diario de Tucuman"},"image":{"@id":"https:\/\/www.eldiariodetucuman.com\/web\/#\/schema\/logo\/image\/"}},{"@type":"Person","@id":"https:\/\/www.eldiariodetucuman.com\/web\/#\/schema\/person\/7e6644a46e60888f6b868594407e08dd","name":"Redactor Uno","image":{"@type":"ImageObject","inLanguage":"es","@id":"https:\/\/secure.gravatar.com\/avatar\/0049b1bdf1bd548385c9ea6b9356431717930913089febd2ba904f0187d7d074?s=96&d=mm&r=g","url":"https:\/\/secure.gravatar.com\/avatar\/0049b1bdf1bd548385c9ea6b9356431717930913089febd2ba904f0187d7d074?s=96&d=mm&r=g","contentUrl":"https:\/\/secure.gravatar.com\/avatar\/0049b1bdf1bd548385c9ea6b9356431717930913089febd2ba904f0187d7d074?s=96&d=mm&r=g","caption":"Redactor Uno"},"url":"https:\/\/www.eldiariodetucuman.com\/web\/author\/mramasco\/"}]}},"_links":{"self":[{"href":"https:\/\/www.eldiariodetucuman.com\/web\/wp-json\/wp\/v2\/posts\/11981","targetHints":{"allow":["GET"]}}],"collection":[{"href":"https:\/\/www.eldiariodetucuman.com\/web\/wp-json\/wp\/v2\/posts"}],"about":[{"href":"https:\/\/www.eldiariodetucuman.com\/web\/wp-json\/wp\/v2\/types\/post"}],"author":[{"embeddable":true,"href":"https:\/\/www.eldiariodetucuman.com\/web\/wp-json\/wp\/v2\/users\/5"}],"replies":[{"embeddable":true,"href":"https:\/\/www.eldiariodetucuman.com\/web\/wp-json\/wp\/v2\/comments?post=11981"}],"version-history":[{"count":1,"href":"https:\/\/www.eldiariodetucuman.com\/web\/wp-json\/wp\/v2\/posts\/11981\/revisions"}],"predecessor-version":[{"id":11983,"href":"https:\/\/www.eldiariodetucuman.com\/web\/wp-json\/wp\/v2\/posts\/11981\/revisions\/11983"}],"wp:featuredmedia":[{"embeddable":true,"href":"https:\/\/www.eldiariodetucuman.com\/web\/wp-json\/wp\/v2\/media\/11982"}],"wp:attachment":[{"href":"https:\/\/www.eldiariodetucuman.com\/web\/wp-json\/wp\/v2\/media?parent=11981"}],"wp:term":[{"taxonomy":"category","embeddable":true,"href":"https:\/\/www.eldiariodetucuman.com\/web\/wp-json\/wp\/v2\/categories?post=11981"},{"taxonomy":"post_tag","embeddable":true,"href":"https:\/\/www.eldiariodetucuman.com\/web\/wp-json\/wp\/v2\/tags?post=11981"}],"curies":[{"name":"wp","href":"https:\/\/api.w.org\/{rel}","templated":true}]}}