{"id":11959,"date":"2018-06-07T12:55:46","date_gmt":"2018-06-07T15:55:46","guid":{"rendered":"http:\/\/www.eldiariodetucuman.com\/web\/con-la-doble-pantalla-tactil-las-notebooks-buscan-dejar-en-el-pasado-al-teclado-fisico\/"},"modified":"2018-06-07T12:55:46","modified_gmt":"2018-06-07T15:55:46","slug":"con-la-doble-pantalla-tactil-las-notebooks-buscan-dejar-en-el-pasado-al-teclado-fisico","status":"publish","type":"post","link":"https:\/\/www.eldiariodetucuman.com\/web\/con-la-doble-pantalla-tactil-las-notebooks-buscan-dejar-en-el-pasado-al-teclado-fisico\/","title":{"rendered":"Con la doble pantalla t\u00e1ctil, las notebooks buscan dejar en el pasado al teclado f\u00edsico"},"content":{"rendered":"<div>\n<div id=\"cuerpo\">\n<figure class=\"XL caja-destacada epigrafe\" id=\"figure_2701278\" data-is=\"imagen\"><span title=\"Ampliar imagen\" class=\"icon-ampliar\"><\/span><br \/>\n                        <span title=\"Cerrar modal\" class=\"icon-cerrar\"><\/span><figcaption><epigrafe>As\u00ed se ve el panel t\u00e1ctil secundario de la nueva ZenBook de Asus, que sirve de acceso directo o como una extensi\u00f3n del monitor<\/epigrafe><\/figcaption><\/figure>\n<p class=\"capital\">Los teclados f\u00edsicos tienen sus d\u00edas contados en las<br \/>\n<!-- TODO : Revisar HTML LN9 --><br \/>\n<a href=\"http:\/\/www.lanacion.com.ar\/computadoras-personales-t3929\" data-event=\"contentLinkClick\"><br \/>\ncomputadoras personales<br \/>\n<\/a>  port\u00e1tiles, o al menos los principales fabricantes del sector buscan ofrecer m\u00e1s opciones de configuraci\u00f3n con modelos que incorporan una segunda pantalla t\u00e1ctil. Eso fue lo present\u00f3<br \/>\n<!-- TODO : Revisar HTML LN9 --><br \/>\n<a href=\"http:\/\/www.lanacion.com.ar\/asus-t52463\" data-event=\"contentLinkClick\"><br \/>\nAsus<br \/>\n<\/a>  en su nueva l\u00ednea de notebooks ZenBook Pro de 14 y 15 pulgadas, que reemplazan el conocido touchpad por una pantalla t\u00e1ctil secundaria.<\/p>\n<p><!-- middle1 --><\/p>\n<p><!-- middle1 --><\/p>\n<p>Conocidas como ScreenPads, Asus planea ampliar las funciones de la computadora con una pantalla t\u00e1ctil de 5,5 pulgadas que cuenta con una resoluci\u00f3n de 1920 por 1080 pixeles, donde se puede utilizar como un acceso directo a aplicaciones, adem\u00e1s de poder utilizar peque\u00f1os programas como una calculadora, el calendario o un teclado num\u00e9rico t\u00e1ctil. Tambi\u00e9n puede funcionar como una extensi\u00f3n de la pantalla principal o como un control para un reproductor de videos o m\u00fasica.<\/p>\n<p><iframe loading=\"lazy\" allow=\"autoplay; encrypted-media\" allowfullscreen=\"\" frameborder=\"0\" height=\"360\" src=\"https:\/\/www.youtube.com\/embed\/xUYClPbddeU?rel=0&#038;controls=0&#038;showinfo=0\" width=\"640\"><\/iframe>\n    <\/p>\n<p><!-- middle1 --><\/p>\n<section class=\"listado ademas floatFix\" id=\"listadoAdemas\" data-is-block=\"true\" data-block-name=\"n_relacionadas-cuerpo\" data-diagramacion-id=\"0\"><\/section>\n<p>A su vez, Asus planea ir m\u00e1s all\u00e1 de este dise\u00f1o con una peque\u00f1a pantalla t\u00e1ctil adicional y present\u00f3 un prototipo con doble panel t\u00e1ctil. Conocido como Project Precog, este modelo convertible puede transformarse en una tableta con dos pantallas t\u00e1ctiles o en una notebook con un teclado virtual en reemplazo del m\u00e9todo tradicional.<\/p>\n<p><!-- middle1 --><\/p>\n<p><!-- middle1 --><\/p>\n<p>La flexibilidad de uso de Project Precog tambi\u00e9n permitir\u00e1 que los usuarios utilicen ambas pantallas junto a un teclado Bluetooth, en una modalidad de monitor extendido. A su manera, Razer hab\u00eda desplegado un prototipo con triple pantalla para su<br \/>\n<a class=\"link\" href=\"https:\/\/www.lanacion.com.ar\/1973392-ces-2017-razer-mostro-project-valerie-su-notebook-gamer-de-triple-pantalla\">notebook gamer Project Valerie<\/a>.<\/p>\n<figure class=\"L epigrafe\" id=\"figure_2701277\" data-is=\"imagen\"><span title=\"Ampliar imagen\" class=\"icon-ampliar\"><\/span><br \/>\n                        <span title=\"Cerrar modal\" class=\"icon-cerrar\"><\/span><\/p>\n<picture><source media=\"(min-width: 768px)\" srcset=\"\/\/bucket3.glanacion.com\/anexos\/fotos\/77\/2701277w740.jpg\"><source media=\"(min-width: 380px)\" srcset=\"\/\/bucket3.glanacion.com\/anexos\/fotos\/77\/2701277w768.jpg\"><img decoding=\"async\" src=\"http:\/\/bucket3.glanacion.com\/anexos\/fotos\/77\/2701277w380.jpg\" alt=\"Asus tambi\u00e9n present\u00f3 en la feria Computex el prototipo Project Precog, equipado con dos pantallas t\u00e1ctiles\"><\/source><\/source><\/picture><figcaption><epigrafe>Asus tambi\u00e9n present\u00f3 en la feria Computex el prototipo Project Precog, equipado con dos pantallas t\u00e1ctiles<\/epigrafe><\/figcaption><\/figure>\n<p><!-- middle1 --><\/p>\n<p>Algo similar ya hab\u00eda implementado en su momento Lenovo<br \/>\n<a class=\"link\" href=\"https:\/\/www.lanacion.com.ar\/2071989-lenovo-yoga-book-probamos-la-portatil-convertible-con-su-llamativo-teclado-halo\">con la Yoga Book<\/a>, una computadora port\u00e1til con un panel que pod\u00eda ser utilizado como una superficie t\u00e1ctil para realizar ilustraciones o en un teclado virtual para tipear texto.<\/p>\n<p><!-- middle1 --><\/p>\n<p>De hecho, en Computex 2018 Lenovo aprovech\u00f3 la ocasi\u00f3n para confirmar que habr\u00e1 una segunda generaci\u00f3n de la Yoga Book, pero sin relevar mayores detalles de este nuevo modelo.<\/p>\n<h2 class=\"subtitulo-1\" id=\"una-configuracion-que-tiene-un-respaldo-de-peso\">\nUna configuraci\u00f3n que tiene un respaldo de peso<br \/>\n<\/h2>\n<figure class=\"L epigrafe\" id=\"figure_2701280\" data-is=\"imagen\"><span title=\"Ampliar imagen\" class=\"icon-ampliar\"><\/span><br \/>\n                        <span title=\"Cerrar modal\" class=\"icon-cerrar\"><\/span><\/p>\n<picture><source media=\"(min-width: 768px)\" srcset=\"\/\/bucket1.glanacion.com\/anexos\/fotos\/80\/2701280w740.jpg\"><source media=\"(min-width: 380px)\" srcset=\"\/\/bucket1.glanacion.com\/anexos\/fotos\/80\/2701280w768.jpg\"><img decoding=\"async\" src=\"http:\/\/bucket1.glanacion.com\/anexos\/fotos\/80\/2701280w380.jpg\" alt=\"Intel tambi\u00e9n planea impulsar esta modalidad como en el modelo prototipo Tiger Rapids\"><\/source><\/source><\/picture><figcaption><epigrafe>Intel tambi\u00e9n planea impulsar esta modalidad como en el modelo prototipo Tiger Rapids<\/epigrafe><span class=\"fuente\"> Cr\u00e9dito: Gentileza PC World<\/span><br \/>\n                        <\/figcaption><\/figure>\n<p><!-- middle1 --><\/p>\n<p>A su manera, es un formato que Intel busca impulsar con un prototipo denominado Tiger Rapids, una computadora port\u00e1til equipada con dos pantallas t\u00e1ctiles que estuvo bajo desarrollo durante los \u00faltimos dos a\u00f1os.<\/p>\n<p>Con el aspecto de un anotador tradicional al estilo Moleskine, Tiger Rapids tiene el tama\u00f1o de un smartphone de grandes dimensiones como un iPhone 8 o un Galaxy S9+, y dispone de dos pantallas t\u00e1ctiles que se integran con los l\u00e1pices tipo stylus para realizar anotaciones manuscritas, de acuerdo al<br \/>\n<a class=\"link\" href=\"https:\/\/www.pcworld.com\/article\/3278049\/computers\/intel-tiger-rapids-dual-screen-pc.html\">reporte realizado por PC World<\/a>, con acceso al prototipo.<\/p>\n<figure class=\"L epigrafe\" id=\"figure_2701279\" data-is=\"imagen\"><span title=\"Ampliar imagen\" class=\"icon-ampliar\"><\/span><br \/>\n                        <span title=\"Cerrar modal\" class=\"icon-cerrar\"><\/span><\/p>\n<picture><source media=\"(min-width: 768px)\" srcset=\"\/\/bucket3.glanacion.com\/anexos\/fotos\/79\/2701279w740.jpg\"><source media=\"(min-width: 380px)\" srcset=\"\/\/bucket3.glanacion.com\/anexos\/fotos\/79\/2701279w768.jpg\"><img decoding=\"async\" src=\"http:\/\/bucket3.glanacion.com\/anexos\/fotos\/79\/2701279w380.jpg\" alt=\"Una vista a uno de los prototipos que Intel desarroll\u00f3 en los \u00faltimos a\u00f1os con dos pantallas t\u00e1ctiles\"><\/source><\/source><\/picture><figcaption><epigrafe>Una vista a uno de los prototipos que Intel desarroll\u00f3 en los \u00faltimos a\u00f1os con dos pantallas t\u00e1ctiles<\/epigrafe><\/figcaption><\/figure>\n<p>Seg\u00fan el modelo, la segunda pantalla puede ser un panel de e-ink similar al utilizado por los lectores de libros electr\u00f3nicos Kindle, mientras que otras versiones permiten transformar ese espacio en un teclado virtual o como una extensi\u00f3n del monitor principal.<\/p>\n<p>                <!-- firma autor --><\/p>\n<p>                <!-- temas --><\/p>\n<div class=\"temas\">\n<h4>temas <b>en esta nota<\/b><\/h4>\n<p> <!-- ***NUEVO*** - caja like --><\/p>\n<p>\n    <span class=\"texto-like\"> \u00bfTe gust\u00f3 <b>esta nota?<\/b><\/span><br \/>\n    <span class=\"icon-me-gusta\"> <\/span>\n<\/p>\n<\/p><\/div>\n<\/p><\/div>\n<\/div>\n","protected":false},"excerpt":{"rendered":"<p>As\u00ed se ve el panel t\u00e1ctil secundario de la nueva ZenBook de Asus, que sirve de acceso directo o como una extensi\u00f3n del monitor Los teclados f\u00edsicos tienen sus d\u00edas contados en las computadoras personales port\u00e1tiles, o al menos los principales fabricantes del sector buscan ofrecer m\u00e1s opciones de configuraci\u00f3n con modelos que incorporan una [&hellip;]<\/p>\n","protected":false},"author":4,"featured_media":0,"comment_status":"open","ping_status":"closed","sticky":false,"template":"","format":"standard","meta":{"footnotes":""},"categories":[154],"tags":[],"class_list":{"0":"post-11959","1":"post","2":"type-post","3":"status-publish","4":"format-standard","6":"category-ciencia-y-tecnologia"},"yoast_head":"<!-- This site is optimized with the Yoast SEO plugin v27.5 - https:\/\/yoast.com\/product\/yoast-seo-wordpress\/ -->\n<title>Con la doble pantalla t\u00e1ctil, las notebooks buscan dejar en el pasado al teclado f\u00edsico - El Diario de Tucuman<\/title>\n<meta name=\"robots\" content=\"index, follow, max-snippet:-1, max-image-preview:large, max-video-preview:-1\" \/>\n<link rel=\"canonical\" href=\"https:\/\/www.eldiariodetucuman.com\/web\/con-la-doble-pantalla-tactil-las-notebooks-buscan-dejar-en-el-pasado-al-teclado-fisico\/\" \/>\n<meta property=\"og:locale\" content=\"es_ES\" \/>\n<meta property=\"og:type\" content=\"article\" \/>\n<meta property=\"og:title\" content=\"Con la doble pantalla t\u00e1ctil, las notebooks buscan dejar en el pasado al teclado f\u00edsico - El Diario de Tucuman\" \/>\n<meta property=\"og:description\" content=\"As\u00ed se ve el panel t\u00e1ctil secundario de la nueva ZenBook de Asus, que sirve de acceso directo o como una extensi\u00f3n del monitor Los teclados f\u00edsicos tienen sus d\u00edas contados en las computadoras personales port\u00e1tiles, o al menos los principales fabricantes del sector buscan ofrecer m\u00e1s opciones de configuraci\u00f3n con modelos que incorporan una [&hellip;]\" \/>\n<meta property=\"og:url\" content=\"https:\/\/www.eldiariodetucuman.com\/web\/con-la-doble-pantalla-tactil-las-notebooks-buscan-dejar-en-el-pasado-al-teclado-fisico\/\" \/>\n<meta property=\"og:site_name\" content=\"El Diario de Tucuman\" \/>\n<meta property=\"article:published_time\" content=\"2018-06-07T15:55:46+00:00\" \/>\n<meta property=\"og:image\" content=\"http:\/\/bucket3.glanacion.com\/anexos\/fotos\/77\/2701277w380.jpg\" \/>\n<meta name=\"author\" content=\"eldiario detucuman\" \/>\n<meta name=\"twitter:card\" content=\"summary_large_image\" \/>\n<meta name=\"twitter:label1\" content=\"Escrito por\" \/>\n\t<meta name=\"twitter:data1\" content=\"eldiario detucuman\" \/>\n\t<meta name=\"twitter:label2\" content=\"Tiempo de lectura\" \/>\n\t<meta name=\"twitter:data2\" content=\"3 minutos\" \/>\n<script type=\"application\/ld+json\" class=\"yoast-schema-graph\">{\"@context\":\"https:\\\/\\\/schema.org\",\"@graph\":[{\"@type\":\"Article\",\"@id\":\"https:\\\/\\\/www.eldiariodetucuman.com\\\/web\\\/con-la-doble-pantalla-tactil-las-notebooks-buscan-dejar-en-el-pasado-al-teclado-fisico\\\/#article\",\"isPartOf\":{\"@id\":\"https:\\\/\\\/www.eldiariodetucuman.com\\\/web\\\/con-la-doble-pantalla-tactil-las-notebooks-buscan-dejar-en-el-pasado-al-teclado-fisico\\\/\"},\"author\":{\"name\":\"eldiario detucuman\",\"@id\":\"https:\\\/\\\/www.eldiariodetucuman.com\\\/web\\\/#\\\/schema\\\/person\\\/6f95946e54fde848b878ffa4928071d5\"},\"headline\":\"Con la doble pantalla t\u00e1ctil, las notebooks buscan dejar en el pasado al teclado f\u00edsico\",\"datePublished\":\"2018-06-07T15:55:46+00:00\",\"mainEntityOfPage\":{\"@id\":\"https:\\\/\\\/www.eldiariodetucuman.com\\\/web\\\/con-la-doble-pantalla-tactil-las-notebooks-buscan-dejar-en-el-pasado-al-teclado-fisico\\\/\"},\"wordCount\":585,\"commentCount\":0,\"publisher\":{\"@id\":\"https:\\\/\\\/www.eldiariodetucuman.com\\\/web\\\/#organization\"},\"image\":{\"@id\":\"https:\\\/\\\/www.eldiariodetucuman.com\\\/web\\\/con-la-doble-pantalla-tactil-las-notebooks-buscan-dejar-en-el-pasado-al-teclado-fisico\\\/#primaryimage\"},\"thumbnailUrl\":\"http:\\\/\\\/bucket3.glanacion.com\\\/anexos\\\/fotos\\\/77\\\/2701277w380.jpg\",\"articleSection\":[\"ciencia y tecnologia\"],\"inLanguage\":\"es\",\"potentialAction\":[{\"@type\":\"CommentAction\",\"name\":\"Comment\",\"target\":[\"https:\\\/\\\/www.eldiariodetucuman.com\\\/web\\\/con-la-doble-pantalla-tactil-las-notebooks-buscan-dejar-en-el-pasado-al-teclado-fisico\\\/#respond\"]}]},{\"@type\":\"WebPage\",\"@id\":\"https:\\\/\\\/www.eldiariodetucuman.com\\\/web\\\/con-la-doble-pantalla-tactil-las-notebooks-buscan-dejar-en-el-pasado-al-teclado-fisico\\\/\",\"url\":\"https:\\\/\\\/www.eldiariodetucuman.com\\\/web\\\/con-la-doble-pantalla-tactil-las-notebooks-buscan-dejar-en-el-pasado-al-teclado-fisico\\\/\",\"name\":\"Con la doble pantalla t\u00e1ctil, las notebooks buscan dejar en el pasado al teclado f\u00edsico - El Diario de Tucuman\",\"isPartOf\":{\"@id\":\"https:\\\/\\\/www.eldiariodetucuman.com\\\/web\\\/#website\"},\"primaryImageOfPage\":{\"@id\":\"https:\\\/\\\/www.eldiariodetucuman.com\\\/web\\\/con-la-doble-pantalla-tactil-las-notebooks-buscan-dejar-en-el-pasado-al-teclado-fisico\\\/#primaryimage\"},\"image\":{\"@id\":\"https:\\\/\\\/www.eldiariodetucuman.com\\\/web\\\/con-la-doble-pantalla-tactil-las-notebooks-buscan-dejar-en-el-pasado-al-teclado-fisico\\\/#primaryimage\"},\"thumbnailUrl\":\"http:\\\/\\\/bucket3.glanacion.com\\\/anexos\\\/fotos\\\/77\\\/2701277w380.jpg\",\"datePublished\":\"2018-06-07T15:55:46+00:00\",\"breadcrumb\":{\"@id\":\"https:\\\/\\\/www.eldiariodetucuman.com\\\/web\\\/con-la-doble-pantalla-tactil-las-notebooks-buscan-dejar-en-el-pasado-al-teclado-fisico\\\/#breadcrumb\"},\"inLanguage\":\"es\",\"potentialAction\":[{\"@type\":\"ReadAction\",\"target\":[\"https:\\\/\\\/www.eldiariodetucuman.com\\\/web\\\/con-la-doble-pantalla-tactil-las-notebooks-buscan-dejar-en-el-pasado-al-teclado-fisico\\\/\"]}]},{\"@type\":\"ImageObject\",\"inLanguage\":\"es\",\"@id\":\"https:\\\/\\\/www.eldiariodetucuman.com\\\/web\\\/con-la-doble-pantalla-tactil-las-notebooks-buscan-dejar-en-el-pasado-al-teclado-fisico\\\/#primaryimage\",\"url\":\"http:\\\/\\\/bucket3.glanacion.com\\\/anexos\\\/fotos\\\/77\\\/2701277w380.jpg\",\"contentUrl\":\"http:\\\/\\\/bucket3.glanacion.com\\\/anexos\\\/fotos\\\/77\\\/2701277w380.jpg\"},{\"@type\":\"BreadcrumbList\",\"@id\":\"https:\\\/\\\/www.eldiariodetucuman.com\\\/web\\\/con-la-doble-pantalla-tactil-las-notebooks-buscan-dejar-en-el-pasado-al-teclado-fisico\\\/#breadcrumb\",\"itemListElement\":[{\"@type\":\"ListItem\",\"position\":1,\"name\":\"Portada\",\"item\":\"https:\\\/\\\/www.eldiariodetucuman.com\\\/web\\\/\"},{\"@type\":\"ListItem\",\"position\":2,\"name\":\"Con la doble pantalla t\u00e1ctil, las notebooks buscan dejar en el pasado al teclado f\u00edsico\"}]},{\"@type\":\"WebSite\",\"@id\":\"https:\\\/\\\/www.eldiariodetucuman.com\\\/web\\\/#website\",\"url\":\"https:\\\/\\\/www.eldiariodetucuman.com\\\/web\\\/\",\"name\":\"El Diario de Tucuman\",\"description\":\"Diario Tucuman - Informaci\u00f3n y noticias\",\"publisher\":{\"@id\":\"https:\\\/\\\/www.eldiariodetucuman.com\\\/web\\\/#organization\"},\"potentialAction\":[{\"@type\":\"SearchAction\",\"target\":{\"@type\":\"EntryPoint\",\"urlTemplate\":\"https:\\\/\\\/www.eldiariodetucuman.com\\\/web\\\/?s={search_term_string}\"},\"query-input\":{\"@type\":\"PropertyValueSpecification\",\"valueRequired\":true,\"valueName\":\"search_term_string\"}}],\"inLanguage\":\"es\"},{\"@type\":\"Organization\",\"@id\":\"https:\\\/\\\/www.eldiariodetucuman.com\\\/web\\\/#organization\",\"name\":\"El Diario de Tucuman\",\"url\":\"https:\\\/\\\/www.eldiariodetucuman.com\\\/web\\\/\",\"logo\":{\"@type\":\"ImageObject\",\"inLanguage\":\"es\",\"@id\":\"https:\\\/\\\/www.eldiariodetucuman.com\\\/web\\\/#\\\/schema\\\/logo\\\/image\\\/\",\"url\":\"http:\\\/\\\/www.eldiariodetucuman.com\\\/web\\\/wp-content\\\/uploads\\\/2017\\\/12\\\/el-diario-de-tucuman.jpg\",\"contentUrl\":\"http:\\\/\\\/www.eldiariodetucuman.com\\\/web\\\/wp-content\\\/uploads\\\/2017\\\/12\\\/el-diario-de-tucuman.jpg\",\"width\":272,\"height\":92,\"caption\":\"El Diario de Tucuman\"},\"image\":{\"@id\":\"https:\\\/\\\/www.eldiariodetucuman.com\\\/web\\\/#\\\/schema\\\/logo\\\/image\\\/\"}},{\"@type\":\"Person\",\"@id\":\"https:\\\/\\\/www.eldiariodetucuman.com\\\/web\\\/#\\\/schema\\\/person\\\/6f95946e54fde848b878ffa4928071d5\",\"name\":\"eldiario detucuman\",\"image\":{\"@type\":\"ImageObject\",\"inLanguage\":\"es\",\"@id\":\"https:\\\/\\\/secure.gravatar.com\\\/avatar\\\/b6e1f89c5c4044c4962c8e6c20b1ca2cc99f549c965908afd4ec5308b3f51bfe?s=96&d=mm&r=g\",\"url\":\"https:\\\/\\\/secure.gravatar.com\\\/avatar\\\/b6e1f89c5c4044c4962c8e6c20b1ca2cc99f549c965908afd4ec5308b3f51bfe?s=96&d=mm&r=g\",\"contentUrl\":\"https:\\\/\\\/secure.gravatar.com\\\/avatar\\\/b6e1f89c5c4044c4962c8e6c20b1ca2cc99f549c965908afd4ec5308b3f51bfe?s=96&d=mm&r=g\",\"caption\":\"eldiario detucuman\"},\"url\":\"https:\\\/\\\/www.eldiariodetucuman.com\\\/web\\\/author\\\/eldiariodetucuman\\\/\"}]}<\/script>\n<!-- \/ Yoast SEO plugin. -->","yoast_head_json":{"title":"Con la doble pantalla t\u00e1ctil, las notebooks buscan dejar en el pasado al teclado f\u00edsico - El Diario de Tucuman","robots":{"index":"index","follow":"follow","max-snippet":"max-snippet:-1","max-image-preview":"max-image-preview:large","max-video-preview":"max-video-preview:-1"},"canonical":"https:\/\/www.eldiariodetucuman.com\/web\/con-la-doble-pantalla-tactil-las-notebooks-buscan-dejar-en-el-pasado-al-teclado-fisico\/","og_locale":"es_ES","og_type":"article","og_title":"Con la doble pantalla t\u00e1ctil, las notebooks buscan dejar en el pasado al teclado f\u00edsico - El Diario de Tucuman","og_description":"As\u00ed se ve el panel t\u00e1ctil secundario de la nueva ZenBook de Asus, que sirve de acceso directo o como una extensi\u00f3n del monitor Los teclados f\u00edsicos tienen sus d\u00edas contados en las computadoras personales port\u00e1tiles, o al menos los principales fabricantes del sector buscan ofrecer m\u00e1s opciones de configuraci\u00f3n con modelos que incorporan una [&hellip;]","og_url":"https:\/\/www.eldiariodetucuman.com\/web\/con-la-doble-pantalla-tactil-las-notebooks-buscan-dejar-en-el-pasado-al-teclado-fisico\/","og_site_name":"El Diario de Tucuman","article_published_time":"2018-06-07T15:55:46+00:00","og_image":[{"url":"http:\/\/bucket3.glanacion.com\/anexos\/fotos\/77\/2701277w380.jpg","type":"","width":"","height":""}],"author":"eldiario detucuman","twitter_card":"summary_large_image","twitter_misc":{"Escrito por":"eldiario detucuman","Tiempo de lectura":"3 minutos"},"schema":{"@context":"https:\/\/schema.org","@graph":[{"@type":"Article","@id":"https:\/\/www.eldiariodetucuman.com\/web\/con-la-doble-pantalla-tactil-las-notebooks-buscan-dejar-en-el-pasado-al-teclado-fisico\/#article","isPartOf":{"@id":"https:\/\/www.eldiariodetucuman.com\/web\/con-la-doble-pantalla-tactil-las-notebooks-buscan-dejar-en-el-pasado-al-teclado-fisico\/"},"author":{"name":"eldiario detucuman","@id":"https:\/\/www.eldiariodetucuman.com\/web\/#\/schema\/person\/6f95946e54fde848b878ffa4928071d5"},"headline":"Con la doble pantalla t\u00e1ctil, las notebooks buscan dejar en el pasado al teclado f\u00edsico","datePublished":"2018-06-07T15:55:46+00:00","mainEntityOfPage":{"@id":"https:\/\/www.eldiariodetucuman.com\/web\/con-la-doble-pantalla-tactil-las-notebooks-buscan-dejar-en-el-pasado-al-teclado-fisico\/"},"wordCount":585,"commentCount":0,"publisher":{"@id":"https:\/\/www.eldiariodetucuman.com\/web\/#organization"},"image":{"@id":"https:\/\/www.eldiariodetucuman.com\/web\/con-la-doble-pantalla-tactil-las-notebooks-buscan-dejar-en-el-pasado-al-teclado-fisico\/#primaryimage"},"thumbnailUrl":"http:\/\/bucket3.glanacion.com\/anexos\/fotos\/77\/2701277w380.jpg","articleSection":["ciencia y tecnologia"],"inLanguage":"es","potentialAction":[{"@type":"CommentAction","name":"Comment","target":["https:\/\/www.eldiariodetucuman.com\/web\/con-la-doble-pantalla-tactil-las-notebooks-buscan-dejar-en-el-pasado-al-teclado-fisico\/#respond"]}]},{"@type":"WebPage","@id":"https:\/\/www.eldiariodetucuman.com\/web\/con-la-doble-pantalla-tactil-las-notebooks-buscan-dejar-en-el-pasado-al-teclado-fisico\/","url":"https:\/\/www.eldiariodetucuman.com\/web\/con-la-doble-pantalla-tactil-las-notebooks-buscan-dejar-en-el-pasado-al-teclado-fisico\/","name":"Con la doble pantalla t\u00e1ctil, las notebooks buscan dejar en el pasado al teclado f\u00edsico - El Diario de Tucuman","isPartOf":{"@id":"https:\/\/www.eldiariodetucuman.com\/web\/#website"},"primaryImageOfPage":{"@id":"https:\/\/www.eldiariodetucuman.com\/web\/con-la-doble-pantalla-tactil-las-notebooks-buscan-dejar-en-el-pasado-al-teclado-fisico\/#primaryimage"},"image":{"@id":"https:\/\/www.eldiariodetucuman.com\/web\/con-la-doble-pantalla-tactil-las-notebooks-buscan-dejar-en-el-pasado-al-teclado-fisico\/#primaryimage"},"thumbnailUrl":"http:\/\/bucket3.glanacion.com\/anexos\/fotos\/77\/2701277w380.jpg","datePublished":"2018-06-07T15:55:46+00:00","breadcrumb":{"@id":"https:\/\/www.eldiariodetucuman.com\/web\/con-la-doble-pantalla-tactil-las-notebooks-buscan-dejar-en-el-pasado-al-teclado-fisico\/#breadcrumb"},"inLanguage":"es","potentialAction":[{"@type":"ReadAction","target":["https:\/\/www.eldiariodetucuman.com\/web\/con-la-doble-pantalla-tactil-las-notebooks-buscan-dejar-en-el-pasado-al-teclado-fisico\/"]}]},{"@type":"ImageObject","inLanguage":"es","@id":"https:\/\/www.eldiariodetucuman.com\/web\/con-la-doble-pantalla-tactil-las-notebooks-buscan-dejar-en-el-pasado-al-teclado-fisico\/#primaryimage","url":"http:\/\/bucket3.glanacion.com\/anexos\/fotos\/77\/2701277w380.jpg","contentUrl":"http:\/\/bucket3.glanacion.com\/anexos\/fotos\/77\/2701277w380.jpg"},{"@type":"BreadcrumbList","@id":"https:\/\/www.eldiariodetucuman.com\/web\/con-la-doble-pantalla-tactil-las-notebooks-buscan-dejar-en-el-pasado-al-teclado-fisico\/#breadcrumb","itemListElement":[{"@type":"ListItem","position":1,"name":"Portada","item":"https:\/\/www.eldiariodetucuman.com\/web\/"},{"@type":"ListItem","position":2,"name":"Con la doble pantalla t\u00e1ctil, las notebooks buscan dejar en el pasado al teclado f\u00edsico"}]},{"@type":"WebSite","@id":"https:\/\/www.eldiariodetucuman.com\/web\/#website","url":"https:\/\/www.eldiariodetucuman.com\/web\/","name":"El Diario de Tucuman","description":"Diario Tucuman - Informaci\u00f3n y noticias","publisher":{"@id":"https:\/\/www.eldiariodetucuman.com\/web\/#organization"},"potentialAction":[{"@type":"SearchAction","target":{"@type":"EntryPoint","urlTemplate":"https:\/\/www.eldiariodetucuman.com\/web\/?s={search_term_string}"},"query-input":{"@type":"PropertyValueSpecification","valueRequired":true,"valueName":"search_term_string"}}],"inLanguage":"es"},{"@type":"Organization","@id":"https:\/\/www.eldiariodetucuman.com\/web\/#organization","name":"El Diario de Tucuman","url":"https:\/\/www.eldiariodetucuman.com\/web\/","logo":{"@type":"ImageObject","inLanguage":"es","@id":"https:\/\/www.eldiariodetucuman.com\/web\/#\/schema\/logo\/image\/","url":"http:\/\/www.eldiariodetucuman.com\/web\/wp-content\/uploads\/2017\/12\/el-diario-de-tucuman.jpg","contentUrl":"http:\/\/www.eldiariodetucuman.com\/web\/wp-content\/uploads\/2017\/12\/el-diario-de-tucuman.jpg","width":272,"height":92,"caption":"El Diario de Tucuman"},"image":{"@id":"https:\/\/www.eldiariodetucuman.com\/web\/#\/schema\/logo\/image\/"}},{"@type":"Person","@id":"https:\/\/www.eldiariodetucuman.com\/web\/#\/schema\/person\/6f95946e54fde848b878ffa4928071d5","name":"eldiario detucuman","image":{"@type":"ImageObject","inLanguage":"es","@id":"https:\/\/secure.gravatar.com\/avatar\/b6e1f89c5c4044c4962c8e6c20b1ca2cc99f549c965908afd4ec5308b3f51bfe?s=96&d=mm&r=g","url":"https:\/\/secure.gravatar.com\/avatar\/b6e1f89c5c4044c4962c8e6c20b1ca2cc99f549c965908afd4ec5308b3f51bfe?s=96&d=mm&r=g","contentUrl":"https:\/\/secure.gravatar.com\/avatar\/b6e1f89c5c4044c4962c8e6c20b1ca2cc99f549c965908afd4ec5308b3f51bfe?s=96&d=mm&r=g","caption":"eldiario detucuman"},"url":"https:\/\/www.eldiariodetucuman.com\/web\/author\/eldiariodetucuman\/"}]}},"_links":{"self":[{"href":"https:\/\/www.eldiariodetucuman.com\/web\/wp-json\/wp\/v2\/posts\/11959","targetHints":{"allow":["GET"]}}],"collection":[{"href":"https:\/\/www.eldiariodetucuman.com\/web\/wp-json\/wp\/v2\/posts"}],"about":[{"href":"https:\/\/www.eldiariodetucuman.com\/web\/wp-json\/wp\/v2\/types\/post"}],"author":[{"embeddable":true,"href":"https:\/\/www.eldiariodetucuman.com\/web\/wp-json\/wp\/v2\/users\/4"}],"replies":[{"embeddable":true,"href":"https:\/\/www.eldiariodetucuman.com\/web\/wp-json\/wp\/v2\/comments?post=11959"}],"version-history":[{"count":0,"href":"https:\/\/www.eldiariodetucuman.com\/web\/wp-json\/wp\/v2\/posts\/11959\/revisions"}],"wp:attachment":[{"href":"https:\/\/www.eldiariodetucuman.com\/web\/wp-json\/wp\/v2\/media?parent=11959"}],"wp:term":[{"taxonomy":"category","embeddable":true,"href":"https:\/\/www.eldiariodetucuman.com\/web\/wp-json\/wp\/v2\/categories?post=11959"},{"taxonomy":"post_tag","embeddable":true,"href":"https:\/\/www.eldiariodetucuman.com\/web\/wp-json\/wp\/v2\/tags?post=11959"}],"curies":[{"name":"wp","href":"https:\/\/api.w.org\/{rel}","templated":true}]}}