{"id":11953,"date":"2018-06-07T12:50:25","date_gmt":"2018-06-07T15:50:25","guid":{"rendered":"http:\/\/www.eldiariodetucuman.com\/web\/deleznable-mujer-yanqui-humillo-a-familia-de-inmigrantes\/"},"modified":"2018-06-07T12:50:25","modified_gmt":"2018-06-07T15:50:25","slug":"deleznable-mujer-yanqui-humillo-a-familia-de-inmigrantes","status":"publish","type":"post","link":"https:\/\/www.eldiariodetucuman.com\/web\/deleznable-mujer-yanqui-humillo-a-familia-de-inmigrantes\/","title":{"rendered":"Deleznable: mujer yanqui humill\u00f3 a familia de inmigrantes"},"content":{"rendered":"<div>\n<div itemprop=\"articleBody\" readability=\"51.438175270108\">\n<p>Una mujer estadounidense insult\u00f3 a una familia latina en un parque de atracciones en   <a href=\"https:\/\/www.cronica.com.ar\/tags\/Texas\">Texas<\/a>, porque ocuparon una   <a href=\"https:\/\/www.cronica.com.ar\/tags\/mesa\">mesa<\/a> antes que ella y sus agresiones fueron registradas por una de las v\u00edctimas, <strong>\u00c1ngela G\u00f3mez<\/strong>, quien public\u00f3 el video en la red social facebook.\u00a0<\/p>\n<p>Entre los agravios que vocifer\u00f3 la agresora, se destaca el de <em>\u00abwetback\u00bb<\/em>\u00a0(espalda mojada), una forma discriminatoria de llamar a los inmigrantes ilegales en aquel pa\u00eds de Norteam\u00e9rica. Por lo general, la expresi\u00f3n hace referencia a los latinos que cruzan el r\u00edo Bravo para llegar a EE.UU. desde M\u00e9xico.\u00a0<\/p>\n<p>La filmaci\u00f3n fue difundida\u00a0en las redes sociales y ya cuenta con m\u00e1s de un mill\u00f3n de reproducciones, donde acumula miles de reacciones de asombro y enojo.<\/p>\n<p>Sin embargo, resta por ver si la v\u00edctima realiza una denuncia formal frente a las autoridades.\u00a0<span><\/span><span><\/span><\/p>\n<div>\n<div>\n<p><iframe loading=\"lazy\" allow=\"autoplay; encrypted-media\" allowfullscreen=\"\" frameborder=\"0\" height=\"315\" src=\"https:\/\/www.youtube.com\/embed\/pHs87c8BCrU\" width=\"560\"><\/iframe><span class=\"item first\"><\/span><span class=\"item second\"><\/span><span class=\"item third\"><\/span><\/p>\n<\/div>\n<\/div>\n<\/div>\n<\/div>\n","protected":false},"excerpt":{"rendered":"<p>Una mujer estadounidense insult\u00f3 a una familia latina en un parque de atracciones en Texas, porque ocuparon una mesa antes que ella y sus agresiones fueron registradas por una de las v\u00edctimas, \u00c1ngela G\u00f3mez, quien public\u00f3 el video en la red social facebook.\u00a0 Entre los agravios que vocifer\u00f3 la agresora, se destaca el de \u00abwetback\u00bb\u00a0(espalda [&hellip;]<\/p>\n","protected":false},"author":4,"featured_media":11954,"comment_status":"open","ping_status":"closed","sticky":false,"template":"","format":"standard","meta":{"footnotes":""},"categories":[194],"tags":[],"class_list":{"0":"post-11953","1":"post","2":"type-post","3":"status-publish","4":"format-standard","5":"has-post-thumbnail","7":"category-internacionales"},"yoast_head":"<!-- This site is optimized with the Yoast SEO plugin v27.5 - https:\/\/yoast.com\/product\/yoast-seo-wordpress\/ -->\n<title>Deleznable: mujer yanqui humill\u00f3 a familia de inmigrantes - El Diario de Tucuman<\/title>\n<meta name=\"robots\" content=\"index, follow, max-snippet:-1, max-image-preview:large, max-video-preview:-1\" \/>\n<link rel=\"canonical\" href=\"https:\/\/www.eldiariodetucuman.com\/web\/deleznable-mujer-yanqui-humillo-a-familia-de-inmigrantes\/\" \/>\n<meta property=\"og:locale\" content=\"es_ES\" \/>\n<meta property=\"og:type\" content=\"article\" \/>\n<meta property=\"og:title\" content=\"Deleznable: mujer yanqui humill\u00f3 a familia de inmigrantes - El Diario de Tucuman\" \/>\n<meta property=\"og:description\" content=\"Una mujer estadounidense insult\u00f3 a una familia latina en un parque de atracciones en Texas, porque ocuparon una mesa antes que ella y sus agresiones fueron registradas por una de las v\u00edctimas, \u00c1ngela G\u00f3mez, quien public\u00f3 el video en la red social facebook.\u00a0 Entre los agravios que vocifer\u00f3 la agresora, se destaca el de \u00abwetback\u00bb\u00a0(espalda [&hellip;]\" \/>\n<meta property=\"og:url\" content=\"https:\/\/www.eldiariodetucuman.com\/web\/deleznable-mujer-yanqui-humillo-a-familia-de-inmigrantes\/\" \/>\n<meta property=\"og:site_name\" content=\"El Diario de Tucuman\" \/>\n<meta property=\"article:published_time\" content=\"2018-06-07T15:50:25+00:00\" \/>\n<meta property=\"og:image\" content=\"https:\/\/www.eldiariodetucuman.com\/web\/wp-content\/uploads\/2018\/06\/58aa0343f5abf0e2ed81b95dea0cfe27.jpeg\" \/>\n\t<meta property=\"og:image:width\" content=\"970\" \/>\n\t<meta property=\"og:image:height\" content=\"546\" \/>\n\t<meta property=\"og:image:type\" content=\"image\/jpeg\" \/>\n<meta name=\"author\" content=\"eldiario detucuman\" \/>\n<meta name=\"twitter:card\" content=\"summary_large_image\" \/>\n<meta name=\"twitter:label1\" content=\"Escrito por\" \/>\n\t<meta name=\"twitter:data1\" content=\"eldiario detucuman\" \/>\n\t<meta name=\"twitter:label2\" content=\"Tiempo de lectura\" \/>\n\t<meta name=\"twitter:data2\" content=\"1 minuto\" \/>\n<script type=\"application\/ld+json\" class=\"yoast-schema-graph\">{\"@context\":\"https:\\\/\\\/schema.org\",\"@graph\":[{\"@type\":\"Article\",\"@id\":\"https:\\\/\\\/www.eldiariodetucuman.com\\\/web\\\/deleznable-mujer-yanqui-humillo-a-familia-de-inmigrantes\\\/#article\",\"isPartOf\":{\"@id\":\"https:\\\/\\\/www.eldiariodetucuman.com\\\/web\\\/deleznable-mujer-yanqui-humillo-a-familia-de-inmigrantes\\\/\"},\"author\":{\"name\":\"eldiario detucuman\",\"@id\":\"https:\\\/\\\/www.eldiariodetucuman.com\\\/web\\\/#\\\/schema\\\/person\\\/6f95946e54fde848b878ffa4928071d5\"},\"headline\":\"Deleznable: mujer yanqui humill\u00f3 a familia de inmigrantes\",\"datePublished\":\"2018-06-07T15:50:25+00:00\",\"mainEntityOfPage\":{\"@id\":\"https:\\\/\\\/www.eldiariodetucuman.com\\\/web\\\/deleznable-mujer-yanqui-humillo-a-familia-de-inmigrantes\\\/\"},\"wordCount\":155,\"commentCount\":0,\"publisher\":{\"@id\":\"https:\\\/\\\/www.eldiariodetucuman.com\\\/web\\\/#organization\"},\"image\":{\"@id\":\"https:\\\/\\\/www.eldiariodetucuman.com\\\/web\\\/deleznable-mujer-yanqui-humillo-a-familia-de-inmigrantes\\\/#primaryimage\"},\"thumbnailUrl\":\"https:\\\/\\\/www.eldiariodetucuman.com\\\/web\\\/wp-content\\\/uploads\\\/2018\\\/06\\\/58aa0343f5abf0e2ed81b95dea0cfe27.jpeg\",\"articleSection\":[\"Internacionales\"],\"inLanguage\":\"es\",\"potentialAction\":[{\"@type\":\"CommentAction\",\"name\":\"Comment\",\"target\":[\"https:\\\/\\\/www.eldiariodetucuman.com\\\/web\\\/deleznable-mujer-yanqui-humillo-a-familia-de-inmigrantes\\\/#respond\"]}]},{\"@type\":\"WebPage\",\"@id\":\"https:\\\/\\\/www.eldiariodetucuman.com\\\/web\\\/deleznable-mujer-yanqui-humillo-a-familia-de-inmigrantes\\\/\",\"url\":\"https:\\\/\\\/www.eldiariodetucuman.com\\\/web\\\/deleznable-mujer-yanqui-humillo-a-familia-de-inmigrantes\\\/\",\"name\":\"Deleznable: mujer yanqui humill\u00f3 a familia de inmigrantes - El Diario de Tucuman\",\"isPartOf\":{\"@id\":\"https:\\\/\\\/www.eldiariodetucuman.com\\\/web\\\/#website\"},\"primaryImageOfPage\":{\"@id\":\"https:\\\/\\\/www.eldiariodetucuman.com\\\/web\\\/deleznable-mujer-yanqui-humillo-a-familia-de-inmigrantes\\\/#primaryimage\"},\"image\":{\"@id\":\"https:\\\/\\\/www.eldiariodetucuman.com\\\/web\\\/deleznable-mujer-yanqui-humillo-a-familia-de-inmigrantes\\\/#primaryimage\"},\"thumbnailUrl\":\"https:\\\/\\\/www.eldiariodetucuman.com\\\/web\\\/wp-content\\\/uploads\\\/2018\\\/06\\\/58aa0343f5abf0e2ed81b95dea0cfe27.jpeg\",\"datePublished\":\"2018-06-07T15:50:25+00:00\",\"breadcrumb\":{\"@id\":\"https:\\\/\\\/www.eldiariodetucuman.com\\\/web\\\/deleznable-mujer-yanqui-humillo-a-familia-de-inmigrantes\\\/#breadcrumb\"},\"inLanguage\":\"es\",\"potentialAction\":[{\"@type\":\"ReadAction\",\"target\":[\"https:\\\/\\\/www.eldiariodetucuman.com\\\/web\\\/deleznable-mujer-yanqui-humillo-a-familia-de-inmigrantes\\\/\"]}]},{\"@type\":\"ImageObject\",\"inLanguage\":\"es\",\"@id\":\"https:\\\/\\\/www.eldiariodetucuman.com\\\/web\\\/deleznable-mujer-yanqui-humillo-a-familia-de-inmigrantes\\\/#primaryimage\",\"url\":\"https:\\\/\\\/www.eldiariodetucuman.com\\\/web\\\/wp-content\\\/uploads\\\/2018\\\/06\\\/58aa0343f5abf0e2ed81b95dea0cfe27.jpeg\",\"contentUrl\":\"https:\\\/\\\/www.eldiariodetucuman.com\\\/web\\\/wp-content\\\/uploads\\\/2018\\\/06\\\/58aa0343f5abf0e2ed81b95dea0cfe27.jpeg\",\"width\":970,\"height\":546},{\"@type\":\"BreadcrumbList\",\"@id\":\"https:\\\/\\\/www.eldiariodetucuman.com\\\/web\\\/deleznable-mujer-yanqui-humillo-a-familia-de-inmigrantes\\\/#breadcrumb\",\"itemListElement\":[{\"@type\":\"ListItem\",\"position\":1,\"name\":\"Portada\",\"item\":\"https:\\\/\\\/www.eldiariodetucuman.com\\\/web\\\/\"},{\"@type\":\"ListItem\",\"position\":2,\"name\":\"Deleznable: mujer yanqui humill\u00f3 a familia de inmigrantes\"}]},{\"@type\":\"WebSite\",\"@id\":\"https:\\\/\\\/www.eldiariodetucuman.com\\\/web\\\/#website\",\"url\":\"https:\\\/\\\/www.eldiariodetucuman.com\\\/web\\\/\",\"name\":\"El Diario de Tucuman\",\"description\":\"Diario Tucuman - Informaci\u00f3n y noticias\",\"publisher\":{\"@id\":\"https:\\\/\\\/www.eldiariodetucuman.com\\\/web\\\/#organization\"},\"potentialAction\":[{\"@type\":\"SearchAction\",\"target\":{\"@type\":\"EntryPoint\",\"urlTemplate\":\"https:\\\/\\\/www.eldiariodetucuman.com\\\/web\\\/?s={search_term_string}\"},\"query-input\":{\"@type\":\"PropertyValueSpecification\",\"valueRequired\":true,\"valueName\":\"search_term_string\"}}],\"inLanguage\":\"es\"},{\"@type\":\"Organization\",\"@id\":\"https:\\\/\\\/www.eldiariodetucuman.com\\\/web\\\/#organization\",\"name\":\"El Diario de Tucuman\",\"url\":\"https:\\\/\\\/www.eldiariodetucuman.com\\\/web\\\/\",\"logo\":{\"@type\":\"ImageObject\",\"inLanguage\":\"es\",\"@id\":\"https:\\\/\\\/www.eldiariodetucuman.com\\\/web\\\/#\\\/schema\\\/logo\\\/image\\\/\",\"url\":\"http:\\\/\\\/www.eldiariodetucuman.com\\\/web\\\/wp-content\\\/uploads\\\/2017\\\/12\\\/el-diario-de-tucuman.jpg\",\"contentUrl\":\"http:\\\/\\\/www.eldiariodetucuman.com\\\/web\\\/wp-content\\\/uploads\\\/2017\\\/12\\\/el-diario-de-tucuman.jpg\",\"width\":272,\"height\":92,\"caption\":\"El Diario de Tucuman\"},\"image\":{\"@id\":\"https:\\\/\\\/www.eldiariodetucuman.com\\\/web\\\/#\\\/schema\\\/logo\\\/image\\\/\"}},{\"@type\":\"Person\",\"@id\":\"https:\\\/\\\/www.eldiariodetucuman.com\\\/web\\\/#\\\/schema\\\/person\\\/6f95946e54fde848b878ffa4928071d5\",\"name\":\"eldiario detucuman\",\"image\":{\"@type\":\"ImageObject\",\"inLanguage\":\"es\",\"@id\":\"https:\\\/\\\/secure.gravatar.com\\\/avatar\\\/b6e1f89c5c4044c4962c8e6c20b1ca2cc99f549c965908afd4ec5308b3f51bfe?s=96&d=mm&r=g\",\"url\":\"https:\\\/\\\/secure.gravatar.com\\\/avatar\\\/b6e1f89c5c4044c4962c8e6c20b1ca2cc99f549c965908afd4ec5308b3f51bfe?s=96&d=mm&r=g\",\"contentUrl\":\"https:\\\/\\\/secure.gravatar.com\\\/avatar\\\/b6e1f89c5c4044c4962c8e6c20b1ca2cc99f549c965908afd4ec5308b3f51bfe?s=96&d=mm&r=g\",\"caption\":\"eldiario detucuman\"},\"url\":\"https:\\\/\\\/www.eldiariodetucuman.com\\\/web\\\/author\\\/eldiariodetucuman\\\/\"}]}<\/script>\n<!-- \/ Yoast SEO plugin. -->","yoast_head_json":{"title":"Deleznable: mujer yanqui humill\u00f3 a familia de inmigrantes - El Diario de Tucuman","robots":{"index":"index","follow":"follow","max-snippet":"max-snippet:-1","max-image-preview":"max-image-preview:large","max-video-preview":"max-video-preview:-1"},"canonical":"https:\/\/www.eldiariodetucuman.com\/web\/deleznable-mujer-yanqui-humillo-a-familia-de-inmigrantes\/","og_locale":"es_ES","og_type":"article","og_title":"Deleznable: mujer yanqui humill\u00f3 a familia de inmigrantes - El Diario de Tucuman","og_description":"Una mujer estadounidense insult\u00f3 a una familia latina en un parque de atracciones en Texas, porque ocuparon una mesa antes que ella y sus agresiones fueron registradas por una de las v\u00edctimas, \u00c1ngela G\u00f3mez, quien public\u00f3 el video en la red social facebook.\u00a0 Entre los agravios que vocifer\u00f3 la agresora, se destaca el de \u00abwetback\u00bb\u00a0(espalda [&hellip;]","og_url":"https:\/\/www.eldiariodetucuman.com\/web\/deleznable-mujer-yanqui-humillo-a-familia-de-inmigrantes\/","og_site_name":"El Diario de Tucuman","article_published_time":"2018-06-07T15:50:25+00:00","og_image":[{"width":970,"height":546,"url":"https:\/\/www.eldiariodetucuman.com\/web\/wp-content\/uploads\/2018\/06\/58aa0343f5abf0e2ed81b95dea0cfe27.jpeg","type":"image\/jpeg"}],"author":"eldiario detucuman","twitter_card":"summary_large_image","twitter_misc":{"Escrito por":"eldiario detucuman","Tiempo de lectura":"1 minuto"},"schema":{"@context":"https:\/\/schema.org","@graph":[{"@type":"Article","@id":"https:\/\/www.eldiariodetucuman.com\/web\/deleznable-mujer-yanqui-humillo-a-familia-de-inmigrantes\/#article","isPartOf":{"@id":"https:\/\/www.eldiariodetucuman.com\/web\/deleznable-mujer-yanqui-humillo-a-familia-de-inmigrantes\/"},"author":{"name":"eldiario detucuman","@id":"https:\/\/www.eldiariodetucuman.com\/web\/#\/schema\/person\/6f95946e54fde848b878ffa4928071d5"},"headline":"Deleznable: mujer yanqui humill\u00f3 a familia de inmigrantes","datePublished":"2018-06-07T15:50:25+00:00","mainEntityOfPage":{"@id":"https:\/\/www.eldiariodetucuman.com\/web\/deleznable-mujer-yanqui-humillo-a-familia-de-inmigrantes\/"},"wordCount":155,"commentCount":0,"publisher":{"@id":"https:\/\/www.eldiariodetucuman.com\/web\/#organization"},"image":{"@id":"https:\/\/www.eldiariodetucuman.com\/web\/deleznable-mujer-yanqui-humillo-a-familia-de-inmigrantes\/#primaryimage"},"thumbnailUrl":"https:\/\/www.eldiariodetucuman.com\/web\/wp-content\/uploads\/2018\/06\/58aa0343f5abf0e2ed81b95dea0cfe27.jpeg","articleSection":["Internacionales"],"inLanguage":"es","potentialAction":[{"@type":"CommentAction","name":"Comment","target":["https:\/\/www.eldiariodetucuman.com\/web\/deleznable-mujer-yanqui-humillo-a-familia-de-inmigrantes\/#respond"]}]},{"@type":"WebPage","@id":"https:\/\/www.eldiariodetucuman.com\/web\/deleznable-mujer-yanqui-humillo-a-familia-de-inmigrantes\/","url":"https:\/\/www.eldiariodetucuman.com\/web\/deleznable-mujer-yanqui-humillo-a-familia-de-inmigrantes\/","name":"Deleznable: mujer yanqui humill\u00f3 a familia de inmigrantes - El Diario de Tucuman","isPartOf":{"@id":"https:\/\/www.eldiariodetucuman.com\/web\/#website"},"primaryImageOfPage":{"@id":"https:\/\/www.eldiariodetucuman.com\/web\/deleznable-mujer-yanqui-humillo-a-familia-de-inmigrantes\/#primaryimage"},"image":{"@id":"https:\/\/www.eldiariodetucuman.com\/web\/deleznable-mujer-yanqui-humillo-a-familia-de-inmigrantes\/#primaryimage"},"thumbnailUrl":"https:\/\/www.eldiariodetucuman.com\/web\/wp-content\/uploads\/2018\/06\/58aa0343f5abf0e2ed81b95dea0cfe27.jpeg","datePublished":"2018-06-07T15:50:25+00:00","breadcrumb":{"@id":"https:\/\/www.eldiariodetucuman.com\/web\/deleznable-mujer-yanqui-humillo-a-familia-de-inmigrantes\/#breadcrumb"},"inLanguage":"es","potentialAction":[{"@type":"ReadAction","target":["https:\/\/www.eldiariodetucuman.com\/web\/deleznable-mujer-yanqui-humillo-a-familia-de-inmigrantes\/"]}]},{"@type":"ImageObject","inLanguage":"es","@id":"https:\/\/www.eldiariodetucuman.com\/web\/deleznable-mujer-yanqui-humillo-a-familia-de-inmigrantes\/#primaryimage","url":"https:\/\/www.eldiariodetucuman.com\/web\/wp-content\/uploads\/2018\/06\/58aa0343f5abf0e2ed81b95dea0cfe27.jpeg","contentUrl":"https:\/\/www.eldiariodetucuman.com\/web\/wp-content\/uploads\/2018\/06\/58aa0343f5abf0e2ed81b95dea0cfe27.jpeg","width":970,"height":546},{"@type":"BreadcrumbList","@id":"https:\/\/www.eldiariodetucuman.com\/web\/deleznable-mujer-yanqui-humillo-a-familia-de-inmigrantes\/#breadcrumb","itemListElement":[{"@type":"ListItem","position":1,"name":"Portada","item":"https:\/\/www.eldiariodetucuman.com\/web\/"},{"@type":"ListItem","position":2,"name":"Deleznable: mujer yanqui humill\u00f3 a familia de inmigrantes"}]},{"@type":"WebSite","@id":"https:\/\/www.eldiariodetucuman.com\/web\/#website","url":"https:\/\/www.eldiariodetucuman.com\/web\/","name":"El Diario de Tucuman","description":"Diario Tucuman - Informaci\u00f3n y noticias","publisher":{"@id":"https:\/\/www.eldiariodetucuman.com\/web\/#organization"},"potentialAction":[{"@type":"SearchAction","target":{"@type":"EntryPoint","urlTemplate":"https:\/\/www.eldiariodetucuman.com\/web\/?s={search_term_string}"},"query-input":{"@type":"PropertyValueSpecification","valueRequired":true,"valueName":"search_term_string"}}],"inLanguage":"es"},{"@type":"Organization","@id":"https:\/\/www.eldiariodetucuman.com\/web\/#organization","name":"El Diario de Tucuman","url":"https:\/\/www.eldiariodetucuman.com\/web\/","logo":{"@type":"ImageObject","inLanguage":"es","@id":"https:\/\/www.eldiariodetucuman.com\/web\/#\/schema\/logo\/image\/","url":"http:\/\/www.eldiariodetucuman.com\/web\/wp-content\/uploads\/2017\/12\/el-diario-de-tucuman.jpg","contentUrl":"http:\/\/www.eldiariodetucuman.com\/web\/wp-content\/uploads\/2017\/12\/el-diario-de-tucuman.jpg","width":272,"height":92,"caption":"El Diario de Tucuman"},"image":{"@id":"https:\/\/www.eldiariodetucuman.com\/web\/#\/schema\/logo\/image\/"}},{"@type":"Person","@id":"https:\/\/www.eldiariodetucuman.com\/web\/#\/schema\/person\/6f95946e54fde848b878ffa4928071d5","name":"eldiario detucuman","image":{"@type":"ImageObject","inLanguage":"es","@id":"https:\/\/secure.gravatar.com\/avatar\/b6e1f89c5c4044c4962c8e6c20b1ca2cc99f549c965908afd4ec5308b3f51bfe?s=96&d=mm&r=g","url":"https:\/\/secure.gravatar.com\/avatar\/b6e1f89c5c4044c4962c8e6c20b1ca2cc99f549c965908afd4ec5308b3f51bfe?s=96&d=mm&r=g","contentUrl":"https:\/\/secure.gravatar.com\/avatar\/b6e1f89c5c4044c4962c8e6c20b1ca2cc99f549c965908afd4ec5308b3f51bfe?s=96&d=mm&r=g","caption":"eldiario detucuman"},"url":"https:\/\/www.eldiariodetucuman.com\/web\/author\/eldiariodetucuman\/"}]}},"_links":{"self":[{"href":"https:\/\/www.eldiariodetucuman.com\/web\/wp-json\/wp\/v2\/posts\/11953","targetHints":{"allow":["GET"]}}],"collection":[{"href":"https:\/\/www.eldiariodetucuman.com\/web\/wp-json\/wp\/v2\/posts"}],"about":[{"href":"https:\/\/www.eldiariodetucuman.com\/web\/wp-json\/wp\/v2\/types\/post"}],"author":[{"embeddable":true,"href":"https:\/\/www.eldiariodetucuman.com\/web\/wp-json\/wp\/v2\/users\/4"}],"replies":[{"embeddable":true,"href":"https:\/\/www.eldiariodetucuman.com\/web\/wp-json\/wp\/v2\/comments?post=11953"}],"version-history":[{"count":0,"href":"https:\/\/www.eldiariodetucuman.com\/web\/wp-json\/wp\/v2\/posts\/11953\/revisions"}],"wp:featuredmedia":[{"embeddable":true,"href":"https:\/\/www.eldiariodetucuman.com\/web\/wp-json\/wp\/v2\/media\/11954"}],"wp:attachment":[{"href":"https:\/\/www.eldiariodetucuman.com\/web\/wp-json\/wp\/v2\/media?parent=11953"}],"wp:term":[{"taxonomy":"category","embeddable":true,"href":"https:\/\/www.eldiariodetucuman.com\/web\/wp-json\/wp\/v2\/categories?post=11953"},{"taxonomy":"post_tag","embeddable":true,"href":"https:\/\/www.eldiariodetucuman.com\/web\/wp-json\/wp\/v2\/tags?post=11953"}],"curies":[{"name":"wp","href":"https:\/\/api.w.org\/{rel}","templated":true}]}}