{"id":11948,"date":"2018-06-07T12:37:04","date_gmt":"2018-06-07T15:37:04","guid":{"rendered":"http:\/\/www.eldiariodetucuman.com\/web\/patricia-bullrich-no-vamos-a-permitir-que-argentina-sea-bloqueada\/"},"modified":"2018-06-07T12:37:06","modified_gmt":"2018-06-07T15:37:06","slug":"patricia-bullrich-no-vamos-a-permitir-que-argentina-sea-bloqueada","status":"publish","type":"post","link":"https:\/\/www.eldiariodetucuman.com\/web\/patricia-bullrich-no-vamos-a-permitir-que-argentina-sea-bloqueada\/","title":{"rendered":"Patricia Bullrich: \u00abNo vamos a permitir que Argentina sea bloqueada\u00bb"},"content":{"rendered":"<div>\n<div readability=\"42.366914103924\">\n<p><a href=\"https:\/\/www.elintransigente.com\/politica\/2018\/6\/7\/la-cgt-finalmente-pondria-hoy-la-fecha-al-paro-general-494752.html\">Estamos a la puerta de un paro nacional<\/a>, o al menos eso parece cocinarse tras las presiones a la <a href=\"https:\/\/www.elintransigente.com\/noticias\/buscar\/?buscar=CGT\">CGT<\/a> para que lo convoque y ponga fecha. Lo cierto es que ayer <a href=\"https:\/\/www.elintransigente.com\/noticias\/buscar\/?buscar=Hugo+Moyano\">Hugo Moyano<\/a>, del gremio de Camioneros, anticip\u00f3 que de no haber acuerdo paritario acorde a sus pretensiones (27% de aumento) el d\u00eda jueves pr\u00f3ximo\u00a0habr\u00e1 un paro nacional \u00aba la brasilera\u00bb.\u00a0<\/p>\n<p>Ante este escenario, la <strong>ministra de Seguridad de la Naci\u00f3n, <a href=\"https:\/\/www.elintransigente.com\/noticias\/buscar\/?buscar=Patricia+Bullrich\">Patricia Bullrich<\/a><\/strong>, asegur\u00f3 que se\u00a0\u00abutilizar\u00e1 la fuerza p\u00fablica\u00bb si fuera necesario para evitar un bloqueo \u00aba la brasilera\u00bb como lo anuncia\u00a0el gremio de Camioneros.\u00a0\u00abNo vamos a permitir de ninguna manera que la Argentina sea bloqueada, que la gente sufra, que alguien en alg\u00fan hospital pueda no tener un insumo y sufrir una situaci\u00f3n grave porque a un sindicato se le ocurre bloquear el pa\u00eds\u00bb, manifest\u00f3.<\/p>\n<aside class=\"htmlinline \"><ins class=\"adsbygoogle\" data-ad-layout=\"in-article\" data-ad-format=\"fluid\" data-ad-client=\"ca-pub-7781556717282971\" data-ad-slot=\"9383133609\"><\/ins><br \/>\n<\/aside>\n<p>\u00abPor supuesto que utilizaremos la fuerza p\u00fablica si fuera necesario. Hay un gobierno que est\u00e1 para ordenar y permitir que los derechos convivan. Vamos a hacer todo lo que tenemos que hacer para que estas cosas no pasen\u00bb, a\u00f1adi\u00f3. En declaraciones formuladas esta ma\u00f1ana a radio La Red, Bullrich inst\u00f3 a que\u00a0\u00abno lo hagan\u00bb y\u00a0\u00abque sean racionales\u00bb.<\/p>\n<p>\u00abLo vivimos como un m\u00e9todo extorsivo que no se puede permitir. En todos los piquetes camioneros, llevamos gr\u00faas y logramos que todos los que quer\u00edan quedarse detenidos comenzaran a circular\u00bb, se\u00f1al\u00f3 en relaci\u00f3n con los cortes ocurridos ayer en la Ciudad Aut\u00f3noma de Buenos Aires.\u00a0\u00abEl Estado tiene que regular y compatibilizar los derechos y creemos que en este caso lo logramos a pesar de que mucha veces se dice que eso no se puede hacer\u00bb, sostuvo.<\/p>\n<p>Bullrich record\u00f3 tambi\u00e9n que existe una conciliaci\u00f3n obligatoria que involucra al gremio de Camioneros, por lo que los piquetes o cortes \u00abson una forma de violar el paraguas legal que hay entre las partes cuando est\u00e1n discutiendo posiciones\u00bb.<\/p>\n<\/div>\n<\/div>\n<p>Fuente: https:\/\/www.elintransigente.com\/politica\/2018\/6\/7\/patricia-bullrich-no-vamos-permitir-que-argentina-sea-bloqueada-494779.html<\/p>\n","protected":false},"excerpt":{"rendered":"<p>Estamos a la puerta de un paro nacional, o al menos eso parece cocinarse tras las presiones a la CGT para que lo convoque y ponga fecha. Lo cierto es que ayer Hugo Moyano, del gremio de Camioneros, anticip\u00f3 que de no haber acuerdo paritario acorde a sus pretensiones (27% de aumento) el d\u00eda jueves [&hellip;]<\/p>\n","protected":false},"author":1,"featured_media":11949,"comment_status":"open","ping_status":"closed","sticky":false,"template":"","format":"standard","meta":{"footnotes":""},"categories":[1],"tags":[],"class_list":{"0":"post-11948","1":"post","2":"type-post","3":"status-publish","4":"format-standard","5":"has-post-thumbnail","7":"category-portada"},"yoast_head":"<!-- This site is optimized with the Yoast SEO plugin v27.5 - https:\/\/yoast.com\/product\/yoast-seo-wordpress\/ -->\n<title>Patricia Bullrich: &quot;No vamos a permitir que Argentina sea bloqueada&quot; - El Diario de Tucuman<\/title>\n<meta name=\"robots\" content=\"index, follow, max-snippet:-1, max-image-preview:large, max-video-preview:-1\" \/>\n<link rel=\"canonical\" href=\"https:\/\/www.eldiariodetucuman.com\/web\/patricia-bullrich-no-vamos-a-permitir-que-argentina-sea-bloqueada\/\" \/>\n<meta property=\"og:locale\" content=\"es_ES\" \/>\n<meta property=\"og:type\" content=\"article\" \/>\n<meta property=\"og:title\" content=\"Patricia Bullrich: &quot;No vamos a permitir que Argentina sea bloqueada&quot; - El Diario de Tucuman\" \/>\n<meta property=\"og:description\" content=\"Estamos a la puerta de un paro nacional, o al menos eso parece cocinarse tras las presiones a la CGT para que lo convoque y ponga fecha. Lo cierto es que ayer Hugo Moyano, del gremio de Camioneros, anticip\u00f3 que de no haber acuerdo paritario acorde a sus pretensiones (27% de aumento) el d\u00eda jueves [&hellip;]\" \/>\n<meta property=\"og:url\" content=\"https:\/\/www.eldiariodetucuman.com\/web\/patricia-bullrich-no-vamos-a-permitir-que-argentina-sea-bloqueada\/\" \/>\n<meta property=\"og:site_name\" content=\"El Diario de Tucuman\" \/>\n<meta property=\"article:published_time\" content=\"2018-06-07T15:37:04+00:00\" \/>\n<meta property=\"article:modified_time\" content=\"2018-06-07T15:37:06+00:00\" \/>\n<meta property=\"og:image\" content=\"https:\/\/www.eldiariodetucuman.com\/web\/wp-content\/uploads\/2018\/06\/c6dbc2354607a4da7fa31eb011c81329.jpeg\" \/>\n\t<meta property=\"og:image:width\" content=\"960\" \/>\n\t<meta property=\"og:image:height\" content=\"539\" \/>\n\t<meta property=\"og:image:type\" content=\"image\/jpeg\" \/>\n<meta name=\"author\" content=\"admin\" \/>\n<meta name=\"twitter:card\" content=\"summary_large_image\" \/>\n<meta name=\"twitter:label1\" content=\"Escrito por\" \/>\n\t<meta name=\"twitter:data1\" content=\"admin\" \/>\n\t<meta name=\"twitter:label2\" content=\"Tiempo de lectura\" \/>\n\t<meta name=\"twitter:data2\" content=\"2 minutos\" \/>\n<script type=\"application\/ld+json\" class=\"yoast-schema-graph\">{\"@context\":\"https:\\\/\\\/schema.org\",\"@graph\":[{\"@type\":\"Article\",\"@id\":\"https:\\\/\\\/www.eldiariodetucuman.com\\\/web\\\/patricia-bullrich-no-vamos-a-permitir-que-argentina-sea-bloqueada\\\/#article\",\"isPartOf\":{\"@id\":\"https:\\\/\\\/www.eldiariodetucuman.com\\\/web\\\/patricia-bullrich-no-vamos-a-permitir-que-argentina-sea-bloqueada\\\/\"},\"author\":{\"name\":\"admin\",\"@id\":\"https:\\\/\\\/www.eldiariodetucuman.com\\\/web\\\/#\\\/schema\\\/person\\\/9250197d75ab5483412e19678b121caa\"},\"headline\":\"Patricia Bullrich: \u00abNo vamos a permitir que Argentina sea bloqueada\u00bb\",\"datePublished\":\"2018-06-07T15:37:04+00:00\",\"dateModified\":\"2018-06-07T15:37:06+00:00\",\"mainEntityOfPage\":{\"@id\":\"https:\\\/\\\/www.eldiariodetucuman.com\\\/web\\\/patricia-bullrich-no-vamos-a-permitir-que-argentina-sea-bloqueada\\\/\"},\"wordCount\":351,\"commentCount\":0,\"publisher\":{\"@id\":\"https:\\\/\\\/www.eldiariodetucuman.com\\\/web\\\/#organization\"},\"image\":{\"@id\":\"https:\\\/\\\/www.eldiariodetucuman.com\\\/web\\\/patricia-bullrich-no-vamos-a-permitir-que-argentina-sea-bloqueada\\\/#primaryimage\"},\"thumbnailUrl\":\"https:\\\/\\\/www.eldiariodetucuman.com\\\/web\\\/wp-content\\\/uploads\\\/2018\\\/06\\\/c6dbc2354607a4da7fa31eb011c81329.jpeg\",\"articleSection\":[\"Portada\"],\"inLanguage\":\"es\",\"potentialAction\":[{\"@type\":\"CommentAction\",\"name\":\"Comment\",\"target\":[\"https:\\\/\\\/www.eldiariodetucuman.com\\\/web\\\/patricia-bullrich-no-vamos-a-permitir-que-argentina-sea-bloqueada\\\/#respond\"]}]},{\"@type\":\"WebPage\",\"@id\":\"https:\\\/\\\/www.eldiariodetucuman.com\\\/web\\\/patricia-bullrich-no-vamos-a-permitir-que-argentina-sea-bloqueada\\\/\",\"url\":\"https:\\\/\\\/www.eldiariodetucuman.com\\\/web\\\/patricia-bullrich-no-vamos-a-permitir-que-argentina-sea-bloqueada\\\/\",\"name\":\"Patricia Bullrich: \\\"No vamos a permitir que Argentina sea bloqueada\\\" - El Diario de Tucuman\",\"isPartOf\":{\"@id\":\"https:\\\/\\\/www.eldiariodetucuman.com\\\/web\\\/#website\"},\"primaryImageOfPage\":{\"@id\":\"https:\\\/\\\/www.eldiariodetucuman.com\\\/web\\\/patricia-bullrich-no-vamos-a-permitir-que-argentina-sea-bloqueada\\\/#primaryimage\"},\"image\":{\"@id\":\"https:\\\/\\\/www.eldiariodetucuman.com\\\/web\\\/patricia-bullrich-no-vamos-a-permitir-que-argentina-sea-bloqueada\\\/#primaryimage\"},\"thumbnailUrl\":\"https:\\\/\\\/www.eldiariodetucuman.com\\\/web\\\/wp-content\\\/uploads\\\/2018\\\/06\\\/c6dbc2354607a4da7fa31eb011c81329.jpeg\",\"datePublished\":\"2018-06-07T15:37:04+00:00\",\"dateModified\":\"2018-06-07T15:37:06+00:00\",\"breadcrumb\":{\"@id\":\"https:\\\/\\\/www.eldiariodetucuman.com\\\/web\\\/patricia-bullrich-no-vamos-a-permitir-que-argentina-sea-bloqueada\\\/#breadcrumb\"},\"inLanguage\":\"es\",\"potentialAction\":[{\"@type\":\"ReadAction\",\"target\":[\"https:\\\/\\\/www.eldiariodetucuman.com\\\/web\\\/patricia-bullrich-no-vamos-a-permitir-que-argentina-sea-bloqueada\\\/\"]}]},{\"@type\":\"ImageObject\",\"inLanguage\":\"es\",\"@id\":\"https:\\\/\\\/www.eldiariodetucuman.com\\\/web\\\/patricia-bullrich-no-vamos-a-permitir-que-argentina-sea-bloqueada\\\/#primaryimage\",\"url\":\"https:\\\/\\\/www.eldiariodetucuman.com\\\/web\\\/wp-content\\\/uploads\\\/2018\\\/06\\\/c6dbc2354607a4da7fa31eb011c81329.jpeg\",\"contentUrl\":\"https:\\\/\\\/www.eldiariodetucuman.com\\\/web\\\/wp-content\\\/uploads\\\/2018\\\/06\\\/c6dbc2354607a4da7fa31eb011c81329.jpeg\",\"width\":960,\"height\":539},{\"@type\":\"BreadcrumbList\",\"@id\":\"https:\\\/\\\/www.eldiariodetucuman.com\\\/web\\\/patricia-bullrich-no-vamos-a-permitir-que-argentina-sea-bloqueada\\\/#breadcrumb\",\"itemListElement\":[{\"@type\":\"ListItem\",\"position\":1,\"name\":\"Portada\",\"item\":\"https:\\\/\\\/www.eldiariodetucuman.com\\\/web\\\/\"},{\"@type\":\"ListItem\",\"position\":2,\"name\":\"Patricia Bullrich: \u00abNo vamos a permitir que Argentina sea bloqueada\u00bb\"}]},{\"@type\":\"WebSite\",\"@id\":\"https:\\\/\\\/www.eldiariodetucuman.com\\\/web\\\/#website\",\"url\":\"https:\\\/\\\/www.eldiariodetucuman.com\\\/web\\\/\",\"name\":\"El Diario de Tucuman\",\"description\":\"Diario Tucuman - Informaci\u00f3n y noticias\",\"publisher\":{\"@id\":\"https:\\\/\\\/www.eldiariodetucuman.com\\\/web\\\/#organization\"},\"potentialAction\":[{\"@type\":\"SearchAction\",\"target\":{\"@type\":\"EntryPoint\",\"urlTemplate\":\"https:\\\/\\\/www.eldiariodetucuman.com\\\/web\\\/?s={search_term_string}\"},\"query-input\":{\"@type\":\"PropertyValueSpecification\",\"valueRequired\":true,\"valueName\":\"search_term_string\"}}],\"inLanguage\":\"es\"},{\"@type\":\"Organization\",\"@id\":\"https:\\\/\\\/www.eldiariodetucuman.com\\\/web\\\/#organization\",\"name\":\"El Diario de Tucuman\",\"url\":\"https:\\\/\\\/www.eldiariodetucuman.com\\\/web\\\/\",\"logo\":{\"@type\":\"ImageObject\",\"inLanguage\":\"es\",\"@id\":\"https:\\\/\\\/www.eldiariodetucuman.com\\\/web\\\/#\\\/schema\\\/logo\\\/image\\\/\",\"url\":\"http:\\\/\\\/www.eldiariodetucuman.com\\\/web\\\/wp-content\\\/uploads\\\/2017\\\/12\\\/el-diario-de-tucuman.jpg\",\"contentUrl\":\"http:\\\/\\\/www.eldiariodetucuman.com\\\/web\\\/wp-content\\\/uploads\\\/2017\\\/12\\\/el-diario-de-tucuman.jpg\",\"width\":272,\"height\":92,\"caption\":\"El Diario de Tucuman\"},\"image\":{\"@id\":\"https:\\\/\\\/www.eldiariodetucuman.com\\\/web\\\/#\\\/schema\\\/logo\\\/image\\\/\"}},{\"@type\":\"Person\",\"@id\":\"https:\\\/\\\/www.eldiariodetucuman.com\\\/web\\\/#\\\/schema\\\/person\\\/9250197d75ab5483412e19678b121caa\",\"name\":\"admin\",\"image\":{\"@type\":\"ImageObject\",\"inLanguage\":\"es\",\"@id\":\"https:\\\/\\\/secure.gravatar.com\\\/avatar\\\/c44d117c2be811212c22cb481f6b8384b6873de103fbc49e7a03cc58d7dea4ac?s=96&d=mm&r=g\",\"url\":\"https:\\\/\\\/secure.gravatar.com\\\/avatar\\\/c44d117c2be811212c22cb481f6b8384b6873de103fbc49e7a03cc58d7dea4ac?s=96&d=mm&r=g\",\"contentUrl\":\"https:\\\/\\\/secure.gravatar.com\\\/avatar\\\/c44d117c2be811212c22cb481f6b8384b6873de103fbc49e7a03cc58d7dea4ac?s=96&d=mm&r=g\",\"caption\":\"admin\"},\"url\":\"https:\\\/\\\/www.eldiariodetucuman.com\\\/web\\\/author\\\/admin\\\/\"}]}<\/script>\n<!-- \/ Yoast SEO plugin. -->","yoast_head_json":{"title":"Patricia Bullrich: \"No vamos a permitir que Argentina sea bloqueada\" - El Diario de Tucuman","robots":{"index":"index","follow":"follow","max-snippet":"max-snippet:-1","max-image-preview":"max-image-preview:large","max-video-preview":"max-video-preview:-1"},"canonical":"https:\/\/www.eldiariodetucuman.com\/web\/patricia-bullrich-no-vamos-a-permitir-que-argentina-sea-bloqueada\/","og_locale":"es_ES","og_type":"article","og_title":"Patricia Bullrich: \"No vamos a permitir que Argentina sea bloqueada\" - El Diario de Tucuman","og_description":"Estamos a la puerta de un paro nacional, o al menos eso parece cocinarse tras las presiones a la CGT para que lo convoque y ponga fecha. Lo cierto es que ayer Hugo Moyano, del gremio de Camioneros, anticip\u00f3 que de no haber acuerdo paritario acorde a sus pretensiones (27% de aumento) el d\u00eda jueves [&hellip;]","og_url":"https:\/\/www.eldiariodetucuman.com\/web\/patricia-bullrich-no-vamos-a-permitir-que-argentina-sea-bloqueada\/","og_site_name":"El Diario de Tucuman","article_published_time":"2018-06-07T15:37:04+00:00","article_modified_time":"2018-06-07T15:37:06+00:00","og_image":[{"width":960,"height":539,"url":"https:\/\/www.eldiariodetucuman.com\/web\/wp-content\/uploads\/2018\/06\/c6dbc2354607a4da7fa31eb011c81329.jpeg","type":"image\/jpeg"}],"author":"admin","twitter_card":"summary_large_image","twitter_misc":{"Escrito por":"admin","Tiempo de lectura":"2 minutos"},"schema":{"@context":"https:\/\/schema.org","@graph":[{"@type":"Article","@id":"https:\/\/www.eldiariodetucuman.com\/web\/patricia-bullrich-no-vamos-a-permitir-que-argentina-sea-bloqueada\/#article","isPartOf":{"@id":"https:\/\/www.eldiariodetucuman.com\/web\/patricia-bullrich-no-vamos-a-permitir-que-argentina-sea-bloqueada\/"},"author":{"name":"admin","@id":"https:\/\/www.eldiariodetucuman.com\/web\/#\/schema\/person\/9250197d75ab5483412e19678b121caa"},"headline":"Patricia Bullrich: \u00abNo vamos a permitir que Argentina sea bloqueada\u00bb","datePublished":"2018-06-07T15:37:04+00:00","dateModified":"2018-06-07T15:37:06+00:00","mainEntityOfPage":{"@id":"https:\/\/www.eldiariodetucuman.com\/web\/patricia-bullrich-no-vamos-a-permitir-que-argentina-sea-bloqueada\/"},"wordCount":351,"commentCount":0,"publisher":{"@id":"https:\/\/www.eldiariodetucuman.com\/web\/#organization"},"image":{"@id":"https:\/\/www.eldiariodetucuman.com\/web\/patricia-bullrich-no-vamos-a-permitir-que-argentina-sea-bloqueada\/#primaryimage"},"thumbnailUrl":"https:\/\/www.eldiariodetucuman.com\/web\/wp-content\/uploads\/2018\/06\/c6dbc2354607a4da7fa31eb011c81329.jpeg","articleSection":["Portada"],"inLanguage":"es","potentialAction":[{"@type":"CommentAction","name":"Comment","target":["https:\/\/www.eldiariodetucuman.com\/web\/patricia-bullrich-no-vamos-a-permitir-que-argentina-sea-bloqueada\/#respond"]}]},{"@type":"WebPage","@id":"https:\/\/www.eldiariodetucuman.com\/web\/patricia-bullrich-no-vamos-a-permitir-que-argentina-sea-bloqueada\/","url":"https:\/\/www.eldiariodetucuman.com\/web\/patricia-bullrich-no-vamos-a-permitir-que-argentina-sea-bloqueada\/","name":"Patricia Bullrich: \"No vamos a permitir que Argentina sea bloqueada\" - El Diario de Tucuman","isPartOf":{"@id":"https:\/\/www.eldiariodetucuman.com\/web\/#website"},"primaryImageOfPage":{"@id":"https:\/\/www.eldiariodetucuman.com\/web\/patricia-bullrich-no-vamos-a-permitir-que-argentina-sea-bloqueada\/#primaryimage"},"image":{"@id":"https:\/\/www.eldiariodetucuman.com\/web\/patricia-bullrich-no-vamos-a-permitir-que-argentina-sea-bloqueada\/#primaryimage"},"thumbnailUrl":"https:\/\/www.eldiariodetucuman.com\/web\/wp-content\/uploads\/2018\/06\/c6dbc2354607a4da7fa31eb011c81329.jpeg","datePublished":"2018-06-07T15:37:04+00:00","dateModified":"2018-06-07T15:37:06+00:00","breadcrumb":{"@id":"https:\/\/www.eldiariodetucuman.com\/web\/patricia-bullrich-no-vamos-a-permitir-que-argentina-sea-bloqueada\/#breadcrumb"},"inLanguage":"es","potentialAction":[{"@type":"ReadAction","target":["https:\/\/www.eldiariodetucuman.com\/web\/patricia-bullrich-no-vamos-a-permitir-que-argentina-sea-bloqueada\/"]}]},{"@type":"ImageObject","inLanguage":"es","@id":"https:\/\/www.eldiariodetucuman.com\/web\/patricia-bullrich-no-vamos-a-permitir-que-argentina-sea-bloqueada\/#primaryimage","url":"https:\/\/www.eldiariodetucuman.com\/web\/wp-content\/uploads\/2018\/06\/c6dbc2354607a4da7fa31eb011c81329.jpeg","contentUrl":"https:\/\/www.eldiariodetucuman.com\/web\/wp-content\/uploads\/2018\/06\/c6dbc2354607a4da7fa31eb011c81329.jpeg","width":960,"height":539},{"@type":"BreadcrumbList","@id":"https:\/\/www.eldiariodetucuman.com\/web\/patricia-bullrich-no-vamos-a-permitir-que-argentina-sea-bloqueada\/#breadcrumb","itemListElement":[{"@type":"ListItem","position":1,"name":"Portada","item":"https:\/\/www.eldiariodetucuman.com\/web\/"},{"@type":"ListItem","position":2,"name":"Patricia Bullrich: \u00abNo vamos a permitir que Argentina sea bloqueada\u00bb"}]},{"@type":"WebSite","@id":"https:\/\/www.eldiariodetucuman.com\/web\/#website","url":"https:\/\/www.eldiariodetucuman.com\/web\/","name":"El Diario de Tucuman","description":"Diario Tucuman - Informaci\u00f3n y noticias","publisher":{"@id":"https:\/\/www.eldiariodetucuman.com\/web\/#organization"},"potentialAction":[{"@type":"SearchAction","target":{"@type":"EntryPoint","urlTemplate":"https:\/\/www.eldiariodetucuman.com\/web\/?s={search_term_string}"},"query-input":{"@type":"PropertyValueSpecification","valueRequired":true,"valueName":"search_term_string"}}],"inLanguage":"es"},{"@type":"Organization","@id":"https:\/\/www.eldiariodetucuman.com\/web\/#organization","name":"El Diario de Tucuman","url":"https:\/\/www.eldiariodetucuman.com\/web\/","logo":{"@type":"ImageObject","inLanguage":"es","@id":"https:\/\/www.eldiariodetucuman.com\/web\/#\/schema\/logo\/image\/","url":"http:\/\/www.eldiariodetucuman.com\/web\/wp-content\/uploads\/2017\/12\/el-diario-de-tucuman.jpg","contentUrl":"http:\/\/www.eldiariodetucuman.com\/web\/wp-content\/uploads\/2017\/12\/el-diario-de-tucuman.jpg","width":272,"height":92,"caption":"El Diario de Tucuman"},"image":{"@id":"https:\/\/www.eldiariodetucuman.com\/web\/#\/schema\/logo\/image\/"}},{"@type":"Person","@id":"https:\/\/www.eldiariodetucuman.com\/web\/#\/schema\/person\/9250197d75ab5483412e19678b121caa","name":"admin","image":{"@type":"ImageObject","inLanguage":"es","@id":"https:\/\/secure.gravatar.com\/avatar\/c44d117c2be811212c22cb481f6b8384b6873de103fbc49e7a03cc58d7dea4ac?s=96&d=mm&r=g","url":"https:\/\/secure.gravatar.com\/avatar\/c44d117c2be811212c22cb481f6b8384b6873de103fbc49e7a03cc58d7dea4ac?s=96&d=mm&r=g","contentUrl":"https:\/\/secure.gravatar.com\/avatar\/c44d117c2be811212c22cb481f6b8384b6873de103fbc49e7a03cc58d7dea4ac?s=96&d=mm&r=g","caption":"admin"},"url":"https:\/\/www.eldiariodetucuman.com\/web\/author\/admin\/"}]}},"_links":{"self":[{"href":"https:\/\/www.eldiariodetucuman.com\/web\/wp-json\/wp\/v2\/posts\/11948","targetHints":{"allow":["GET"]}}],"collection":[{"href":"https:\/\/www.eldiariodetucuman.com\/web\/wp-json\/wp\/v2\/posts"}],"about":[{"href":"https:\/\/www.eldiariodetucuman.com\/web\/wp-json\/wp\/v2\/types\/post"}],"author":[{"embeddable":true,"href":"https:\/\/www.eldiariodetucuman.com\/web\/wp-json\/wp\/v2\/users\/1"}],"replies":[{"embeddable":true,"href":"https:\/\/www.eldiariodetucuman.com\/web\/wp-json\/wp\/v2\/comments?post=11948"}],"version-history":[{"count":1,"href":"https:\/\/www.eldiariodetucuman.com\/web\/wp-json\/wp\/v2\/posts\/11948\/revisions"}],"predecessor-version":[{"id":11950,"href":"https:\/\/www.eldiariodetucuman.com\/web\/wp-json\/wp\/v2\/posts\/11948\/revisions\/11950"}],"wp:featuredmedia":[{"embeddable":true,"href":"https:\/\/www.eldiariodetucuman.com\/web\/wp-json\/wp\/v2\/media\/11949"}],"wp:attachment":[{"href":"https:\/\/www.eldiariodetucuman.com\/web\/wp-json\/wp\/v2\/media?parent=11948"}],"wp:term":[{"taxonomy":"category","embeddable":true,"href":"https:\/\/www.eldiariodetucuman.com\/web\/wp-json\/wp\/v2\/categories?post=11948"},{"taxonomy":"post_tag","embeddable":true,"href":"https:\/\/www.eldiariodetucuman.com\/web\/wp-json\/wp\/v2\/tags?post=11948"}],"curies":[{"name":"wp","href":"https:\/\/api.w.org\/{rel}","templated":true}]}}