{"id":11945,"date":"2018-06-07T12:36:56","date_gmt":"2018-06-07T15:36:56","guid":{"rendered":"http:\/\/www.eldiariodetucuman.com\/web\/javier-gonzalez-fraga-hizo-un-guino-al-sector-lechero-y-al-campo\/"},"modified":"2018-06-07T12:36:58","modified_gmt":"2018-06-07T15:36:58","slug":"javier-gonzalez-fraga-hizo-un-guino-al-sector-lechero-y-al-campo","status":"publish","type":"post","link":"https:\/\/www.eldiariodetucuman.com\/web\/javier-gonzalez-fraga-hizo-un-guino-al-sector-lechero-y-al-campo\/","title":{"rendered":"Javier Gonz\u00e1lez Fraga hizo un gui\u00f1o al sector lechero y al campo"},"content":{"rendered":"<div>\n<div readability=\"46.774879227053\">\n<p>El <strong>presidente del <a href=\"https:\/\/www.elintransigente.com\/noticias\/buscar\/?buscar=Banco+Naci%C3%B3n\">Banco Naci\u00f3n<\/a><\/strong> visit\u00f3 la nueva muestra de Agroactiva 2018 que fue inaugurada ayer en Armstrong, Santa F\u00e9. En ese marco, <strong><a href=\"https:\/\/www.elintransigente.com\/noticias\/buscar\/?buscar=Javier+Gonz%C3%A1lez+Fraga\">Javier Gonz\u00e1lez Fraga<\/a><\/strong>\u00a0\u00a0pronostic\u00f3\u00a0que <strong>la cadena l\u00e1ctea argentina va camino a encontrar una senda de crecimiento sostenido<\/strong> que le permitir\u00e1 recuperarse, y anticip\u00f3 ser\u00e1\u00a0en relaci\u00f3n\u00a0al\u00a0incremento del comercio exterior.<\/p>\n<p>\u201cArgentina podr\u00e1 estar exportando el 40%\u00a0de su producci\u00f3n l\u00e1ctea de ac\u00e1 a cinco o diez a\u00f1os\u201d, dijo el titular del Naci\u00f3n, en medio de un recorrido por la muestra junto a\u00a0autoridades de la Bolsa de Comercio de Rosario, el Rofex, el Rosgan y el Mercado Argentino de Valores. Hace una semana, un <a href=\"https:\/\/www.elintransigente.com\/economia\/2018\/6\/1\/la-industria-lechera-podria-pagarle-hasta-13-mas-los-tambos-493873.html\">informe del\u00a0Ieral de Fundaci\u00f3n Mediterr\u00e1nea analiz\u00f3 el impacto de la devaluaci\u00f3n en el sector<\/a>.<\/p>\n<aside class=\"htmlinline \"><ins class=\"adsbygoogle\" data-ad-layout=\"in-article\" data-ad-format=\"fluid\" data-ad-client=\"ca-pub-7781556717282971\" data-ad-slot=\"9383133609\"><\/ins><br \/>\n<\/aside>\n<p>La\u00a0<a href=\"https:\/\/www.elintransigente.com\/noticias\/buscar\/?buscar=devaluaci%C3%B3n+\">devaluaci\u00f3n<\/a>\u00a0del tipo de cambio durante el mes de mayo gener\u00f3 expectativa en el sector lechero, donde esperan un\u00a0mejor escenario de negocios\u00a0sobre todo en\u00a0el\u00a0subcircuito exportador (fundamentalmente leche en polvo),\u00a0y\u00a0una suba del precio de la leche cruda\u00a0en las pr\u00f3ximas semanas o meses futuros, seg\u00fan se\u00f1al\u00f3 el\u00a0<a href=\"http:\/\/www.ieral.org\/images_db\/noticias_archivos\/3800-Cadena%20L%C3%A1ctea.pdf\" target=\"_blank\">an\u00e1lisis de coyuntura\u00a0de Juan Manuel Garz\u00f3n y Nicol\u00e1s Torre<\/a>.<\/p>\n<p>Por otro lado, Gonz\u00e1lez Fraga habl\u00f3 de\u00a0la coyuntura del financiamiento en el pa\u00eds, pero puntualmente\u00a0para el sector agropecuario.\u201cCada gerente tiene instrucci\u00f3n de que no se caiga ning\u00fan productor por no poder pagar el vencimiento, que hay que renov\u00e1rselo a cualquier afectado por la sequ\u00eda. Y adem\u00e1s, ampliamos la l\u00ednea de capital de trabajo, incluso en d\u00f3lares, a tasas bajas con per\u00edodo de gracia de 6 meses\u201d, asegur\u00f3.\u00a0<\/p>\n<p>\u201cMuchos saben que, adem\u00e1s de presidir el Banco m\u00e1s importante del pa\u00eds y el m\u00e1s comprometido con la actividad, pertenezco al sector agropecuario y tengo mi coraz\u00f3n ah\u00ed. Lo primero que quiero expresar es mi solidaridad con el campo por todas las adversidades por las que ha tenido que atravesar en los \u00faltimos a\u00f1os. Inundaciones, sequias y problemas financieros que no hacen m\u00e1s que fortalecer el car\u00e1cter del productor agropecuario\u201d, concluy\u00f3.<\/p>\n<\/div>\n<\/div>\n<p>Fuente: https:\/\/www.elintransigente.com\/politica\/2018\/6\/7\/javier-gonzalez-fraga-hizo-un-guino-al-sector-lechero-al-campo-494789.html<\/p>\n","protected":false},"excerpt":{"rendered":"<p>El presidente del Banco Naci\u00f3n visit\u00f3 la nueva muestra de Agroactiva 2018 que fue inaugurada ayer en Armstrong, Santa F\u00e9. En ese marco, Javier Gonz\u00e1lez Fraga\u00a0\u00a0pronostic\u00f3\u00a0que la cadena l\u00e1ctea argentina va camino a encontrar una senda de crecimiento sostenido que le permitir\u00e1 recuperarse, y anticip\u00f3 ser\u00e1\u00a0en relaci\u00f3n\u00a0al\u00a0incremento del comercio exterior. \u201cArgentina podr\u00e1 estar exportando el [&hellip;]<\/p>\n","protected":false},"author":1,"featured_media":11946,"comment_status":"open","ping_status":"closed","sticky":false,"template":"","format":"standard","meta":{"footnotes":""},"categories":[1],"tags":[],"class_list":{"0":"post-11945","1":"post","2":"type-post","3":"status-publish","4":"format-standard","5":"has-post-thumbnail","7":"category-portada"},"yoast_head":"<!-- This site is optimized with the Yoast SEO plugin v27.5 - https:\/\/yoast.com\/product\/yoast-seo-wordpress\/ -->\n<title>Javier Gonz\u00e1lez Fraga hizo un gui\u00f1o al sector lechero y al campo - El Diario de Tucuman<\/title>\n<meta name=\"robots\" content=\"index, follow, max-snippet:-1, max-image-preview:large, max-video-preview:-1\" \/>\n<link rel=\"canonical\" href=\"https:\/\/www.eldiariodetucuman.com\/web\/javier-gonzalez-fraga-hizo-un-guino-al-sector-lechero-y-al-campo\/\" \/>\n<meta property=\"og:locale\" content=\"es_ES\" \/>\n<meta property=\"og:type\" content=\"article\" \/>\n<meta property=\"og:title\" content=\"Javier Gonz\u00e1lez Fraga hizo un gui\u00f1o al sector lechero y al campo - El Diario de Tucuman\" \/>\n<meta property=\"og:description\" content=\"El presidente del Banco Naci\u00f3n visit\u00f3 la nueva muestra de Agroactiva 2018 que fue inaugurada ayer en Armstrong, Santa F\u00e9. En ese marco, Javier Gonz\u00e1lez Fraga\u00a0\u00a0pronostic\u00f3\u00a0que la cadena l\u00e1ctea argentina va camino a encontrar una senda de crecimiento sostenido que le permitir\u00e1 recuperarse, y anticip\u00f3 ser\u00e1\u00a0en relaci\u00f3n\u00a0al\u00a0incremento del comercio exterior. \u201cArgentina podr\u00e1 estar exportando el [&hellip;]\" \/>\n<meta property=\"og:url\" content=\"https:\/\/www.eldiariodetucuman.com\/web\/javier-gonzalez-fraga-hizo-un-guino-al-sector-lechero-y-al-campo\/\" \/>\n<meta property=\"og:site_name\" content=\"El Diario de Tucuman\" \/>\n<meta property=\"article:published_time\" content=\"2018-06-07T15:36:56+00:00\" \/>\n<meta property=\"article:modified_time\" content=\"2018-06-07T15:36:58+00:00\" \/>\n<meta property=\"og:image\" content=\"https:\/\/www.eldiariodetucuman.com\/web\/wp-content\/uploads\/2018\/06\/49fe9528c575a971049591c6880ada38.jpeg\" \/>\n\t<meta property=\"og:image:width\" content=\"960\" \/>\n\t<meta property=\"og:image:height\" content=\"540\" \/>\n\t<meta property=\"og:image:type\" content=\"image\/jpeg\" \/>\n<meta name=\"author\" content=\"admin\" \/>\n<meta name=\"twitter:card\" content=\"summary_large_image\" \/>\n<meta name=\"twitter:label1\" content=\"Escrito por\" \/>\n\t<meta name=\"twitter:data1\" content=\"admin\" \/>\n\t<meta name=\"twitter:label2\" content=\"Tiempo de lectura\" \/>\n\t<meta name=\"twitter:data2\" content=\"2 minutos\" \/>\n<script type=\"application\/ld+json\" class=\"yoast-schema-graph\">{\"@context\":\"https:\\\/\\\/schema.org\",\"@graph\":[{\"@type\":\"Article\",\"@id\":\"https:\\\/\\\/www.eldiariodetucuman.com\\\/web\\\/javier-gonzalez-fraga-hizo-un-guino-al-sector-lechero-y-al-campo\\\/#article\",\"isPartOf\":{\"@id\":\"https:\\\/\\\/www.eldiariodetucuman.com\\\/web\\\/javier-gonzalez-fraga-hizo-un-guino-al-sector-lechero-y-al-campo\\\/\"},\"author\":{\"name\":\"admin\",\"@id\":\"https:\\\/\\\/www.eldiariodetucuman.com\\\/web\\\/#\\\/schema\\\/person\\\/9250197d75ab5483412e19678b121caa\"},\"headline\":\"Javier Gonz\u00e1lez Fraga hizo un gui\u00f1o al sector lechero y al campo\",\"datePublished\":\"2018-06-07T15:36:56+00:00\",\"dateModified\":\"2018-06-07T15:36:58+00:00\",\"mainEntityOfPage\":{\"@id\":\"https:\\\/\\\/www.eldiariodetucuman.com\\\/web\\\/javier-gonzalez-fraga-hizo-un-guino-al-sector-lechero-y-al-campo\\\/\"},\"wordCount\":383,\"commentCount\":0,\"publisher\":{\"@id\":\"https:\\\/\\\/www.eldiariodetucuman.com\\\/web\\\/#organization\"},\"image\":{\"@id\":\"https:\\\/\\\/www.eldiariodetucuman.com\\\/web\\\/javier-gonzalez-fraga-hizo-un-guino-al-sector-lechero-y-al-campo\\\/#primaryimage\"},\"thumbnailUrl\":\"https:\\\/\\\/www.eldiariodetucuman.com\\\/web\\\/wp-content\\\/uploads\\\/2018\\\/06\\\/49fe9528c575a971049591c6880ada38.jpeg\",\"articleSection\":[\"Portada\"],\"inLanguage\":\"es\",\"potentialAction\":[{\"@type\":\"CommentAction\",\"name\":\"Comment\",\"target\":[\"https:\\\/\\\/www.eldiariodetucuman.com\\\/web\\\/javier-gonzalez-fraga-hizo-un-guino-al-sector-lechero-y-al-campo\\\/#respond\"]}]},{\"@type\":\"WebPage\",\"@id\":\"https:\\\/\\\/www.eldiariodetucuman.com\\\/web\\\/javier-gonzalez-fraga-hizo-un-guino-al-sector-lechero-y-al-campo\\\/\",\"url\":\"https:\\\/\\\/www.eldiariodetucuman.com\\\/web\\\/javier-gonzalez-fraga-hizo-un-guino-al-sector-lechero-y-al-campo\\\/\",\"name\":\"Javier Gonz\u00e1lez Fraga hizo un gui\u00f1o al sector lechero y al campo - El Diario de Tucuman\",\"isPartOf\":{\"@id\":\"https:\\\/\\\/www.eldiariodetucuman.com\\\/web\\\/#website\"},\"primaryImageOfPage\":{\"@id\":\"https:\\\/\\\/www.eldiariodetucuman.com\\\/web\\\/javier-gonzalez-fraga-hizo-un-guino-al-sector-lechero-y-al-campo\\\/#primaryimage\"},\"image\":{\"@id\":\"https:\\\/\\\/www.eldiariodetucuman.com\\\/web\\\/javier-gonzalez-fraga-hizo-un-guino-al-sector-lechero-y-al-campo\\\/#primaryimage\"},\"thumbnailUrl\":\"https:\\\/\\\/www.eldiariodetucuman.com\\\/web\\\/wp-content\\\/uploads\\\/2018\\\/06\\\/49fe9528c575a971049591c6880ada38.jpeg\",\"datePublished\":\"2018-06-07T15:36:56+00:00\",\"dateModified\":\"2018-06-07T15:36:58+00:00\",\"breadcrumb\":{\"@id\":\"https:\\\/\\\/www.eldiariodetucuman.com\\\/web\\\/javier-gonzalez-fraga-hizo-un-guino-al-sector-lechero-y-al-campo\\\/#breadcrumb\"},\"inLanguage\":\"es\",\"potentialAction\":[{\"@type\":\"ReadAction\",\"target\":[\"https:\\\/\\\/www.eldiariodetucuman.com\\\/web\\\/javier-gonzalez-fraga-hizo-un-guino-al-sector-lechero-y-al-campo\\\/\"]}]},{\"@type\":\"ImageObject\",\"inLanguage\":\"es\",\"@id\":\"https:\\\/\\\/www.eldiariodetucuman.com\\\/web\\\/javier-gonzalez-fraga-hizo-un-guino-al-sector-lechero-y-al-campo\\\/#primaryimage\",\"url\":\"https:\\\/\\\/www.eldiariodetucuman.com\\\/web\\\/wp-content\\\/uploads\\\/2018\\\/06\\\/49fe9528c575a971049591c6880ada38.jpeg\",\"contentUrl\":\"https:\\\/\\\/www.eldiariodetucuman.com\\\/web\\\/wp-content\\\/uploads\\\/2018\\\/06\\\/49fe9528c575a971049591c6880ada38.jpeg\",\"width\":960,\"height\":540},{\"@type\":\"BreadcrumbList\",\"@id\":\"https:\\\/\\\/www.eldiariodetucuman.com\\\/web\\\/javier-gonzalez-fraga-hizo-un-guino-al-sector-lechero-y-al-campo\\\/#breadcrumb\",\"itemListElement\":[{\"@type\":\"ListItem\",\"position\":1,\"name\":\"Portada\",\"item\":\"https:\\\/\\\/www.eldiariodetucuman.com\\\/web\\\/\"},{\"@type\":\"ListItem\",\"position\":2,\"name\":\"Javier Gonz\u00e1lez Fraga hizo un gui\u00f1o al sector lechero y al campo\"}]},{\"@type\":\"WebSite\",\"@id\":\"https:\\\/\\\/www.eldiariodetucuman.com\\\/web\\\/#website\",\"url\":\"https:\\\/\\\/www.eldiariodetucuman.com\\\/web\\\/\",\"name\":\"El Diario de Tucuman\",\"description\":\"Diario Tucuman - Informaci\u00f3n y noticias\",\"publisher\":{\"@id\":\"https:\\\/\\\/www.eldiariodetucuman.com\\\/web\\\/#organization\"},\"potentialAction\":[{\"@type\":\"SearchAction\",\"target\":{\"@type\":\"EntryPoint\",\"urlTemplate\":\"https:\\\/\\\/www.eldiariodetucuman.com\\\/web\\\/?s={search_term_string}\"},\"query-input\":{\"@type\":\"PropertyValueSpecification\",\"valueRequired\":true,\"valueName\":\"search_term_string\"}}],\"inLanguage\":\"es\"},{\"@type\":\"Organization\",\"@id\":\"https:\\\/\\\/www.eldiariodetucuman.com\\\/web\\\/#organization\",\"name\":\"El Diario de Tucuman\",\"url\":\"https:\\\/\\\/www.eldiariodetucuman.com\\\/web\\\/\",\"logo\":{\"@type\":\"ImageObject\",\"inLanguage\":\"es\",\"@id\":\"https:\\\/\\\/www.eldiariodetucuman.com\\\/web\\\/#\\\/schema\\\/logo\\\/image\\\/\",\"url\":\"http:\\\/\\\/www.eldiariodetucuman.com\\\/web\\\/wp-content\\\/uploads\\\/2017\\\/12\\\/el-diario-de-tucuman.jpg\",\"contentUrl\":\"http:\\\/\\\/www.eldiariodetucuman.com\\\/web\\\/wp-content\\\/uploads\\\/2017\\\/12\\\/el-diario-de-tucuman.jpg\",\"width\":272,\"height\":92,\"caption\":\"El Diario de Tucuman\"},\"image\":{\"@id\":\"https:\\\/\\\/www.eldiariodetucuman.com\\\/web\\\/#\\\/schema\\\/logo\\\/image\\\/\"}},{\"@type\":\"Person\",\"@id\":\"https:\\\/\\\/www.eldiariodetucuman.com\\\/web\\\/#\\\/schema\\\/person\\\/9250197d75ab5483412e19678b121caa\",\"name\":\"admin\",\"image\":{\"@type\":\"ImageObject\",\"inLanguage\":\"es\",\"@id\":\"https:\\\/\\\/secure.gravatar.com\\\/avatar\\\/c44d117c2be811212c22cb481f6b8384b6873de103fbc49e7a03cc58d7dea4ac?s=96&d=mm&r=g\",\"url\":\"https:\\\/\\\/secure.gravatar.com\\\/avatar\\\/c44d117c2be811212c22cb481f6b8384b6873de103fbc49e7a03cc58d7dea4ac?s=96&d=mm&r=g\",\"contentUrl\":\"https:\\\/\\\/secure.gravatar.com\\\/avatar\\\/c44d117c2be811212c22cb481f6b8384b6873de103fbc49e7a03cc58d7dea4ac?s=96&d=mm&r=g\",\"caption\":\"admin\"},\"url\":\"https:\\\/\\\/www.eldiariodetucuman.com\\\/web\\\/author\\\/admin\\\/\"}]}<\/script>\n<!-- \/ Yoast SEO plugin. -->","yoast_head_json":{"title":"Javier Gonz\u00e1lez Fraga hizo un gui\u00f1o al sector lechero y al campo - El Diario de Tucuman","robots":{"index":"index","follow":"follow","max-snippet":"max-snippet:-1","max-image-preview":"max-image-preview:large","max-video-preview":"max-video-preview:-1"},"canonical":"https:\/\/www.eldiariodetucuman.com\/web\/javier-gonzalez-fraga-hizo-un-guino-al-sector-lechero-y-al-campo\/","og_locale":"es_ES","og_type":"article","og_title":"Javier Gonz\u00e1lez Fraga hizo un gui\u00f1o al sector lechero y al campo - El Diario de Tucuman","og_description":"El presidente del Banco Naci\u00f3n visit\u00f3 la nueva muestra de Agroactiva 2018 que fue inaugurada ayer en Armstrong, Santa F\u00e9. En ese marco, Javier Gonz\u00e1lez Fraga\u00a0\u00a0pronostic\u00f3\u00a0que la cadena l\u00e1ctea argentina va camino a encontrar una senda de crecimiento sostenido que le permitir\u00e1 recuperarse, y anticip\u00f3 ser\u00e1\u00a0en relaci\u00f3n\u00a0al\u00a0incremento del comercio exterior. \u201cArgentina podr\u00e1 estar exportando el [&hellip;]","og_url":"https:\/\/www.eldiariodetucuman.com\/web\/javier-gonzalez-fraga-hizo-un-guino-al-sector-lechero-y-al-campo\/","og_site_name":"El Diario de Tucuman","article_published_time":"2018-06-07T15:36:56+00:00","article_modified_time":"2018-06-07T15:36:58+00:00","og_image":[{"width":960,"height":540,"url":"https:\/\/www.eldiariodetucuman.com\/web\/wp-content\/uploads\/2018\/06\/49fe9528c575a971049591c6880ada38.jpeg","type":"image\/jpeg"}],"author":"admin","twitter_card":"summary_large_image","twitter_misc":{"Escrito por":"admin","Tiempo de lectura":"2 minutos"},"schema":{"@context":"https:\/\/schema.org","@graph":[{"@type":"Article","@id":"https:\/\/www.eldiariodetucuman.com\/web\/javier-gonzalez-fraga-hizo-un-guino-al-sector-lechero-y-al-campo\/#article","isPartOf":{"@id":"https:\/\/www.eldiariodetucuman.com\/web\/javier-gonzalez-fraga-hizo-un-guino-al-sector-lechero-y-al-campo\/"},"author":{"name":"admin","@id":"https:\/\/www.eldiariodetucuman.com\/web\/#\/schema\/person\/9250197d75ab5483412e19678b121caa"},"headline":"Javier Gonz\u00e1lez Fraga hizo un gui\u00f1o al sector lechero y al campo","datePublished":"2018-06-07T15:36:56+00:00","dateModified":"2018-06-07T15:36:58+00:00","mainEntityOfPage":{"@id":"https:\/\/www.eldiariodetucuman.com\/web\/javier-gonzalez-fraga-hizo-un-guino-al-sector-lechero-y-al-campo\/"},"wordCount":383,"commentCount":0,"publisher":{"@id":"https:\/\/www.eldiariodetucuman.com\/web\/#organization"},"image":{"@id":"https:\/\/www.eldiariodetucuman.com\/web\/javier-gonzalez-fraga-hizo-un-guino-al-sector-lechero-y-al-campo\/#primaryimage"},"thumbnailUrl":"https:\/\/www.eldiariodetucuman.com\/web\/wp-content\/uploads\/2018\/06\/49fe9528c575a971049591c6880ada38.jpeg","articleSection":["Portada"],"inLanguage":"es","potentialAction":[{"@type":"CommentAction","name":"Comment","target":["https:\/\/www.eldiariodetucuman.com\/web\/javier-gonzalez-fraga-hizo-un-guino-al-sector-lechero-y-al-campo\/#respond"]}]},{"@type":"WebPage","@id":"https:\/\/www.eldiariodetucuman.com\/web\/javier-gonzalez-fraga-hizo-un-guino-al-sector-lechero-y-al-campo\/","url":"https:\/\/www.eldiariodetucuman.com\/web\/javier-gonzalez-fraga-hizo-un-guino-al-sector-lechero-y-al-campo\/","name":"Javier Gonz\u00e1lez Fraga hizo un gui\u00f1o al sector lechero y al campo - El Diario de Tucuman","isPartOf":{"@id":"https:\/\/www.eldiariodetucuman.com\/web\/#website"},"primaryImageOfPage":{"@id":"https:\/\/www.eldiariodetucuman.com\/web\/javier-gonzalez-fraga-hizo-un-guino-al-sector-lechero-y-al-campo\/#primaryimage"},"image":{"@id":"https:\/\/www.eldiariodetucuman.com\/web\/javier-gonzalez-fraga-hizo-un-guino-al-sector-lechero-y-al-campo\/#primaryimage"},"thumbnailUrl":"https:\/\/www.eldiariodetucuman.com\/web\/wp-content\/uploads\/2018\/06\/49fe9528c575a971049591c6880ada38.jpeg","datePublished":"2018-06-07T15:36:56+00:00","dateModified":"2018-06-07T15:36:58+00:00","breadcrumb":{"@id":"https:\/\/www.eldiariodetucuman.com\/web\/javier-gonzalez-fraga-hizo-un-guino-al-sector-lechero-y-al-campo\/#breadcrumb"},"inLanguage":"es","potentialAction":[{"@type":"ReadAction","target":["https:\/\/www.eldiariodetucuman.com\/web\/javier-gonzalez-fraga-hizo-un-guino-al-sector-lechero-y-al-campo\/"]}]},{"@type":"ImageObject","inLanguage":"es","@id":"https:\/\/www.eldiariodetucuman.com\/web\/javier-gonzalez-fraga-hizo-un-guino-al-sector-lechero-y-al-campo\/#primaryimage","url":"https:\/\/www.eldiariodetucuman.com\/web\/wp-content\/uploads\/2018\/06\/49fe9528c575a971049591c6880ada38.jpeg","contentUrl":"https:\/\/www.eldiariodetucuman.com\/web\/wp-content\/uploads\/2018\/06\/49fe9528c575a971049591c6880ada38.jpeg","width":960,"height":540},{"@type":"BreadcrumbList","@id":"https:\/\/www.eldiariodetucuman.com\/web\/javier-gonzalez-fraga-hizo-un-guino-al-sector-lechero-y-al-campo\/#breadcrumb","itemListElement":[{"@type":"ListItem","position":1,"name":"Portada","item":"https:\/\/www.eldiariodetucuman.com\/web\/"},{"@type":"ListItem","position":2,"name":"Javier Gonz\u00e1lez Fraga hizo un gui\u00f1o al sector lechero y al campo"}]},{"@type":"WebSite","@id":"https:\/\/www.eldiariodetucuman.com\/web\/#website","url":"https:\/\/www.eldiariodetucuman.com\/web\/","name":"El Diario de Tucuman","description":"Diario Tucuman - Informaci\u00f3n y noticias","publisher":{"@id":"https:\/\/www.eldiariodetucuman.com\/web\/#organization"},"potentialAction":[{"@type":"SearchAction","target":{"@type":"EntryPoint","urlTemplate":"https:\/\/www.eldiariodetucuman.com\/web\/?s={search_term_string}"},"query-input":{"@type":"PropertyValueSpecification","valueRequired":true,"valueName":"search_term_string"}}],"inLanguage":"es"},{"@type":"Organization","@id":"https:\/\/www.eldiariodetucuman.com\/web\/#organization","name":"El Diario de Tucuman","url":"https:\/\/www.eldiariodetucuman.com\/web\/","logo":{"@type":"ImageObject","inLanguage":"es","@id":"https:\/\/www.eldiariodetucuman.com\/web\/#\/schema\/logo\/image\/","url":"http:\/\/www.eldiariodetucuman.com\/web\/wp-content\/uploads\/2017\/12\/el-diario-de-tucuman.jpg","contentUrl":"http:\/\/www.eldiariodetucuman.com\/web\/wp-content\/uploads\/2017\/12\/el-diario-de-tucuman.jpg","width":272,"height":92,"caption":"El Diario de Tucuman"},"image":{"@id":"https:\/\/www.eldiariodetucuman.com\/web\/#\/schema\/logo\/image\/"}},{"@type":"Person","@id":"https:\/\/www.eldiariodetucuman.com\/web\/#\/schema\/person\/9250197d75ab5483412e19678b121caa","name":"admin","image":{"@type":"ImageObject","inLanguage":"es","@id":"https:\/\/secure.gravatar.com\/avatar\/c44d117c2be811212c22cb481f6b8384b6873de103fbc49e7a03cc58d7dea4ac?s=96&d=mm&r=g","url":"https:\/\/secure.gravatar.com\/avatar\/c44d117c2be811212c22cb481f6b8384b6873de103fbc49e7a03cc58d7dea4ac?s=96&d=mm&r=g","contentUrl":"https:\/\/secure.gravatar.com\/avatar\/c44d117c2be811212c22cb481f6b8384b6873de103fbc49e7a03cc58d7dea4ac?s=96&d=mm&r=g","caption":"admin"},"url":"https:\/\/www.eldiariodetucuman.com\/web\/author\/admin\/"}]}},"_links":{"self":[{"href":"https:\/\/www.eldiariodetucuman.com\/web\/wp-json\/wp\/v2\/posts\/11945","targetHints":{"allow":["GET"]}}],"collection":[{"href":"https:\/\/www.eldiariodetucuman.com\/web\/wp-json\/wp\/v2\/posts"}],"about":[{"href":"https:\/\/www.eldiariodetucuman.com\/web\/wp-json\/wp\/v2\/types\/post"}],"author":[{"embeddable":true,"href":"https:\/\/www.eldiariodetucuman.com\/web\/wp-json\/wp\/v2\/users\/1"}],"replies":[{"embeddable":true,"href":"https:\/\/www.eldiariodetucuman.com\/web\/wp-json\/wp\/v2\/comments?post=11945"}],"version-history":[{"count":1,"href":"https:\/\/www.eldiariodetucuman.com\/web\/wp-json\/wp\/v2\/posts\/11945\/revisions"}],"predecessor-version":[{"id":11947,"href":"https:\/\/www.eldiariodetucuman.com\/web\/wp-json\/wp\/v2\/posts\/11945\/revisions\/11947"}],"wp:featuredmedia":[{"embeddable":true,"href":"https:\/\/www.eldiariodetucuman.com\/web\/wp-json\/wp\/v2\/media\/11946"}],"wp:attachment":[{"href":"https:\/\/www.eldiariodetucuman.com\/web\/wp-json\/wp\/v2\/media?parent=11945"}],"wp:term":[{"taxonomy":"category","embeddable":true,"href":"https:\/\/www.eldiariodetucuman.com\/web\/wp-json\/wp\/v2\/categories?post=11945"},{"taxonomy":"post_tag","embeddable":true,"href":"https:\/\/www.eldiariodetucuman.com\/web\/wp-json\/wp\/v2\/tags?post=11945"}],"curies":[{"name":"wp","href":"https:\/\/api.w.org\/{rel}","templated":true}]}}