{"id":11921,"date":"2018-06-07T11:43:04","date_gmt":"2018-06-07T14:43:04","guid":{"rendered":"http:\/\/www.eldiariodetucuman.com\/web\/vuelven-a-indagar-a-de-vido-por-la-tragedia-de-once\/"},"modified":"2018-06-07T11:43:06","modified_gmt":"2018-06-07T14:43:06","slug":"vuelven-a-indagar-a-de-vido-por-la-tragedia-de-once","status":"publish","type":"post","link":"https:\/\/www.eldiariodetucuman.com\/web\/vuelven-a-indagar-a-de-vido-por-la-tragedia-de-once\/","title":{"rendered":"Vuelven a indagar a De Vido por la tragedia de Once"},"content":{"rendered":"<div>\n<div readability=\"45.706791569087\">\n<p>El Tribunal Oral en lo Criminal Federal N\u00b0 4 de la Capital dispuso que <strong>el pr\u00f3ximo 11 de julio se le tome nuevamente indagatoria<\/strong> al ex ministro de Planificaci\u00f3n <a href=\"https:\/\/www.elintransigente.com\/noticias\/buscar\/?buscar=Julio+De+Vido\">Julio De Vido<\/a> en el marco del juicio oral en su contra por la tragedia de Once. Los jueces Pablo Bertuzzi, N\u00e9stor Costabel, Mar\u00eda Gabriela L\u00f3pez I\u00f1iguez y Ana Mar\u00eda D\u2019Alessio decidieron que esa fecha el detenido ex funcionario nacional <strong>ampl\u00ede su declaraci\u00f3n<\/strong>.<\/p>\n<p>Una vez finalizada esta instancia, se avanzar\u00e1 con las \u00faltimas audiencias del caso en el que se investiga su posible responsabilidad en el accidente ferroviario que dej\u00f3 52 muertos. En tanto, el propio <strong>De Vido hab\u00eda solicitado volver a exponer<\/strong> sobre su accionar en el Ministerio, lo que se har\u00e1 a trav\u00e9s de una videoconferencia desde el penal de Marcos Paz, donde se encuentra alojado.<\/p>\n<p>Est\u00e1 previsto que <strong>a finales de julio inicien los alegatos<\/strong>, que seguir\u00e1n a lo largo de agosto, como tramo final del proceso en el que tambi\u00e9n est\u00e1 procesado el ex jefe de la Unidad de Renegociaci\u00f3n An\u00e1lisis de Contratos de Servicios P\u00fablicos (Uniren) Jorge Gustavo Simeonoff. El d\u00eda cuatro del pr\u00f3ximo mes se le tomar\u00e1 declaraci\u00f3n a los \u00faltimos testigos del hecho, mientras que el 11 ser\u00e1 la ampliaci\u00f3n de indagatoria de De Vido y Simeonoff.<\/p>\n<p>Asimismo, el 31 de julio y primero de agosto ser\u00e1n los alegatos de las querellas de los familiares de las v\u00edctimas, el 7 de agosto el de la Oficina Anticorrupci\u00f3n y el 8 el de la Fiscal\u00eda. En tanto, el 21 y 22 de agosto ser\u00e1 el momento en el que las defensas de los dos ex funcionarios, respectivamente, presentes sus alegatos y se conozca finalmente la decisi\u00f3n de la Justicia sobre este tema.<\/p>\n<aside class=\"htmlinline \"><ins class=\"adsbygoogle\" data-ad-layout=\"in-article\" data-ad-format=\"fluid\" data-ad-client=\"ca-pub-7781556717282971\" data-ad-slot=\"9383133609\"><\/ins><br \/>\n<\/aside>\n<p>D\u00edas atr\u00e1s, la defensa del ex funcionario detenido pidi\u00f3 que <a href=\"https:\/\/www.elintransigente.com\/politica\/2018\/5\/28\/de-vido-pidio-su-libertad-una-tobillera-electronica-493128.html\">se le conceda la excarcelaci\u00f3n en la causa por los Yacimientos Carbon\u00edferos R\u00edo Turbio<\/a>, o bien se le d\u00e9 arresto domiciliario con tobillera electr\u00f3nica. De Vido est\u00e1 detenido desde el mes de octubre en la c\u00e1rcel de Marcos Paz. El planteo de la defensa a los camaristas es que se le conceda la excarcelaci\u00f3n, que ya fue rechazada en otras ocasiones, o bien se le d\u00e9 arresto domiciliario.<\/p>\n<\/div>\n<\/div>\n<p>Fuente: https:\/\/www.elintransigente.com\/politica\/2018\/6\/7\/vuelven-indagar-de-vido-por-la-tragedia-de-once-494733.html<\/p>\n","protected":false},"excerpt":{"rendered":"<p>El Tribunal Oral en lo Criminal Federal N\u00b0 4 de la Capital dispuso que el pr\u00f3ximo 11 de julio se le tome nuevamente indagatoria al ex ministro de Planificaci\u00f3n Julio De Vido en el marco del juicio oral en su contra por la tragedia de Once. Los jueces Pablo Bertuzzi, N\u00e9stor Costabel, Mar\u00eda Gabriela L\u00f3pez [&hellip;]<\/p>\n","protected":false},"author":1,"featured_media":11922,"comment_status":"open","ping_status":"closed","sticky":false,"template":"","format":"standard","meta":{"footnotes":""},"categories":[1],"tags":[],"class_list":{"0":"post-11921","1":"post","2":"type-post","3":"status-publish","4":"format-standard","5":"has-post-thumbnail","7":"category-portada"},"yoast_head":"<!-- This site is optimized with the Yoast SEO plugin v27.5 - https:\/\/yoast.com\/product\/yoast-seo-wordpress\/ -->\n<title>Vuelven a indagar a De Vido por la tragedia de Once - El Diario de Tucuman<\/title>\n<meta name=\"robots\" content=\"index, follow, max-snippet:-1, max-image-preview:large, max-video-preview:-1\" \/>\n<link rel=\"canonical\" href=\"https:\/\/www.eldiariodetucuman.com\/web\/vuelven-a-indagar-a-de-vido-por-la-tragedia-de-once\/\" \/>\n<meta property=\"og:locale\" content=\"es_ES\" \/>\n<meta property=\"og:type\" content=\"article\" \/>\n<meta property=\"og:title\" content=\"Vuelven a indagar a De Vido por la tragedia de Once - El Diario de Tucuman\" \/>\n<meta property=\"og:description\" content=\"El Tribunal Oral en lo Criminal Federal N\u00b0 4 de la Capital dispuso que el pr\u00f3ximo 11 de julio se le tome nuevamente indagatoria al ex ministro de Planificaci\u00f3n Julio De Vido en el marco del juicio oral en su contra por la tragedia de Once. Los jueces Pablo Bertuzzi, N\u00e9stor Costabel, Mar\u00eda Gabriela L\u00f3pez [&hellip;]\" \/>\n<meta property=\"og:url\" content=\"https:\/\/www.eldiariodetucuman.com\/web\/vuelven-a-indagar-a-de-vido-por-la-tragedia-de-once\/\" \/>\n<meta property=\"og:site_name\" content=\"El Diario de Tucuman\" \/>\n<meta property=\"article:published_time\" content=\"2018-06-07T14:43:04+00:00\" \/>\n<meta property=\"article:modified_time\" content=\"2018-06-07T14:43:06+00:00\" \/>\n<meta property=\"og:image\" content=\"https:\/\/www.eldiariodetucuman.com\/web\/wp-content\/uploads\/2018\/06\/8b8f516d9459b93a57d0d34bf9668458.jpeg\" \/>\n\t<meta property=\"og:image:width\" content=\"960\" \/>\n\t<meta property=\"og:image:height\" content=\"539\" \/>\n\t<meta property=\"og:image:type\" content=\"image\/jpeg\" \/>\n<meta name=\"author\" content=\"admin\" \/>\n<meta name=\"twitter:card\" content=\"summary_large_image\" \/>\n<meta name=\"twitter:label1\" content=\"Escrito por\" \/>\n\t<meta name=\"twitter:data1\" content=\"admin\" \/>\n\t<meta name=\"twitter:label2\" content=\"Tiempo de lectura\" \/>\n\t<meta name=\"twitter:data2\" content=\"2 minutos\" \/>\n<script type=\"application\/ld+json\" class=\"yoast-schema-graph\">{\"@context\":\"https:\\\/\\\/schema.org\",\"@graph\":[{\"@type\":\"Article\",\"@id\":\"https:\\\/\\\/www.eldiariodetucuman.com\\\/web\\\/vuelven-a-indagar-a-de-vido-por-la-tragedia-de-once\\\/#article\",\"isPartOf\":{\"@id\":\"https:\\\/\\\/www.eldiariodetucuman.com\\\/web\\\/vuelven-a-indagar-a-de-vido-por-la-tragedia-de-once\\\/\"},\"author\":{\"name\":\"admin\",\"@id\":\"https:\\\/\\\/www.eldiariodetucuman.com\\\/web\\\/#\\\/schema\\\/person\\\/9250197d75ab5483412e19678b121caa\"},\"headline\":\"Vuelven a indagar a De Vido por la tragedia de Once\",\"datePublished\":\"2018-06-07T14:43:04+00:00\",\"dateModified\":\"2018-06-07T14:43:06+00:00\",\"mainEntityOfPage\":{\"@id\":\"https:\\\/\\\/www.eldiariodetucuman.com\\\/web\\\/vuelven-a-indagar-a-de-vido-por-la-tragedia-de-once\\\/\"},\"wordCount\":409,\"commentCount\":0,\"publisher\":{\"@id\":\"https:\\\/\\\/www.eldiariodetucuman.com\\\/web\\\/#organization\"},\"image\":{\"@id\":\"https:\\\/\\\/www.eldiariodetucuman.com\\\/web\\\/vuelven-a-indagar-a-de-vido-por-la-tragedia-de-once\\\/#primaryimage\"},\"thumbnailUrl\":\"https:\\\/\\\/www.eldiariodetucuman.com\\\/web\\\/wp-content\\\/uploads\\\/2018\\\/06\\\/8b8f516d9459b93a57d0d34bf9668458.jpeg\",\"articleSection\":[\"Portada\"],\"inLanguage\":\"es\",\"potentialAction\":[{\"@type\":\"CommentAction\",\"name\":\"Comment\",\"target\":[\"https:\\\/\\\/www.eldiariodetucuman.com\\\/web\\\/vuelven-a-indagar-a-de-vido-por-la-tragedia-de-once\\\/#respond\"]}]},{\"@type\":\"WebPage\",\"@id\":\"https:\\\/\\\/www.eldiariodetucuman.com\\\/web\\\/vuelven-a-indagar-a-de-vido-por-la-tragedia-de-once\\\/\",\"url\":\"https:\\\/\\\/www.eldiariodetucuman.com\\\/web\\\/vuelven-a-indagar-a-de-vido-por-la-tragedia-de-once\\\/\",\"name\":\"Vuelven a indagar a De Vido por la tragedia de Once - El Diario de Tucuman\",\"isPartOf\":{\"@id\":\"https:\\\/\\\/www.eldiariodetucuman.com\\\/web\\\/#website\"},\"primaryImageOfPage\":{\"@id\":\"https:\\\/\\\/www.eldiariodetucuman.com\\\/web\\\/vuelven-a-indagar-a-de-vido-por-la-tragedia-de-once\\\/#primaryimage\"},\"image\":{\"@id\":\"https:\\\/\\\/www.eldiariodetucuman.com\\\/web\\\/vuelven-a-indagar-a-de-vido-por-la-tragedia-de-once\\\/#primaryimage\"},\"thumbnailUrl\":\"https:\\\/\\\/www.eldiariodetucuman.com\\\/web\\\/wp-content\\\/uploads\\\/2018\\\/06\\\/8b8f516d9459b93a57d0d34bf9668458.jpeg\",\"datePublished\":\"2018-06-07T14:43:04+00:00\",\"dateModified\":\"2018-06-07T14:43:06+00:00\",\"breadcrumb\":{\"@id\":\"https:\\\/\\\/www.eldiariodetucuman.com\\\/web\\\/vuelven-a-indagar-a-de-vido-por-la-tragedia-de-once\\\/#breadcrumb\"},\"inLanguage\":\"es\",\"potentialAction\":[{\"@type\":\"ReadAction\",\"target\":[\"https:\\\/\\\/www.eldiariodetucuman.com\\\/web\\\/vuelven-a-indagar-a-de-vido-por-la-tragedia-de-once\\\/\"]}]},{\"@type\":\"ImageObject\",\"inLanguage\":\"es\",\"@id\":\"https:\\\/\\\/www.eldiariodetucuman.com\\\/web\\\/vuelven-a-indagar-a-de-vido-por-la-tragedia-de-once\\\/#primaryimage\",\"url\":\"https:\\\/\\\/www.eldiariodetucuman.com\\\/web\\\/wp-content\\\/uploads\\\/2018\\\/06\\\/8b8f516d9459b93a57d0d34bf9668458.jpeg\",\"contentUrl\":\"https:\\\/\\\/www.eldiariodetucuman.com\\\/web\\\/wp-content\\\/uploads\\\/2018\\\/06\\\/8b8f516d9459b93a57d0d34bf9668458.jpeg\",\"width\":960,\"height\":539},{\"@type\":\"BreadcrumbList\",\"@id\":\"https:\\\/\\\/www.eldiariodetucuman.com\\\/web\\\/vuelven-a-indagar-a-de-vido-por-la-tragedia-de-once\\\/#breadcrumb\",\"itemListElement\":[{\"@type\":\"ListItem\",\"position\":1,\"name\":\"Portada\",\"item\":\"https:\\\/\\\/www.eldiariodetucuman.com\\\/web\\\/\"},{\"@type\":\"ListItem\",\"position\":2,\"name\":\"Vuelven a indagar a De Vido por la tragedia de Once\"}]},{\"@type\":\"WebSite\",\"@id\":\"https:\\\/\\\/www.eldiariodetucuman.com\\\/web\\\/#website\",\"url\":\"https:\\\/\\\/www.eldiariodetucuman.com\\\/web\\\/\",\"name\":\"El Diario de Tucuman\",\"description\":\"Diario Tucuman - Informaci\u00f3n y noticias\",\"publisher\":{\"@id\":\"https:\\\/\\\/www.eldiariodetucuman.com\\\/web\\\/#organization\"},\"potentialAction\":[{\"@type\":\"SearchAction\",\"target\":{\"@type\":\"EntryPoint\",\"urlTemplate\":\"https:\\\/\\\/www.eldiariodetucuman.com\\\/web\\\/?s={search_term_string}\"},\"query-input\":{\"@type\":\"PropertyValueSpecification\",\"valueRequired\":true,\"valueName\":\"search_term_string\"}}],\"inLanguage\":\"es\"},{\"@type\":\"Organization\",\"@id\":\"https:\\\/\\\/www.eldiariodetucuman.com\\\/web\\\/#organization\",\"name\":\"El Diario de Tucuman\",\"url\":\"https:\\\/\\\/www.eldiariodetucuman.com\\\/web\\\/\",\"logo\":{\"@type\":\"ImageObject\",\"inLanguage\":\"es\",\"@id\":\"https:\\\/\\\/www.eldiariodetucuman.com\\\/web\\\/#\\\/schema\\\/logo\\\/image\\\/\",\"url\":\"http:\\\/\\\/www.eldiariodetucuman.com\\\/web\\\/wp-content\\\/uploads\\\/2017\\\/12\\\/el-diario-de-tucuman.jpg\",\"contentUrl\":\"http:\\\/\\\/www.eldiariodetucuman.com\\\/web\\\/wp-content\\\/uploads\\\/2017\\\/12\\\/el-diario-de-tucuman.jpg\",\"width\":272,\"height\":92,\"caption\":\"El Diario de Tucuman\"},\"image\":{\"@id\":\"https:\\\/\\\/www.eldiariodetucuman.com\\\/web\\\/#\\\/schema\\\/logo\\\/image\\\/\"}},{\"@type\":\"Person\",\"@id\":\"https:\\\/\\\/www.eldiariodetucuman.com\\\/web\\\/#\\\/schema\\\/person\\\/9250197d75ab5483412e19678b121caa\",\"name\":\"admin\",\"image\":{\"@type\":\"ImageObject\",\"inLanguage\":\"es\",\"@id\":\"https:\\\/\\\/secure.gravatar.com\\\/avatar\\\/c44d117c2be811212c22cb481f6b8384b6873de103fbc49e7a03cc58d7dea4ac?s=96&d=mm&r=g\",\"url\":\"https:\\\/\\\/secure.gravatar.com\\\/avatar\\\/c44d117c2be811212c22cb481f6b8384b6873de103fbc49e7a03cc58d7dea4ac?s=96&d=mm&r=g\",\"contentUrl\":\"https:\\\/\\\/secure.gravatar.com\\\/avatar\\\/c44d117c2be811212c22cb481f6b8384b6873de103fbc49e7a03cc58d7dea4ac?s=96&d=mm&r=g\",\"caption\":\"admin\"},\"url\":\"https:\\\/\\\/www.eldiariodetucuman.com\\\/web\\\/author\\\/admin\\\/\"}]}<\/script>\n<!-- \/ Yoast SEO plugin. -->","yoast_head_json":{"title":"Vuelven a indagar a De Vido por la tragedia de Once - El Diario de Tucuman","robots":{"index":"index","follow":"follow","max-snippet":"max-snippet:-1","max-image-preview":"max-image-preview:large","max-video-preview":"max-video-preview:-1"},"canonical":"https:\/\/www.eldiariodetucuman.com\/web\/vuelven-a-indagar-a-de-vido-por-la-tragedia-de-once\/","og_locale":"es_ES","og_type":"article","og_title":"Vuelven a indagar a De Vido por la tragedia de Once - El Diario de Tucuman","og_description":"El Tribunal Oral en lo Criminal Federal N\u00b0 4 de la Capital dispuso que el pr\u00f3ximo 11 de julio se le tome nuevamente indagatoria al ex ministro de Planificaci\u00f3n Julio De Vido en el marco del juicio oral en su contra por la tragedia de Once. Los jueces Pablo Bertuzzi, N\u00e9stor Costabel, Mar\u00eda Gabriela L\u00f3pez [&hellip;]","og_url":"https:\/\/www.eldiariodetucuman.com\/web\/vuelven-a-indagar-a-de-vido-por-la-tragedia-de-once\/","og_site_name":"El Diario de Tucuman","article_published_time":"2018-06-07T14:43:04+00:00","article_modified_time":"2018-06-07T14:43:06+00:00","og_image":[{"width":960,"height":539,"url":"https:\/\/www.eldiariodetucuman.com\/web\/wp-content\/uploads\/2018\/06\/8b8f516d9459b93a57d0d34bf9668458.jpeg","type":"image\/jpeg"}],"author":"admin","twitter_card":"summary_large_image","twitter_misc":{"Escrito por":"admin","Tiempo de lectura":"2 minutos"},"schema":{"@context":"https:\/\/schema.org","@graph":[{"@type":"Article","@id":"https:\/\/www.eldiariodetucuman.com\/web\/vuelven-a-indagar-a-de-vido-por-la-tragedia-de-once\/#article","isPartOf":{"@id":"https:\/\/www.eldiariodetucuman.com\/web\/vuelven-a-indagar-a-de-vido-por-la-tragedia-de-once\/"},"author":{"name":"admin","@id":"https:\/\/www.eldiariodetucuman.com\/web\/#\/schema\/person\/9250197d75ab5483412e19678b121caa"},"headline":"Vuelven a indagar a De Vido por la tragedia de Once","datePublished":"2018-06-07T14:43:04+00:00","dateModified":"2018-06-07T14:43:06+00:00","mainEntityOfPage":{"@id":"https:\/\/www.eldiariodetucuman.com\/web\/vuelven-a-indagar-a-de-vido-por-la-tragedia-de-once\/"},"wordCount":409,"commentCount":0,"publisher":{"@id":"https:\/\/www.eldiariodetucuman.com\/web\/#organization"},"image":{"@id":"https:\/\/www.eldiariodetucuman.com\/web\/vuelven-a-indagar-a-de-vido-por-la-tragedia-de-once\/#primaryimage"},"thumbnailUrl":"https:\/\/www.eldiariodetucuman.com\/web\/wp-content\/uploads\/2018\/06\/8b8f516d9459b93a57d0d34bf9668458.jpeg","articleSection":["Portada"],"inLanguage":"es","potentialAction":[{"@type":"CommentAction","name":"Comment","target":["https:\/\/www.eldiariodetucuman.com\/web\/vuelven-a-indagar-a-de-vido-por-la-tragedia-de-once\/#respond"]}]},{"@type":"WebPage","@id":"https:\/\/www.eldiariodetucuman.com\/web\/vuelven-a-indagar-a-de-vido-por-la-tragedia-de-once\/","url":"https:\/\/www.eldiariodetucuman.com\/web\/vuelven-a-indagar-a-de-vido-por-la-tragedia-de-once\/","name":"Vuelven a indagar a De Vido por la tragedia de Once - El Diario de Tucuman","isPartOf":{"@id":"https:\/\/www.eldiariodetucuman.com\/web\/#website"},"primaryImageOfPage":{"@id":"https:\/\/www.eldiariodetucuman.com\/web\/vuelven-a-indagar-a-de-vido-por-la-tragedia-de-once\/#primaryimage"},"image":{"@id":"https:\/\/www.eldiariodetucuman.com\/web\/vuelven-a-indagar-a-de-vido-por-la-tragedia-de-once\/#primaryimage"},"thumbnailUrl":"https:\/\/www.eldiariodetucuman.com\/web\/wp-content\/uploads\/2018\/06\/8b8f516d9459b93a57d0d34bf9668458.jpeg","datePublished":"2018-06-07T14:43:04+00:00","dateModified":"2018-06-07T14:43:06+00:00","breadcrumb":{"@id":"https:\/\/www.eldiariodetucuman.com\/web\/vuelven-a-indagar-a-de-vido-por-la-tragedia-de-once\/#breadcrumb"},"inLanguage":"es","potentialAction":[{"@type":"ReadAction","target":["https:\/\/www.eldiariodetucuman.com\/web\/vuelven-a-indagar-a-de-vido-por-la-tragedia-de-once\/"]}]},{"@type":"ImageObject","inLanguage":"es","@id":"https:\/\/www.eldiariodetucuman.com\/web\/vuelven-a-indagar-a-de-vido-por-la-tragedia-de-once\/#primaryimage","url":"https:\/\/www.eldiariodetucuman.com\/web\/wp-content\/uploads\/2018\/06\/8b8f516d9459b93a57d0d34bf9668458.jpeg","contentUrl":"https:\/\/www.eldiariodetucuman.com\/web\/wp-content\/uploads\/2018\/06\/8b8f516d9459b93a57d0d34bf9668458.jpeg","width":960,"height":539},{"@type":"BreadcrumbList","@id":"https:\/\/www.eldiariodetucuman.com\/web\/vuelven-a-indagar-a-de-vido-por-la-tragedia-de-once\/#breadcrumb","itemListElement":[{"@type":"ListItem","position":1,"name":"Portada","item":"https:\/\/www.eldiariodetucuman.com\/web\/"},{"@type":"ListItem","position":2,"name":"Vuelven a indagar a De Vido por la tragedia de Once"}]},{"@type":"WebSite","@id":"https:\/\/www.eldiariodetucuman.com\/web\/#website","url":"https:\/\/www.eldiariodetucuman.com\/web\/","name":"El Diario de Tucuman","description":"Diario Tucuman - Informaci\u00f3n y noticias","publisher":{"@id":"https:\/\/www.eldiariodetucuman.com\/web\/#organization"},"potentialAction":[{"@type":"SearchAction","target":{"@type":"EntryPoint","urlTemplate":"https:\/\/www.eldiariodetucuman.com\/web\/?s={search_term_string}"},"query-input":{"@type":"PropertyValueSpecification","valueRequired":true,"valueName":"search_term_string"}}],"inLanguage":"es"},{"@type":"Organization","@id":"https:\/\/www.eldiariodetucuman.com\/web\/#organization","name":"El Diario de Tucuman","url":"https:\/\/www.eldiariodetucuman.com\/web\/","logo":{"@type":"ImageObject","inLanguage":"es","@id":"https:\/\/www.eldiariodetucuman.com\/web\/#\/schema\/logo\/image\/","url":"http:\/\/www.eldiariodetucuman.com\/web\/wp-content\/uploads\/2017\/12\/el-diario-de-tucuman.jpg","contentUrl":"http:\/\/www.eldiariodetucuman.com\/web\/wp-content\/uploads\/2017\/12\/el-diario-de-tucuman.jpg","width":272,"height":92,"caption":"El Diario de Tucuman"},"image":{"@id":"https:\/\/www.eldiariodetucuman.com\/web\/#\/schema\/logo\/image\/"}},{"@type":"Person","@id":"https:\/\/www.eldiariodetucuman.com\/web\/#\/schema\/person\/9250197d75ab5483412e19678b121caa","name":"admin","image":{"@type":"ImageObject","inLanguage":"es","@id":"https:\/\/secure.gravatar.com\/avatar\/c44d117c2be811212c22cb481f6b8384b6873de103fbc49e7a03cc58d7dea4ac?s=96&d=mm&r=g","url":"https:\/\/secure.gravatar.com\/avatar\/c44d117c2be811212c22cb481f6b8384b6873de103fbc49e7a03cc58d7dea4ac?s=96&d=mm&r=g","contentUrl":"https:\/\/secure.gravatar.com\/avatar\/c44d117c2be811212c22cb481f6b8384b6873de103fbc49e7a03cc58d7dea4ac?s=96&d=mm&r=g","caption":"admin"},"url":"https:\/\/www.eldiariodetucuman.com\/web\/author\/admin\/"}]}},"_links":{"self":[{"href":"https:\/\/www.eldiariodetucuman.com\/web\/wp-json\/wp\/v2\/posts\/11921","targetHints":{"allow":["GET"]}}],"collection":[{"href":"https:\/\/www.eldiariodetucuman.com\/web\/wp-json\/wp\/v2\/posts"}],"about":[{"href":"https:\/\/www.eldiariodetucuman.com\/web\/wp-json\/wp\/v2\/types\/post"}],"author":[{"embeddable":true,"href":"https:\/\/www.eldiariodetucuman.com\/web\/wp-json\/wp\/v2\/users\/1"}],"replies":[{"embeddable":true,"href":"https:\/\/www.eldiariodetucuman.com\/web\/wp-json\/wp\/v2\/comments?post=11921"}],"version-history":[{"count":1,"href":"https:\/\/www.eldiariodetucuman.com\/web\/wp-json\/wp\/v2\/posts\/11921\/revisions"}],"predecessor-version":[{"id":11923,"href":"https:\/\/www.eldiariodetucuman.com\/web\/wp-json\/wp\/v2\/posts\/11921\/revisions\/11923"}],"wp:featuredmedia":[{"embeddable":true,"href":"https:\/\/www.eldiariodetucuman.com\/web\/wp-json\/wp\/v2\/media\/11922"}],"wp:attachment":[{"href":"https:\/\/www.eldiariodetucuman.com\/web\/wp-json\/wp\/v2\/media?parent=11921"}],"wp:term":[{"taxonomy":"category","embeddable":true,"href":"https:\/\/www.eldiariodetucuman.com\/web\/wp-json\/wp\/v2\/categories?post=11921"},{"taxonomy":"post_tag","embeddable":true,"href":"https:\/\/www.eldiariodetucuman.com\/web\/wp-json\/wp\/v2\/tags?post=11921"}],"curies":[{"name":"wp","href":"https:\/\/api.w.org\/{rel}","templated":true}]}}