{"id":11915,"date":"2018-06-07T11:42:47","date_gmt":"2018-06-07T14:42:47","guid":{"rendered":"http:\/\/www.eldiariodetucuman.com\/web\/horacio-rodriguez-larreta-se-lanzo-de-lleno-contra-los-metrodelegados\/"},"modified":"2018-06-07T11:42:49","modified_gmt":"2018-06-07T14:42:49","slug":"horacio-rodriguez-larreta-se-lanzo-de-lleno-contra-los-metrodelegados","status":"publish","type":"post","link":"https:\/\/www.eldiariodetucuman.com\/web\/horacio-rodriguez-larreta-se-lanzo-de-lleno-contra-los-metrodelegados\/","title":{"rendered":"Horacio Rodr\u00edguez Larreta se lanz\u00f3 de lleno contra los metrodelegados"},"content":{"rendered":"<div>\n<div readability=\"53.392156862745\">\n<p>Los cortes en el servicio y las protestas ya son moneda corriente en el subterr\u00e1neo, ya que el gobierno de la Ciudad de Buenos Aires, encabezado por <a href=\"https:\/\/www.elintransigente.com\/noticias\/buscar\/?buscar=Horacio+Rodr%C3%ADguez+Larreta\">Horacio Rodr\u00edguez Larreta<\/a>, no llega a un acuerdo con los miembros de la Asociaci\u00f3n Gremial de Trabajadores del Subte y Premetro (AGTSyP). La diferencia central recae en que los funcionarios no reconocen la personer\u00eda jur\u00eddica del sindicato.\u00a0<\/p>\n<p>En tanto, Rodr\u00edguez Larreta le dio una entrevista al programa radial que conduce Marcelo Longobardi, luego de que se conociera que el juez Andr\u00e9s Gallardo del Juzgado de Primera Instancia en lo Contencioso y Administrativo y Tributario N\u00ba 2<a href=\"https:\/\/www.elintransigente.com\/politica\/2018\/6\/6\/en-ningun-lado-dice-que-somos-un-gremio-ilegal-494685.html\"> fall\u00f3 favorablemente sobre una medida cautelar que hab\u00eda sido presentada por la AGTSyP<\/a>. \u00abEs el Gobierno del di\u00e1logo y no quieren dialogar\u00bb, criticaron.\u00a0<\/p>\n<aside class=\"htmlinline \"><ins class=\"adsbygoogle\" data-ad-layout=\"in-article\" data-ad-format=\"fluid\" data-ad-client=\"ca-pub-7781556717282971\" data-ad-slot=\"9383133609\"><\/ins><br \/>\n<\/aside>\n<p>\u201c<strong>Es un disparate<\/strong>. Est\u00e1bamos buscando antecedentes de un fallo que le proh\u00edba hablar a los funcionarios. <strong>Atenta contra la libertad de expresi\u00f3n m\u00e1s b\u00e1sica<\/strong>. Que no nos permita hablar de un tema tan sensible para la gente como el funcionamiento del subte. Hay un fallo de la Corte Suprema de Justicia de la Naci\u00f3n que dice que<strong> el gremio de los metrodelegados no est\u00e1 habilitado para la paritaria<\/strong>\u201d, manifest\u00f3.\u00a0<\/p>\n<p>Y agreg\u00f3: \u201c<strong>Nosotros lo vamos a impugnar, lo vamos a apelar<\/strong>. El fallo dice que no tienen la personer\u00eda para participar de la paritaria. La paritaria se firm\u00f3, se acord\u00f3, incluye una cl\u00e1usula de revisi\u00f3n en el caso de la inflaci\u00f3n fuera m\u00e1s alta de lo previsto. <strong>Realmente el fallo es disparatado<\/strong>, habla de un paro que no est\u00e1 declarado.Nunca se vio que diga un fallo que no podemos hablar. Lo vamos a impugnar\u201d.\u00a0<\/p>\n<p>En relaci\u00f3n a los dichos del l\u00edder del sindicato de Camioneros, Hugo Moyano, luego de que realizaran un <strong>sorpresivo paro de transportistas <\/strong>que gener\u00f3 caos en el tr\u00e1nsito de la ciudad, el funcionario macrista advirti\u00f3: \u201cA media ma\u00f1ana se levant\u00f3 el corte, actu\u00f3 la polic\u00eda. Hubo un di\u00e1logo con los que estaban cortando. Las amenazas de corte, de paro, <strong>no es la Argentina que quiere la gente<\/strong>\u201d.\u00a0<\/p>\n<p>Asimismo, aprovech\u00f3 la convocatoria que realiz\u00f3 el Gobierno a la c\u00fapula de la CGT para mostrar su costado m\u00e1s \u201cconciliador\u201d. \u201cHoy se cit\u00f3 a la CGT en una muestra m\u00e1s de que<strong> hay voluntad de di\u00e1logo<\/strong>. Con el gremio nosotros tenemos la recolecci\u00f3n de la basura, m\u00e1s all\u00e1 de alg\u00fan episodio que ha habido hemos tenido buen di\u00e1logo siempre\u201d, sostuvo, durante la entrevista radial.\u00a0<br \/>\n\u00a0<\/p>\n<\/div>\n<\/div>\n<p>Fuente: https:\/\/www.elintransigente.com\/politica\/2018\/6\/7\/horacio-rodriguez-larreta-se-lanzo-de-lleno-contra-los-metrodelegados-494773.html<\/p>\n","protected":false},"excerpt":{"rendered":"<p>Los cortes en el servicio y las protestas ya son moneda corriente en el subterr\u00e1neo, ya que el gobierno de la Ciudad de Buenos Aires, encabezado por Horacio Rodr\u00edguez Larreta, no llega a un acuerdo con los miembros de la Asociaci\u00f3n Gremial de Trabajadores del Subte y Premetro (AGTSyP). La diferencia central recae en que [&hellip;]<\/p>\n","protected":false},"author":1,"featured_media":11916,"comment_status":"open","ping_status":"closed","sticky":false,"template":"","format":"standard","meta":{"footnotes":""},"categories":[1],"tags":[],"class_list":{"0":"post-11915","1":"post","2":"type-post","3":"status-publish","4":"format-standard","5":"has-post-thumbnail","7":"category-portada"},"yoast_head":"<!-- This site is optimized with the Yoast SEO plugin v27.4 - https:\/\/yoast.com\/product\/yoast-seo-wordpress\/ -->\n<title>Horacio Rodr\u00edguez Larreta se lanz\u00f3 de lleno contra los metrodelegados - El Diario de Tucuman<\/title>\n<meta name=\"robots\" content=\"index, follow, max-snippet:-1, max-image-preview:large, max-video-preview:-1\" \/>\n<link rel=\"canonical\" href=\"https:\/\/www.eldiariodetucuman.com\/web\/horacio-rodriguez-larreta-se-lanzo-de-lleno-contra-los-metrodelegados\/\" \/>\n<meta property=\"og:locale\" content=\"es_ES\" \/>\n<meta property=\"og:type\" content=\"article\" \/>\n<meta property=\"og:title\" content=\"Horacio Rodr\u00edguez Larreta se lanz\u00f3 de lleno contra los metrodelegados - El Diario de Tucuman\" \/>\n<meta property=\"og:description\" content=\"Los cortes en el servicio y las protestas ya son moneda corriente en el subterr\u00e1neo, ya que el gobierno de la Ciudad de Buenos Aires, encabezado por Horacio Rodr\u00edguez Larreta, no llega a un acuerdo con los miembros de la Asociaci\u00f3n Gremial de Trabajadores del Subte y Premetro (AGTSyP). La diferencia central recae en que [&hellip;]\" \/>\n<meta property=\"og:url\" content=\"https:\/\/www.eldiariodetucuman.com\/web\/horacio-rodriguez-larreta-se-lanzo-de-lleno-contra-los-metrodelegados\/\" \/>\n<meta property=\"og:site_name\" content=\"El Diario de Tucuman\" \/>\n<meta property=\"article:published_time\" content=\"2018-06-07T14:42:47+00:00\" \/>\n<meta property=\"article:modified_time\" content=\"2018-06-07T14:42:49+00:00\" \/>\n<meta property=\"og:image\" content=\"https:\/\/www.eldiariodetucuman.com\/web\/wp-content\/uploads\/2018\/06\/597ea8fb77daf7b9f52f03b79324b717.jpeg\" \/>\n\t<meta property=\"og:image:width\" content=\"960\" \/>\n\t<meta property=\"og:image:height\" content=\"722\" \/>\n\t<meta property=\"og:image:type\" content=\"image\/jpeg\" \/>\n<meta name=\"author\" content=\"admin\" \/>\n<meta name=\"twitter:card\" content=\"summary_large_image\" \/>\n<meta name=\"twitter:label1\" content=\"Escrito por\" \/>\n\t<meta name=\"twitter:data1\" content=\"admin\" \/>\n\t<meta name=\"twitter:label2\" content=\"Tiempo de lectura\" \/>\n\t<meta name=\"twitter:data2\" content=\"2 minutos\" \/>\n<script type=\"application\/ld+json\" class=\"yoast-schema-graph\">{\"@context\":\"https:\\\/\\\/schema.org\",\"@graph\":[{\"@type\":\"Article\",\"@id\":\"https:\\\/\\\/www.eldiariodetucuman.com\\\/web\\\/horacio-rodriguez-larreta-se-lanzo-de-lleno-contra-los-metrodelegados\\\/#article\",\"isPartOf\":{\"@id\":\"https:\\\/\\\/www.eldiariodetucuman.com\\\/web\\\/horacio-rodriguez-larreta-se-lanzo-de-lleno-contra-los-metrodelegados\\\/\"},\"author\":{\"name\":\"admin\",\"@id\":\"https:\\\/\\\/www.eldiariodetucuman.com\\\/web\\\/#\\\/schema\\\/person\\\/9250197d75ab5483412e19678b121caa\"},\"headline\":\"Horacio Rodr\u00edguez Larreta se lanz\u00f3 de lleno contra los metrodelegados\",\"datePublished\":\"2018-06-07T14:42:47+00:00\",\"dateModified\":\"2018-06-07T14:42:49+00:00\",\"mainEntityOfPage\":{\"@id\":\"https:\\\/\\\/www.eldiariodetucuman.com\\\/web\\\/horacio-rodriguez-larreta-se-lanzo-de-lleno-contra-los-metrodelegados\\\/\"},\"wordCount\":453,\"commentCount\":0,\"publisher\":{\"@id\":\"https:\\\/\\\/www.eldiariodetucuman.com\\\/web\\\/#organization\"},\"image\":{\"@id\":\"https:\\\/\\\/www.eldiariodetucuman.com\\\/web\\\/horacio-rodriguez-larreta-se-lanzo-de-lleno-contra-los-metrodelegados\\\/#primaryimage\"},\"thumbnailUrl\":\"https:\\\/\\\/www.eldiariodetucuman.com\\\/web\\\/wp-content\\\/uploads\\\/2018\\\/06\\\/597ea8fb77daf7b9f52f03b79324b717.jpeg\",\"articleSection\":[\"Portada\"],\"inLanguage\":\"es\",\"potentialAction\":[{\"@type\":\"CommentAction\",\"name\":\"Comment\",\"target\":[\"https:\\\/\\\/www.eldiariodetucuman.com\\\/web\\\/horacio-rodriguez-larreta-se-lanzo-de-lleno-contra-los-metrodelegados\\\/#respond\"]}]},{\"@type\":\"WebPage\",\"@id\":\"https:\\\/\\\/www.eldiariodetucuman.com\\\/web\\\/horacio-rodriguez-larreta-se-lanzo-de-lleno-contra-los-metrodelegados\\\/\",\"url\":\"https:\\\/\\\/www.eldiariodetucuman.com\\\/web\\\/horacio-rodriguez-larreta-se-lanzo-de-lleno-contra-los-metrodelegados\\\/\",\"name\":\"Horacio Rodr\u00edguez Larreta se lanz\u00f3 de lleno contra los metrodelegados - El Diario de Tucuman\",\"isPartOf\":{\"@id\":\"https:\\\/\\\/www.eldiariodetucuman.com\\\/web\\\/#website\"},\"primaryImageOfPage\":{\"@id\":\"https:\\\/\\\/www.eldiariodetucuman.com\\\/web\\\/horacio-rodriguez-larreta-se-lanzo-de-lleno-contra-los-metrodelegados\\\/#primaryimage\"},\"image\":{\"@id\":\"https:\\\/\\\/www.eldiariodetucuman.com\\\/web\\\/horacio-rodriguez-larreta-se-lanzo-de-lleno-contra-los-metrodelegados\\\/#primaryimage\"},\"thumbnailUrl\":\"https:\\\/\\\/www.eldiariodetucuman.com\\\/web\\\/wp-content\\\/uploads\\\/2018\\\/06\\\/597ea8fb77daf7b9f52f03b79324b717.jpeg\",\"datePublished\":\"2018-06-07T14:42:47+00:00\",\"dateModified\":\"2018-06-07T14:42:49+00:00\",\"breadcrumb\":{\"@id\":\"https:\\\/\\\/www.eldiariodetucuman.com\\\/web\\\/horacio-rodriguez-larreta-se-lanzo-de-lleno-contra-los-metrodelegados\\\/#breadcrumb\"},\"inLanguage\":\"es\",\"potentialAction\":[{\"@type\":\"ReadAction\",\"target\":[\"https:\\\/\\\/www.eldiariodetucuman.com\\\/web\\\/horacio-rodriguez-larreta-se-lanzo-de-lleno-contra-los-metrodelegados\\\/\"]}]},{\"@type\":\"ImageObject\",\"inLanguage\":\"es\",\"@id\":\"https:\\\/\\\/www.eldiariodetucuman.com\\\/web\\\/horacio-rodriguez-larreta-se-lanzo-de-lleno-contra-los-metrodelegados\\\/#primaryimage\",\"url\":\"https:\\\/\\\/www.eldiariodetucuman.com\\\/web\\\/wp-content\\\/uploads\\\/2018\\\/06\\\/597ea8fb77daf7b9f52f03b79324b717.jpeg\",\"contentUrl\":\"https:\\\/\\\/www.eldiariodetucuman.com\\\/web\\\/wp-content\\\/uploads\\\/2018\\\/06\\\/597ea8fb77daf7b9f52f03b79324b717.jpeg\",\"width\":960,\"height\":722},{\"@type\":\"BreadcrumbList\",\"@id\":\"https:\\\/\\\/www.eldiariodetucuman.com\\\/web\\\/horacio-rodriguez-larreta-se-lanzo-de-lleno-contra-los-metrodelegados\\\/#breadcrumb\",\"itemListElement\":[{\"@type\":\"ListItem\",\"position\":1,\"name\":\"Portada\",\"item\":\"https:\\\/\\\/www.eldiariodetucuman.com\\\/web\\\/\"},{\"@type\":\"ListItem\",\"position\":2,\"name\":\"Horacio Rodr\u00edguez Larreta se lanz\u00f3 de lleno contra los metrodelegados\"}]},{\"@type\":\"WebSite\",\"@id\":\"https:\\\/\\\/www.eldiariodetucuman.com\\\/web\\\/#website\",\"url\":\"https:\\\/\\\/www.eldiariodetucuman.com\\\/web\\\/\",\"name\":\"El Diario de Tucuman\",\"description\":\"Diario Tucuman - Informaci\u00f3n y noticias\",\"publisher\":{\"@id\":\"https:\\\/\\\/www.eldiariodetucuman.com\\\/web\\\/#organization\"},\"potentialAction\":[{\"@type\":\"SearchAction\",\"target\":{\"@type\":\"EntryPoint\",\"urlTemplate\":\"https:\\\/\\\/www.eldiariodetucuman.com\\\/web\\\/?s={search_term_string}\"},\"query-input\":{\"@type\":\"PropertyValueSpecification\",\"valueRequired\":true,\"valueName\":\"search_term_string\"}}],\"inLanguage\":\"es\"},{\"@type\":\"Organization\",\"@id\":\"https:\\\/\\\/www.eldiariodetucuman.com\\\/web\\\/#organization\",\"name\":\"El Diario de Tucuman\",\"url\":\"https:\\\/\\\/www.eldiariodetucuman.com\\\/web\\\/\",\"logo\":{\"@type\":\"ImageObject\",\"inLanguage\":\"es\",\"@id\":\"https:\\\/\\\/www.eldiariodetucuman.com\\\/web\\\/#\\\/schema\\\/logo\\\/image\\\/\",\"url\":\"http:\\\/\\\/www.eldiariodetucuman.com\\\/web\\\/wp-content\\\/uploads\\\/2017\\\/12\\\/el-diario-de-tucuman.jpg\",\"contentUrl\":\"http:\\\/\\\/www.eldiariodetucuman.com\\\/web\\\/wp-content\\\/uploads\\\/2017\\\/12\\\/el-diario-de-tucuman.jpg\",\"width\":272,\"height\":92,\"caption\":\"El Diario de Tucuman\"},\"image\":{\"@id\":\"https:\\\/\\\/www.eldiariodetucuman.com\\\/web\\\/#\\\/schema\\\/logo\\\/image\\\/\"}},{\"@type\":\"Person\",\"@id\":\"https:\\\/\\\/www.eldiariodetucuman.com\\\/web\\\/#\\\/schema\\\/person\\\/9250197d75ab5483412e19678b121caa\",\"name\":\"admin\",\"image\":{\"@type\":\"ImageObject\",\"inLanguage\":\"es\",\"@id\":\"https:\\\/\\\/secure.gravatar.com\\\/avatar\\\/c44d117c2be811212c22cb481f6b8384b6873de103fbc49e7a03cc58d7dea4ac?s=96&d=mm&r=g\",\"url\":\"https:\\\/\\\/secure.gravatar.com\\\/avatar\\\/c44d117c2be811212c22cb481f6b8384b6873de103fbc49e7a03cc58d7dea4ac?s=96&d=mm&r=g\",\"contentUrl\":\"https:\\\/\\\/secure.gravatar.com\\\/avatar\\\/c44d117c2be811212c22cb481f6b8384b6873de103fbc49e7a03cc58d7dea4ac?s=96&d=mm&r=g\",\"caption\":\"admin\"},\"url\":\"https:\\\/\\\/www.eldiariodetucuman.com\\\/web\\\/author\\\/admin\\\/\"}]}<\/script>\n<!-- \/ Yoast SEO plugin. -->","yoast_head_json":{"title":"Horacio Rodr\u00edguez Larreta se lanz\u00f3 de lleno contra los metrodelegados - El Diario de Tucuman","robots":{"index":"index","follow":"follow","max-snippet":"max-snippet:-1","max-image-preview":"max-image-preview:large","max-video-preview":"max-video-preview:-1"},"canonical":"https:\/\/www.eldiariodetucuman.com\/web\/horacio-rodriguez-larreta-se-lanzo-de-lleno-contra-los-metrodelegados\/","og_locale":"es_ES","og_type":"article","og_title":"Horacio Rodr\u00edguez Larreta se lanz\u00f3 de lleno contra los metrodelegados - El Diario de Tucuman","og_description":"Los cortes en el servicio y las protestas ya son moneda corriente en el subterr\u00e1neo, ya que el gobierno de la Ciudad de Buenos Aires, encabezado por Horacio Rodr\u00edguez Larreta, no llega a un acuerdo con los miembros de la Asociaci\u00f3n Gremial de Trabajadores del Subte y Premetro (AGTSyP). La diferencia central recae en que [&hellip;]","og_url":"https:\/\/www.eldiariodetucuman.com\/web\/horacio-rodriguez-larreta-se-lanzo-de-lleno-contra-los-metrodelegados\/","og_site_name":"El Diario de Tucuman","article_published_time":"2018-06-07T14:42:47+00:00","article_modified_time":"2018-06-07T14:42:49+00:00","og_image":[{"width":960,"height":722,"url":"https:\/\/www.eldiariodetucuman.com\/web\/wp-content\/uploads\/2018\/06\/597ea8fb77daf7b9f52f03b79324b717.jpeg","type":"image\/jpeg"}],"author":"admin","twitter_card":"summary_large_image","twitter_misc":{"Escrito por":"admin","Tiempo de lectura":"2 minutos"},"schema":{"@context":"https:\/\/schema.org","@graph":[{"@type":"Article","@id":"https:\/\/www.eldiariodetucuman.com\/web\/horacio-rodriguez-larreta-se-lanzo-de-lleno-contra-los-metrodelegados\/#article","isPartOf":{"@id":"https:\/\/www.eldiariodetucuman.com\/web\/horacio-rodriguez-larreta-se-lanzo-de-lleno-contra-los-metrodelegados\/"},"author":{"name":"admin","@id":"https:\/\/www.eldiariodetucuman.com\/web\/#\/schema\/person\/9250197d75ab5483412e19678b121caa"},"headline":"Horacio Rodr\u00edguez Larreta se lanz\u00f3 de lleno contra los metrodelegados","datePublished":"2018-06-07T14:42:47+00:00","dateModified":"2018-06-07T14:42:49+00:00","mainEntityOfPage":{"@id":"https:\/\/www.eldiariodetucuman.com\/web\/horacio-rodriguez-larreta-se-lanzo-de-lleno-contra-los-metrodelegados\/"},"wordCount":453,"commentCount":0,"publisher":{"@id":"https:\/\/www.eldiariodetucuman.com\/web\/#organization"},"image":{"@id":"https:\/\/www.eldiariodetucuman.com\/web\/horacio-rodriguez-larreta-se-lanzo-de-lleno-contra-los-metrodelegados\/#primaryimage"},"thumbnailUrl":"https:\/\/www.eldiariodetucuman.com\/web\/wp-content\/uploads\/2018\/06\/597ea8fb77daf7b9f52f03b79324b717.jpeg","articleSection":["Portada"],"inLanguage":"es","potentialAction":[{"@type":"CommentAction","name":"Comment","target":["https:\/\/www.eldiariodetucuman.com\/web\/horacio-rodriguez-larreta-se-lanzo-de-lleno-contra-los-metrodelegados\/#respond"]}]},{"@type":"WebPage","@id":"https:\/\/www.eldiariodetucuman.com\/web\/horacio-rodriguez-larreta-se-lanzo-de-lleno-contra-los-metrodelegados\/","url":"https:\/\/www.eldiariodetucuman.com\/web\/horacio-rodriguez-larreta-se-lanzo-de-lleno-contra-los-metrodelegados\/","name":"Horacio Rodr\u00edguez Larreta se lanz\u00f3 de lleno contra los metrodelegados - El Diario de Tucuman","isPartOf":{"@id":"https:\/\/www.eldiariodetucuman.com\/web\/#website"},"primaryImageOfPage":{"@id":"https:\/\/www.eldiariodetucuman.com\/web\/horacio-rodriguez-larreta-se-lanzo-de-lleno-contra-los-metrodelegados\/#primaryimage"},"image":{"@id":"https:\/\/www.eldiariodetucuman.com\/web\/horacio-rodriguez-larreta-se-lanzo-de-lleno-contra-los-metrodelegados\/#primaryimage"},"thumbnailUrl":"https:\/\/www.eldiariodetucuman.com\/web\/wp-content\/uploads\/2018\/06\/597ea8fb77daf7b9f52f03b79324b717.jpeg","datePublished":"2018-06-07T14:42:47+00:00","dateModified":"2018-06-07T14:42:49+00:00","breadcrumb":{"@id":"https:\/\/www.eldiariodetucuman.com\/web\/horacio-rodriguez-larreta-se-lanzo-de-lleno-contra-los-metrodelegados\/#breadcrumb"},"inLanguage":"es","potentialAction":[{"@type":"ReadAction","target":["https:\/\/www.eldiariodetucuman.com\/web\/horacio-rodriguez-larreta-se-lanzo-de-lleno-contra-los-metrodelegados\/"]}]},{"@type":"ImageObject","inLanguage":"es","@id":"https:\/\/www.eldiariodetucuman.com\/web\/horacio-rodriguez-larreta-se-lanzo-de-lleno-contra-los-metrodelegados\/#primaryimage","url":"https:\/\/www.eldiariodetucuman.com\/web\/wp-content\/uploads\/2018\/06\/597ea8fb77daf7b9f52f03b79324b717.jpeg","contentUrl":"https:\/\/www.eldiariodetucuman.com\/web\/wp-content\/uploads\/2018\/06\/597ea8fb77daf7b9f52f03b79324b717.jpeg","width":960,"height":722},{"@type":"BreadcrumbList","@id":"https:\/\/www.eldiariodetucuman.com\/web\/horacio-rodriguez-larreta-se-lanzo-de-lleno-contra-los-metrodelegados\/#breadcrumb","itemListElement":[{"@type":"ListItem","position":1,"name":"Portada","item":"https:\/\/www.eldiariodetucuman.com\/web\/"},{"@type":"ListItem","position":2,"name":"Horacio Rodr\u00edguez Larreta se lanz\u00f3 de lleno contra los metrodelegados"}]},{"@type":"WebSite","@id":"https:\/\/www.eldiariodetucuman.com\/web\/#website","url":"https:\/\/www.eldiariodetucuman.com\/web\/","name":"El Diario de Tucuman","description":"Diario Tucuman - Informaci\u00f3n y noticias","publisher":{"@id":"https:\/\/www.eldiariodetucuman.com\/web\/#organization"},"potentialAction":[{"@type":"SearchAction","target":{"@type":"EntryPoint","urlTemplate":"https:\/\/www.eldiariodetucuman.com\/web\/?s={search_term_string}"},"query-input":{"@type":"PropertyValueSpecification","valueRequired":true,"valueName":"search_term_string"}}],"inLanguage":"es"},{"@type":"Organization","@id":"https:\/\/www.eldiariodetucuman.com\/web\/#organization","name":"El Diario de Tucuman","url":"https:\/\/www.eldiariodetucuman.com\/web\/","logo":{"@type":"ImageObject","inLanguage":"es","@id":"https:\/\/www.eldiariodetucuman.com\/web\/#\/schema\/logo\/image\/","url":"http:\/\/www.eldiariodetucuman.com\/web\/wp-content\/uploads\/2017\/12\/el-diario-de-tucuman.jpg","contentUrl":"http:\/\/www.eldiariodetucuman.com\/web\/wp-content\/uploads\/2017\/12\/el-diario-de-tucuman.jpg","width":272,"height":92,"caption":"El Diario de Tucuman"},"image":{"@id":"https:\/\/www.eldiariodetucuman.com\/web\/#\/schema\/logo\/image\/"}},{"@type":"Person","@id":"https:\/\/www.eldiariodetucuman.com\/web\/#\/schema\/person\/9250197d75ab5483412e19678b121caa","name":"admin","image":{"@type":"ImageObject","inLanguage":"es","@id":"https:\/\/secure.gravatar.com\/avatar\/c44d117c2be811212c22cb481f6b8384b6873de103fbc49e7a03cc58d7dea4ac?s=96&d=mm&r=g","url":"https:\/\/secure.gravatar.com\/avatar\/c44d117c2be811212c22cb481f6b8384b6873de103fbc49e7a03cc58d7dea4ac?s=96&d=mm&r=g","contentUrl":"https:\/\/secure.gravatar.com\/avatar\/c44d117c2be811212c22cb481f6b8384b6873de103fbc49e7a03cc58d7dea4ac?s=96&d=mm&r=g","caption":"admin"},"url":"https:\/\/www.eldiariodetucuman.com\/web\/author\/admin\/"}]}},"_links":{"self":[{"href":"https:\/\/www.eldiariodetucuman.com\/web\/wp-json\/wp\/v2\/posts\/11915","targetHints":{"allow":["GET"]}}],"collection":[{"href":"https:\/\/www.eldiariodetucuman.com\/web\/wp-json\/wp\/v2\/posts"}],"about":[{"href":"https:\/\/www.eldiariodetucuman.com\/web\/wp-json\/wp\/v2\/types\/post"}],"author":[{"embeddable":true,"href":"https:\/\/www.eldiariodetucuman.com\/web\/wp-json\/wp\/v2\/users\/1"}],"replies":[{"embeddable":true,"href":"https:\/\/www.eldiariodetucuman.com\/web\/wp-json\/wp\/v2\/comments?post=11915"}],"version-history":[{"count":1,"href":"https:\/\/www.eldiariodetucuman.com\/web\/wp-json\/wp\/v2\/posts\/11915\/revisions"}],"predecessor-version":[{"id":11917,"href":"https:\/\/www.eldiariodetucuman.com\/web\/wp-json\/wp\/v2\/posts\/11915\/revisions\/11917"}],"wp:featuredmedia":[{"embeddable":true,"href":"https:\/\/www.eldiariodetucuman.com\/web\/wp-json\/wp\/v2\/media\/11916"}],"wp:attachment":[{"href":"https:\/\/www.eldiariodetucuman.com\/web\/wp-json\/wp\/v2\/media?parent=11915"}],"wp:term":[{"taxonomy":"category","embeddable":true,"href":"https:\/\/www.eldiariodetucuman.com\/web\/wp-json\/wp\/v2\/categories?post=11915"},{"taxonomy":"post_tag","embeddable":true,"href":"https:\/\/www.eldiariodetucuman.com\/web\/wp-json\/wp\/v2\/tags?post=11915"}],"curies":[{"name":"wp","href":"https:\/\/api.w.org\/{rel}","templated":true}]}}