{"id":11912,"date":"2018-06-07T00:07:45","date_gmt":"2018-06-07T03:07:45","guid":{"rendered":"http:\/\/www.eldiariodetucuman.com\/web\/manzur-agasajo-a-los-periodistas-tucumanos-por-su-dia\/"},"modified":"2018-06-07T00:07:46","modified_gmt":"2018-06-07T03:07:46","slug":"manzur-agasajo-a-los-periodistas-tucumanos-por-su-dia","status":"publish","type":"post","link":"https:\/\/www.eldiariodetucuman.com\/web\/manzur-agasajo-a-los-periodistas-tucumanos-por-su-dia\/","title":{"rendered":"Manzur agasaj\u00f3 a los periodistas tucumanos por su d\u00eda"},"content":{"rendered":"<div>\n<div readability=\"90.5\">\n<p>El 7\u00b0 de junio se conmemora el D\u00eda Nacional del Periodista. Por este motivo, el gobernador <strong>Juan Manzur<\/strong>, salud\u00f3 a los trabajadores de prensa, y reafirm\u00f3 la libertad de expresi\u00f3n en su Gobierno.<\/p>\n<p>El encuentro con los periodistas tucumanos se desarroll\u00f3 en el Sal\u00f3n Blanco de Casa de Gobierno y participaron todos los integrantes del gabinete local. En la oportunidad, el Primer Mandatario agasaj\u00f3 a los periodistas por adelantado debido a que ma\u00f1ana estar\u00e1 ausente por encabezar\u00a0una misi\u00f3n tur\u00edstica y comercial en Per\u00fa.<\/p>\n<blockquote readability=\"9\">\n<p>Recibirlos aqu\u00ed es todo un s\u00edmbolo y significa que las puertas de Casa de Gobierno est\u00e1n abiertas de para en par. Queremos agradecerles la tarea que hacen todos los d\u00edas para informar y transmitir las noticias al pueblo tucumano. Les deseo un feliz d\u00eda del periodista\u201d, subray\u00f3 el Gobernador.<\/p>\n<\/blockquote>\n<p>Manzur adem\u00e1s destac\u00f3 que \u201cTucum\u00e1n tiene una tradici\u00f3n muy importante en la prensa, con periodistas que fueron grandes figuras a nivel nacional e internacional, personas muy reconocidas\u201d, y reafirm\u00f3 \u201cla liberta de prensa y de expresi\u00f3n, cualquiera puede escribir lo que quiere, lo que siente, lo que piensa y desea. Eso significa libertad y la libertad forma parte importante de nuestra democracia\u201d.<\/p>\n<p>Por su parte, el vicegobernador,\u00a0<strong>Osvaldo Jaldo<\/strong>, recalc\u00f3 la labor diaria que realizan los comunicadores: \u201cCon el gobernador Juan Manzur valoramos el acompa\u00f1amiento de los periodistas en estos dos a\u00f1os y medio de gesti\u00f3n\u201d, expres\u00f3.<\/p>\n<p>La secretaria de Estado de Comunicaci\u00f3n P\u00fablica de Tucum\u00e1n,<strong> Valeria Zapesochny<\/strong>, resalt\u00f3 la calidad del periodismo tucumano. \u201cEs un orgullo trabajar con personas que todos los d\u00edas hacen honor a la profesi\u00f3n\u201d, manifest\u00f3\u00a0.<\/p>\n<p>\u201cPretendemos que se trabaje con absoluta libertad de expresi\u00f3n y que se manifiesten en cualquier \u00e1mbito de Gobierno. Como lo dijo el gobernador, Juan Manzur, las puertas de Casa de Gobierno est\u00e1n abiertas para responder todas las preguntas y necesidades de informaci\u00f3n porque es fundamental ejercer una gesti\u00f3n transparente y de cara a la gente\u201d, asegur\u00f3 la Secretaria y agreg\u00f3: \u201cEl Estado debe estar\u00a0atento a los reclamos y planteos de la gente\u201d.<\/p>\n<blockquote class=\"mom_quote \" readability=\"26\">\n<p>Los trabajadores\u00a0de medios tucumanos se hicieron presentes y agradecieron el saludo del Gobernador. En la oportunidad, reflexionaron sobre el estado de la profesi\u00f3n en la provincia y alentaron a los colegas a seguir informando libremente.<\/p>\n<p>\u201cEspero que sigamos profesando esta profesi\u00f3n con honestidad y transparencia, buscando siempre la verdad. Hoy los periodistas trabajamos con mayor libertad y esto nos permite ir detr\u00e1s de la verdad\u201d, afirm\u00f3 <strong>Marcelo Cort\u00e9s<\/strong>, periodista de Canal 8.<\/p>\n<p><strong>Ramiro Rearte,<\/strong> periodista de Radio Nacional, manifest\u00f3: \u201cEs importante poder tener libertad de opini\u00f3n. En la gesti\u00f3n de este gobierno provincial se afianz\u00f3 esa libertad\u201d.<\/p>\n<p>Finalmente, <strong>Germ\u00e1n Vald\u00e9z<\/strong>, periodista de Radio XXI y conductor del programa Primer Plano (Canal 10) dese\u00f3 trabajo para los periodistas m\u00e1s j\u00f3venes. \u201cLas nuevas plataformas est\u00e1n generando una transici\u00f3n y hay que ver como va a ser el futuro de la profesi\u00f3n\u201d.<\/p>\n<\/blockquote>\n<p><strong>Galer\u00eda de im\u00e1genes<\/strong><\/p>\n<\/div>\n<\/div>\n<p>Fuente: http:\/\/comunicaciontucuman.gob.ar\/2018\/06\/manzur-agasajo-a-los-periodistas-en-su-dia\/<\/p>\n","protected":false},"excerpt":{"rendered":"<p>El 7\u00b0 de junio se conmemora el D\u00eda Nacional del Periodista. Por este motivo, el gobernador Juan Manzur, salud\u00f3 a los trabajadores de prensa, y reafirm\u00f3 la libertad de expresi\u00f3n en su Gobierno. El encuentro con los periodistas tucumanos se desarroll\u00f3 en el Sal\u00f3n Blanco de Casa de Gobierno y participaron todos los integrantes del [&hellip;]<\/p>\n","protected":false},"author":1,"featured_media":11913,"comment_status":"open","ping_status":"closed","sticky":false,"template":"","format":"standard","meta":{"footnotes":""},"categories":[3],"tags":[],"class_list":{"0":"post-11912","1":"post","2":"type-post","3":"status-publish","4":"format-standard","5":"has-post-thumbnail","7":"category-politica"},"yoast_head":"<!-- This site is optimized with the Yoast SEO plugin v27.4 - https:\/\/yoast.com\/product\/yoast-seo-wordpress\/ -->\n<title>Manzur agasaj\u00f3 a los periodistas tucumanos por su d\u00eda - El Diario de Tucuman<\/title>\n<meta name=\"robots\" content=\"index, follow, max-snippet:-1, max-image-preview:large, max-video-preview:-1\" \/>\n<link rel=\"canonical\" href=\"https:\/\/www.eldiariodetucuman.com\/web\/manzur-agasajo-a-los-periodistas-tucumanos-por-su-dia\/\" \/>\n<meta property=\"og:locale\" content=\"es_ES\" \/>\n<meta property=\"og:type\" content=\"article\" \/>\n<meta property=\"og:title\" content=\"Manzur agasaj\u00f3 a los periodistas tucumanos por su d\u00eda - El Diario de Tucuman\" \/>\n<meta property=\"og:description\" content=\"El 7\u00b0 de junio se conmemora el D\u00eda Nacional del Periodista. Por este motivo, el gobernador Juan Manzur, salud\u00f3 a los trabajadores de prensa, y reafirm\u00f3 la libertad de expresi\u00f3n en su Gobierno. El encuentro con los periodistas tucumanos se desarroll\u00f3 en el Sal\u00f3n Blanco de Casa de Gobierno y participaron todos los integrantes del [&hellip;]\" \/>\n<meta property=\"og:url\" content=\"https:\/\/www.eldiariodetucuman.com\/web\/manzur-agasajo-a-los-periodistas-tucumanos-por-su-dia\/\" \/>\n<meta property=\"og:site_name\" content=\"El Diario de Tucuman\" \/>\n<meta property=\"article:published_time\" content=\"2018-06-07T03:07:45+00:00\" \/>\n<meta property=\"article:modified_time\" content=\"2018-06-07T03:07:46+00:00\" \/>\n<meta property=\"og:image\" content=\"https:\/\/www.eldiariodetucuman.com\/web\/wp-content\/uploads\/2018\/06\/b779999da624425ea4ff724d05fbc455.jpeg\" \/>\n\t<meta property=\"og:image:width\" content=\"300\" \/>\n\t<meta property=\"og:image:height\" content=\"166\" \/>\n\t<meta property=\"og:image:type\" content=\"image\/jpeg\" \/>\n<meta name=\"author\" content=\"admin\" \/>\n<meta name=\"twitter:card\" content=\"summary_large_image\" \/>\n<meta name=\"twitter:label1\" content=\"Escrito por\" \/>\n\t<meta name=\"twitter:data1\" content=\"admin\" \/>\n\t<meta name=\"twitter:label2\" content=\"Tiempo de lectura\" \/>\n\t<meta name=\"twitter:data2\" content=\"3 minutos\" \/>\n<script type=\"application\/ld+json\" class=\"yoast-schema-graph\">{\"@context\":\"https:\\\/\\\/schema.org\",\"@graph\":[{\"@type\":\"Article\",\"@id\":\"https:\\\/\\\/www.eldiariodetucuman.com\\\/web\\\/manzur-agasajo-a-los-periodistas-tucumanos-por-su-dia\\\/#article\",\"isPartOf\":{\"@id\":\"https:\\\/\\\/www.eldiariodetucuman.com\\\/web\\\/manzur-agasajo-a-los-periodistas-tucumanos-por-su-dia\\\/\"},\"author\":{\"name\":\"admin\",\"@id\":\"https:\\\/\\\/www.eldiariodetucuman.com\\\/web\\\/#\\\/schema\\\/person\\\/9250197d75ab5483412e19678b121caa\"},\"headline\":\"Manzur agasaj\u00f3 a los periodistas tucumanos por su d\u00eda\",\"datePublished\":\"2018-06-07T03:07:45+00:00\",\"dateModified\":\"2018-06-07T03:07:46+00:00\",\"mainEntityOfPage\":{\"@id\":\"https:\\\/\\\/www.eldiariodetucuman.com\\\/web\\\/manzur-agasajo-a-los-periodistas-tucumanos-por-su-dia\\\/\"},\"wordCount\":533,\"commentCount\":0,\"publisher\":{\"@id\":\"https:\\\/\\\/www.eldiariodetucuman.com\\\/web\\\/#organization\"},\"image\":{\"@id\":\"https:\\\/\\\/www.eldiariodetucuman.com\\\/web\\\/manzur-agasajo-a-los-periodistas-tucumanos-por-su-dia\\\/#primaryimage\"},\"thumbnailUrl\":\"https:\\\/\\\/www.eldiariodetucuman.com\\\/web\\\/wp-content\\\/uploads\\\/2018\\\/06\\\/b779999da624425ea4ff724d05fbc455.jpeg\",\"articleSection\":[\"Politica\"],\"inLanguage\":\"es\",\"potentialAction\":[{\"@type\":\"CommentAction\",\"name\":\"Comment\",\"target\":[\"https:\\\/\\\/www.eldiariodetucuman.com\\\/web\\\/manzur-agasajo-a-los-periodistas-tucumanos-por-su-dia\\\/#respond\"]}]},{\"@type\":\"WebPage\",\"@id\":\"https:\\\/\\\/www.eldiariodetucuman.com\\\/web\\\/manzur-agasajo-a-los-periodistas-tucumanos-por-su-dia\\\/\",\"url\":\"https:\\\/\\\/www.eldiariodetucuman.com\\\/web\\\/manzur-agasajo-a-los-periodistas-tucumanos-por-su-dia\\\/\",\"name\":\"Manzur agasaj\u00f3 a los periodistas tucumanos por su d\u00eda - El Diario de Tucuman\",\"isPartOf\":{\"@id\":\"https:\\\/\\\/www.eldiariodetucuman.com\\\/web\\\/#website\"},\"primaryImageOfPage\":{\"@id\":\"https:\\\/\\\/www.eldiariodetucuman.com\\\/web\\\/manzur-agasajo-a-los-periodistas-tucumanos-por-su-dia\\\/#primaryimage\"},\"image\":{\"@id\":\"https:\\\/\\\/www.eldiariodetucuman.com\\\/web\\\/manzur-agasajo-a-los-periodistas-tucumanos-por-su-dia\\\/#primaryimage\"},\"thumbnailUrl\":\"https:\\\/\\\/www.eldiariodetucuman.com\\\/web\\\/wp-content\\\/uploads\\\/2018\\\/06\\\/b779999da624425ea4ff724d05fbc455.jpeg\",\"datePublished\":\"2018-06-07T03:07:45+00:00\",\"dateModified\":\"2018-06-07T03:07:46+00:00\",\"breadcrumb\":{\"@id\":\"https:\\\/\\\/www.eldiariodetucuman.com\\\/web\\\/manzur-agasajo-a-los-periodistas-tucumanos-por-su-dia\\\/#breadcrumb\"},\"inLanguage\":\"es\",\"potentialAction\":[{\"@type\":\"ReadAction\",\"target\":[\"https:\\\/\\\/www.eldiariodetucuman.com\\\/web\\\/manzur-agasajo-a-los-periodistas-tucumanos-por-su-dia\\\/\"]}]},{\"@type\":\"ImageObject\",\"inLanguage\":\"es\",\"@id\":\"https:\\\/\\\/www.eldiariodetucuman.com\\\/web\\\/manzur-agasajo-a-los-periodistas-tucumanos-por-su-dia\\\/#primaryimage\",\"url\":\"https:\\\/\\\/www.eldiariodetucuman.com\\\/web\\\/wp-content\\\/uploads\\\/2018\\\/06\\\/b779999da624425ea4ff724d05fbc455.jpeg\",\"contentUrl\":\"https:\\\/\\\/www.eldiariodetucuman.com\\\/web\\\/wp-content\\\/uploads\\\/2018\\\/06\\\/b779999da624425ea4ff724d05fbc455.jpeg\",\"width\":300,\"height\":166},{\"@type\":\"BreadcrumbList\",\"@id\":\"https:\\\/\\\/www.eldiariodetucuman.com\\\/web\\\/manzur-agasajo-a-los-periodistas-tucumanos-por-su-dia\\\/#breadcrumb\",\"itemListElement\":[{\"@type\":\"ListItem\",\"position\":1,\"name\":\"Portada\",\"item\":\"https:\\\/\\\/www.eldiariodetucuman.com\\\/web\\\/\"},{\"@type\":\"ListItem\",\"position\":2,\"name\":\"Manzur agasaj\u00f3 a los periodistas tucumanos por su d\u00eda\"}]},{\"@type\":\"WebSite\",\"@id\":\"https:\\\/\\\/www.eldiariodetucuman.com\\\/web\\\/#website\",\"url\":\"https:\\\/\\\/www.eldiariodetucuman.com\\\/web\\\/\",\"name\":\"El Diario de Tucuman\",\"description\":\"Diario Tucuman - Informaci\u00f3n y noticias\",\"publisher\":{\"@id\":\"https:\\\/\\\/www.eldiariodetucuman.com\\\/web\\\/#organization\"},\"potentialAction\":[{\"@type\":\"SearchAction\",\"target\":{\"@type\":\"EntryPoint\",\"urlTemplate\":\"https:\\\/\\\/www.eldiariodetucuman.com\\\/web\\\/?s={search_term_string}\"},\"query-input\":{\"@type\":\"PropertyValueSpecification\",\"valueRequired\":true,\"valueName\":\"search_term_string\"}}],\"inLanguage\":\"es\"},{\"@type\":\"Organization\",\"@id\":\"https:\\\/\\\/www.eldiariodetucuman.com\\\/web\\\/#organization\",\"name\":\"El Diario de Tucuman\",\"url\":\"https:\\\/\\\/www.eldiariodetucuman.com\\\/web\\\/\",\"logo\":{\"@type\":\"ImageObject\",\"inLanguage\":\"es\",\"@id\":\"https:\\\/\\\/www.eldiariodetucuman.com\\\/web\\\/#\\\/schema\\\/logo\\\/image\\\/\",\"url\":\"http:\\\/\\\/www.eldiariodetucuman.com\\\/web\\\/wp-content\\\/uploads\\\/2017\\\/12\\\/el-diario-de-tucuman.jpg\",\"contentUrl\":\"http:\\\/\\\/www.eldiariodetucuman.com\\\/web\\\/wp-content\\\/uploads\\\/2017\\\/12\\\/el-diario-de-tucuman.jpg\",\"width\":272,\"height\":92,\"caption\":\"El Diario de Tucuman\"},\"image\":{\"@id\":\"https:\\\/\\\/www.eldiariodetucuman.com\\\/web\\\/#\\\/schema\\\/logo\\\/image\\\/\"}},{\"@type\":\"Person\",\"@id\":\"https:\\\/\\\/www.eldiariodetucuman.com\\\/web\\\/#\\\/schema\\\/person\\\/9250197d75ab5483412e19678b121caa\",\"name\":\"admin\",\"image\":{\"@type\":\"ImageObject\",\"inLanguage\":\"es\",\"@id\":\"https:\\\/\\\/secure.gravatar.com\\\/avatar\\\/c44d117c2be811212c22cb481f6b8384b6873de103fbc49e7a03cc58d7dea4ac?s=96&d=mm&r=g\",\"url\":\"https:\\\/\\\/secure.gravatar.com\\\/avatar\\\/c44d117c2be811212c22cb481f6b8384b6873de103fbc49e7a03cc58d7dea4ac?s=96&d=mm&r=g\",\"contentUrl\":\"https:\\\/\\\/secure.gravatar.com\\\/avatar\\\/c44d117c2be811212c22cb481f6b8384b6873de103fbc49e7a03cc58d7dea4ac?s=96&d=mm&r=g\",\"caption\":\"admin\"},\"url\":\"https:\\\/\\\/www.eldiariodetucuman.com\\\/web\\\/author\\\/admin\\\/\"}]}<\/script>\n<!-- \/ Yoast SEO plugin. -->","yoast_head_json":{"title":"Manzur agasaj\u00f3 a los periodistas tucumanos por su d\u00eda - El Diario de Tucuman","robots":{"index":"index","follow":"follow","max-snippet":"max-snippet:-1","max-image-preview":"max-image-preview:large","max-video-preview":"max-video-preview:-1"},"canonical":"https:\/\/www.eldiariodetucuman.com\/web\/manzur-agasajo-a-los-periodistas-tucumanos-por-su-dia\/","og_locale":"es_ES","og_type":"article","og_title":"Manzur agasaj\u00f3 a los periodistas tucumanos por su d\u00eda - El Diario de Tucuman","og_description":"El 7\u00b0 de junio se conmemora el D\u00eda Nacional del Periodista. Por este motivo, el gobernador Juan Manzur, salud\u00f3 a los trabajadores de prensa, y reafirm\u00f3 la libertad de expresi\u00f3n en su Gobierno. El encuentro con los periodistas tucumanos se desarroll\u00f3 en el Sal\u00f3n Blanco de Casa de Gobierno y participaron todos los integrantes del [&hellip;]","og_url":"https:\/\/www.eldiariodetucuman.com\/web\/manzur-agasajo-a-los-periodistas-tucumanos-por-su-dia\/","og_site_name":"El Diario de Tucuman","article_published_time":"2018-06-07T03:07:45+00:00","article_modified_time":"2018-06-07T03:07:46+00:00","og_image":[{"width":300,"height":166,"url":"https:\/\/www.eldiariodetucuman.com\/web\/wp-content\/uploads\/2018\/06\/b779999da624425ea4ff724d05fbc455.jpeg","type":"image\/jpeg"}],"author":"admin","twitter_card":"summary_large_image","twitter_misc":{"Escrito por":"admin","Tiempo de lectura":"3 minutos"},"schema":{"@context":"https:\/\/schema.org","@graph":[{"@type":"Article","@id":"https:\/\/www.eldiariodetucuman.com\/web\/manzur-agasajo-a-los-periodistas-tucumanos-por-su-dia\/#article","isPartOf":{"@id":"https:\/\/www.eldiariodetucuman.com\/web\/manzur-agasajo-a-los-periodistas-tucumanos-por-su-dia\/"},"author":{"name":"admin","@id":"https:\/\/www.eldiariodetucuman.com\/web\/#\/schema\/person\/9250197d75ab5483412e19678b121caa"},"headline":"Manzur agasaj\u00f3 a los periodistas tucumanos por su d\u00eda","datePublished":"2018-06-07T03:07:45+00:00","dateModified":"2018-06-07T03:07:46+00:00","mainEntityOfPage":{"@id":"https:\/\/www.eldiariodetucuman.com\/web\/manzur-agasajo-a-los-periodistas-tucumanos-por-su-dia\/"},"wordCount":533,"commentCount":0,"publisher":{"@id":"https:\/\/www.eldiariodetucuman.com\/web\/#organization"},"image":{"@id":"https:\/\/www.eldiariodetucuman.com\/web\/manzur-agasajo-a-los-periodistas-tucumanos-por-su-dia\/#primaryimage"},"thumbnailUrl":"https:\/\/www.eldiariodetucuman.com\/web\/wp-content\/uploads\/2018\/06\/b779999da624425ea4ff724d05fbc455.jpeg","articleSection":["Politica"],"inLanguage":"es","potentialAction":[{"@type":"CommentAction","name":"Comment","target":["https:\/\/www.eldiariodetucuman.com\/web\/manzur-agasajo-a-los-periodistas-tucumanos-por-su-dia\/#respond"]}]},{"@type":"WebPage","@id":"https:\/\/www.eldiariodetucuman.com\/web\/manzur-agasajo-a-los-periodistas-tucumanos-por-su-dia\/","url":"https:\/\/www.eldiariodetucuman.com\/web\/manzur-agasajo-a-los-periodistas-tucumanos-por-su-dia\/","name":"Manzur agasaj\u00f3 a los periodistas tucumanos por su d\u00eda - El Diario de Tucuman","isPartOf":{"@id":"https:\/\/www.eldiariodetucuman.com\/web\/#website"},"primaryImageOfPage":{"@id":"https:\/\/www.eldiariodetucuman.com\/web\/manzur-agasajo-a-los-periodistas-tucumanos-por-su-dia\/#primaryimage"},"image":{"@id":"https:\/\/www.eldiariodetucuman.com\/web\/manzur-agasajo-a-los-periodistas-tucumanos-por-su-dia\/#primaryimage"},"thumbnailUrl":"https:\/\/www.eldiariodetucuman.com\/web\/wp-content\/uploads\/2018\/06\/b779999da624425ea4ff724d05fbc455.jpeg","datePublished":"2018-06-07T03:07:45+00:00","dateModified":"2018-06-07T03:07:46+00:00","breadcrumb":{"@id":"https:\/\/www.eldiariodetucuman.com\/web\/manzur-agasajo-a-los-periodistas-tucumanos-por-su-dia\/#breadcrumb"},"inLanguage":"es","potentialAction":[{"@type":"ReadAction","target":["https:\/\/www.eldiariodetucuman.com\/web\/manzur-agasajo-a-los-periodistas-tucumanos-por-su-dia\/"]}]},{"@type":"ImageObject","inLanguage":"es","@id":"https:\/\/www.eldiariodetucuman.com\/web\/manzur-agasajo-a-los-periodistas-tucumanos-por-su-dia\/#primaryimage","url":"https:\/\/www.eldiariodetucuman.com\/web\/wp-content\/uploads\/2018\/06\/b779999da624425ea4ff724d05fbc455.jpeg","contentUrl":"https:\/\/www.eldiariodetucuman.com\/web\/wp-content\/uploads\/2018\/06\/b779999da624425ea4ff724d05fbc455.jpeg","width":300,"height":166},{"@type":"BreadcrumbList","@id":"https:\/\/www.eldiariodetucuman.com\/web\/manzur-agasajo-a-los-periodistas-tucumanos-por-su-dia\/#breadcrumb","itemListElement":[{"@type":"ListItem","position":1,"name":"Portada","item":"https:\/\/www.eldiariodetucuman.com\/web\/"},{"@type":"ListItem","position":2,"name":"Manzur agasaj\u00f3 a los periodistas tucumanos por su d\u00eda"}]},{"@type":"WebSite","@id":"https:\/\/www.eldiariodetucuman.com\/web\/#website","url":"https:\/\/www.eldiariodetucuman.com\/web\/","name":"El Diario de Tucuman","description":"Diario Tucuman - Informaci\u00f3n y noticias","publisher":{"@id":"https:\/\/www.eldiariodetucuman.com\/web\/#organization"},"potentialAction":[{"@type":"SearchAction","target":{"@type":"EntryPoint","urlTemplate":"https:\/\/www.eldiariodetucuman.com\/web\/?s={search_term_string}"},"query-input":{"@type":"PropertyValueSpecification","valueRequired":true,"valueName":"search_term_string"}}],"inLanguage":"es"},{"@type":"Organization","@id":"https:\/\/www.eldiariodetucuman.com\/web\/#organization","name":"El Diario de Tucuman","url":"https:\/\/www.eldiariodetucuman.com\/web\/","logo":{"@type":"ImageObject","inLanguage":"es","@id":"https:\/\/www.eldiariodetucuman.com\/web\/#\/schema\/logo\/image\/","url":"http:\/\/www.eldiariodetucuman.com\/web\/wp-content\/uploads\/2017\/12\/el-diario-de-tucuman.jpg","contentUrl":"http:\/\/www.eldiariodetucuman.com\/web\/wp-content\/uploads\/2017\/12\/el-diario-de-tucuman.jpg","width":272,"height":92,"caption":"El Diario de Tucuman"},"image":{"@id":"https:\/\/www.eldiariodetucuman.com\/web\/#\/schema\/logo\/image\/"}},{"@type":"Person","@id":"https:\/\/www.eldiariodetucuman.com\/web\/#\/schema\/person\/9250197d75ab5483412e19678b121caa","name":"admin","image":{"@type":"ImageObject","inLanguage":"es","@id":"https:\/\/secure.gravatar.com\/avatar\/c44d117c2be811212c22cb481f6b8384b6873de103fbc49e7a03cc58d7dea4ac?s=96&d=mm&r=g","url":"https:\/\/secure.gravatar.com\/avatar\/c44d117c2be811212c22cb481f6b8384b6873de103fbc49e7a03cc58d7dea4ac?s=96&d=mm&r=g","contentUrl":"https:\/\/secure.gravatar.com\/avatar\/c44d117c2be811212c22cb481f6b8384b6873de103fbc49e7a03cc58d7dea4ac?s=96&d=mm&r=g","caption":"admin"},"url":"https:\/\/www.eldiariodetucuman.com\/web\/author\/admin\/"}]}},"_links":{"self":[{"href":"https:\/\/www.eldiariodetucuman.com\/web\/wp-json\/wp\/v2\/posts\/11912","targetHints":{"allow":["GET"]}}],"collection":[{"href":"https:\/\/www.eldiariodetucuman.com\/web\/wp-json\/wp\/v2\/posts"}],"about":[{"href":"https:\/\/www.eldiariodetucuman.com\/web\/wp-json\/wp\/v2\/types\/post"}],"author":[{"embeddable":true,"href":"https:\/\/www.eldiariodetucuman.com\/web\/wp-json\/wp\/v2\/users\/1"}],"replies":[{"embeddable":true,"href":"https:\/\/www.eldiariodetucuman.com\/web\/wp-json\/wp\/v2\/comments?post=11912"}],"version-history":[{"count":1,"href":"https:\/\/www.eldiariodetucuman.com\/web\/wp-json\/wp\/v2\/posts\/11912\/revisions"}],"predecessor-version":[{"id":11914,"href":"https:\/\/www.eldiariodetucuman.com\/web\/wp-json\/wp\/v2\/posts\/11912\/revisions\/11914"}],"wp:featuredmedia":[{"embeddable":true,"href":"https:\/\/www.eldiariodetucuman.com\/web\/wp-json\/wp\/v2\/media\/11913"}],"wp:attachment":[{"href":"https:\/\/www.eldiariodetucuman.com\/web\/wp-json\/wp\/v2\/media?parent=11912"}],"wp:term":[{"taxonomy":"category","embeddable":true,"href":"https:\/\/www.eldiariodetucuman.com\/web\/wp-json\/wp\/v2\/categories?post=11912"},{"taxonomy":"post_tag","embeddable":true,"href":"https:\/\/www.eldiariodetucuman.com\/web\/wp-json\/wp\/v2\/tags?post=11912"}],"curies":[{"name":"wp","href":"https:\/\/api.w.org\/{rel}","templated":true}]}}