{"id":11909,"date":"2018-06-07T00:07:37","date_gmt":"2018-06-07T03:07:37","guid":{"rendered":"http:\/\/www.eldiariodetucuman.com\/web\/promoveran-el-destino-tucuman-en-el-encuentro-andino-de-peru-2\/"},"modified":"2018-06-07T00:07:38","modified_gmt":"2018-06-07T03:07:38","slug":"promoveran-el-destino-tucuman-en-el-encuentro-andino-de-peru-2","status":"publish","type":"post","link":"https:\/\/www.eldiariodetucuman.com\/web\/promoveran-el-destino-tucuman-en-el-encuentro-andino-de-peru-2\/","title":{"rendered":"Promover\u00e1n el Destino Tucum\u00e1n en el Encuentro Andino de Per\u00fa"},"content":{"rendered":"<div>\n<div readability=\"73\">\n<p>Una comitiva de la provincia encabezada por el gobernador,<strong> Juan Manzur<\/strong>,\u00a0\u00a0participar\u00e1 del Encuentro Andino en Per\u00fa con el objetivo de adquirir conocimientos del modelo tur\u00edstico de Machu Picchu e implementar esos aprendizajes en la Ciudad Sagrada de los Quilmes y especialmente en su flamante Centro de Interpretaci\u00f3n. Adem\u00e1s, la provincia promover\u00e1 a Tucum\u00e1n como destino regional.<\/p>\n<p>A la espera del arribo del Gobernador, que ser\u00e1 acompa\u00f1ado por el presidente del Ente Tucum\u00e1n Turismo, <strong>Sebasti\u00e1n Giobellina; <\/strong>el ministro del Interior,<strong> Miguel Acevedo; <\/strong>y\u00a0el secretario de Relaciones Internacionales, <strong>Jorge Neme<\/strong>, entre otros funcionarios, el encuentro empez\u00f3 hoy en Lima con una gira de trabajo de la que participa una comisi\u00f3n t\u00e9cnica tucumana. La jornada tiene como principal objetivo fortalecer a las comunidades originarias de Tucum\u00e1n, a trav\u00e9s de la transferencia de conocimientos y experiencias en cuanto a la gesti\u00f3n y la administraci\u00f3n de sitios de pueblos originarios peruanos.<\/p>\n<p>Manzur explic\u00f3 que un equipo tucumano trabaja en Per\u00fa desde hace dos d\u00edas para ver la experiencia peruana vinculada a la explotaci\u00f3n tur\u00edstica del Machu Picchu, \u2018un atractivo de nivel mundial\u2019, dijo.<\/p>\n<p>\u201cHay vuelos directos de Tucum\u00e1n a Lima y la idea es que parte del turismo que llega a Per\u00fa pueda venir a Tucum\u00e1n a ver lo que es la Ciudad Sangrada de Quilmes. Esperamos que esto sirva para mejorar la calidad de vida de mucha gente\u201d, cont\u00f3.<\/p>\n<blockquote class=\"mom_quote \"><p>La comitiva est\u00e1 integrada por el subsecretario de Integraci\u00f3n Regional, <strong>Luis Mariano Fern\u00e1ndez;\u00a0<\/strong><strong>Mariano Heiva<\/strong>, director de Desarrollo Tur\u00edstico del Ente Tucum\u00e1n Turismo, representantes de pueblos originarios provinciales con su referente el delegado comunal y cacique de Amaicha del Valle,<strong> Eduardo Nieva. <\/strong>Visitaron puntos tur\u00edsticos e hist\u00f3ricos de la ciudad acompa\u00f1ados por gu\u00edas locales, que explicaron la importancia del turismo en el pa\u00eds incaico y la contribuci\u00f3n que tiene al sector econ\u00f3mico.<\/p><\/blockquote>\n<p>En este sentido, <strong>David Vargas<\/strong>, que es uno de los encargados del Centro de Interpretaci\u00f3n de la Ciudad Sagrada de Quilmes (CIQ), destac\u00f3 las herramientas que tienen sus colegas lime\u00f1os para trabajar en la explotaci\u00f3n tur\u00edstica.<\/p>\n<p>El cronograma de trabajo continuar\u00e1 hasta el viernes en Lima, donde las actividades ser\u00e1n encabezadas ya por Manzur. La agenda tendr\u00e1 numerosas reuniones, entre las que destacan:<\/p>\n<ul>\n<li>\u00a0Visita a la Confederaci\u00f3n Nacionales de Instituciones Empresariales Privadas (CONFIEP)<\/li>\n<li>\u00a0Encuentro de trabajo en el Ministerio de Turismo, donde la delegaci\u00f3n ser\u00e1 recibida por la Viceministra de Turismo, Liz Chirinos Cuadros.<\/li>\n<li>Encuentro de trabajo en el Ministerio de Cultura, lugar en el cual ser\u00e1n recibidos por la ministra, Patricia Balbuena, y por la viceministra de Interculturalidad, Elena Burga Cabrera.<\/li>\n<li>Visita a la Presidencia del Consejo de Ministros, se mantendr\u00e1 un encuentro con el primer ministro, C\u00e9sar Villanueva Ar\u00e9valo.<\/li>\n<li>\u00a0Visita al Palacio de Gobierno, en donde la vicepresidenta del Per\u00fa, Mercedes Ar\u00e1oz, recibir\u00e1 a la comitiva.<\/li>\n<li>Luego la delegaci\u00f3n se trasladar\u00e1 a Cusco donde continuar\u00e1 con diversas tareas oficiales, sin la presencia del gobernador Manzur.<\/li>\n<\/ul>\n<p>\u00a0<\/p>\n<\/div>\n<\/div>\n<p>Fuente: http:\/\/comunicaciontucuman.gob.ar\/2018\/06\/promoveran-el-destino-tucuman-en-el-encuentro-andino-de-peru\/<\/p>\n","protected":false},"excerpt":{"rendered":"<p>Una comitiva de la provincia encabezada por el gobernador, Juan Manzur,\u00a0\u00a0participar\u00e1 del Encuentro Andino en Per\u00fa con el objetivo de adquirir conocimientos del modelo tur\u00edstico de Machu Picchu e implementar esos aprendizajes en la Ciudad Sagrada de los Quilmes y especialmente en su flamante Centro de Interpretaci\u00f3n. Adem\u00e1s, la provincia promover\u00e1 a Tucum\u00e1n como destino [&hellip;]<\/p>\n","protected":false},"author":1,"featured_media":11910,"comment_status":"open","ping_status":"closed","sticky":false,"template":"","format":"standard","meta":{"footnotes":""},"categories":[3],"tags":[],"class_list":{"0":"post-11909","1":"post","2":"type-post","3":"status-publish","4":"format-standard","5":"has-post-thumbnail","7":"category-politica"},"yoast_head":"<!-- This site is optimized with the Yoast SEO plugin v27.4 - https:\/\/yoast.com\/product\/yoast-seo-wordpress\/ -->\n<title>Promover\u00e1n el Destino Tucum\u00e1n en el Encuentro Andino de Per\u00fa - El Diario de Tucuman<\/title>\n<meta name=\"robots\" content=\"index, follow, max-snippet:-1, max-image-preview:large, max-video-preview:-1\" \/>\n<link rel=\"canonical\" href=\"https:\/\/www.eldiariodetucuman.com\/web\/promoveran-el-destino-tucuman-en-el-encuentro-andino-de-peru-2\/\" \/>\n<meta property=\"og:locale\" content=\"es_ES\" \/>\n<meta property=\"og:type\" content=\"article\" \/>\n<meta property=\"og:title\" content=\"Promover\u00e1n el Destino Tucum\u00e1n en el Encuentro Andino de Per\u00fa - El Diario de Tucuman\" \/>\n<meta property=\"og:description\" content=\"Una comitiva de la provincia encabezada por el gobernador, Juan Manzur,\u00a0\u00a0participar\u00e1 del Encuentro Andino en Per\u00fa con el objetivo de adquirir conocimientos del modelo tur\u00edstico de Machu Picchu e implementar esos aprendizajes en la Ciudad Sagrada de los Quilmes y especialmente en su flamante Centro de Interpretaci\u00f3n. Adem\u00e1s, la provincia promover\u00e1 a Tucum\u00e1n como destino [&hellip;]\" \/>\n<meta property=\"og:url\" content=\"https:\/\/www.eldiariodetucuman.com\/web\/promoveran-el-destino-tucuman-en-el-encuentro-andino-de-peru-2\/\" \/>\n<meta property=\"og:site_name\" content=\"El Diario de Tucuman\" \/>\n<meta property=\"article:published_time\" content=\"2018-06-07T03:07:37+00:00\" \/>\n<meta property=\"article:modified_time\" content=\"2018-06-07T03:07:38+00:00\" \/>\n<meta property=\"og:image\" content=\"https:\/\/www.eldiariodetucuman.com\/web\/wp-content\/uploads\/2018\/06\/76848b66819929cd7d19c309fac42107.jpeg\" \/>\n\t<meta property=\"og:image:width\" content=\"300\" \/>\n\t<meta property=\"og:image:height\" content=\"166\" \/>\n\t<meta property=\"og:image:type\" content=\"image\/jpeg\" \/>\n<meta name=\"author\" content=\"admin\" \/>\n<meta name=\"twitter:card\" content=\"summary_large_image\" \/>\n<meta name=\"twitter:label1\" content=\"Escrito por\" \/>\n\t<meta name=\"twitter:data1\" content=\"admin\" \/>\n\t<meta name=\"twitter:label2\" content=\"Tiempo de lectura\" \/>\n\t<meta name=\"twitter:data2\" content=\"3 minutos\" \/>\n<script type=\"application\/ld+json\" class=\"yoast-schema-graph\">{\"@context\":\"https:\\\/\\\/schema.org\",\"@graph\":[{\"@type\":\"Article\",\"@id\":\"https:\\\/\\\/www.eldiariodetucuman.com\\\/web\\\/promoveran-el-destino-tucuman-en-el-encuentro-andino-de-peru-2\\\/#article\",\"isPartOf\":{\"@id\":\"https:\\\/\\\/www.eldiariodetucuman.com\\\/web\\\/promoveran-el-destino-tucuman-en-el-encuentro-andino-de-peru-2\\\/\"},\"author\":{\"name\":\"admin\",\"@id\":\"https:\\\/\\\/www.eldiariodetucuman.com\\\/web\\\/#\\\/schema\\\/person\\\/9250197d75ab5483412e19678b121caa\"},\"headline\":\"Promover\u00e1n el Destino Tucum\u00e1n en el Encuentro Andino de Per\u00fa\",\"datePublished\":\"2018-06-07T03:07:37+00:00\",\"dateModified\":\"2018-06-07T03:07:38+00:00\",\"mainEntityOfPage\":{\"@id\":\"https:\\\/\\\/www.eldiariodetucuman.com\\\/web\\\/promoveran-el-destino-tucuman-en-el-encuentro-andino-de-peru-2\\\/\"},\"wordCount\":535,\"commentCount\":0,\"publisher\":{\"@id\":\"https:\\\/\\\/www.eldiariodetucuman.com\\\/web\\\/#organization\"},\"image\":{\"@id\":\"https:\\\/\\\/www.eldiariodetucuman.com\\\/web\\\/promoveran-el-destino-tucuman-en-el-encuentro-andino-de-peru-2\\\/#primaryimage\"},\"thumbnailUrl\":\"https:\\\/\\\/www.eldiariodetucuman.com\\\/web\\\/wp-content\\\/uploads\\\/2018\\\/06\\\/76848b66819929cd7d19c309fac42107.jpeg\",\"articleSection\":[\"Politica\"],\"inLanguage\":\"es\",\"potentialAction\":[{\"@type\":\"CommentAction\",\"name\":\"Comment\",\"target\":[\"https:\\\/\\\/www.eldiariodetucuman.com\\\/web\\\/promoveran-el-destino-tucuman-en-el-encuentro-andino-de-peru-2\\\/#respond\"]}]},{\"@type\":\"WebPage\",\"@id\":\"https:\\\/\\\/www.eldiariodetucuman.com\\\/web\\\/promoveran-el-destino-tucuman-en-el-encuentro-andino-de-peru-2\\\/\",\"url\":\"https:\\\/\\\/www.eldiariodetucuman.com\\\/web\\\/promoveran-el-destino-tucuman-en-el-encuentro-andino-de-peru-2\\\/\",\"name\":\"Promover\u00e1n el Destino Tucum\u00e1n en el Encuentro Andino de Per\u00fa - El Diario de Tucuman\",\"isPartOf\":{\"@id\":\"https:\\\/\\\/www.eldiariodetucuman.com\\\/web\\\/#website\"},\"primaryImageOfPage\":{\"@id\":\"https:\\\/\\\/www.eldiariodetucuman.com\\\/web\\\/promoveran-el-destino-tucuman-en-el-encuentro-andino-de-peru-2\\\/#primaryimage\"},\"image\":{\"@id\":\"https:\\\/\\\/www.eldiariodetucuman.com\\\/web\\\/promoveran-el-destino-tucuman-en-el-encuentro-andino-de-peru-2\\\/#primaryimage\"},\"thumbnailUrl\":\"https:\\\/\\\/www.eldiariodetucuman.com\\\/web\\\/wp-content\\\/uploads\\\/2018\\\/06\\\/76848b66819929cd7d19c309fac42107.jpeg\",\"datePublished\":\"2018-06-07T03:07:37+00:00\",\"dateModified\":\"2018-06-07T03:07:38+00:00\",\"breadcrumb\":{\"@id\":\"https:\\\/\\\/www.eldiariodetucuman.com\\\/web\\\/promoveran-el-destino-tucuman-en-el-encuentro-andino-de-peru-2\\\/#breadcrumb\"},\"inLanguage\":\"es\",\"potentialAction\":[{\"@type\":\"ReadAction\",\"target\":[\"https:\\\/\\\/www.eldiariodetucuman.com\\\/web\\\/promoveran-el-destino-tucuman-en-el-encuentro-andino-de-peru-2\\\/\"]}]},{\"@type\":\"ImageObject\",\"inLanguage\":\"es\",\"@id\":\"https:\\\/\\\/www.eldiariodetucuman.com\\\/web\\\/promoveran-el-destino-tucuman-en-el-encuentro-andino-de-peru-2\\\/#primaryimage\",\"url\":\"https:\\\/\\\/www.eldiariodetucuman.com\\\/web\\\/wp-content\\\/uploads\\\/2018\\\/06\\\/76848b66819929cd7d19c309fac42107.jpeg\",\"contentUrl\":\"https:\\\/\\\/www.eldiariodetucuman.com\\\/web\\\/wp-content\\\/uploads\\\/2018\\\/06\\\/76848b66819929cd7d19c309fac42107.jpeg\",\"width\":300,\"height\":166},{\"@type\":\"BreadcrumbList\",\"@id\":\"https:\\\/\\\/www.eldiariodetucuman.com\\\/web\\\/promoveran-el-destino-tucuman-en-el-encuentro-andino-de-peru-2\\\/#breadcrumb\",\"itemListElement\":[{\"@type\":\"ListItem\",\"position\":1,\"name\":\"Portada\",\"item\":\"https:\\\/\\\/www.eldiariodetucuman.com\\\/web\\\/\"},{\"@type\":\"ListItem\",\"position\":2,\"name\":\"Promover\u00e1n el Destino Tucum\u00e1n en el Encuentro Andino de Per\u00fa\"}]},{\"@type\":\"WebSite\",\"@id\":\"https:\\\/\\\/www.eldiariodetucuman.com\\\/web\\\/#website\",\"url\":\"https:\\\/\\\/www.eldiariodetucuman.com\\\/web\\\/\",\"name\":\"El Diario de Tucuman\",\"description\":\"Diario Tucuman - Informaci\u00f3n y noticias\",\"publisher\":{\"@id\":\"https:\\\/\\\/www.eldiariodetucuman.com\\\/web\\\/#organization\"},\"potentialAction\":[{\"@type\":\"SearchAction\",\"target\":{\"@type\":\"EntryPoint\",\"urlTemplate\":\"https:\\\/\\\/www.eldiariodetucuman.com\\\/web\\\/?s={search_term_string}\"},\"query-input\":{\"@type\":\"PropertyValueSpecification\",\"valueRequired\":true,\"valueName\":\"search_term_string\"}}],\"inLanguage\":\"es\"},{\"@type\":\"Organization\",\"@id\":\"https:\\\/\\\/www.eldiariodetucuman.com\\\/web\\\/#organization\",\"name\":\"El Diario de Tucuman\",\"url\":\"https:\\\/\\\/www.eldiariodetucuman.com\\\/web\\\/\",\"logo\":{\"@type\":\"ImageObject\",\"inLanguage\":\"es\",\"@id\":\"https:\\\/\\\/www.eldiariodetucuman.com\\\/web\\\/#\\\/schema\\\/logo\\\/image\\\/\",\"url\":\"http:\\\/\\\/www.eldiariodetucuman.com\\\/web\\\/wp-content\\\/uploads\\\/2017\\\/12\\\/el-diario-de-tucuman.jpg\",\"contentUrl\":\"http:\\\/\\\/www.eldiariodetucuman.com\\\/web\\\/wp-content\\\/uploads\\\/2017\\\/12\\\/el-diario-de-tucuman.jpg\",\"width\":272,\"height\":92,\"caption\":\"El Diario de Tucuman\"},\"image\":{\"@id\":\"https:\\\/\\\/www.eldiariodetucuman.com\\\/web\\\/#\\\/schema\\\/logo\\\/image\\\/\"}},{\"@type\":\"Person\",\"@id\":\"https:\\\/\\\/www.eldiariodetucuman.com\\\/web\\\/#\\\/schema\\\/person\\\/9250197d75ab5483412e19678b121caa\",\"name\":\"admin\",\"image\":{\"@type\":\"ImageObject\",\"inLanguage\":\"es\",\"@id\":\"https:\\\/\\\/secure.gravatar.com\\\/avatar\\\/c44d117c2be811212c22cb481f6b8384b6873de103fbc49e7a03cc58d7dea4ac?s=96&d=mm&r=g\",\"url\":\"https:\\\/\\\/secure.gravatar.com\\\/avatar\\\/c44d117c2be811212c22cb481f6b8384b6873de103fbc49e7a03cc58d7dea4ac?s=96&d=mm&r=g\",\"contentUrl\":\"https:\\\/\\\/secure.gravatar.com\\\/avatar\\\/c44d117c2be811212c22cb481f6b8384b6873de103fbc49e7a03cc58d7dea4ac?s=96&d=mm&r=g\",\"caption\":\"admin\"},\"url\":\"https:\\\/\\\/www.eldiariodetucuman.com\\\/web\\\/author\\\/admin\\\/\"}]}<\/script>\n<!-- \/ Yoast SEO plugin. -->","yoast_head_json":{"title":"Promover\u00e1n el Destino Tucum\u00e1n en el Encuentro Andino de Per\u00fa - El Diario de Tucuman","robots":{"index":"index","follow":"follow","max-snippet":"max-snippet:-1","max-image-preview":"max-image-preview:large","max-video-preview":"max-video-preview:-1"},"canonical":"https:\/\/www.eldiariodetucuman.com\/web\/promoveran-el-destino-tucuman-en-el-encuentro-andino-de-peru-2\/","og_locale":"es_ES","og_type":"article","og_title":"Promover\u00e1n el Destino Tucum\u00e1n en el Encuentro Andino de Per\u00fa - El Diario de Tucuman","og_description":"Una comitiva de la provincia encabezada por el gobernador, Juan Manzur,\u00a0\u00a0participar\u00e1 del Encuentro Andino en Per\u00fa con el objetivo de adquirir conocimientos del modelo tur\u00edstico de Machu Picchu e implementar esos aprendizajes en la Ciudad Sagrada de los Quilmes y especialmente en su flamante Centro de Interpretaci\u00f3n. Adem\u00e1s, la provincia promover\u00e1 a Tucum\u00e1n como destino [&hellip;]","og_url":"https:\/\/www.eldiariodetucuman.com\/web\/promoveran-el-destino-tucuman-en-el-encuentro-andino-de-peru-2\/","og_site_name":"El Diario de Tucuman","article_published_time":"2018-06-07T03:07:37+00:00","article_modified_time":"2018-06-07T03:07:38+00:00","og_image":[{"width":300,"height":166,"url":"https:\/\/www.eldiariodetucuman.com\/web\/wp-content\/uploads\/2018\/06\/76848b66819929cd7d19c309fac42107.jpeg","type":"image\/jpeg"}],"author":"admin","twitter_card":"summary_large_image","twitter_misc":{"Escrito por":"admin","Tiempo de lectura":"3 minutos"},"schema":{"@context":"https:\/\/schema.org","@graph":[{"@type":"Article","@id":"https:\/\/www.eldiariodetucuman.com\/web\/promoveran-el-destino-tucuman-en-el-encuentro-andino-de-peru-2\/#article","isPartOf":{"@id":"https:\/\/www.eldiariodetucuman.com\/web\/promoveran-el-destino-tucuman-en-el-encuentro-andino-de-peru-2\/"},"author":{"name":"admin","@id":"https:\/\/www.eldiariodetucuman.com\/web\/#\/schema\/person\/9250197d75ab5483412e19678b121caa"},"headline":"Promover\u00e1n el Destino Tucum\u00e1n en el Encuentro Andino de Per\u00fa","datePublished":"2018-06-07T03:07:37+00:00","dateModified":"2018-06-07T03:07:38+00:00","mainEntityOfPage":{"@id":"https:\/\/www.eldiariodetucuman.com\/web\/promoveran-el-destino-tucuman-en-el-encuentro-andino-de-peru-2\/"},"wordCount":535,"commentCount":0,"publisher":{"@id":"https:\/\/www.eldiariodetucuman.com\/web\/#organization"},"image":{"@id":"https:\/\/www.eldiariodetucuman.com\/web\/promoveran-el-destino-tucuman-en-el-encuentro-andino-de-peru-2\/#primaryimage"},"thumbnailUrl":"https:\/\/www.eldiariodetucuman.com\/web\/wp-content\/uploads\/2018\/06\/76848b66819929cd7d19c309fac42107.jpeg","articleSection":["Politica"],"inLanguage":"es","potentialAction":[{"@type":"CommentAction","name":"Comment","target":["https:\/\/www.eldiariodetucuman.com\/web\/promoveran-el-destino-tucuman-en-el-encuentro-andino-de-peru-2\/#respond"]}]},{"@type":"WebPage","@id":"https:\/\/www.eldiariodetucuman.com\/web\/promoveran-el-destino-tucuman-en-el-encuentro-andino-de-peru-2\/","url":"https:\/\/www.eldiariodetucuman.com\/web\/promoveran-el-destino-tucuman-en-el-encuentro-andino-de-peru-2\/","name":"Promover\u00e1n el Destino Tucum\u00e1n en el Encuentro Andino de Per\u00fa - El Diario de Tucuman","isPartOf":{"@id":"https:\/\/www.eldiariodetucuman.com\/web\/#website"},"primaryImageOfPage":{"@id":"https:\/\/www.eldiariodetucuman.com\/web\/promoveran-el-destino-tucuman-en-el-encuentro-andino-de-peru-2\/#primaryimage"},"image":{"@id":"https:\/\/www.eldiariodetucuman.com\/web\/promoveran-el-destino-tucuman-en-el-encuentro-andino-de-peru-2\/#primaryimage"},"thumbnailUrl":"https:\/\/www.eldiariodetucuman.com\/web\/wp-content\/uploads\/2018\/06\/76848b66819929cd7d19c309fac42107.jpeg","datePublished":"2018-06-07T03:07:37+00:00","dateModified":"2018-06-07T03:07:38+00:00","breadcrumb":{"@id":"https:\/\/www.eldiariodetucuman.com\/web\/promoveran-el-destino-tucuman-en-el-encuentro-andino-de-peru-2\/#breadcrumb"},"inLanguage":"es","potentialAction":[{"@type":"ReadAction","target":["https:\/\/www.eldiariodetucuman.com\/web\/promoveran-el-destino-tucuman-en-el-encuentro-andino-de-peru-2\/"]}]},{"@type":"ImageObject","inLanguage":"es","@id":"https:\/\/www.eldiariodetucuman.com\/web\/promoveran-el-destino-tucuman-en-el-encuentro-andino-de-peru-2\/#primaryimage","url":"https:\/\/www.eldiariodetucuman.com\/web\/wp-content\/uploads\/2018\/06\/76848b66819929cd7d19c309fac42107.jpeg","contentUrl":"https:\/\/www.eldiariodetucuman.com\/web\/wp-content\/uploads\/2018\/06\/76848b66819929cd7d19c309fac42107.jpeg","width":300,"height":166},{"@type":"BreadcrumbList","@id":"https:\/\/www.eldiariodetucuman.com\/web\/promoveran-el-destino-tucuman-en-el-encuentro-andino-de-peru-2\/#breadcrumb","itemListElement":[{"@type":"ListItem","position":1,"name":"Portada","item":"https:\/\/www.eldiariodetucuman.com\/web\/"},{"@type":"ListItem","position":2,"name":"Promover\u00e1n el Destino Tucum\u00e1n en el Encuentro Andino de Per\u00fa"}]},{"@type":"WebSite","@id":"https:\/\/www.eldiariodetucuman.com\/web\/#website","url":"https:\/\/www.eldiariodetucuman.com\/web\/","name":"El Diario de Tucuman","description":"Diario Tucuman - Informaci\u00f3n y noticias","publisher":{"@id":"https:\/\/www.eldiariodetucuman.com\/web\/#organization"},"potentialAction":[{"@type":"SearchAction","target":{"@type":"EntryPoint","urlTemplate":"https:\/\/www.eldiariodetucuman.com\/web\/?s={search_term_string}"},"query-input":{"@type":"PropertyValueSpecification","valueRequired":true,"valueName":"search_term_string"}}],"inLanguage":"es"},{"@type":"Organization","@id":"https:\/\/www.eldiariodetucuman.com\/web\/#organization","name":"El Diario de Tucuman","url":"https:\/\/www.eldiariodetucuman.com\/web\/","logo":{"@type":"ImageObject","inLanguage":"es","@id":"https:\/\/www.eldiariodetucuman.com\/web\/#\/schema\/logo\/image\/","url":"http:\/\/www.eldiariodetucuman.com\/web\/wp-content\/uploads\/2017\/12\/el-diario-de-tucuman.jpg","contentUrl":"http:\/\/www.eldiariodetucuman.com\/web\/wp-content\/uploads\/2017\/12\/el-diario-de-tucuman.jpg","width":272,"height":92,"caption":"El Diario de Tucuman"},"image":{"@id":"https:\/\/www.eldiariodetucuman.com\/web\/#\/schema\/logo\/image\/"}},{"@type":"Person","@id":"https:\/\/www.eldiariodetucuman.com\/web\/#\/schema\/person\/9250197d75ab5483412e19678b121caa","name":"admin","image":{"@type":"ImageObject","inLanguage":"es","@id":"https:\/\/secure.gravatar.com\/avatar\/c44d117c2be811212c22cb481f6b8384b6873de103fbc49e7a03cc58d7dea4ac?s=96&d=mm&r=g","url":"https:\/\/secure.gravatar.com\/avatar\/c44d117c2be811212c22cb481f6b8384b6873de103fbc49e7a03cc58d7dea4ac?s=96&d=mm&r=g","contentUrl":"https:\/\/secure.gravatar.com\/avatar\/c44d117c2be811212c22cb481f6b8384b6873de103fbc49e7a03cc58d7dea4ac?s=96&d=mm&r=g","caption":"admin"},"url":"https:\/\/www.eldiariodetucuman.com\/web\/author\/admin\/"}]}},"_links":{"self":[{"href":"https:\/\/www.eldiariodetucuman.com\/web\/wp-json\/wp\/v2\/posts\/11909","targetHints":{"allow":["GET"]}}],"collection":[{"href":"https:\/\/www.eldiariodetucuman.com\/web\/wp-json\/wp\/v2\/posts"}],"about":[{"href":"https:\/\/www.eldiariodetucuman.com\/web\/wp-json\/wp\/v2\/types\/post"}],"author":[{"embeddable":true,"href":"https:\/\/www.eldiariodetucuman.com\/web\/wp-json\/wp\/v2\/users\/1"}],"replies":[{"embeddable":true,"href":"https:\/\/www.eldiariodetucuman.com\/web\/wp-json\/wp\/v2\/comments?post=11909"}],"version-history":[{"count":1,"href":"https:\/\/www.eldiariodetucuman.com\/web\/wp-json\/wp\/v2\/posts\/11909\/revisions"}],"predecessor-version":[{"id":11911,"href":"https:\/\/www.eldiariodetucuman.com\/web\/wp-json\/wp\/v2\/posts\/11909\/revisions\/11911"}],"wp:featuredmedia":[{"embeddable":true,"href":"https:\/\/www.eldiariodetucuman.com\/web\/wp-json\/wp\/v2\/media\/11910"}],"wp:attachment":[{"href":"https:\/\/www.eldiariodetucuman.com\/web\/wp-json\/wp\/v2\/media?parent=11909"}],"wp:term":[{"taxonomy":"category","embeddable":true,"href":"https:\/\/www.eldiariodetucuman.com\/web\/wp-json\/wp\/v2\/categories?post=11909"},{"taxonomy":"post_tag","embeddable":true,"href":"https:\/\/www.eldiariodetucuman.com\/web\/wp-json\/wp\/v2\/tags?post=11909"}],"curies":[{"name":"wp","href":"https:\/\/api.w.org\/{rel}","templated":true}]}}