{"id":11900,"date":"2018-06-06T12:59:11","date_gmt":"2018-06-06T15:59:11","guid":{"rendered":"http:\/\/www.eldiariodetucuman.com\/web\/el-abrazo-alado-y-fraterno-de-un-cuarteto\/"},"modified":"2018-06-06T12:59:13","modified_gmt":"2018-06-06T15:59:13","slug":"el-abrazo-alado-y-fraterno-de-un-cuarteto","status":"publish","type":"post","link":"https:\/\/www.eldiariodetucuman.com\/web\/el-abrazo-alado-y-fraterno-de-un-cuarteto\/","title":{"rendered":"El abrazo alado y fraterno de un cuarteto"},"content":{"rendered":"<div>\n<div readability=\"47\">\n<p><b>> CR\u00cdTICA DE DISCOS\u00a0<\/b><\/p>\n<p><b>\u00a0\u201cJAZZ\u201d |\u00a0HERMANOS GONZ\u00c1LEZ GOYT\u00cdA TR\u00cdO Y JOHN STOWELL<br \/><\/b><\/p>\n<p><b>MUY BUENO<\/b><\/p>\n<p><b>PRODUCTORES:<\/b> Sin datos. <b>G\u00c9NERO:<\/b> Jazz.\u00a0<b>DURACI\u00d3N:<\/b> 41\u2019. <b>SELLO:<\/b> Independiente.<\/p>\n<p>Un soplo de jazz viste ese punteo aterciopelado que canta sobre el escobilleo de la bater\u00eda. La guitarra cobija preguntas. Su hermana intenta respuestas. El di\u00e1logo se apoya en un bajo sereno. El fraseo de la primera desanda una confesi\u00f3n a la espera de ese abrazo que vertebra una paz activa. John Stowell y los hermanos Gonz\u00e1lez Goyt\u00eda est\u00e1n entregando \u201cPeace\u201d, el cl\u00e1sico de Horace Silver. El <i>troesma<\/i> estadounidense de la guitarra ha hermanado su arte con los tucumanos Julio (guitarra), Nicol\u00e1s (bajo el\u00e9ctrico) y Mat\u00edas (bater\u00eda) en un <i>ced\u00e9<\/i> que re\u00fane seis piezas grabadas en 2016 y salieron a la luz este a\u00f1o. Stowell, viejo conocido de los tucumanos, nos ha visitado con frecuencia en los \u00faltimos tiempos. La musicalidad, el fraseo sutil y su vuelo alimentan su estilo; su destreza digital est\u00e1 al servicio de la m\u00fasica. Julio Gonz\u00e1lez Goyt\u00eda, uno de nuestros mejores valores, y sus hermanos se complementan a la perfecci\u00f3n. El cuarteto bucea en la intimidad y teje una c\u00e1lida conversaci\u00f3n fraterna, celebrando de esa manera el arte del encuentro.<\/p>\n<\/p><\/div>\n<\/div>\n<p>Fuente: http:\/\/www.lagaceta.com.ar\/nota\/773040\/espectaculos\/abrazo-alado-fraterno-cuarteto.html<\/p>\n","protected":false},"excerpt":{"rendered":"<p>> CR\u00cdTICA DE DISCOS\u00a0 \u00a0\u201cJAZZ\u201d |\u00a0HERMANOS GONZ\u00c1LEZ GOYT\u00cdA TR\u00cdO Y JOHN STOWELL MUY BUENO PRODUCTORES: Sin datos. G\u00c9NERO: Jazz.\u00a0DURACI\u00d3N: 41\u2019. SELLO: Independiente. Un soplo de jazz viste ese punteo aterciopelado que canta sobre el escobilleo de la bater\u00eda. La guitarra cobija preguntas. Su hermana intenta respuestas. El di\u00e1logo se apoya en un bajo sereno. El [&hellip;]<\/p>\n","protected":false},"author":1,"featured_media":11901,"comment_status":"open","ping_status":"closed","sticky":false,"template":"","format":"standard","meta":{"footnotes":""},"categories":[152],"tags":[],"class_list":{"0":"post-11900","1":"post","2":"type-post","3":"status-publish","4":"format-standard","5":"has-post-thumbnail","7":"category-argentina"},"yoast_head":"<!-- This site is optimized with the Yoast SEO plugin v27.4 - https:\/\/yoast.com\/product\/yoast-seo-wordpress\/ -->\n<title>El abrazo alado y fraterno de un cuarteto - El Diario de Tucuman<\/title>\n<meta name=\"robots\" content=\"index, follow, max-snippet:-1, max-image-preview:large, max-video-preview:-1\" \/>\n<link rel=\"canonical\" href=\"https:\/\/www.eldiariodetucuman.com\/web\/el-abrazo-alado-y-fraterno-de-un-cuarteto\/\" \/>\n<meta property=\"og:locale\" content=\"es_ES\" \/>\n<meta property=\"og:type\" content=\"article\" \/>\n<meta property=\"og:title\" content=\"El abrazo alado y fraterno de un cuarteto - El Diario de Tucuman\" \/>\n<meta property=\"og:description\" content=\"&gt; CR\u00cdTICA DE DISCOS\u00a0 \u00a0\u201cJAZZ\u201d |\u00a0HERMANOS GONZ\u00c1LEZ GOYT\u00cdA TR\u00cdO Y JOHN STOWELL MUY BUENO PRODUCTORES: Sin datos. G\u00c9NERO: Jazz.\u00a0DURACI\u00d3N: 41\u2019. SELLO: Independiente. Un soplo de jazz viste ese punteo aterciopelado que canta sobre el escobilleo de la bater\u00eda. La guitarra cobija preguntas. Su hermana intenta respuestas. El di\u00e1logo se apoya en un bajo sereno. El [&hellip;]\" \/>\n<meta property=\"og:url\" content=\"https:\/\/www.eldiariodetucuman.com\/web\/el-abrazo-alado-y-fraterno-de-un-cuarteto\/\" \/>\n<meta property=\"og:site_name\" content=\"El Diario de Tucuman\" \/>\n<meta property=\"article:published_time\" content=\"2018-06-06T15:59:11+00:00\" \/>\n<meta property=\"article:modified_time\" content=\"2018-06-06T15:59:13+00:00\" \/>\n<meta property=\"og:image\" content=\"https:\/\/www.eldiariodetucuman.com\/web\/wp-content\/uploads\/2018\/06\/6e7d43c85e14c542bb864400ef2e7d34.jpeg\" \/>\n\t<meta property=\"og:image:width\" content=\"970\" \/>\n\t<meta property=\"og:image:height\" content=\"881\" \/>\n\t<meta property=\"og:image:type\" content=\"image\/jpeg\" \/>\n<meta name=\"author\" content=\"admin\" \/>\n<meta name=\"twitter:card\" content=\"summary_large_image\" \/>\n<meta name=\"twitter:label1\" content=\"Escrito por\" \/>\n\t<meta name=\"twitter:data1\" content=\"admin\" \/>\n\t<meta name=\"twitter:label2\" content=\"Tiempo de lectura\" \/>\n\t<meta name=\"twitter:data2\" content=\"1 minuto\" \/>\n<script type=\"application\/ld+json\" class=\"yoast-schema-graph\">{\"@context\":\"https:\\\/\\\/schema.org\",\"@graph\":[{\"@type\":\"Article\",\"@id\":\"https:\\\/\\\/www.eldiariodetucuman.com\\\/web\\\/el-abrazo-alado-y-fraterno-de-un-cuarteto\\\/#article\",\"isPartOf\":{\"@id\":\"https:\\\/\\\/www.eldiariodetucuman.com\\\/web\\\/el-abrazo-alado-y-fraterno-de-un-cuarteto\\\/\"},\"author\":{\"name\":\"admin\",\"@id\":\"https:\\\/\\\/www.eldiariodetucuman.com\\\/web\\\/#\\\/schema\\\/person\\\/9250197d75ab5483412e19678b121caa\"},\"headline\":\"El abrazo alado y fraterno de un cuarteto\",\"datePublished\":\"2018-06-06T15:59:11+00:00\",\"dateModified\":\"2018-06-06T15:59:13+00:00\",\"mainEntityOfPage\":{\"@id\":\"https:\\\/\\\/www.eldiariodetucuman.com\\\/web\\\/el-abrazo-alado-y-fraterno-de-un-cuarteto\\\/\"},\"wordCount\":238,\"commentCount\":0,\"publisher\":{\"@id\":\"https:\\\/\\\/www.eldiariodetucuman.com\\\/web\\\/#organization\"},\"image\":{\"@id\":\"https:\\\/\\\/www.eldiariodetucuman.com\\\/web\\\/el-abrazo-alado-y-fraterno-de-un-cuarteto\\\/#primaryimage\"},\"thumbnailUrl\":\"https:\\\/\\\/www.eldiariodetucuman.com\\\/web\\\/wp-content\\\/uploads\\\/2018\\\/06\\\/6e7d43c85e14c542bb864400ef2e7d34.jpeg\",\"articleSection\":[\"Argentina\"],\"inLanguage\":\"es\",\"potentialAction\":[{\"@type\":\"CommentAction\",\"name\":\"Comment\",\"target\":[\"https:\\\/\\\/www.eldiariodetucuman.com\\\/web\\\/el-abrazo-alado-y-fraterno-de-un-cuarteto\\\/#respond\"]}]},{\"@type\":\"WebPage\",\"@id\":\"https:\\\/\\\/www.eldiariodetucuman.com\\\/web\\\/el-abrazo-alado-y-fraterno-de-un-cuarteto\\\/\",\"url\":\"https:\\\/\\\/www.eldiariodetucuman.com\\\/web\\\/el-abrazo-alado-y-fraterno-de-un-cuarteto\\\/\",\"name\":\"El abrazo alado y fraterno de un cuarteto - El Diario de Tucuman\",\"isPartOf\":{\"@id\":\"https:\\\/\\\/www.eldiariodetucuman.com\\\/web\\\/#website\"},\"primaryImageOfPage\":{\"@id\":\"https:\\\/\\\/www.eldiariodetucuman.com\\\/web\\\/el-abrazo-alado-y-fraterno-de-un-cuarteto\\\/#primaryimage\"},\"image\":{\"@id\":\"https:\\\/\\\/www.eldiariodetucuman.com\\\/web\\\/el-abrazo-alado-y-fraterno-de-un-cuarteto\\\/#primaryimage\"},\"thumbnailUrl\":\"https:\\\/\\\/www.eldiariodetucuman.com\\\/web\\\/wp-content\\\/uploads\\\/2018\\\/06\\\/6e7d43c85e14c542bb864400ef2e7d34.jpeg\",\"datePublished\":\"2018-06-06T15:59:11+00:00\",\"dateModified\":\"2018-06-06T15:59:13+00:00\",\"breadcrumb\":{\"@id\":\"https:\\\/\\\/www.eldiariodetucuman.com\\\/web\\\/el-abrazo-alado-y-fraterno-de-un-cuarteto\\\/#breadcrumb\"},\"inLanguage\":\"es\",\"potentialAction\":[{\"@type\":\"ReadAction\",\"target\":[\"https:\\\/\\\/www.eldiariodetucuman.com\\\/web\\\/el-abrazo-alado-y-fraterno-de-un-cuarteto\\\/\"]}]},{\"@type\":\"ImageObject\",\"inLanguage\":\"es\",\"@id\":\"https:\\\/\\\/www.eldiariodetucuman.com\\\/web\\\/el-abrazo-alado-y-fraterno-de-un-cuarteto\\\/#primaryimage\",\"url\":\"https:\\\/\\\/www.eldiariodetucuman.com\\\/web\\\/wp-content\\\/uploads\\\/2018\\\/06\\\/6e7d43c85e14c542bb864400ef2e7d34.jpeg\",\"contentUrl\":\"https:\\\/\\\/www.eldiariodetucuman.com\\\/web\\\/wp-content\\\/uploads\\\/2018\\\/06\\\/6e7d43c85e14c542bb864400ef2e7d34.jpeg\",\"width\":970,\"height\":881},{\"@type\":\"BreadcrumbList\",\"@id\":\"https:\\\/\\\/www.eldiariodetucuman.com\\\/web\\\/el-abrazo-alado-y-fraterno-de-un-cuarteto\\\/#breadcrumb\",\"itemListElement\":[{\"@type\":\"ListItem\",\"position\":1,\"name\":\"Portada\",\"item\":\"https:\\\/\\\/www.eldiariodetucuman.com\\\/web\\\/\"},{\"@type\":\"ListItem\",\"position\":2,\"name\":\"El abrazo alado y fraterno de un cuarteto\"}]},{\"@type\":\"WebSite\",\"@id\":\"https:\\\/\\\/www.eldiariodetucuman.com\\\/web\\\/#website\",\"url\":\"https:\\\/\\\/www.eldiariodetucuman.com\\\/web\\\/\",\"name\":\"El Diario de Tucuman\",\"description\":\"Diario Tucuman - Informaci\u00f3n y noticias\",\"publisher\":{\"@id\":\"https:\\\/\\\/www.eldiariodetucuman.com\\\/web\\\/#organization\"},\"potentialAction\":[{\"@type\":\"SearchAction\",\"target\":{\"@type\":\"EntryPoint\",\"urlTemplate\":\"https:\\\/\\\/www.eldiariodetucuman.com\\\/web\\\/?s={search_term_string}\"},\"query-input\":{\"@type\":\"PropertyValueSpecification\",\"valueRequired\":true,\"valueName\":\"search_term_string\"}}],\"inLanguage\":\"es\"},{\"@type\":\"Organization\",\"@id\":\"https:\\\/\\\/www.eldiariodetucuman.com\\\/web\\\/#organization\",\"name\":\"El Diario de Tucuman\",\"url\":\"https:\\\/\\\/www.eldiariodetucuman.com\\\/web\\\/\",\"logo\":{\"@type\":\"ImageObject\",\"inLanguage\":\"es\",\"@id\":\"https:\\\/\\\/www.eldiariodetucuman.com\\\/web\\\/#\\\/schema\\\/logo\\\/image\\\/\",\"url\":\"http:\\\/\\\/www.eldiariodetucuman.com\\\/web\\\/wp-content\\\/uploads\\\/2017\\\/12\\\/el-diario-de-tucuman.jpg\",\"contentUrl\":\"http:\\\/\\\/www.eldiariodetucuman.com\\\/web\\\/wp-content\\\/uploads\\\/2017\\\/12\\\/el-diario-de-tucuman.jpg\",\"width\":272,\"height\":92,\"caption\":\"El Diario de Tucuman\"},\"image\":{\"@id\":\"https:\\\/\\\/www.eldiariodetucuman.com\\\/web\\\/#\\\/schema\\\/logo\\\/image\\\/\"}},{\"@type\":\"Person\",\"@id\":\"https:\\\/\\\/www.eldiariodetucuman.com\\\/web\\\/#\\\/schema\\\/person\\\/9250197d75ab5483412e19678b121caa\",\"name\":\"admin\",\"image\":{\"@type\":\"ImageObject\",\"inLanguage\":\"es\",\"@id\":\"https:\\\/\\\/secure.gravatar.com\\\/avatar\\\/c44d117c2be811212c22cb481f6b8384b6873de103fbc49e7a03cc58d7dea4ac?s=96&d=mm&r=g\",\"url\":\"https:\\\/\\\/secure.gravatar.com\\\/avatar\\\/c44d117c2be811212c22cb481f6b8384b6873de103fbc49e7a03cc58d7dea4ac?s=96&d=mm&r=g\",\"contentUrl\":\"https:\\\/\\\/secure.gravatar.com\\\/avatar\\\/c44d117c2be811212c22cb481f6b8384b6873de103fbc49e7a03cc58d7dea4ac?s=96&d=mm&r=g\",\"caption\":\"admin\"},\"url\":\"https:\\\/\\\/www.eldiariodetucuman.com\\\/web\\\/author\\\/admin\\\/\"}]}<\/script>\n<!-- \/ Yoast SEO plugin. -->","yoast_head_json":{"title":"El abrazo alado y fraterno de un cuarteto - El Diario de Tucuman","robots":{"index":"index","follow":"follow","max-snippet":"max-snippet:-1","max-image-preview":"max-image-preview:large","max-video-preview":"max-video-preview:-1"},"canonical":"https:\/\/www.eldiariodetucuman.com\/web\/el-abrazo-alado-y-fraterno-de-un-cuarteto\/","og_locale":"es_ES","og_type":"article","og_title":"El abrazo alado y fraterno de un cuarteto - El Diario de Tucuman","og_description":"> CR\u00cdTICA DE DISCOS\u00a0 \u00a0\u201cJAZZ\u201d |\u00a0HERMANOS GONZ\u00c1LEZ GOYT\u00cdA TR\u00cdO Y JOHN STOWELL MUY BUENO PRODUCTORES: Sin datos. G\u00c9NERO: Jazz.\u00a0DURACI\u00d3N: 41\u2019. SELLO: Independiente. Un soplo de jazz viste ese punteo aterciopelado que canta sobre el escobilleo de la bater\u00eda. La guitarra cobija preguntas. Su hermana intenta respuestas. El di\u00e1logo se apoya en un bajo sereno. El [&hellip;]","og_url":"https:\/\/www.eldiariodetucuman.com\/web\/el-abrazo-alado-y-fraterno-de-un-cuarteto\/","og_site_name":"El Diario de Tucuman","article_published_time":"2018-06-06T15:59:11+00:00","article_modified_time":"2018-06-06T15:59:13+00:00","og_image":[{"width":970,"height":881,"url":"https:\/\/www.eldiariodetucuman.com\/web\/wp-content\/uploads\/2018\/06\/6e7d43c85e14c542bb864400ef2e7d34.jpeg","type":"image\/jpeg"}],"author":"admin","twitter_card":"summary_large_image","twitter_misc":{"Escrito por":"admin","Tiempo de lectura":"1 minuto"},"schema":{"@context":"https:\/\/schema.org","@graph":[{"@type":"Article","@id":"https:\/\/www.eldiariodetucuman.com\/web\/el-abrazo-alado-y-fraterno-de-un-cuarteto\/#article","isPartOf":{"@id":"https:\/\/www.eldiariodetucuman.com\/web\/el-abrazo-alado-y-fraterno-de-un-cuarteto\/"},"author":{"name":"admin","@id":"https:\/\/www.eldiariodetucuman.com\/web\/#\/schema\/person\/9250197d75ab5483412e19678b121caa"},"headline":"El abrazo alado y fraterno de un cuarteto","datePublished":"2018-06-06T15:59:11+00:00","dateModified":"2018-06-06T15:59:13+00:00","mainEntityOfPage":{"@id":"https:\/\/www.eldiariodetucuman.com\/web\/el-abrazo-alado-y-fraterno-de-un-cuarteto\/"},"wordCount":238,"commentCount":0,"publisher":{"@id":"https:\/\/www.eldiariodetucuman.com\/web\/#organization"},"image":{"@id":"https:\/\/www.eldiariodetucuman.com\/web\/el-abrazo-alado-y-fraterno-de-un-cuarteto\/#primaryimage"},"thumbnailUrl":"https:\/\/www.eldiariodetucuman.com\/web\/wp-content\/uploads\/2018\/06\/6e7d43c85e14c542bb864400ef2e7d34.jpeg","articleSection":["Argentina"],"inLanguage":"es","potentialAction":[{"@type":"CommentAction","name":"Comment","target":["https:\/\/www.eldiariodetucuman.com\/web\/el-abrazo-alado-y-fraterno-de-un-cuarteto\/#respond"]}]},{"@type":"WebPage","@id":"https:\/\/www.eldiariodetucuman.com\/web\/el-abrazo-alado-y-fraterno-de-un-cuarteto\/","url":"https:\/\/www.eldiariodetucuman.com\/web\/el-abrazo-alado-y-fraterno-de-un-cuarteto\/","name":"El abrazo alado y fraterno de un cuarteto - El Diario de Tucuman","isPartOf":{"@id":"https:\/\/www.eldiariodetucuman.com\/web\/#website"},"primaryImageOfPage":{"@id":"https:\/\/www.eldiariodetucuman.com\/web\/el-abrazo-alado-y-fraterno-de-un-cuarteto\/#primaryimage"},"image":{"@id":"https:\/\/www.eldiariodetucuman.com\/web\/el-abrazo-alado-y-fraterno-de-un-cuarteto\/#primaryimage"},"thumbnailUrl":"https:\/\/www.eldiariodetucuman.com\/web\/wp-content\/uploads\/2018\/06\/6e7d43c85e14c542bb864400ef2e7d34.jpeg","datePublished":"2018-06-06T15:59:11+00:00","dateModified":"2018-06-06T15:59:13+00:00","breadcrumb":{"@id":"https:\/\/www.eldiariodetucuman.com\/web\/el-abrazo-alado-y-fraterno-de-un-cuarteto\/#breadcrumb"},"inLanguage":"es","potentialAction":[{"@type":"ReadAction","target":["https:\/\/www.eldiariodetucuman.com\/web\/el-abrazo-alado-y-fraterno-de-un-cuarteto\/"]}]},{"@type":"ImageObject","inLanguage":"es","@id":"https:\/\/www.eldiariodetucuman.com\/web\/el-abrazo-alado-y-fraterno-de-un-cuarteto\/#primaryimage","url":"https:\/\/www.eldiariodetucuman.com\/web\/wp-content\/uploads\/2018\/06\/6e7d43c85e14c542bb864400ef2e7d34.jpeg","contentUrl":"https:\/\/www.eldiariodetucuman.com\/web\/wp-content\/uploads\/2018\/06\/6e7d43c85e14c542bb864400ef2e7d34.jpeg","width":970,"height":881},{"@type":"BreadcrumbList","@id":"https:\/\/www.eldiariodetucuman.com\/web\/el-abrazo-alado-y-fraterno-de-un-cuarteto\/#breadcrumb","itemListElement":[{"@type":"ListItem","position":1,"name":"Portada","item":"https:\/\/www.eldiariodetucuman.com\/web\/"},{"@type":"ListItem","position":2,"name":"El abrazo alado y fraterno de un cuarteto"}]},{"@type":"WebSite","@id":"https:\/\/www.eldiariodetucuman.com\/web\/#website","url":"https:\/\/www.eldiariodetucuman.com\/web\/","name":"El Diario de Tucuman","description":"Diario Tucuman - Informaci\u00f3n y noticias","publisher":{"@id":"https:\/\/www.eldiariodetucuman.com\/web\/#organization"},"potentialAction":[{"@type":"SearchAction","target":{"@type":"EntryPoint","urlTemplate":"https:\/\/www.eldiariodetucuman.com\/web\/?s={search_term_string}"},"query-input":{"@type":"PropertyValueSpecification","valueRequired":true,"valueName":"search_term_string"}}],"inLanguage":"es"},{"@type":"Organization","@id":"https:\/\/www.eldiariodetucuman.com\/web\/#organization","name":"El Diario de Tucuman","url":"https:\/\/www.eldiariodetucuman.com\/web\/","logo":{"@type":"ImageObject","inLanguage":"es","@id":"https:\/\/www.eldiariodetucuman.com\/web\/#\/schema\/logo\/image\/","url":"http:\/\/www.eldiariodetucuman.com\/web\/wp-content\/uploads\/2017\/12\/el-diario-de-tucuman.jpg","contentUrl":"http:\/\/www.eldiariodetucuman.com\/web\/wp-content\/uploads\/2017\/12\/el-diario-de-tucuman.jpg","width":272,"height":92,"caption":"El Diario de Tucuman"},"image":{"@id":"https:\/\/www.eldiariodetucuman.com\/web\/#\/schema\/logo\/image\/"}},{"@type":"Person","@id":"https:\/\/www.eldiariodetucuman.com\/web\/#\/schema\/person\/9250197d75ab5483412e19678b121caa","name":"admin","image":{"@type":"ImageObject","inLanguage":"es","@id":"https:\/\/secure.gravatar.com\/avatar\/c44d117c2be811212c22cb481f6b8384b6873de103fbc49e7a03cc58d7dea4ac?s=96&d=mm&r=g","url":"https:\/\/secure.gravatar.com\/avatar\/c44d117c2be811212c22cb481f6b8384b6873de103fbc49e7a03cc58d7dea4ac?s=96&d=mm&r=g","contentUrl":"https:\/\/secure.gravatar.com\/avatar\/c44d117c2be811212c22cb481f6b8384b6873de103fbc49e7a03cc58d7dea4ac?s=96&d=mm&r=g","caption":"admin"},"url":"https:\/\/www.eldiariodetucuman.com\/web\/author\/admin\/"}]}},"_links":{"self":[{"href":"https:\/\/www.eldiariodetucuman.com\/web\/wp-json\/wp\/v2\/posts\/11900","targetHints":{"allow":["GET"]}}],"collection":[{"href":"https:\/\/www.eldiariodetucuman.com\/web\/wp-json\/wp\/v2\/posts"}],"about":[{"href":"https:\/\/www.eldiariodetucuman.com\/web\/wp-json\/wp\/v2\/types\/post"}],"author":[{"embeddable":true,"href":"https:\/\/www.eldiariodetucuman.com\/web\/wp-json\/wp\/v2\/users\/1"}],"replies":[{"embeddable":true,"href":"https:\/\/www.eldiariodetucuman.com\/web\/wp-json\/wp\/v2\/comments?post=11900"}],"version-history":[{"count":1,"href":"https:\/\/www.eldiariodetucuman.com\/web\/wp-json\/wp\/v2\/posts\/11900\/revisions"}],"predecessor-version":[{"id":11902,"href":"https:\/\/www.eldiariodetucuman.com\/web\/wp-json\/wp\/v2\/posts\/11900\/revisions\/11902"}],"wp:featuredmedia":[{"embeddable":true,"href":"https:\/\/www.eldiariodetucuman.com\/web\/wp-json\/wp\/v2\/media\/11901"}],"wp:attachment":[{"href":"https:\/\/www.eldiariodetucuman.com\/web\/wp-json\/wp\/v2\/media?parent=11900"}],"wp:term":[{"taxonomy":"category","embeddable":true,"href":"https:\/\/www.eldiariodetucuman.com\/web\/wp-json\/wp\/v2\/categories?post=11900"},{"taxonomy":"post_tag","embeddable":true,"href":"https:\/\/www.eldiariodetucuman.com\/web\/wp-json\/wp\/v2\/tags?post=11900"}],"curies":[{"name":"wp","href":"https:\/\/api.w.org\/{rel}","templated":true}]}}