{"id":11895,"date":"2018-06-06T12:55:33","date_gmt":"2018-06-06T15:55:33","guid":{"rendered":"http:\/\/www.eldiariodetucuman.com\/web\/facebook-admite-que-grupos-chinos-de-tecnologia-tuvieron-acceso-a-los-datos-de-sus-usuarios\/"},"modified":"2018-06-06T12:55:33","modified_gmt":"2018-06-06T15:55:33","slug":"facebook-admite-que-grupos-chinos-de-tecnologia-tuvieron-acceso-a-los-datos-de-sus-usuarios","status":"publish","type":"post","link":"https:\/\/www.eldiariodetucuman.com\/web\/facebook-admite-que-grupos-chinos-de-tecnologia-tuvieron-acceso-a-los-datos-de-sus-usuarios\/","title":{"rendered":"Facebook admite que grupos chinos de tecnolog\u00eda tuvieron acceso a los datos de sus usuarios"},"content":{"rendered":"<div>\n<div id=\"cuerpo\">\n<figure class=\"XL caja-destacada\" id=\"figure_2700817\" data-is=\"imagen\"><span title=\"Ampliar imagen\" class=\"icon-ampliar\"><\/span><br \/>\n                        <span title=\"Cerrar modal\" class=\"icon-cerrar\"><\/span><figcaption><span class=\"fuente\"> Fuente: Archivo<\/span><br \/>\n                        <\/figcaption><\/figure>\n<p class=\"capital\">Pocos d\u00edas despu\u00e9s de que una investigaci\u00f3n del New York Times<br \/>\n<a class=\"link\" href=\"https:\/\/www.lanacion.com.ar\/2140879-facebook-otra-vez-bajo-la-lupa-ahora-por-darles-datos-a-fabricantes-de-telefonos\">revel\u00f3 que durante a\u00f1os los fabricantes de tel\u00e9fonos firmaron acuerdos con Facebook<\/a>  para acceder a la informaci\u00f3n de los amigos de los usuarios de la red social sin su consentimiento expl\u00edcito, la compa\u00f1\u00eda fundada por Mark Zuckerberg reconoci\u00f3 que grupos chinos de tecnolog\u00eda, especializados en la fabricaci\u00f3n de tel\u00e9fonos m\u00f3viles y se\u00f1alados por la seguridad nacional estadounidense como una amenaza, se encuentran entre las compa\u00f1\u00edas que tuvieron acceso a datos de sus usuarios.<\/p>\n<p><!-- middle1 --><\/p>\n<p><!-- middle1 --><\/p>\n<p>Entre las empresas est\u00e1 Huawei, que pudo acceder a datos de Facebook para que la aplicaci\u00f3n de esta red social pudiera ser instalada en sus tel\u00e9fonos inteligentes, seg\u00fan dijo la compa\u00f1\u00eda con base en California.<\/p>\n<p>\u00abFacebook junto a muchas otras compa\u00f1\u00edas de tecnolog\u00eda estadounidenses ha trabajado con ellos y otros fabricantes chinos para integrar nuestros servicios a esos tel\u00e9fonos\u00bb, dijo el responsable de alianzas m\u00f3viles de Facebook, Francisco Varela, en un comunicado el martes.<\/p>\n<p><!-- middle1 --><\/p>\n<section class=\"listado ademas floatFix\" id=\"listadoAdemas\" data-is-block=\"true\" data-block-name=\"n_relacionadas-cuerpo\" data-diagramacion-id=\"0\"><\/section>\n<p>\u00abDado el inter\u00e9s del Congreso, quer\u00edamos dejar claro que toda la informaci\u00f3n de esas alianzas con Huawei fue almacenada en los dispositivos, no en los servidores de Huawei\u00bb, explic\u00f3.<\/p>\n<p><!-- middle1 --><\/p>\n<p><!-- middle1 --><\/p>\n<p>Antes de que se estandarizara la experiencia de Facebook con una aplicaci\u00f3n com\u00fan, unos 60 desarrolladores de aparatos m\u00f3viles como Amazon, Apple, Blackberry, HTC, Microsoft y Samsung trabajaron con la red social para adaptar sus aparatos al sitio web de Facebook, explic\u00f3 la compa\u00f1\u00eda.<\/p>\n<p>Facebook, bloqueado en China desde 2009, tambi\u00e9n hizo acuerdos \u00abcontrolados\u00bb de acceso a datos con otras compa\u00f1\u00edas chinas como Lenovo, OPPO y TCL, seg\u00fan Varela.<\/p>\n<p><!-- middle1 --><\/p>\n<p>Huawei en tanto ha desmentido v\u00ednculos con el gobierno chino,<br \/>\n<a class=\"link\" href=\"https:\/\/www.lanacion.com.ar\/2109391-el-fbi-y-la-cia-consideran-a-huawei-un-problema-para-la-seguridad-de-su-pais\">pero eso no aplaca la preocupaci\u00f3n en Estados Unidos<\/a>.<\/p>\n<p><!-- middle1 --><\/p>\n<p>\u00abMe interesa saber c\u00f3mo Facebook se asegur\u00f3 de que la informaci\u00f3n sobre sus usuarios no fue enviada a servidores chinos\u00bb, dijo el senador estadounidense Mark Warner, del comit\u00e9 de inteligencia del Senado.<\/p>\n<p>Los contratos con los fabricantes de tel\u00e9fonos establec\u00edan l\u00edmites claros sobre lo que se pod\u00eda hacer con los datos, e ingenieros y gerentes supervisaron y aprobaron experiencias modelo antes de ponerlas en marcha, explic\u00f3 la red social.<\/p>\n<p><!-- middle1 --><\/p>\n<p>Facebook dijo tambi\u00e9n que no conoce ning\u00fan caso de violaci\u00f3n de privacidad por fabricantes de m\u00f3viles que desde hace a\u00f1os pudieron tener acceso a los datos de los usuarios y sus contactos.<\/p>\n<p>La portavoz de la canciller\u00eda china Hua Chunying no coment\u00f3 la cooperaci\u00f3n entre las empresas porque dijo desconocerla en detalle. \u00abPero espero que Estados Unidos pueda proveer un justo, transparente, abierto y amigable ambiente para las inversiones y negocios de las compa\u00f1\u00edas chinas\u00bb, asegur\u00f3 el mi\u00e9rcoles en Pek\u00edn.<\/p>\n<p>Agencia AFP<\/p>\n<p>                <!-- firma autor --><\/p>\n<p>                <!-- temas --><\/p>\n<div class=\"temas\">\n<h4>temas <b>en esta nota<\/b><\/h4>\n<p> <!-- ***NUEVO*** - caja like --><\/p>\n<p>\n    <span class=\"texto-like\"> \u00bfTe gust\u00f3 <b>esta nota?<\/b><\/span><br \/>\n    <span class=\"icon-me-gusta\"> <\/span>\n<\/p>\n<\/p><\/div>\n<\/p><\/div>\n<\/div>\n","protected":false},"excerpt":{"rendered":"<p>Fuente: Archivo Pocos d\u00edas despu\u00e9s de que una investigaci\u00f3n del New York Times revel\u00f3 que durante a\u00f1os los fabricantes de tel\u00e9fonos firmaron acuerdos con Facebook para acceder a la informaci\u00f3n de los amigos de los usuarios de la red social sin su consentimiento expl\u00edcito, la compa\u00f1\u00eda fundada por Mark Zuckerberg reconoci\u00f3 que grupos chinos de [&hellip;]<\/p>\n","protected":false},"author":4,"featured_media":0,"comment_status":"open","ping_status":"closed","sticky":false,"template":"","format":"standard","meta":{"footnotes":""},"categories":[154],"tags":[],"class_list":{"0":"post-11895","1":"post","2":"type-post","3":"status-publish","4":"format-standard","6":"category-ciencia-y-tecnologia"},"yoast_head":"<!-- This site is optimized with the Yoast SEO plugin v27.4 - https:\/\/yoast.com\/product\/yoast-seo-wordpress\/ -->\n<title>Facebook admite que grupos chinos de tecnolog\u00eda tuvieron acceso a los datos de sus usuarios - El Diario de Tucuman<\/title>\n<meta name=\"robots\" content=\"index, follow, max-snippet:-1, max-image-preview:large, max-video-preview:-1\" \/>\n<link rel=\"canonical\" href=\"https:\/\/www.eldiariodetucuman.com\/web\/facebook-admite-que-grupos-chinos-de-tecnologia-tuvieron-acceso-a-los-datos-de-sus-usuarios\/\" \/>\n<meta property=\"og:locale\" content=\"es_ES\" \/>\n<meta property=\"og:type\" content=\"article\" \/>\n<meta property=\"og:title\" content=\"Facebook admite que grupos chinos de tecnolog\u00eda tuvieron acceso a los datos de sus usuarios - El Diario de Tucuman\" \/>\n<meta property=\"og:description\" content=\"Fuente: Archivo Pocos d\u00edas despu\u00e9s de que una investigaci\u00f3n del New York Times revel\u00f3 que durante a\u00f1os los fabricantes de tel\u00e9fonos firmaron acuerdos con Facebook para acceder a la informaci\u00f3n de los amigos de los usuarios de la red social sin su consentimiento expl\u00edcito, la compa\u00f1\u00eda fundada por Mark Zuckerberg reconoci\u00f3 que grupos chinos de [&hellip;]\" \/>\n<meta property=\"og:url\" content=\"https:\/\/www.eldiariodetucuman.com\/web\/facebook-admite-que-grupos-chinos-de-tecnologia-tuvieron-acceso-a-los-datos-de-sus-usuarios\/\" \/>\n<meta property=\"og:site_name\" content=\"El Diario de Tucuman\" \/>\n<meta property=\"article:published_time\" content=\"2018-06-06T15:55:33+00:00\" \/>\n<meta name=\"author\" content=\"eldiario detucuman\" \/>\n<meta name=\"twitter:card\" content=\"summary_large_image\" \/>\n<meta name=\"twitter:label1\" content=\"Escrito por\" \/>\n\t<meta name=\"twitter:data1\" content=\"eldiario detucuman\" \/>\n\t<meta name=\"twitter:label2\" content=\"Tiempo de lectura\" \/>\n\t<meta name=\"twitter:data2\" content=\"2 minutos\" \/>\n<script type=\"application\/ld+json\" class=\"yoast-schema-graph\">{\"@context\":\"https:\\\/\\\/schema.org\",\"@graph\":[{\"@type\":\"Article\",\"@id\":\"https:\\\/\\\/www.eldiariodetucuman.com\\\/web\\\/facebook-admite-que-grupos-chinos-de-tecnologia-tuvieron-acceso-a-los-datos-de-sus-usuarios\\\/#article\",\"isPartOf\":{\"@id\":\"https:\\\/\\\/www.eldiariodetucuman.com\\\/web\\\/facebook-admite-que-grupos-chinos-de-tecnologia-tuvieron-acceso-a-los-datos-de-sus-usuarios\\\/\"},\"author\":{\"name\":\"eldiario detucuman\",\"@id\":\"https:\\\/\\\/www.eldiariodetucuman.com\\\/web\\\/#\\\/schema\\\/person\\\/6f95946e54fde848b878ffa4928071d5\"},\"headline\":\"Facebook admite que grupos chinos de tecnolog\u00eda tuvieron acceso a los datos de sus usuarios\",\"datePublished\":\"2018-06-06T15:55:33+00:00\",\"mainEntityOfPage\":{\"@id\":\"https:\\\/\\\/www.eldiariodetucuman.com\\\/web\\\/facebook-admite-que-grupos-chinos-de-tecnologia-tuvieron-acceso-a-los-datos-de-sus-usuarios\\\/\"},\"wordCount\":500,\"commentCount\":0,\"publisher\":{\"@id\":\"https:\\\/\\\/www.eldiariodetucuman.com\\\/web\\\/#organization\"},\"articleSection\":[\"ciencia y tecnologia\"],\"inLanguage\":\"es\",\"potentialAction\":[{\"@type\":\"CommentAction\",\"name\":\"Comment\",\"target\":[\"https:\\\/\\\/www.eldiariodetucuman.com\\\/web\\\/facebook-admite-que-grupos-chinos-de-tecnologia-tuvieron-acceso-a-los-datos-de-sus-usuarios\\\/#respond\"]}]},{\"@type\":\"WebPage\",\"@id\":\"https:\\\/\\\/www.eldiariodetucuman.com\\\/web\\\/facebook-admite-que-grupos-chinos-de-tecnologia-tuvieron-acceso-a-los-datos-de-sus-usuarios\\\/\",\"url\":\"https:\\\/\\\/www.eldiariodetucuman.com\\\/web\\\/facebook-admite-que-grupos-chinos-de-tecnologia-tuvieron-acceso-a-los-datos-de-sus-usuarios\\\/\",\"name\":\"Facebook admite que grupos chinos de tecnolog\u00eda tuvieron acceso a los datos de sus usuarios - El Diario de Tucuman\",\"isPartOf\":{\"@id\":\"https:\\\/\\\/www.eldiariodetucuman.com\\\/web\\\/#website\"},\"datePublished\":\"2018-06-06T15:55:33+00:00\",\"breadcrumb\":{\"@id\":\"https:\\\/\\\/www.eldiariodetucuman.com\\\/web\\\/facebook-admite-que-grupos-chinos-de-tecnologia-tuvieron-acceso-a-los-datos-de-sus-usuarios\\\/#breadcrumb\"},\"inLanguage\":\"es\",\"potentialAction\":[{\"@type\":\"ReadAction\",\"target\":[\"https:\\\/\\\/www.eldiariodetucuman.com\\\/web\\\/facebook-admite-que-grupos-chinos-de-tecnologia-tuvieron-acceso-a-los-datos-de-sus-usuarios\\\/\"]}]},{\"@type\":\"BreadcrumbList\",\"@id\":\"https:\\\/\\\/www.eldiariodetucuman.com\\\/web\\\/facebook-admite-que-grupos-chinos-de-tecnologia-tuvieron-acceso-a-los-datos-de-sus-usuarios\\\/#breadcrumb\",\"itemListElement\":[{\"@type\":\"ListItem\",\"position\":1,\"name\":\"Portada\",\"item\":\"https:\\\/\\\/www.eldiariodetucuman.com\\\/web\\\/\"},{\"@type\":\"ListItem\",\"position\":2,\"name\":\"Facebook admite que grupos chinos de tecnolog\u00eda tuvieron acceso a los datos de sus usuarios\"}]},{\"@type\":\"WebSite\",\"@id\":\"https:\\\/\\\/www.eldiariodetucuman.com\\\/web\\\/#website\",\"url\":\"https:\\\/\\\/www.eldiariodetucuman.com\\\/web\\\/\",\"name\":\"El Diario de Tucuman\",\"description\":\"Diario Tucuman - Informaci\u00f3n y noticias\",\"publisher\":{\"@id\":\"https:\\\/\\\/www.eldiariodetucuman.com\\\/web\\\/#organization\"},\"potentialAction\":[{\"@type\":\"SearchAction\",\"target\":{\"@type\":\"EntryPoint\",\"urlTemplate\":\"https:\\\/\\\/www.eldiariodetucuman.com\\\/web\\\/?s={search_term_string}\"},\"query-input\":{\"@type\":\"PropertyValueSpecification\",\"valueRequired\":true,\"valueName\":\"search_term_string\"}}],\"inLanguage\":\"es\"},{\"@type\":\"Organization\",\"@id\":\"https:\\\/\\\/www.eldiariodetucuman.com\\\/web\\\/#organization\",\"name\":\"El Diario de Tucuman\",\"url\":\"https:\\\/\\\/www.eldiariodetucuman.com\\\/web\\\/\",\"logo\":{\"@type\":\"ImageObject\",\"inLanguage\":\"es\",\"@id\":\"https:\\\/\\\/www.eldiariodetucuman.com\\\/web\\\/#\\\/schema\\\/logo\\\/image\\\/\",\"url\":\"http:\\\/\\\/www.eldiariodetucuman.com\\\/web\\\/wp-content\\\/uploads\\\/2017\\\/12\\\/el-diario-de-tucuman.jpg\",\"contentUrl\":\"http:\\\/\\\/www.eldiariodetucuman.com\\\/web\\\/wp-content\\\/uploads\\\/2017\\\/12\\\/el-diario-de-tucuman.jpg\",\"width\":272,\"height\":92,\"caption\":\"El Diario de Tucuman\"},\"image\":{\"@id\":\"https:\\\/\\\/www.eldiariodetucuman.com\\\/web\\\/#\\\/schema\\\/logo\\\/image\\\/\"}},{\"@type\":\"Person\",\"@id\":\"https:\\\/\\\/www.eldiariodetucuman.com\\\/web\\\/#\\\/schema\\\/person\\\/6f95946e54fde848b878ffa4928071d5\",\"name\":\"eldiario detucuman\",\"image\":{\"@type\":\"ImageObject\",\"inLanguage\":\"es\",\"@id\":\"https:\\\/\\\/secure.gravatar.com\\\/avatar\\\/b6e1f89c5c4044c4962c8e6c20b1ca2cc99f549c965908afd4ec5308b3f51bfe?s=96&d=mm&r=g\",\"url\":\"https:\\\/\\\/secure.gravatar.com\\\/avatar\\\/b6e1f89c5c4044c4962c8e6c20b1ca2cc99f549c965908afd4ec5308b3f51bfe?s=96&d=mm&r=g\",\"contentUrl\":\"https:\\\/\\\/secure.gravatar.com\\\/avatar\\\/b6e1f89c5c4044c4962c8e6c20b1ca2cc99f549c965908afd4ec5308b3f51bfe?s=96&d=mm&r=g\",\"caption\":\"eldiario detucuman\"},\"url\":\"https:\\\/\\\/www.eldiariodetucuman.com\\\/web\\\/author\\\/eldiariodetucuman\\\/\"}]}<\/script>\n<!-- \/ Yoast SEO plugin. -->","yoast_head_json":{"title":"Facebook admite que grupos chinos de tecnolog\u00eda tuvieron acceso a los datos de sus usuarios - El Diario de Tucuman","robots":{"index":"index","follow":"follow","max-snippet":"max-snippet:-1","max-image-preview":"max-image-preview:large","max-video-preview":"max-video-preview:-1"},"canonical":"https:\/\/www.eldiariodetucuman.com\/web\/facebook-admite-que-grupos-chinos-de-tecnologia-tuvieron-acceso-a-los-datos-de-sus-usuarios\/","og_locale":"es_ES","og_type":"article","og_title":"Facebook admite que grupos chinos de tecnolog\u00eda tuvieron acceso a los datos de sus usuarios - El Diario de Tucuman","og_description":"Fuente: Archivo Pocos d\u00edas despu\u00e9s de que una investigaci\u00f3n del New York Times revel\u00f3 que durante a\u00f1os los fabricantes de tel\u00e9fonos firmaron acuerdos con Facebook para acceder a la informaci\u00f3n de los amigos de los usuarios de la red social sin su consentimiento expl\u00edcito, la compa\u00f1\u00eda fundada por Mark Zuckerberg reconoci\u00f3 que grupos chinos de [&hellip;]","og_url":"https:\/\/www.eldiariodetucuman.com\/web\/facebook-admite-que-grupos-chinos-de-tecnologia-tuvieron-acceso-a-los-datos-de-sus-usuarios\/","og_site_name":"El Diario de Tucuman","article_published_time":"2018-06-06T15:55:33+00:00","author":"eldiario detucuman","twitter_card":"summary_large_image","twitter_misc":{"Escrito por":"eldiario detucuman","Tiempo de lectura":"2 minutos"},"schema":{"@context":"https:\/\/schema.org","@graph":[{"@type":"Article","@id":"https:\/\/www.eldiariodetucuman.com\/web\/facebook-admite-que-grupos-chinos-de-tecnologia-tuvieron-acceso-a-los-datos-de-sus-usuarios\/#article","isPartOf":{"@id":"https:\/\/www.eldiariodetucuman.com\/web\/facebook-admite-que-grupos-chinos-de-tecnologia-tuvieron-acceso-a-los-datos-de-sus-usuarios\/"},"author":{"name":"eldiario detucuman","@id":"https:\/\/www.eldiariodetucuman.com\/web\/#\/schema\/person\/6f95946e54fde848b878ffa4928071d5"},"headline":"Facebook admite que grupos chinos de tecnolog\u00eda tuvieron acceso a los datos de sus usuarios","datePublished":"2018-06-06T15:55:33+00:00","mainEntityOfPage":{"@id":"https:\/\/www.eldiariodetucuman.com\/web\/facebook-admite-que-grupos-chinos-de-tecnologia-tuvieron-acceso-a-los-datos-de-sus-usuarios\/"},"wordCount":500,"commentCount":0,"publisher":{"@id":"https:\/\/www.eldiariodetucuman.com\/web\/#organization"},"articleSection":["ciencia y tecnologia"],"inLanguage":"es","potentialAction":[{"@type":"CommentAction","name":"Comment","target":["https:\/\/www.eldiariodetucuman.com\/web\/facebook-admite-que-grupos-chinos-de-tecnologia-tuvieron-acceso-a-los-datos-de-sus-usuarios\/#respond"]}]},{"@type":"WebPage","@id":"https:\/\/www.eldiariodetucuman.com\/web\/facebook-admite-que-grupos-chinos-de-tecnologia-tuvieron-acceso-a-los-datos-de-sus-usuarios\/","url":"https:\/\/www.eldiariodetucuman.com\/web\/facebook-admite-que-grupos-chinos-de-tecnologia-tuvieron-acceso-a-los-datos-de-sus-usuarios\/","name":"Facebook admite que grupos chinos de tecnolog\u00eda tuvieron acceso a los datos de sus usuarios - El Diario de Tucuman","isPartOf":{"@id":"https:\/\/www.eldiariodetucuman.com\/web\/#website"},"datePublished":"2018-06-06T15:55:33+00:00","breadcrumb":{"@id":"https:\/\/www.eldiariodetucuman.com\/web\/facebook-admite-que-grupos-chinos-de-tecnologia-tuvieron-acceso-a-los-datos-de-sus-usuarios\/#breadcrumb"},"inLanguage":"es","potentialAction":[{"@type":"ReadAction","target":["https:\/\/www.eldiariodetucuman.com\/web\/facebook-admite-que-grupos-chinos-de-tecnologia-tuvieron-acceso-a-los-datos-de-sus-usuarios\/"]}]},{"@type":"BreadcrumbList","@id":"https:\/\/www.eldiariodetucuman.com\/web\/facebook-admite-que-grupos-chinos-de-tecnologia-tuvieron-acceso-a-los-datos-de-sus-usuarios\/#breadcrumb","itemListElement":[{"@type":"ListItem","position":1,"name":"Portada","item":"https:\/\/www.eldiariodetucuman.com\/web\/"},{"@type":"ListItem","position":2,"name":"Facebook admite que grupos chinos de tecnolog\u00eda tuvieron acceso a los datos de sus usuarios"}]},{"@type":"WebSite","@id":"https:\/\/www.eldiariodetucuman.com\/web\/#website","url":"https:\/\/www.eldiariodetucuman.com\/web\/","name":"El Diario de Tucuman","description":"Diario Tucuman - Informaci\u00f3n y noticias","publisher":{"@id":"https:\/\/www.eldiariodetucuman.com\/web\/#organization"},"potentialAction":[{"@type":"SearchAction","target":{"@type":"EntryPoint","urlTemplate":"https:\/\/www.eldiariodetucuman.com\/web\/?s={search_term_string}"},"query-input":{"@type":"PropertyValueSpecification","valueRequired":true,"valueName":"search_term_string"}}],"inLanguage":"es"},{"@type":"Organization","@id":"https:\/\/www.eldiariodetucuman.com\/web\/#organization","name":"El Diario de Tucuman","url":"https:\/\/www.eldiariodetucuman.com\/web\/","logo":{"@type":"ImageObject","inLanguage":"es","@id":"https:\/\/www.eldiariodetucuman.com\/web\/#\/schema\/logo\/image\/","url":"http:\/\/www.eldiariodetucuman.com\/web\/wp-content\/uploads\/2017\/12\/el-diario-de-tucuman.jpg","contentUrl":"http:\/\/www.eldiariodetucuman.com\/web\/wp-content\/uploads\/2017\/12\/el-diario-de-tucuman.jpg","width":272,"height":92,"caption":"El Diario de Tucuman"},"image":{"@id":"https:\/\/www.eldiariodetucuman.com\/web\/#\/schema\/logo\/image\/"}},{"@type":"Person","@id":"https:\/\/www.eldiariodetucuman.com\/web\/#\/schema\/person\/6f95946e54fde848b878ffa4928071d5","name":"eldiario detucuman","image":{"@type":"ImageObject","inLanguage":"es","@id":"https:\/\/secure.gravatar.com\/avatar\/b6e1f89c5c4044c4962c8e6c20b1ca2cc99f549c965908afd4ec5308b3f51bfe?s=96&d=mm&r=g","url":"https:\/\/secure.gravatar.com\/avatar\/b6e1f89c5c4044c4962c8e6c20b1ca2cc99f549c965908afd4ec5308b3f51bfe?s=96&d=mm&r=g","contentUrl":"https:\/\/secure.gravatar.com\/avatar\/b6e1f89c5c4044c4962c8e6c20b1ca2cc99f549c965908afd4ec5308b3f51bfe?s=96&d=mm&r=g","caption":"eldiario detucuman"},"url":"https:\/\/www.eldiariodetucuman.com\/web\/author\/eldiariodetucuman\/"}]}},"_links":{"self":[{"href":"https:\/\/www.eldiariodetucuman.com\/web\/wp-json\/wp\/v2\/posts\/11895","targetHints":{"allow":["GET"]}}],"collection":[{"href":"https:\/\/www.eldiariodetucuman.com\/web\/wp-json\/wp\/v2\/posts"}],"about":[{"href":"https:\/\/www.eldiariodetucuman.com\/web\/wp-json\/wp\/v2\/types\/post"}],"author":[{"embeddable":true,"href":"https:\/\/www.eldiariodetucuman.com\/web\/wp-json\/wp\/v2\/users\/4"}],"replies":[{"embeddable":true,"href":"https:\/\/www.eldiariodetucuman.com\/web\/wp-json\/wp\/v2\/comments?post=11895"}],"version-history":[{"count":0,"href":"https:\/\/www.eldiariodetucuman.com\/web\/wp-json\/wp\/v2\/posts\/11895\/revisions"}],"wp:attachment":[{"href":"https:\/\/www.eldiariodetucuman.com\/web\/wp-json\/wp\/v2\/media?parent=11895"}],"wp:term":[{"taxonomy":"category","embeddable":true,"href":"https:\/\/www.eldiariodetucuman.com\/web\/wp-json\/wp\/v2\/categories?post=11895"},{"taxonomy":"post_tag","embeddable":true,"href":"https:\/\/www.eldiariodetucuman.com\/web\/wp-json\/wp\/v2\/tags?post=11895"}],"curies":[{"name":"wp","href":"https:\/\/api.w.org\/{rel}","templated":true}]}}