{"id":11891,"date":"2018-06-06T12:50:54","date_gmt":"2018-06-06T15:50:54","guid":{"rendered":"http:\/\/www.eldiariodetucuman.com\/web\/netanyahu-llamo-a-macri-para-que-se-juegue-el-amistoso-frente-a-israel\/"},"modified":"2018-06-06T12:50:54","modified_gmt":"2018-06-06T15:50:54","slug":"netanyahu-llamo-a-macri-para-que-se-juegue-el-amistoso-frente-a-israel","status":"publish","type":"post","link":"https:\/\/www.eldiariodetucuman.com\/web\/netanyahu-llamo-a-macri-para-que-se-juegue-el-amistoso-frente-a-israel\/","title":{"rendered":"Netanyahu llam\u00f3 a Macri para que se juegue el amistoso frente a Israel"},"content":{"rendered":"<div>\n<div itemprop=\"articleBody\" readability=\"55.607260726073\">\n<p>Tras el anuncio en Barcelona\u00a0de que Argentina finalmente no iba a disputar el amistoso programado para el pr\u00f3ximo s\u00e1bado frente a Israel, el primer ministro de ese pa\u00eds,\u00a0<strong>Benjamin Netanyahu<\/strong>\u00a0llam\u00f3 al presidente <strong>  <a href=\"https:\/\/www.cronica.com.ar\/tags\/Mauricio%20Macri\">Mauricio Macri<\/a>\u00a0<\/strong>para que gestione personalmente ante la Asociaci\u00f3n del F\u00fatbol Argentino la realizaci\u00f3n del encuentro, pero no hubo manera de torcer la voluntad de los jugadores argentinos.<\/p>\n<p>Seg\u00fan fuentes, Macri le dijo que fue una decisi\u00f3n de los jugadores y que las razones eran v\u00e1lidas: las amenazas a <strong>  <a href=\"https:\/\/www.cronica.com.ar\/tags\/Lionel%20Messi\">Lionel Messi<\/a><\/strong>.\u00a0\u00a0<\/p>\n<p>Todo esto se da en el marco de las fuertes declaraciones del embajador de Palestina en nuestro pa\u00eds que dijo que si se disputaba este partido era como<em> \u00abque nosotros celebr\u00e1ramos el aniversario de la ocupaci\u00f3n de Malvinas\u00bb.<\/em><\/p>\n<p>En Barcelona hubo cantos, amenazas y hasta quema de banderas con sangre.\u00a0<\/p>\n<p>Con este marco, los dirigidos por <strong>  <a href=\"https:\/\/www.cronica.com.ar\/tags\/Jorge%20Sampaoli\">Jorge Sampaoli<\/a><\/strong> se quedan sin encuentros preparativos frente a otros seleccionados, de cara al debut del 16 de junio frente a Islandia en el Mundial   <a href=\"https:\/\/www.cronica.com.ar\/tags\/Rusia%202018\">Rusia 2018<\/a>.<\/p>\n<p>No es un detalle menor, que no exista informaci\u00f3n oficial de la Asociaci\u00f3n del F\u00fatbol Argentino en ninguno de sus sitios oficiales con respecto al amistoso que no fue.\u00a0\u00a0<\/p>\n<\/div>\n<\/div>\n","protected":false},"excerpt":{"rendered":"<p>Tras el anuncio en Barcelona\u00a0de que Argentina finalmente no iba a disputar el amistoso programado para el pr\u00f3ximo s\u00e1bado frente a Israel, el primer ministro de ese pa\u00eds,\u00a0Benjamin Netanyahu\u00a0llam\u00f3 al presidente Mauricio Macri\u00a0para que gestione personalmente ante la Asociaci\u00f3n del F\u00fatbol Argentino la realizaci\u00f3n del encuentro, pero no hubo manera de torcer la voluntad de [&hellip;]<\/p>\n","protected":false},"author":4,"featured_media":11892,"comment_status":"open","ping_status":"closed","sticky":false,"template":"","format":"standard","meta":{"footnotes":""},"categories":[194],"tags":[],"class_list":{"0":"post-11891","1":"post","2":"type-post","3":"status-publish","4":"format-standard","5":"has-post-thumbnail","7":"category-internacionales"},"yoast_head":"<!-- This site is optimized with the Yoast SEO plugin v27.4 - https:\/\/yoast.com\/product\/yoast-seo-wordpress\/ -->\n<title>Netanyahu llam\u00f3 a Macri para que se juegue el amistoso frente a Israel - El Diario de Tucuman<\/title>\n<meta name=\"robots\" content=\"index, follow, max-snippet:-1, max-image-preview:large, max-video-preview:-1\" \/>\n<link rel=\"canonical\" href=\"https:\/\/www.eldiariodetucuman.com\/web\/netanyahu-llamo-a-macri-para-que-se-juegue-el-amistoso-frente-a-israel\/\" \/>\n<meta property=\"og:locale\" content=\"es_ES\" \/>\n<meta property=\"og:type\" content=\"article\" \/>\n<meta property=\"og:title\" content=\"Netanyahu llam\u00f3 a Macri para que se juegue el amistoso frente a Israel - El Diario de Tucuman\" \/>\n<meta property=\"og:description\" content=\"Tras el anuncio en Barcelona\u00a0de que Argentina finalmente no iba a disputar el amistoso programado para el pr\u00f3ximo s\u00e1bado frente a Israel, el primer ministro de ese pa\u00eds,\u00a0Benjamin Netanyahu\u00a0llam\u00f3 al presidente Mauricio Macri\u00a0para que gestione personalmente ante la Asociaci\u00f3n del F\u00fatbol Argentino la realizaci\u00f3n del encuentro, pero no hubo manera de torcer la voluntad de [&hellip;]\" \/>\n<meta property=\"og:url\" content=\"https:\/\/www.eldiariodetucuman.com\/web\/netanyahu-llamo-a-macri-para-que-se-juegue-el-amistoso-frente-a-israel\/\" \/>\n<meta property=\"og:site_name\" content=\"El Diario de Tucuman\" \/>\n<meta property=\"article:published_time\" content=\"2018-06-06T15:50:54+00:00\" \/>\n<meta property=\"og:image\" content=\"https:\/\/www.eldiariodetucuman.com\/web\/wp-content\/uploads\/2018\/06\/f7bbd43dd22d385a5d92ed379c939212.jpeg\" \/>\n\t<meta property=\"og:image:width\" content=\"970\" \/>\n\t<meta property=\"og:image:height\" content=\"546\" \/>\n\t<meta property=\"og:image:type\" content=\"image\/jpeg\" \/>\n<meta name=\"author\" content=\"eldiario detucuman\" \/>\n<meta name=\"twitter:card\" content=\"summary_large_image\" \/>\n<meta name=\"twitter:label1\" content=\"Escrito por\" \/>\n\t<meta name=\"twitter:data1\" content=\"eldiario detucuman\" \/>\n\t<meta name=\"twitter:label2\" content=\"Tiempo de lectura\" \/>\n\t<meta name=\"twitter:data2\" content=\"1 minuto\" \/>\n<script type=\"application\/ld+json\" class=\"yoast-schema-graph\">{\"@context\":\"https:\\\/\\\/schema.org\",\"@graph\":[{\"@type\":\"Article\",\"@id\":\"https:\\\/\\\/www.eldiariodetucuman.com\\\/web\\\/netanyahu-llamo-a-macri-para-que-se-juegue-el-amistoso-frente-a-israel\\\/#article\",\"isPartOf\":{\"@id\":\"https:\\\/\\\/www.eldiariodetucuman.com\\\/web\\\/netanyahu-llamo-a-macri-para-que-se-juegue-el-amistoso-frente-a-israel\\\/\"},\"author\":{\"name\":\"eldiario detucuman\",\"@id\":\"https:\\\/\\\/www.eldiariodetucuman.com\\\/web\\\/#\\\/schema\\\/person\\\/6f95946e54fde848b878ffa4928071d5\"},\"headline\":\"Netanyahu llam\u00f3 a Macri para que se juegue el amistoso frente a Israel\",\"datePublished\":\"2018-06-06T15:50:54+00:00\",\"mainEntityOfPage\":{\"@id\":\"https:\\\/\\\/www.eldiariodetucuman.com\\\/web\\\/netanyahu-llamo-a-macri-para-que-se-juegue-el-amistoso-frente-a-israel\\\/\"},\"wordCount\":223,\"commentCount\":0,\"publisher\":{\"@id\":\"https:\\\/\\\/www.eldiariodetucuman.com\\\/web\\\/#organization\"},\"image\":{\"@id\":\"https:\\\/\\\/www.eldiariodetucuman.com\\\/web\\\/netanyahu-llamo-a-macri-para-que-se-juegue-el-amistoso-frente-a-israel\\\/#primaryimage\"},\"thumbnailUrl\":\"https:\\\/\\\/www.eldiariodetucuman.com\\\/web\\\/wp-content\\\/uploads\\\/2018\\\/06\\\/f7bbd43dd22d385a5d92ed379c939212.jpeg\",\"articleSection\":[\"Internacionales\"],\"inLanguage\":\"es\",\"potentialAction\":[{\"@type\":\"CommentAction\",\"name\":\"Comment\",\"target\":[\"https:\\\/\\\/www.eldiariodetucuman.com\\\/web\\\/netanyahu-llamo-a-macri-para-que-se-juegue-el-amistoso-frente-a-israel\\\/#respond\"]}]},{\"@type\":\"WebPage\",\"@id\":\"https:\\\/\\\/www.eldiariodetucuman.com\\\/web\\\/netanyahu-llamo-a-macri-para-que-se-juegue-el-amistoso-frente-a-israel\\\/\",\"url\":\"https:\\\/\\\/www.eldiariodetucuman.com\\\/web\\\/netanyahu-llamo-a-macri-para-que-se-juegue-el-amistoso-frente-a-israel\\\/\",\"name\":\"Netanyahu llam\u00f3 a Macri para que se juegue el amistoso frente a Israel - El Diario de Tucuman\",\"isPartOf\":{\"@id\":\"https:\\\/\\\/www.eldiariodetucuman.com\\\/web\\\/#website\"},\"primaryImageOfPage\":{\"@id\":\"https:\\\/\\\/www.eldiariodetucuman.com\\\/web\\\/netanyahu-llamo-a-macri-para-que-se-juegue-el-amistoso-frente-a-israel\\\/#primaryimage\"},\"image\":{\"@id\":\"https:\\\/\\\/www.eldiariodetucuman.com\\\/web\\\/netanyahu-llamo-a-macri-para-que-se-juegue-el-amistoso-frente-a-israel\\\/#primaryimage\"},\"thumbnailUrl\":\"https:\\\/\\\/www.eldiariodetucuman.com\\\/web\\\/wp-content\\\/uploads\\\/2018\\\/06\\\/f7bbd43dd22d385a5d92ed379c939212.jpeg\",\"datePublished\":\"2018-06-06T15:50:54+00:00\",\"breadcrumb\":{\"@id\":\"https:\\\/\\\/www.eldiariodetucuman.com\\\/web\\\/netanyahu-llamo-a-macri-para-que-se-juegue-el-amistoso-frente-a-israel\\\/#breadcrumb\"},\"inLanguage\":\"es\",\"potentialAction\":[{\"@type\":\"ReadAction\",\"target\":[\"https:\\\/\\\/www.eldiariodetucuman.com\\\/web\\\/netanyahu-llamo-a-macri-para-que-se-juegue-el-amistoso-frente-a-israel\\\/\"]}]},{\"@type\":\"ImageObject\",\"inLanguage\":\"es\",\"@id\":\"https:\\\/\\\/www.eldiariodetucuman.com\\\/web\\\/netanyahu-llamo-a-macri-para-que-se-juegue-el-amistoso-frente-a-israel\\\/#primaryimage\",\"url\":\"https:\\\/\\\/www.eldiariodetucuman.com\\\/web\\\/wp-content\\\/uploads\\\/2018\\\/06\\\/f7bbd43dd22d385a5d92ed379c939212.jpeg\",\"contentUrl\":\"https:\\\/\\\/www.eldiariodetucuman.com\\\/web\\\/wp-content\\\/uploads\\\/2018\\\/06\\\/f7bbd43dd22d385a5d92ed379c939212.jpeg\",\"width\":970,\"height\":546},{\"@type\":\"BreadcrumbList\",\"@id\":\"https:\\\/\\\/www.eldiariodetucuman.com\\\/web\\\/netanyahu-llamo-a-macri-para-que-se-juegue-el-amistoso-frente-a-israel\\\/#breadcrumb\",\"itemListElement\":[{\"@type\":\"ListItem\",\"position\":1,\"name\":\"Portada\",\"item\":\"https:\\\/\\\/www.eldiariodetucuman.com\\\/web\\\/\"},{\"@type\":\"ListItem\",\"position\":2,\"name\":\"Netanyahu llam\u00f3 a Macri para que se juegue el amistoso frente a Israel\"}]},{\"@type\":\"WebSite\",\"@id\":\"https:\\\/\\\/www.eldiariodetucuman.com\\\/web\\\/#website\",\"url\":\"https:\\\/\\\/www.eldiariodetucuman.com\\\/web\\\/\",\"name\":\"El Diario de Tucuman\",\"description\":\"Diario Tucuman - Informaci\u00f3n y noticias\",\"publisher\":{\"@id\":\"https:\\\/\\\/www.eldiariodetucuman.com\\\/web\\\/#organization\"},\"potentialAction\":[{\"@type\":\"SearchAction\",\"target\":{\"@type\":\"EntryPoint\",\"urlTemplate\":\"https:\\\/\\\/www.eldiariodetucuman.com\\\/web\\\/?s={search_term_string}\"},\"query-input\":{\"@type\":\"PropertyValueSpecification\",\"valueRequired\":true,\"valueName\":\"search_term_string\"}}],\"inLanguage\":\"es\"},{\"@type\":\"Organization\",\"@id\":\"https:\\\/\\\/www.eldiariodetucuman.com\\\/web\\\/#organization\",\"name\":\"El Diario de Tucuman\",\"url\":\"https:\\\/\\\/www.eldiariodetucuman.com\\\/web\\\/\",\"logo\":{\"@type\":\"ImageObject\",\"inLanguage\":\"es\",\"@id\":\"https:\\\/\\\/www.eldiariodetucuman.com\\\/web\\\/#\\\/schema\\\/logo\\\/image\\\/\",\"url\":\"http:\\\/\\\/www.eldiariodetucuman.com\\\/web\\\/wp-content\\\/uploads\\\/2017\\\/12\\\/el-diario-de-tucuman.jpg\",\"contentUrl\":\"http:\\\/\\\/www.eldiariodetucuman.com\\\/web\\\/wp-content\\\/uploads\\\/2017\\\/12\\\/el-diario-de-tucuman.jpg\",\"width\":272,\"height\":92,\"caption\":\"El Diario de Tucuman\"},\"image\":{\"@id\":\"https:\\\/\\\/www.eldiariodetucuman.com\\\/web\\\/#\\\/schema\\\/logo\\\/image\\\/\"}},{\"@type\":\"Person\",\"@id\":\"https:\\\/\\\/www.eldiariodetucuman.com\\\/web\\\/#\\\/schema\\\/person\\\/6f95946e54fde848b878ffa4928071d5\",\"name\":\"eldiario detucuman\",\"image\":{\"@type\":\"ImageObject\",\"inLanguage\":\"es\",\"@id\":\"https:\\\/\\\/secure.gravatar.com\\\/avatar\\\/b6e1f89c5c4044c4962c8e6c20b1ca2cc99f549c965908afd4ec5308b3f51bfe?s=96&d=mm&r=g\",\"url\":\"https:\\\/\\\/secure.gravatar.com\\\/avatar\\\/b6e1f89c5c4044c4962c8e6c20b1ca2cc99f549c965908afd4ec5308b3f51bfe?s=96&d=mm&r=g\",\"contentUrl\":\"https:\\\/\\\/secure.gravatar.com\\\/avatar\\\/b6e1f89c5c4044c4962c8e6c20b1ca2cc99f549c965908afd4ec5308b3f51bfe?s=96&d=mm&r=g\",\"caption\":\"eldiario detucuman\"},\"url\":\"https:\\\/\\\/www.eldiariodetucuman.com\\\/web\\\/author\\\/eldiariodetucuman\\\/\"}]}<\/script>\n<!-- \/ Yoast SEO plugin. -->","yoast_head_json":{"title":"Netanyahu llam\u00f3 a Macri para que se juegue el amistoso frente a Israel - El Diario de Tucuman","robots":{"index":"index","follow":"follow","max-snippet":"max-snippet:-1","max-image-preview":"max-image-preview:large","max-video-preview":"max-video-preview:-1"},"canonical":"https:\/\/www.eldiariodetucuman.com\/web\/netanyahu-llamo-a-macri-para-que-se-juegue-el-amistoso-frente-a-israel\/","og_locale":"es_ES","og_type":"article","og_title":"Netanyahu llam\u00f3 a Macri para que se juegue el amistoso frente a Israel - El Diario de Tucuman","og_description":"Tras el anuncio en Barcelona\u00a0de que Argentina finalmente no iba a disputar el amistoso programado para el pr\u00f3ximo s\u00e1bado frente a Israel, el primer ministro de ese pa\u00eds,\u00a0Benjamin Netanyahu\u00a0llam\u00f3 al presidente Mauricio Macri\u00a0para que gestione personalmente ante la Asociaci\u00f3n del F\u00fatbol Argentino la realizaci\u00f3n del encuentro, pero no hubo manera de torcer la voluntad de [&hellip;]","og_url":"https:\/\/www.eldiariodetucuman.com\/web\/netanyahu-llamo-a-macri-para-que-se-juegue-el-amistoso-frente-a-israel\/","og_site_name":"El Diario de Tucuman","article_published_time":"2018-06-06T15:50:54+00:00","og_image":[{"width":970,"height":546,"url":"https:\/\/www.eldiariodetucuman.com\/web\/wp-content\/uploads\/2018\/06\/f7bbd43dd22d385a5d92ed379c939212.jpeg","type":"image\/jpeg"}],"author":"eldiario detucuman","twitter_card":"summary_large_image","twitter_misc":{"Escrito por":"eldiario detucuman","Tiempo de lectura":"1 minuto"},"schema":{"@context":"https:\/\/schema.org","@graph":[{"@type":"Article","@id":"https:\/\/www.eldiariodetucuman.com\/web\/netanyahu-llamo-a-macri-para-que-se-juegue-el-amistoso-frente-a-israel\/#article","isPartOf":{"@id":"https:\/\/www.eldiariodetucuman.com\/web\/netanyahu-llamo-a-macri-para-que-se-juegue-el-amistoso-frente-a-israel\/"},"author":{"name":"eldiario detucuman","@id":"https:\/\/www.eldiariodetucuman.com\/web\/#\/schema\/person\/6f95946e54fde848b878ffa4928071d5"},"headline":"Netanyahu llam\u00f3 a Macri para que se juegue el amistoso frente a Israel","datePublished":"2018-06-06T15:50:54+00:00","mainEntityOfPage":{"@id":"https:\/\/www.eldiariodetucuman.com\/web\/netanyahu-llamo-a-macri-para-que-se-juegue-el-amistoso-frente-a-israel\/"},"wordCount":223,"commentCount":0,"publisher":{"@id":"https:\/\/www.eldiariodetucuman.com\/web\/#organization"},"image":{"@id":"https:\/\/www.eldiariodetucuman.com\/web\/netanyahu-llamo-a-macri-para-que-se-juegue-el-amistoso-frente-a-israel\/#primaryimage"},"thumbnailUrl":"https:\/\/www.eldiariodetucuman.com\/web\/wp-content\/uploads\/2018\/06\/f7bbd43dd22d385a5d92ed379c939212.jpeg","articleSection":["Internacionales"],"inLanguage":"es","potentialAction":[{"@type":"CommentAction","name":"Comment","target":["https:\/\/www.eldiariodetucuman.com\/web\/netanyahu-llamo-a-macri-para-que-se-juegue-el-amistoso-frente-a-israel\/#respond"]}]},{"@type":"WebPage","@id":"https:\/\/www.eldiariodetucuman.com\/web\/netanyahu-llamo-a-macri-para-que-se-juegue-el-amistoso-frente-a-israel\/","url":"https:\/\/www.eldiariodetucuman.com\/web\/netanyahu-llamo-a-macri-para-que-se-juegue-el-amistoso-frente-a-israel\/","name":"Netanyahu llam\u00f3 a Macri para que se juegue el amistoso frente a Israel - El Diario de Tucuman","isPartOf":{"@id":"https:\/\/www.eldiariodetucuman.com\/web\/#website"},"primaryImageOfPage":{"@id":"https:\/\/www.eldiariodetucuman.com\/web\/netanyahu-llamo-a-macri-para-que-se-juegue-el-amistoso-frente-a-israel\/#primaryimage"},"image":{"@id":"https:\/\/www.eldiariodetucuman.com\/web\/netanyahu-llamo-a-macri-para-que-se-juegue-el-amistoso-frente-a-israel\/#primaryimage"},"thumbnailUrl":"https:\/\/www.eldiariodetucuman.com\/web\/wp-content\/uploads\/2018\/06\/f7bbd43dd22d385a5d92ed379c939212.jpeg","datePublished":"2018-06-06T15:50:54+00:00","breadcrumb":{"@id":"https:\/\/www.eldiariodetucuman.com\/web\/netanyahu-llamo-a-macri-para-que-se-juegue-el-amistoso-frente-a-israel\/#breadcrumb"},"inLanguage":"es","potentialAction":[{"@type":"ReadAction","target":["https:\/\/www.eldiariodetucuman.com\/web\/netanyahu-llamo-a-macri-para-que-se-juegue-el-amistoso-frente-a-israel\/"]}]},{"@type":"ImageObject","inLanguage":"es","@id":"https:\/\/www.eldiariodetucuman.com\/web\/netanyahu-llamo-a-macri-para-que-se-juegue-el-amistoso-frente-a-israel\/#primaryimage","url":"https:\/\/www.eldiariodetucuman.com\/web\/wp-content\/uploads\/2018\/06\/f7bbd43dd22d385a5d92ed379c939212.jpeg","contentUrl":"https:\/\/www.eldiariodetucuman.com\/web\/wp-content\/uploads\/2018\/06\/f7bbd43dd22d385a5d92ed379c939212.jpeg","width":970,"height":546},{"@type":"BreadcrumbList","@id":"https:\/\/www.eldiariodetucuman.com\/web\/netanyahu-llamo-a-macri-para-que-se-juegue-el-amistoso-frente-a-israel\/#breadcrumb","itemListElement":[{"@type":"ListItem","position":1,"name":"Portada","item":"https:\/\/www.eldiariodetucuman.com\/web\/"},{"@type":"ListItem","position":2,"name":"Netanyahu llam\u00f3 a Macri para que se juegue el amistoso frente a Israel"}]},{"@type":"WebSite","@id":"https:\/\/www.eldiariodetucuman.com\/web\/#website","url":"https:\/\/www.eldiariodetucuman.com\/web\/","name":"El Diario de Tucuman","description":"Diario Tucuman - Informaci\u00f3n y noticias","publisher":{"@id":"https:\/\/www.eldiariodetucuman.com\/web\/#organization"},"potentialAction":[{"@type":"SearchAction","target":{"@type":"EntryPoint","urlTemplate":"https:\/\/www.eldiariodetucuman.com\/web\/?s={search_term_string}"},"query-input":{"@type":"PropertyValueSpecification","valueRequired":true,"valueName":"search_term_string"}}],"inLanguage":"es"},{"@type":"Organization","@id":"https:\/\/www.eldiariodetucuman.com\/web\/#organization","name":"El Diario de Tucuman","url":"https:\/\/www.eldiariodetucuman.com\/web\/","logo":{"@type":"ImageObject","inLanguage":"es","@id":"https:\/\/www.eldiariodetucuman.com\/web\/#\/schema\/logo\/image\/","url":"http:\/\/www.eldiariodetucuman.com\/web\/wp-content\/uploads\/2017\/12\/el-diario-de-tucuman.jpg","contentUrl":"http:\/\/www.eldiariodetucuman.com\/web\/wp-content\/uploads\/2017\/12\/el-diario-de-tucuman.jpg","width":272,"height":92,"caption":"El Diario de Tucuman"},"image":{"@id":"https:\/\/www.eldiariodetucuman.com\/web\/#\/schema\/logo\/image\/"}},{"@type":"Person","@id":"https:\/\/www.eldiariodetucuman.com\/web\/#\/schema\/person\/6f95946e54fde848b878ffa4928071d5","name":"eldiario detucuman","image":{"@type":"ImageObject","inLanguage":"es","@id":"https:\/\/secure.gravatar.com\/avatar\/b6e1f89c5c4044c4962c8e6c20b1ca2cc99f549c965908afd4ec5308b3f51bfe?s=96&d=mm&r=g","url":"https:\/\/secure.gravatar.com\/avatar\/b6e1f89c5c4044c4962c8e6c20b1ca2cc99f549c965908afd4ec5308b3f51bfe?s=96&d=mm&r=g","contentUrl":"https:\/\/secure.gravatar.com\/avatar\/b6e1f89c5c4044c4962c8e6c20b1ca2cc99f549c965908afd4ec5308b3f51bfe?s=96&d=mm&r=g","caption":"eldiario detucuman"},"url":"https:\/\/www.eldiariodetucuman.com\/web\/author\/eldiariodetucuman\/"}]}},"_links":{"self":[{"href":"https:\/\/www.eldiariodetucuman.com\/web\/wp-json\/wp\/v2\/posts\/11891","targetHints":{"allow":["GET"]}}],"collection":[{"href":"https:\/\/www.eldiariodetucuman.com\/web\/wp-json\/wp\/v2\/posts"}],"about":[{"href":"https:\/\/www.eldiariodetucuman.com\/web\/wp-json\/wp\/v2\/types\/post"}],"author":[{"embeddable":true,"href":"https:\/\/www.eldiariodetucuman.com\/web\/wp-json\/wp\/v2\/users\/4"}],"replies":[{"embeddable":true,"href":"https:\/\/www.eldiariodetucuman.com\/web\/wp-json\/wp\/v2\/comments?post=11891"}],"version-history":[{"count":0,"href":"https:\/\/www.eldiariodetucuman.com\/web\/wp-json\/wp\/v2\/posts\/11891\/revisions"}],"wp:featuredmedia":[{"embeddable":true,"href":"https:\/\/www.eldiariodetucuman.com\/web\/wp-json\/wp\/v2\/media\/11892"}],"wp:attachment":[{"href":"https:\/\/www.eldiariodetucuman.com\/web\/wp-json\/wp\/v2\/media?parent=11891"}],"wp:term":[{"taxonomy":"category","embeddable":true,"href":"https:\/\/www.eldiariodetucuman.com\/web\/wp-json\/wp\/v2\/categories?post=11891"},{"taxonomy":"post_tag","embeddable":true,"href":"https:\/\/www.eldiariodetucuman.com\/web\/wp-json\/wp\/v2\/tags?post=11891"}],"curies":[{"name":"wp","href":"https:\/\/api.w.org\/{rel}","templated":true}]}}