{"id":11886,"date":"2018-06-06T12:37:05","date_gmt":"2018-06-06T15:37:05","guid":{"rendered":"http:\/\/www.eldiariodetucuman.com\/web\/la-embajada-de-israel-en-argentina-lanzo-un-comunicado\/"},"modified":"2018-06-06T12:37:07","modified_gmt":"2018-06-06T15:37:07","slug":"la-embajada-de-israel-en-argentina-lanzo-un-comunicado","status":"publish","type":"post","link":"https:\/\/www.eldiariodetucuman.com\/web\/la-embajada-de-israel-en-argentina-lanzo-un-comunicado\/","title":{"rendered":"La Embajada de Israel en Argentina lanz\u00f3 un comunicado"},"content":{"rendered":"<div>\n<div readability=\"39.821383647799\">\n<p>Luego de la <strong>suspensi\u00f3n del partido amistoso entre el seleccionado argentino y el israel\u00ed<\/strong>, las repercusiones escalaron a tal punto que <a href=\"https:\/\/www.elintransigente.com\/politica\/2018\/6\/5\/seleccion-netanyahu-le-pidio-macri-que-interceda-494529.html\">el primer ministro de Israel,\u00a0Benjam\u00edn Netanyahu, habl\u00f3 con el presidente Mauricio Macri<\/a> para que interceda ante la <a href=\"https:\/\/www.elintransigente.com\/noticias\/buscar\/?buscar=Asociaci%C3%B3n+del+F%C3%BAtbol+Argentino\">Asociaci\u00f3n del F\u00fatbol Argentino (AFA)<\/a>. Sin embargo, la decisi\u00f3n de no jugar el partido se mantuvo y hoy l<strong>a Embajada de Israel en Argentina lanz\u00f3 un comunicado<\/strong>.<\/p>\n<p>\u00abLa Embajada de Israel lamenta comunicar la suspensi\u00f3n del partido entre los seleccionados de Israel y Argentina previsto para el pr\u00f3ximo s\u00e1bado 9 de junio, como antesala al juego por la Copa Mundial en Rusia\u00bb, indica el comunicado de la sede diplom\u00e1tica. El embajador israel\u00ed\u00a0en Argentina, Il\u00e1n Sztulman, ya se hab\u00eda manifestado al respecto, y hoy comparti\u00f3 un tweet donde la agrupaci\u00f3n terrorista Hamas felicita al seleccionado por su decisi\u00f3n.<\/p>\n<aside class=\"htmlinline \"><ins class=\"adsbygoogle\" data-ad-layout=\"in-article\" data-ad-format=\"fluid\" data-ad-client=\"ca-pub-7781556717282971\" data-ad-slot=\"9383133609\"><\/ins><br \/>\n<\/aside>\n<p>\u00abLas amenazas y provocaciones dirigidas a Lionel Messi, que l\u00f3gicamente suscitaron la solidaridad de sus pares y el temor a concretar el amistoso, no son ajenas a la cotidianidad de la poblaci\u00f3n civil en Israel\u00a0cuyos deportistas, sin ir m\u00e1s lejos, han sido en numerosas oportunidades objeto de violencia y atentados\u00bb, agrega.\u00a0<\/p>\n<p>\u00abLa sociedad plural israel\u00ed (compuesta por jud\u00edos, musulmanes y cristianos) espera siempre con ansias poder recibir a las principales figuras del deporte argentino\u00bb, concluye. Hoy tambi\u00e9n el presidente de la AFA,\u00a0Claudio \u00abChiqui\u00bb\u00a0Tapia, brind\u00f3 una <a href=\"https:\/\/www.elintransigente.com\/deportes\/futbol\/2018\/6\/6\/chiqui-tapia-pidio-perdon-por-la-suspension-del-partido-hizo-un-llamado-la-paz-mundial-494621.html\">conferencia de prensa<\/a> donde pidi\u00f3 disculpas, y pidi\u00f3 que la decisi\u00f3n se considere como\u00a0\u201cun aporte para la paz mundial\u201d.<\/p>\n<\/div>\n<\/div>\n<p>Fuente: https:\/\/www.elintransigente.com\/politica\/2018\/6\/6\/la-embajada-de-israel-en-argentina-lanzo-un-comunicado-494626.html<\/p>\n","protected":false},"excerpt":{"rendered":"<p>Luego de la suspensi\u00f3n del partido amistoso entre el seleccionado argentino y el israel\u00ed, las repercusiones escalaron a tal punto que el primer ministro de Israel,\u00a0Benjam\u00edn Netanyahu, habl\u00f3 con el presidente Mauricio Macri para que interceda ante la Asociaci\u00f3n del F\u00fatbol Argentino (AFA). Sin embargo, la decisi\u00f3n de no jugar el partido se mantuvo y [&hellip;]<\/p>\n","protected":false},"author":1,"featured_media":11887,"comment_status":"open","ping_status":"closed","sticky":false,"template":"","format":"standard","meta":{"footnotes":""},"categories":[1],"tags":[],"class_list":{"0":"post-11886","1":"post","2":"type-post","3":"status-publish","4":"format-standard","5":"has-post-thumbnail","7":"category-portada"},"yoast_head":"<!-- This site is optimized with the Yoast SEO plugin v27.5 - https:\/\/yoast.com\/product\/yoast-seo-wordpress\/ -->\n<title>La Embajada de Israel en Argentina lanz\u00f3 un comunicado - El Diario de Tucuman<\/title>\n<meta name=\"robots\" content=\"index, follow, max-snippet:-1, max-image-preview:large, max-video-preview:-1\" \/>\n<link rel=\"canonical\" href=\"https:\/\/www.eldiariodetucuman.com\/web\/la-embajada-de-israel-en-argentina-lanzo-un-comunicado\/\" \/>\n<meta property=\"og:locale\" content=\"es_ES\" \/>\n<meta property=\"og:type\" content=\"article\" \/>\n<meta property=\"og:title\" content=\"La Embajada de Israel en Argentina lanz\u00f3 un comunicado - El Diario de Tucuman\" \/>\n<meta property=\"og:description\" content=\"Luego de la suspensi\u00f3n del partido amistoso entre el seleccionado argentino y el israel\u00ed, las repercusiones escalaron a tal punto que el primer ministro de Israel,\u00a0Benjam\u00edn Netanyahu, habl\u00f3 con el presidente Mauricio Macri para que interceda ante la Asociaci\u00f3n del F\u00fatbol Argentino (AFA). Sin embargo, la decisi\u00f3n de no jugar el partido se mantuvo y [&hellip;]\" \/>\n<meta property=\"og:url\" content=\"https:\/\/www.eldiariodetucuman.com\/web\/la-embajada-de-israel-en-argentina-lanzo-un-comunicado\/\" \/>\n<meta property=\"og:site_name\" content=\"El Diario de Tucuman\" \/>\n<meta property=\"article:published_time\" content=\"2018-06-06T15:37:05+00:00\" \/>\n<meta property=\"article:modified_time\" content=\"2018-06-06T15:37:07+00:00\" \/>\n<meta property=\"og:image\" content=\"https:\/\/www.eldiariodetucuman.com\/web\/wp-content\/uploads\/2018\/06\/626e03c68fb1cdde8e63d7c20e658316.jpeg\" \/>\n\t<meta property=\"og:image:width\" content=\"960\" \/>\n\t<meta property=\"og:image:height\" content=\"814\" \/>\n\t<meta property=\"og:image:type\" content=\"image\/jpeg\" \/>\n<meta name=\"author\" content=\"admin\" \/>\n<meta name=\"twitter:card\" content=\"summary_large_image\" \/>\n<meta name=\"twitter:label1\" content=\"Escrito por\" \/>\n\t<meta name=\"twitter:data1\" content=\"admin\" \/>\n\t<meta name=\"twitter:label2\" content=\"Tiempo de lectura\" \/>\n\t<meta name=\"twitter:data2\" content=\"1 minuto\" \/>\n<script type=\"application\/ld+json\" class=\"yoast-schema-graph\">{\"@context\":\"https:\\\/\\\/schema.org\",\"@graph\":[{\"@type\":\"Article\",\"@id\":\"https:\\\/\\\/www.eldiariodetucuman.com\\\/web\\\/la-embajada-de-israel-en-argentina-lanzo-un-comunicado\\\/#article\",\"isPartOf\":{\"@id\":\"https:\\\/\\\/www.eldiariodetucuman.com\\\/web\\\/la-embajada-de-israel-en-argentina-lanzo-un-comunicado\\\/\"},\"author\":{\"name\":\"admin\",\"@id\":\"https:\\\/\\\/www.eldiariodetucuman.com\\\/web\\\/#\\\/schema\\\/person\\\/9250197d75ab5483412e19678b121caa\"},\"headline\":\"La Embajada de Israel en Argentina lanz\u00f3 un comunicado\",\"datePublished\":\"2018-06-06T15:37:05+00:00\",\"dateModified\":\"2018-06-06T15:37:07+00:00\",\"mainEntityOfPage\":{\"@id\":\"https:\\\/\\\/www.eldiariodetucuman.com\\\/web\\\/la-embajada-de-israel-en-argentina-lanzo-un-comunicado\\\/\"},\"wordCount\":280,\"commentCount\":0,\"publisher\":{\"@id\":\"https:\\\/\\\/www.eldiariodetucuman.com\\\/web\\\/#organization\"},\"image\":{\"@id\":\"https:\\\/\\\/www.eldiariodetucuman.com\\\/web\\\/la-embajada-de-israel-en-argentina-lanzo-un-comunicado\\\/#primaryimage\"},\"thumbnailUrl\":\"https:\\\/\\\/www.eldiariodetucuman.com\\\/web\\\/wp-content\\\/uploads\\\/2018\\\/06\\\/626e03c68fb1cdde8e63d7c20e658316.jpeg\",\"articleSection\":[\"Portada\"],\"inLanguage\":\"es\",\"potentialAction\":[{\"@type\":\"CommentAction\",\"name\":\"Comment\",\"target\":[\"https:\\\/\\\/www.eldiariodetucuman.com\\\/web\\\/la-embajada-de-israel-en-argentina-lanzo-un-comunicado\\\/#respond\"]}]},{\"@type\":\"WebPage\",\"@id\":\"https:\\\/\\\/www.eldiariodetucuman.com\\\/web\\\/la-embajada-de-israel-en-argentina-lanzo-un-comunicado\\\/\",\"url\":\"https:\\\/\\\/www.eldiariodetucuman.com\\\/web\\\/la-embajada-de-israel-en-argentina-lanzo-un-comunicado\\\/\",\"name\":\"La Embajada de Israel en Argentina lanz\u00f3 un comunicado - El Diario de Tucuman\",\"isPartOf\":{\"@id\":\"https:\\\/\\\/www.eldiariodetucuman.com\\\/web\\\/#website\"},\"primaryImageOfPage\":{\"@id\":\"https:\\\/\\\/www.eldiariodetucuman.com\\\/web\\\/la-embajada-de-israel-en-argentina-lanzo-un-comunicado\\\/#primaryimage\"},\"image\":{\"@id\":\"https:\\\/\\\/www.eldiariodetucuman.com\\\/web\\\/la-embajada-de-israel-en-argentina-lanzo-un-comunicado\\\/#primaryimage\"},\"thumbnailUrl\":\"https:\\\/\\\/www.eldiariodetucuman.com\\\/web\\\/wp-content\\\/uploads\\\/2018\\\/06\\\/626e03c68fb1cdde8e63d7c20e658316.jpeg\",\"datePublished\":\"2018-06-06T15:37:05+00:00\",\"dateModified\":\"2018-06-06T15:37:07+00:00\",\"breadcrumb\":{\"@id\":\"https:\\\/\\\/www.eldiariodetucuman.com\\\/web\\\/la-embajada-de-israel-en-argentina-lanzo-un-comunicado\\\/#breadcrumb\"},\"inLanguage\":\"es\",\"potentialAction\":[{\"@type\":\"ReadAction\",\"target\":[\"https:\\\/\\\/www.eldiariodetucuman.com\\\/web\\\/la-embajada-de-israel-en-argentina-lanzo-un-comunicado\\\/\"]}]},{\"@type\":\"ImageObject\",\"inLanguage\":\"es\",\"@id\":\"https:\\\/\\\/www.eldiariodetucuman.com\\\/web\\\/la-embajada-de-israel-en-argentina-lanzo-un-comunicado\\\/#primaryimage\",\"url\":\"https:\\\/\\\/www.eldiariodetucuman.com\\\/web\\\/wp-content\\\/uploads\\\/2018\\\/06\\\/626e03c68fb1cdde8e63d7c20e658316.jpeg\",\"contentUrl\":\"https:\\\/\\\/www.eldiariodetucuman.com\\\/web\\\/wp-content\\\/uploads\\\/2018\\\/06\\\/626e03c68fb1cdde8e63d7c20e658316.jpeg\",\"width\":960,\"height\":814},{\"@type\":\"BreadcrumbList\",\"@id\":\"https:\\\/\\\/www.eldiariodetucuman.com\\\/web\\\/la-embajada-de-israel-en-argentina-lanzo-un-comunicado\\\/#breadcrumb\",\"itemListElement\":[{\"@type\":\"ListItem\",\"position\":1,\"name\":\"Portada\",\"item\":\"https:\\\/\\\/www.eldiariodetucuman.com\\\/web\\\/\"},{\"@type\":\"ListItem\",\"position\":2,\"name\":\"La Embajada de Israel en Argentina lanz\u00f3 un comunicado\"}]},{\"@type\":\"WebSite\",\"@id\":\"https:\\\/\\\/www.eldiariodetucuman.com\\\/web\\\/#website\",\"url\":\"https:\\\/\\\/www.eldiariodetucuman.com\\\/web\\\/\",\"name\":\"El Diario de Tucuman\",\"description\":\"Diario Tucuman - Informaci\u00f3n y noticias\",\"publisher\":{\"@id\":\"https:\\\/\\\/www.eldiariodetucuman.com\\\/web\\\/#organization\"},\"potentialAction\":[{\"@type\":\"SearchAction\",\"target\":{\"@type\":\"EntryPoint\",\"urlTemplate\":\"https:\\\/\\\/www.eldiariodetucuman.com\\\/web\\\/?s={search_term_string}\"},\"query-input\":{\"@type\":\"PropertyValueSpecification\",\"valueRequired\":true,\"valueName\":\"search_term_string\"}}],\"inLanguage\":\"es\"},{\"@type\":\"Organization\",\"@id\":\"https:\\\/\\\/www.eldiariodetucuman.com\\\/web\\\/#organization\",\"name\":\"El Diario de Tucuman\",\"url\":\"https:\\\/\\\/www.eldiariodetucuman.com\\\/web\\\/\",\"logo\":{\"@type\":\"ImageObject\",\"inLanguage\":\"es\",\"@id\":\"https:\\\/\\\/www.eldiariodetucuman.com\\\/web\\\/#\\\/schema\\\/logo\\\/image\\\/\",\"url\":\"http:\\\/\\\/www.eldiariodetucuman.com\\\/web\\\/wp-content\\\/uploads\\\/2017\\\/12\\\/el-diario-de-tucuman.jpg\",\"contentUrl\":\"http:\\\/\\\/www.eldiariodetucuman.com\\\/web\\\/wp-content\\\/uploads\\\/2017\\\/12\\\/el-diario-de-tucuman.jpg\",\"width\":272,\"height\":92,\"caption\":\"El Diario de Tucuman\"},\"image\":{\"@id\":\"https:\\\/\\\/www.eldiariodetucuman.com\\\/web\\\/#\\\/schema\\\/logo\\\/image\\\/\"}},{\"@type\":\"Person\",\"@id\":\"https:\\\/\\\/www.eldiariodetucuman.com\\\/web\\\/#\\\/schema\\\/person\\\/9250197d75ab5483412e19678b121caa\",\"name\":\"admin\",\"image\":{\"@type\":\"ImageObject\",\"inLanguage\":\"es\",\"@id\":\"https:\\\/\\\/secure.gravatar.com\\\/avatar\\\/c44d117c2be811212c22cb481f6b8384b6873de103fbc49e7a03cc58d7dea4ac?s=96&d=mm&r=g\",\"url\":\"https:\\\/\\\/secure.gravatar.com\\\/avatar\\\/c44d117c2be811212c22cb481f6b8384b6873de103fbc49e7a03cc58d7dea4ac?s=96&d=mm&r=g\",\"contentUrl\":\"https:\\\/\\\/secure.gravatar.com\\\/avatar\\\/c44d117c2be811212c22cb481f6b8384b6873de103fbc49e7a03cc58d7dea4ac?s=96&d=mm&r=g\",\"caption\":\"admin\"},\"url\":\"https:\\\/\\\/www.eldiariodetucuman.com\\\/web\\\/author\\\/admin\\\/\"}]}<\/script>\n<!-- \/ Yoast SEO plugin. -->","yoast_head_json":{"title":"La Embajada de Israel en Argentina lanz\u00f3 un comunicado - El Diario de Tucuman","robots":{"index":"index","follow":"follow","max-snippet":"max-snippet:-1","max-image-preview":"max-image-preview:large","max-video-preview":"max-video-preview:-1"},"canonical":"https:\/\/www.eldiariodetucuman.com\/web\/la-embajada-de-israel-en-argentina-lanzo-un-comunicado\/","og_locale":"es_ES","og_type":"article","og_title":"La Embajada de Israel en Argentina lanz\u00f3 un comunicado - El Diario de Tucuman","og_description":"Luego de la suspensi\u00f3n del partido amistoso entre el seleccionado argentino y el israel\u00ed, las repercusiones escalaron a tal punto que el primer ministro de Israel,\u00a0Benjam\u00edn Netanyahu, habl\u00f3 con el presidente Mauricio Macri para que interceda ante la Asociaci\u00f3n del F\u00fatbol Argentino (AFA). Sin embargo, la decisi\u00f3n de no jugar el partido se mantuvo y [&hellip;]","og_url":"https:\/\/www.eldiariodetucuman.com\/web\/la-embajada-de-israel-en-argentina-lanzo-un-comunicado\/","og_site_name":"El Diario de Tucuman","article_published_time":"2018-06-06T15:37:05+00:00","article_modified_time":"2018-06-06T15:37:07+00:00","og_image":[{"width":960,"height":814,"url":"https:\/\/www.eldiariodetucuman.com\/web\/wp-content\/uploads\/2018\/06\/626e03c68fb1cdde8e63d7c20e658316.jpeg","type":"image\/jpeg"}],"author":"admin","twitter_card":"summary_large_image","twitter_misc":{"Escrito por":"admin","Tiempo de lectura":"1 minuto"},"schema":{"@context":"https:\/\/schema.org","@graph":[{"@type":"Article","@id":"https:\/\/www.eldiariodetucuman.com\/web\/la-embajada-de-israel-en-argentina-lanzo-un-comunicado\/#article","isPartOf":{"@id":"https:\/\/www.eldiariodetucuman.com\/web\/la-embajada-de-israel-en-argentina-lanzo-un-comunicado\/"},"author":{"name":"admin","@id":"https:\/\/www.eldiariodetucuman.com\/web\/#\/schema\/person\/9250197d75ab5483412e19678b121caa"},"headline":"La Embajada de Israel en Argentina lanz\u00f3 un comunicado","datePublished":"2018-06-06T15:37:05+00:00","dateModified":"2018-06-06T15:37:07+00:00","mainEntityOfPage":{"@id":"https:\/\/www.eldiariodetucuman.com\/web\/la-embajada-de-israel-en-argentina-lanzo-un-comunicado\/"},"wordCount":280,"commentCount":0,"publisher":{"@id":"https:\/\/www.eldiariodetucuman.com\/web\/#organization"},"image":{"@id":"https:\/\/www.eldiariodetucuman.com\/web\/la-embajada-de-israel-en-argentina-lanzo-un-comunicado\/#primaryimage"},"thumbnailUrl":"https:\/\/www.eldiariodetucuman.com\/web\/wp-content\/uploads\/2018\/06\/626e03c68fb1cdde8e63d7c20e658316.jpeg","articleSection":["Portada"],"inLanguage":"es","potentialAction":[{"@type":"CommentAction","name":"Comment","target":["https:\/\/www.eldiariodetucuman.com\/web\/la-embajada-de-israel-en-argentina-lanzo-un-comunicado\/#respond"]}]},{"@type":"WebPage","@id":"https:\/\/www.eldiariodetucuman.com\/web\/la-embajada-de-israel-en-argentina-lanzo-un-comunicado\/","url":"https:\/\/www.eldiariodetucuman.com\/web\/la-embajada-de-israel-en-argentina-lanzo-un-comunicado\/","name":"La Embajada de Israel en Argentina lanz\u00f3 un comunicado - El Diario de Tucuman","isPartOf":{"@id":"https:\/\/www.eldiariodetucuman.com\/web\/#website"},"primaryImageOfPage":{"@id":"https:\/\/www.eldiariodetucuman.com\/web\/la-embajada-de-israel-en-argentina-lanzo-un-comunicado\/#primaryimage"},"image":{"@id":"https:\/\/www.eldiariodetucuman.com\/web\/la-embajada-de-israel-en-argentina-lanzo-un-comunicado\/#primaryimage"},"thumbnailUrl":"https:\/\/www.eldiariodetucuman.com\/web\/wp-content\/uploads\/2018\/06\/626e03c68fb1cdde8e63d7c20e658316.jpeg","datePublished":"2018-06-06T15:37:05+00:00","dateModified":"2018-06-06T15:37:07+00:00","breadcrumb":{"@id":"https:\/\/www.eldiariodetucuman.com\/web\/la-embajada-de-israel-en-argentina-lanzo-un-comunicado\/#breadcrumb"},"inLanguage":"es","potentialAction":[{"@type":"ReadAction","target":["https:\/\/www.eldiariodetucuman.com\/web\/la-embajada-de-israel-en-argentina-lanzo-un-comunicado\/"]}]},{"@type":"ImageObject","inLanguage":"es","@id":"https:\/\/www.eldiariodetucuman.com\/web\/la-embajada-de-israel-en-argentina-lanzo-un-comunicado\/#primaryimage","url":"https:\/\/www.eldiariodetucuman.com\/web\/wp-content\/uploads\/2018\/06\/626e03c68fb1cdde8e63d7c20e658316.jpeg","contentUrl":"https:\/\/www.eldiariodetucuman.com\/web\/wp-content\/uploads\/2018\/06\/626e03c68fb1cdde8e63d7c20e658316.jpeg","width":960,"height":814},{"@type":"BreadcrumbList","@id":"https:\/\/www.eldiariodetucuman.com\/web\/la-embajada-de-israel-en-argentina-lanzo-un-comunicado\/#breadcrumb","itemListElement":[{"@type":"ListItem","position":1,"name":"Portada","item":"https:\/\/www.eldiariodetucuman.com\/web\/"},{"@type":"ListItem","position":2,"name":"La Embajada de Israel en Argentina lanz\u00f3 un comunicado"}]},{"@type":"WebSite","@id":"https:\/\/www.eldiariodetucuman.com\/web\/#website","url":"https:\/\/www.eldiariodetucuman.com\/web\/","name":"El Diario de Tucuman","description":"Diario Tucuman - Informaci\u00f3n y noticias","publisher":{"@id":"https:\/\/www.eldiariodetucuman.com\/web\/#organization"},"potentialAction":[{"@type":"SearchAction","target":{"@type":"EntryPoint","urlTemplate":"https:\/\/www.eldiariodetucuman.com\/web\/?s={search_term_string}"},"query-input":{"@type":"PropertyValueSpecification","valueRequired":true,"valueName":"search_term_string"}}],"inLanguage":"es"},{"@type":"Organization","@id":"https:\/\/www.eldiariodetucuman.com\/web\/#organization","name":"El Diario de Tucuman","url":"https:\/\/www.eldiariodetucuman.com\/web\/","logo":{"@type":"ImageObject","inLanguage":"es","@id":"https:\/\/www.eldiariodetucuman.com\/web\/#\/schema\/logo\/image\/","url":"http:\/\/www.eldiariodetucuman.com\/web\/wp-content\/uploads\/2017\/12\/el-diario-de-tucuman.jpg","contentUrl":"http:\/\/www.eldiariodetucuman.com\/web\/wp-content\/uploads\/2017\/12\/el-diario-de-tucuman.jpg","width":272,"height":92,"caption":"El Diario de Tucuman"},"image":{"@id":"https:\/\/www.eldiariodetucuman.com\/web\/#\/schema\/logo\/image\/"}},{"@type":"Person","@id":"https:\/\/www.eldiariodetucuman.com\/web\/#\/schema\/person\/9250197d75ab5483412e19678b121caa","name":"admin","image":{"@type":"ImageObject","inLanguage":"es","@id":"https:\/\/secure.gravatar.com\/avatar\/c44d117c2be811212c22cb481f6b8384b6873de103fbc49e7a03cc58d7dea4ac?s=96&d=mm&r=g","url":"https:\/\/secure.gravatar.com\/avatar\/c44d117c2be811212c22cb481f6b8384b6873de103fbc49e7a03cc58d7dea4ac?s=96&d=mm&r=g","contentUrl":"https:\/\/secure.gravatar.com\/avatar\/c44d117c2be811212c22cb481f6b8384b6873de103fbc49e7a03cc58d7dea4ac?s=96&d=mm&r=g","caption":"admin"},"url":"https:\/\/www.eldiariodetucuman.com\/web\/author\/admin\/"}]}},"_links":{"self":[{"href":"https:\/\/www.eldiariodetucuman.com\/web\/wp-json\/wp\/v2\/posts\/11886","targetHints":{"allow":["GET"]}}],"collection":[{"href":"https:\/\/www.eldiariodetucuman.com\/web\/wp-json\/wp\/v2\/posts"}],"about":[{"href":"https:\/\/www.eldiariodetucuman.com\/web\/wp-json\/wp\/v2\/types\/post"}],"author":[{"embeddable":true,"href":"https:\/\/www.eldiariodetucuman.com\/web\/wp-json\/wp\/v2\/users\/1"}],"replies":[{"embeddable":true,"href":"https:\/\/www.eldiariodetucuman.com\/web\/wp-json\/wp\/v2\/comments?post=11886"}],"version-history":[{"count":1,"href":"https:\/\/www.eldiariodetucuman.com\/web\/wp-json\/wp\/v2\/posts\/11886\/revisions"}],"predecessor-version":[{"id":11888,"href":"https:\/\/www.eldiariodetucuman.com\/web\/wp-json\/wp\/v2\/posts\/11886\/revisions\/11888"}],"wp:featuredmedia":[{"embeddable":true,"href":"https:\/\/www.eldiariodetucuman.com\/web\/wp-json\/wp\/v2\/media\/11887"}],"wp:attachment":[{"href":"https:\/\/www.eldiariodetucuman.com\/web\/wp-json\/wp\/v2\/media?parent=11886"}],"wp:term":[{"taxonomy":"category","embeddable":true,"href":"https:\/\/www.eldiariodetucuman.com\/web\/wp-json\/wp\/v2\/categories?post=11886"},{"taxonomy":"post_tag","embeddable":true,"href":"https:\/\/www.eldiariodetucuman.com\/web\/wp-json\/wp\/v2\/tags?post=11886"}],"curies":[{"name":"wp","href":"https:\/\/api.w.org\/{rel}","templated":true}]}}