{"id":11871,"date":"2018-06-06T12:09:30","date_gmt":"2018-06-06T15:09:30","guid":{"rendered":"http:\/\/www.eldiariodetucuman.com\/web\/a-san-rafael-llegan-obras-para-mejorar-la-calidad-de-vida-2\/"},"modified":"2018-06-06T12:09:31","modified_gmt":"2018-06-06T15:09:31","slug":"a-san-rafael-llegan-obras-para-mejorar-la-calidad-de-vida-2","status":"publish","type":"post","link":"https:\/\/www.eldiariodetucuman.com\/web\/a-san-rafael-llegan-obras-para-mejorar-la-calidad-de-vida-2\/","title":{"rendered":"A San Rafael llegan obras para mejorar la calidad de vida"},"content":{"rendered":"<div>\n<div readability=\"69\">\n<p>El gobernador, <strong>Juan Manzur<\/strong>, supervis\u00f3 obras de infraestructura en la localidad de San Rafael, en Lules: pavimento, alumbrado p\u00fablico, agua potable, cloacas y revalorizaci\u00f3n de espacios p\u00fablicos.<\/p>\n<p>El titular del Ejecutivo provincial estuvo acompa\u00f1ado por el vicegobernador, <strong>Osvaldo Jaldo<\/strong>, ministro del Interior de la Naci\u00f3n, <strong>Rogelio Frigerio<\/strong>, su par provincial, <strong>Miguel Acevedo<\/strong>, el ministro de Seguridad, <strong>Claudio Maley<\/strong>, el subsecretario del Interior de la Naci\u00f3n, <strong>Domingo Amaya<\/strong>, y el intendente local <strong>Carlos Gal\u00eda<\/strong>.<\/p>\n<p><iframe loading=\"lazy\" width=\"650\" height=\"315\" src=\"http:\/\/www.youtube.com\/embed\/lOcrc12FrP0\"><\/iframe><\/p>\n<p>\u00a0<\/p>\n<p>\u00a0<\/p>\n<blockquote class=\"mom_quote \"><p>\u201cVenimos al interior del interior.\u00a0Estamos en San Rafael para supervisar obras que tienen que ver con mejorar la calidad de vida: agua potable, iluminaci\u00f3n, apertura de calles, urbanizaci\u00f3n. Todos estos trabajos se hicieron con fondos del ministerio del Interior de la Naci\u00f3n por eso el agradecimiento al ministro Frigerio que hoy nos acompa\u00f1\u00f3\u201d, afirm\u00f3 Manzur que adem\u00e1s\u00a0a\u00f1adi\u00f3 que \u201chay que sumar para que a Lules le vaya bien y a Tucum\u00e1n\u00a0tambi\u00e9n;\u00a0y desde aqu\u00ed hacer nuestro aporte para que al pa\u00eds le vaya bien\u201d.\u00a0<\/p><\/blockquote>\n<p><a href=\"http:\/\/comunicaciontucuman.gob.ar\/wp-content\/uploads\/2018\/06\/Plaza-Lules-LS.jpg\"><img loading=\"lazy\" decoding=\"async\" class=\"alignnone size-medium wp-image-166291\" src=\"http:\/\/comunicaciontucuman.gob.ar\/wp-content\/uploads\/2018\/06\/Plaza-Lules-LS-300x166.jpg\" alt=\"Plaza-Lules-LS\" width=\"300\" height=\"166\"><\/a>\u00a0<a href=\"http:\/\/comunicaciontucuman.gob.ar\/wp-content\/uploads\/2018\/06\/Manzur-Frigerio-Lules-LS.jpg\"><img loading=\"lazy\" decoding=\"async\" class=\"alignnone size-medium wp-image-166284\" src=\"http:\/\/comunicaciontucuman.gob.ar\/wp-content\/uploads\/2018\/06\/Manzur-Frigerio-Lules-LS-300x166.jpg\" alt=\"Manzur-Frigerio-Lules-LS\" width=\"300\" height=\"166\"><\/a><\/p>\n<p>Por otro lado el mandatario provincial expres\u00f3 que \u201csiempre converso con el ministro del interior y sabe nuestra posici\u00f3n. Pasaron situaciones externas muy complejas, el aumento del petr\u00f3leo y las tasas de inter\u00e9s en Estados Unidos que tuvo repercusi\u00f3n en todo el mundo. De esto se sale trabajando juntos. El presidente conduce y nosotros desde la\u00a0oposici\u00f3n aseguramos\u00a0la gobernabilidad pero es el presidente el que decide la pol\u00edtica econ\u00f3mica del pa\u00eds\u201d.<\/p>\n<p>Por \u00faltimo, el intendente Gal\u00eda\u00a0resalt\u00f3 que \u201cson 160 familias las que van a ser beneficiadas con pavimento, agua, cloacas, iluminaci\u00f3n, espacios p\u00fablicos, y un sal\u00f3n de usos m\u00faltiples\u201d.<\/p>\n<\/div>\n<\/div>\n<p>Fuente: http:\/\/comunicaciontucuman.gob.ar\/2018\/06\/a-san-rafael-llegan-obras-para-mejorar-la-calidad-de-vida\/<\/p>\n","protected":false},"excerpt":{"rendered":"<p>El gobernador, Juan Manzur, supervis\u00f3 obras de infraestructura en la localidad de San Rafael, en Lules: pavimento, alumbrado p\u00fablico, agua potable, cloacas y revalorizaci\u00f3n de espacios p\u00fablicos. El titular del Ejecutivo provincial estuvo acompa\u00f1ado por el vicegobernador, Osvaldo Jaldo, ministro del Interior de la Naci\u00f3n, Rogelio Frigerio, su par provincial, Miguel Acevedo, el ministro de [&hellip;]<\/p>\n","protected":false},"author":1,"featured_media":11872,"comment_status":"open","ping_status":"closed","sticky":false,"template":"","format":"standard","meta":{"footnotes":""},"categories":[3],"tags":[],"class_list":{"0":"post-11871","1":"post","2":"type-post","3":"status-publish","4":"format-standard","5":"has-post-thumbnail","7":"category-politica"},"yoast_head":"<!-- This site is optimized with the Yoast SEO plugin v27.5 - https:\/\/yoast.com\/product\/yoast-seo-wordpress\/ -->\n<title>A San Rafael llegan obras para mejorar la calidad de vida - El Diario de Tucuman<\/title>\n<meta name=\"robots\" content=\"index, follow, max-snippet:-1, max-image-preview:large, max-video-preview:-1\" \/>\n<link rel=\"canonical\" href=\"https:\/\/www.eldiariodetucuman.com\/web\/a-san-rafael-llegan-obras-para-mejorar-la-calidad-de-vida-2\/\" \/>\n<meta property=\"og:locale\" content=\"es_ES\" \/>\n<meta property=\"og:type\" content=\"article\" \/>\n<meta property=\"og:title\" content=\"A San Rafael llegan obras para mejorar la calidad de vida - El Diario de Tucuman\" \/>\n<meta property=\"og:description\" content=\"El gobernador, Juan Manzur, supervis\u00f3 obras de infraestructura en la localidad de San Rafael, en Lules: pavimento, alumbrado p\u00fablico, agua potable, cloacas y revalorizaci\u00f3n de espacios p\u00fablicos. El titular del Ejecutivo provincial estuvo acompa\u00f1ado por el vicegobernador, Osvaldo Jaldo, ministro del Interior de la Naci\u00f3n, Rogelio Frigerio, su par provincial, Miguel Acevedo, el ministro de [&hellip;]\" \/>\n<meta property=\"og:url\" content=\"https:\/\/www.eldiariodetucuman.com\/web\/a-san-rafael-llegan-obras-para-mejorar-la-calidad-de-vida-2\/\" \/>\n<meta property=\"og:site_name\" content=\"El Diario de Tucuman\" \/>\n<meta property=\"article:published_time\" content=\"2018-06-06T15:09:30+00:00\" \/>\n<meta property=\"article:modified_time\" content=\"2018-06-06T15:09:31+00:00\" \/>\n<meta property=\"og:image\" content=\"https:\/\/www.eldiariodetucuman.com\/web\/wp-content\/uploads\/2018\/06\/014f9de508d559d1b1d99cf480b6c719.jpeg\" \/>\n\t<meta property=\"og:image:width\" content=\"300\" \/>\n\t<meta property=\"og:image:height\" content=\"166\" \/>\n\t<meta property=\"og:image:type\" content=\"image\/jpeg\" \/>\n<meta name=\"author\" content=\"admin\" \/>\n<meta name=\"twitter:card\" content=\"summary_large_image\" \/>\n<meta name=\"twitter:label1\" content=\"Escrito por\" \/>\n\t<meta name=\"twitter:data1\" content=\"admin\" \/>\n\t<meta name=\"twitter:label2\" content=\"Tiempo de lectura\" \/>\n\t<meta name=\"twitter:data2\" content=\"1 minuto\" \/>\n<script type=\"application\/ld+json\" class=\"yoast-schema-graph\">{\"@context\":\"https:\\\/\\\/schema.org\",\"@graph\":[{\"@type\":\"Article\",\"@id\":\"https:\\\/\\\/www.eldiariodetucuman.com\\\/web\\\/a-san-rafael-llegan-obras-para-mejorar-la-calidad-de-vida-2\\\/#article\",\"isPartOf\":{\"@id\":\"https:\\\/\\\/www.eldiariodetucuman.com\\\/web\\\/a-san-rafael-llegan-obras-para-mejorar-la-calidad-de-vida-2\\\/\"},\"author\":{\"name\":\"admin\",\"@id\":\"https:\\\/\\\/www.eldiariodetucuman.com\\\/web\\\/#\\\/schema\\\/person\\\/9250197d75ab5483412e19678b121caa\"},\"headline\":\"A San Rafael llegan obras para mejorar la calidad de vida\",\"datePublished\":\"2018-06-06T15:09:30+00:00\",\"dateModified\":\"2018-06-06T15:09:31+00:00\",\"mainEntityOfPage\":{\"@id\":\"https:\\\/\\\/www.eldiariodetucuman.com\\\/web\\\/a-san-rafael-llegan-obras-para-mejorar-la-calidad-de-vida-2\\\/\"},\"wordCount\":305,\"commentCount\":0,\"publisher\":{\"@id\":\"https:\\\/\\\/www.eldiariodetucuman.com\\\/web\\\/#organization\"},\"image\":{\"@id\":\"https:\\\/\\\/www.eldiariodetucuman.com\\\/web\\\/a-san-rafael-llegan-obras-para-mejorar-la-calidad-de-vida-2\\\/#primaryimage\"},\"thumbnailUrl\":\"https:\\\/\\\/www.eldiariodetucuman.com\\\/web\\\/wp-content\\\/uploads\\\/2018\\\/06\\\/014f9de508d559d1b1d99cf480b6c719.jpeg\",\"articleSection\":[\"Politica\"],\"inLanguage\":\"es\",\"potentialAction\":[{\"@type\":\"CommentAction\",\"name\":\"Comment\",\"target\":[\"https:\\\/\\\/www.eldiariodetucuman.com\\\/web\\\/a-san-rafael-llegan-obras-para-mejorar-la-calidad-de-vida-2\\\/#respond\"]}]},{\"@type\":\"WebPage\",\"@id\":\"https:\\\/\\\/www.eldiariodetucuman.com\\\/web\\\/a-san-rafael-llegan-obras-para-mejorar-la-calidad-de-vida-2\\\/\",\"url\":\"https:\\\/\\\/www.eldiariodetucuman.com\\\/web\\\/a-san-rafael-llegan-obras-para-mejorar-la-calidad-de-vida-2\\\/\",\"name\":\"A San Rafael llegan obras para mejorar la calidad de vida - El Diario de Tucuman\",\"isPartOf\":{\"@id\":\"https:\\\/\\\/www.eldiariodetucuman.com\\\/web\\\/#website\"},\"primaryImageOfPage\":{\"@id\":\"https:\\\/\\\/www.eldiariodetucuman.com\\\/web\\\/a-san-rafael-llegan-obras-para-mejorar-la-calidad-de-vida-2\\\/#primaryimage\"},\"image\":{\"@id\":\"https:\\\/\\\/www.eldiariodetucuman.com\\\/web\\\/a-san-rafael-llegan-obras-para-mejorar-la-calidad-de-vida-2\\\/#primaryimage\"},\"thumbnailUrl\":\"https:\\\/\\\/www.eldiariodetucuman.com\\\/web\\\/wp-content\\\/uploads\\\/2018\\\/06\\\/014f9de508d559d1b1d99cf480b6c719.jpeg\",\"datePublished\":\"2018-06-06T15:09:30+00:00\",\"dateModified\":\"2018-06-06T15:09:31+00:00\",\"breadcrumb\":{\"@id\":\"https:\\\/\\\/www.eldiariodetucuman.com\\\/web\\\/a-san-rafael-llegan-obras-para-mejorar-la-calidad-de-vida-2\\\/#breadcrumb\"},\"inLanguage\":\"es\",\"potentialAction\":[{\"@type\":\"ReadAction\",\"target\":[\"https:\\\/\\\/www.eldiariodetucuman.com\\\/web\\\/a-san-rafael-llegan-obras-para-mejorar-la-calidad-de-vida-2\\\/\"]}]},{\"@type\":\"ImageObject\",\"inLanguage\":\"es\",\"@id\":\"https:\\\/\\\/www.eldiariodetucuman.com\\\/web\\\/a-san-rafael-llegan-obras-para-mejorar-la-calidad-de-vida-2\\\/#primaryimage\",\"url\":\"https:\\\/\\\/www.eldiariodetucuman.com\\\/web\\\/wp-content\\\/uploads\\\/2018\\\/06\\\/014f9de508d559d1b1d99cf480b6c719.jpeg\",\"contentUrl\":\"https:\\\/\\\/www.eldiariodetucuman.com\\\/web\\\/wp-content\\\/uploads\\\/2018\\\/06\\\/014f9de508d559d1b1d99cf480b6c719.jpeg\",\"width\":300,\"height\":166},{\"@type\":\"BreadcrumbList\",\"@id\":\"https:\\\/\\\/www.eldiariodetucuman.com\\\/web\\\/a-san-rafael-llegan-obras-para-mejorar-la-calidad-de-vida-2\\\/#breadcrumb\",\"itemListElement\":[{\"@type\":\"ListItem\",\"position\":1,\"name\":\"Portada\",\"item\":\"https:\\\/\\\/www.eldiariodetucuman.com\\\/web\\\/\"},{\"@type\":\"ListItem\",\"position\":2,\"name\":\"A San Rafael llegan obras para mejorar la calidad de vida\"}]},{\"@type\":\"WebSite\",\"@id\":\"https:\\\/\\\/www.eldiariodetucuman.com\\\/web\\\/#website\",\"url\":\"https:\\\/\\\/www.eldiariodetucuman.com\\\/web\\\/\",\"name\":\"El Diario de Tucuman\",\"description\":\"Diario Tucuman - Informaci\u00f3n y noticias\",\"publisher\":{\"@id\":\"https:\\\/\\\/www.eldiariodetucuman.com\\\/web\\\/#organization\"},\"potentialAction\":[{\"@type\":\"SearchAction\",\"target\":{\"@type\":\"EntryPoint\",\"urlTemplate\":\"https:\\\/\\\/www.eldiariodetucuman.com\\\/web\\\/?s={search_term_string}\"},\"query-input\":{\"@type\":\"PropertyValueSpecification\",\"valueRequired\":true,\"valueName\":\"search_term_string\"}}],\"inLanguage\":\"es\"},{\"@type\":\"Organization\",\"@id\":\"https:\\\/\\\/www.eldiariodetucuman.com\\\/web\\\/#organization\",\"name\":\"El Diario de Tucuman\",\"url\":\"https:\\\/\\\/www.eldiariodetucuman.com\\\/web\\\/\",\"logo\":{\"@type\":\"ImageObject\",\"inLanguage\":\"es\",\"@id\":\"https:\\\/\\\/www.eldiariodetucuman.com\\\/web\\\/#\\\/schema\\\/logo\\\/image\\\/\",\"url\":\"http:\\\/\\\/www.eldiariodetucuman.com\\\/web\\\/wp-content\\\/uploads\\\/2017\\\/12\\\/el-diario-de-tucuman.jpg\",\"contentUrl\":\"http:\\\/\\\/www.eldiariodetucuman.com\\\/web\\\/wp-content\\\/uploads\\\/2017\\\/12\\\/el-diario-de-tucuman.jpg\",\"width\":272,\"height\":92,\"caption\":\"El Diario de Tucuman\"},\"image\":{\"@id\":\"https:\\\/\\\/www.eldiariodetucuman.com\\\/web\\\/#\\\/schema\\\/logo\\\/image\\\/\"}},{\"@type\":\"Person\",\"@id\":\"https:\\\/\\\/www.eldiariodetucuman.com\\\/web\\\/#\\\/schema\\\/person\\\/9250197d75ab5483412e19678b121caa\",\"name\":\"admin\",\"image\":{\"@type\":\"ImageObject\",\"inLanguage\":\"es\",\"@id\":\"https:\\\/\\\/secure.gravatar.com\\\/avatar\\\/c44d117c2be811212c22cb481f6b8384b6873de103fbc49e7a03cc58d7dea4ac?s=96&d=mm&r=g\",\"url\":\"https:\\\/\\\/secure.gravatar.com\\\/avatar\\\/c44d117c2be811212c22cb481f6b8384b6873de103fbc49e7a03cc58d7dea4ac?s=96&d=mm&r=g\",\"contentUrl\":\"https:\\\/\\\/secure.gravatar.com\\\/avatar\\\/c44d117c2be811212c22cb481f6b8384b6873de103fbc49e7a03cc58d7dea4ac?s=96&d=mm&r=g\",\"caption\":\"admin\"},\"url\":\"https:\\\/\\\/www.eldiariodetucuman.com\\\/web\\\/author\\\/admin\\\/\"}]}<\/script>\n<!-- \/ Yoast SEO plugin. -->","yoast_head_json":{"title":"A San Rafael llegan obras para mejorar la calidad de vida - El Diario de Tucuman","robots":{"index":"index","follow":"follow","max-snippet":"max-snippet:-1","max-image-preview":"max-image-preview:large","max-video-preview":"max-video-preview:-1"},"canonical":"https:\/\/www.eldiariodetucuman.com\/web\/a-san-rafael-llegan-obras-para-mejorar-la-calidad-de-vida-2\/","og_locale":"es_ES","og_type":"article","og_title":"A San Rafael llegan obras para mejorar la calidad de vida - El Diario de Tucuman","og_description":"El gobernador, Juan Manzur, supervis\u00f3 obras de infraestructura en la localidad de San Rafael, en Lules: pavimento, alumbrado p\u00fablico, agua potable, cloacas y revalorizaci\u00f3n de espacios p\u00fablicos. El titular del Ejecutivo provincial estuvo acompa\u00f1ado por el vicegobernador, Osvaldo Jaldo, ministro del Interior de la Naci\u00f3n, Rogelio Frigerio, su par provincial, Miguel Acevedo, el ministro de [&hellip;]","og_url":"https:\/\/www.eldiariodetucuman.com\/web\/a-san-rafael-llegan-obras-para-mejorar-la-calidad-de-vida-2\/","og_site_name":"El Diario de Tucuman","article_published_time":"2018-06-06T15:09:30+00:00","article_modified_time":"2018-06-06T15:09:31+00:00","og_image":[{"width":300,"height":166,"url":"https:\/\/www.eldiariodetucuman.com\/web\/wp-content\/uploads\/2018\/06\/014f9de508d559d1b1d99cf480b6c719.jpeg","type":"image\/jpeg"}],"author":"admin","twitter_card":"summary_large_image","twitter_misc":{"Escrito por":"admin","Tiempo de lectura":"1 minuto"},"schema":{"@context":"https:\/\/schema.org","@graph":[{"@type":"Article","@id":"https:\/\/www.eldiariodetucuman.com\/web\/a-san-rafael-llegan-obras-para-mejorar-la-calidad-de-vida-2\/#article","isPartOf":{"@id":"https:\/\/www.eldiariodetucuman.com\/web\/a-san-rafael-llegan-obras-para-mejorar-la-calidad-de-vida-2\/"},"author":{"name":"admin","@id":"https:\/\/www.eldiariodetucuman.com\/web\/#\/schema\/person\/9250197d75ab5483412e19678b121caa"},"headline":"A San Rafael llegan obras para mejorar la calidad de vida","datePublished":"2018-06-06T15:09:30+00:00","dateModified":"2018-06-06T15:09:31+00:00","mainEntityOfPage":{"@id":"https:\/\/www.eldiariodetucuman.com\/web\/a-san-rafael-llegan-obras-para-mejorar-la-calidad-de-vida-2\/"},"wordCount":305,"commentCount":0,"publisher":{"@id":"https:\/\/www.eldiariodetucuman.com\/web\/#organization"},"image":{"@id":"https:\/\/www.eldiariodetucuman.com\/web\/a-san-rafael-llegan-obras-para-mejorar-la-calidad-de-vida-2\/#primaryimage"},"thumbnailUrl":"https:\/\/www.eldiariodetucuman.com\/web\/wp-content\/uploads\/2018\/06\/014f9de508d559d1b1d99cf480b6c719.jpeg","articleSection":["Politica"],"inLanguage":"es","potentialAction":[{"@type":"CommentAction","name":"Comment","target":["https:\/\/www.eldiariodetucuman.com\/web\/a-san-rafael-llegan-obras-para-mejorar-la-calidad-de-vida-2\/#respond"]}]},{"@type":"WebPage","@id":"https:\/\/www.eldiariodetucuman.com\/web\/a-san-rafael-llegan-obras-para-mejorar-la-calidad-de-vida-2\/","url":"https:\/\/www.eldiariodetucuman.com\/web\/a-san-rafael-llegan-obras-para-mejorar-la-calidad-de-vida-2\/","name":"A San Rafael llegan obras para mejorar la calidad de vida - El Diario de Tucuman","isPartOf":{"@id":"https:\/\/www.eldiariodetucuman.com\/web\/#website"},"primaryImageOfPage":{"@id":"https:\/\/www.eldiariodetucuman.com\/web\/a-san-rafael-llegan-obras-para-mejorar-la-calidad-de-vida-2\/#primaryimage"},"image":{"@id":"https:\/\/www.eldiariodetucuman.com\/web\/a-san-rafael-llegan-obras-para-mejorar-la-calidad-de-vida-2\/#primaryimage"},"thumbnailUrl":"https:\/\/www.eldiariodetucuman.com\/web\/wp-content\/uploads\/2018\/06\/014f9de508d559d1b1d99cf480b6c719.jpeg","datePublished":"2018-06-06T15:09:30+00:00","dateModified":"2018-06-06T15:09:31+00:00","breadcrumb":{"@id":"https:\/\/www.eldiariodetucuman.com\/web\/a-san-rafael-llegan-obras-para-mejorar-la-calidad-de-vida-2\/#breadcrumb"},"inLanguage":"es","potentialAction":[{"@type":"ReadAction","target":["https:\/\/www.eldiariodetucuman.com\/web\/a-san-rafael-llegan-obras-para-mejorar-la-calidad-de-vida-2\/"]}]},{"@type":"ImageObject","inLanguage":"es","@id":"https:\/\/www.eldiariodetucuman.com\/web\/a-san-rafael-llegan-obras-para-mejorar-la-calidad-de-vida-2\/#primaryimage","url":"https:\/\/www.eldiariodetucuman.com\/web\/wp-content\/uploads\/2018\/06\/014f9de508d559d1b1d99cf480b6c719.jpeg","contentUrl":"https:\/\/www.eldiariodetucuman.com\/web\/wp-content\/uploads\/2018\/06\/014f9de508d559d1b1d99cf480b6c719.jpeg","width":300,"height":166},{"@type":"BreadcrumbList","@id":"https:\/\/www.eldiariodetucuman.com\/web\/a-san-rafael-llegan-obras-para-mejorar-la-calidad-de-vida-2\/#breadcrumb","itemListElement":[{"@type":"ListItem","position":1,"name":"Portada","item":"https:\/\/www.eldiariodetucuman.com\/web\/"},{"@type":"ListItem","position":2,"name":"A San Rafael llegan obras para mejorar la calidad de vida"}]},{"@type":"WebSite","@id":"https:\/\/www.eldiariodetucuman.com\/web\/#website","url":"https:\/\/www.eldiariodetucuman.com\/web\/","name":"El Diario de Tucuman","description":"Diario Tucuman - Informaci\u00f3n y noticias","publisher":{"@id":"https:\/\/www.eldiariodetucuman.com\/web\/#organization"},"potentialAction":[{"@type":"SearchAction","target":{"@type":"EntryPoint","urlTemplate":"https:\/\/www.eldiariodetucuman.com\/web\/?s={search_term_string}"},"query-input":{"@type":"PropertyValueSpecification","valueRequired":true,"valueName":"search_term_string"}}],"inLanguage":"es"},{"@type":"Organization","@id":"https:\/\/www.eldiariodetucuman.com\/web\/#organization","name":"El Diario de Tucuman","url":"https:\/\/www.eldiariodetucuman.com\/web\/","logo":{"@type":"ImageObject","inLanguage":"es","@id":"https:\/\/www.eldiariodetucuman.com\/web\/#\/schema\/logo\/image\/","url":"http:\/\/www.eldiariodetucuman.com\/web\/wp-content\/uploads\/2017\/12\/el-diario-de-tucuman.jpg","contentUrl":"http:\/\/www.eldiariodetucuman.com\/web\/wp-content\/uploads\/2017\/12\/el-diario-de-tucuman.jpg","width":272,"height":92,"caption":"El Diario de Tucuman"},"image":{"@id":"https:\/\/www.eldiariodetucuman.com\/web\/#\/schema\/logo\/image\/"}},{"@type":"Person","@id":"https:\/\/www.eldiariodetucuman.com\/web\/#\/schema\/person\/9250197d75ab5483412e19678b121caa","name":"admin","image":{"@type":"ImageObject","inLanguage":"es","@id":"https:\/\/secure.gravatar.com\/avatar\/c44d117c2be811212c22cb481f6b8384b6873de103fbc49e7a03cc58d7dea4ac?s=96&d=mm&r=g","url":"https:\/\/secure.gravatar.com\/avatar\/c44d117c2be811212c22cb481f6b8384b6873de103fbc49e7a03cc58d7dea4ac?s=96&d=mm&r=g","contentUrl":"https:\/\/secure.gravatar.com\/avatar\/c44d117c2be811212c22cb481f6b8384b6873de103fbc49e7a03cc58d7dea4ac?s=96&d=mm&r=g","caption":"admin"},"url":"https:\/\/www.eldiariodetucuman.com\/web\/author\/admin\/"}]}},"_links":{"self":[{"href":"https:\/\/www.eldiariodetucuman.com\/web\/wp-json\/wp\/v2\/posts\/11871","targetHints":{"allow":["GET"]}}],"collection":[{"href":"https:\/\/www.eldiariodetucuman.com\/web\/wp-json\/wp\/v2\/posts"}],"about":[{"href":"https:\/\/www.eldiariodetucuman.com\/web\/wp-json\/wp\/v2\/types\/post"}],"author":[{"embeddable":true,"href":"https:\/\/www.eldiariodetucuman.com\/web\/wp-json\/wp\/v2\/users\/1"}],"replies":[{"embeddable":true,"href":"https:\/\/www.eldiariodetucuman.com\/web\/wp-json\/wp\/v2\/comments?post=11871"}],"version-history":[{"count":1,"href":"https:\/\/www.eldiariodetucuman.com\/web\/wp-json\/wp\/v2\/posts\/11871\/revisions"}],"predecessor-version":[{"id":11873,"href":"https:\/\/www.eldiariodetucuman.com\/web\/wp-json\/wp\/v2\/posts\/11871\/revisions\/11873"}],"wp:featuredmedia":[{"embeddable":true,"href":"https:\/\/www.eldiariodetucuman.com\/web\/wp-json\/wp\/v2\/media\/11872"}],"wp:attachment":[{"href":"https:\/\/www.eldiariodetucuman.com\/web\/wp-json\/wp\/v2\/media?parent=11871"}],"wp:term":[{"taxonomy":"category","embeddable":true,"href":"https:\/\/www.eldiariodetucuman.com\/web\/wp-json\/wp\/v2\/categories?post=11871"},{"taxonomy":"post_tag","embeddable":true,"href":"https:\/\/www.eldiariodetucuman.com\/web\/wp-json\/wp\/v2\/tags?post=11871"}],"curies":[{"name":"wp","href":"https:\/\/api.w.org\/{rel}","templated":true}]}}