{"id":11592,"date":"2018-06-02T00:08:30","date_gmt":"2018-06-02T03:08:30","guid":{"rendered":"http:\/\/www.eldiariodetucuman.com\/web\/mas-de-1-000-ninos-de-concepcion-viajan-seguros-con-el-boleto-estudiantil-2\/"},"modified":"2018-06-02T00:08:30","modified_gmt":"2018-06-02T03:08:30","slug":"mas-de-1-000-ninos-de-concepcion-viajan-seguros-con-el-boleto-estudiantil-2","status":"publish","type":"post","link":"https:\/\/www.eldiariodetucuman.com\/web\/mas-de-1-000-ninos-de-concepcion-viajan-seguros-con-el-boleto-estudiantil-2\/","title":{"rendered":"M\u00e1s de 1.000 ni\u00f1os de Concepci\u00f3n viajan seguros con el Boleto Estudiantil"},"content":{"rendered":"<div>\n<div readability=\"68\">\n<p>El Boleto Estudiantil Gratuito (BEG) contin\u00faa siendo entregado en diferentes puntos de la provincia. En la oportunidad, el vicegobernador, a cargo del Poder Ejecutivo, <strong>Osvaldo Jaldo<\/strong> concret\u00f3 una nueva adjudicaci\u00f3n del beneficio a 200 estudiantes de Concepci\u00f3n. En esa ciudad el BEG ya lleg\u00f3 a 1.100 ni\u00f1os y adolescentes.<\/p>\n<blockquote readability=\"13\">\n<p>Esta es la entrega de una segunda etapa del BEG en Concepci\u00f3n, ya estamos superando los 1.100 pases\u00a0en este municipio, que son una ayuda importante para los hogares que tienen chicos que mandar a la escuela, para las mam\u00e1s y pap\u00e1s en estos momentos dif\u00edciles, para quienes perciben un sueldo y no llegan a fin de mes o quienes no tienen un ingreso permanente\u201d, sostuvo Jaldo.<\/p>\n<\/blockquote>\n<p>El acto de entrega se llev\u00f3 a cabo en el Concejo Deliberante de la ciudad del sur, donde el Vicegobernador estuvo acompa\u00f1ado por los legisladores provinciales <strong>Sandra Mendoza<\/strong>, <strong>Nancy Bulacio<\/strong>, <strong>Javier Pucharras<\/strong> y <strong>Luis Morghenstein<\/strong>.<\/p>\n<p><a href=\"http:\/\/comunicaciontucuman.gob.ar\/wp-content\/uploads\/2018\/06\/boleto-estudiantil-concepcion.jpeg\"><img loading=\"lazy\" decoding=\"async\" class=\"size-medium wp-image-165776 aligncenter\" src=\"http:\/\/comunicaciontucuman.gob.ar\/wp-content\/uploads\/2018\/06\/boleto-estudiantil-concepcion-300x166.jpeg\" alt=\"boleto-estudiantil-concepcion\" width=\"300\" height=\"166\"><\/a><\/p>\n<p>El BEG permite garantizar la seguridad de los ni\u00f1os que asisten a la escuela, dado que se movilizan en transporte p\u00fablico, e incentiva la presencia de los alumnos en los establecimientos educativos, remarc\u00f3 Jaldo. \u201cQueremos que los chicos del interior tengan las mismas posibilidades que los de San Miguel de Tucum\u00e1n para que puedan trasladarse a la escuela\u201d, concluy\u00f3.<\/p>\n<p><b>Reuni\u00f3n con vecinos<\/b><\/p>\n<p><b><a href=\"http:\/\/comunicaciontucuman.gob.ar\/wp-content\/uploads\/2018\/06\/Jaldo-vecinos-LS-5.jpg\"><img loading=\"lazy\" decoding=\"async\" class=\"size-medium wp-image-165785 alignright\" src=\"http:\/\/comunicaciontucuman.gob.ar\/wp-content\/uploads\/2018\/06\/Jaldo-vecinos-LS-5-300x166.jpg\" alt=\"Jaldo-vecinos-LS-5\" width=\"300\" height=\"166\"><\/a><\/b><\/p>\n<p>Durante su visita a Concepci\u00f3n, Jaldo se reuni\u00f3 con una familia del barrio F\u00e1tima, cuya vivienda se hab\u00eda incendiado el a\u00f1o pasado a causa de un cortocircuito en las instalaciones el\u00e9ctricas. Los concejales de Concepci\u00f3n con respaldo del Gobierno de la Provincia ayudaron a<strong> Agostina G\u00f3mez<\/strong> a reconstruir su casa. \u201cVe\u00eda muy lejano el volver a tener mi casa, porque tuvimos una p\u00e9rdida muy grande a causa del incendio. Perd\u00ed todo en septiembre del a\u00f1o pasado. Pero hoy quiero agradecer la gran ayuda que me dieron\u201d, cont\u00f3 G\u00f3mez.<\/p>\n<\/div>\n<\/div>\n<p>Fuente: http:\/\/comunicaciontucuman.gob.ar\/2018\/06\/mas-de-1-000-ninos-de-concepcion-viajan-seguros-con-el-boleto-estudiantil\/<\/p>\n","protected":false},"excerpt":{"rendered":"<p>El Boleto Estudiantil Gratuito (BEG) contin\u00faa siendo entregado en diferentes puntos de la provincia. En la oportunidad, el vicegobernador, a cargo del Poder Ejecutivo, Osvaldo Jaldo concret\u00f3 una nueva adjudicaci\u00f3n del beneficio a 200 estudiantes de Concepci\u00f3n. En esa ciudad el BEG ya lleg\u00f3 a 1.100 ni\u00f1os y adolescentes. Esta es la entrega de una [&hellip;]<\/p>\n","protected":false},"author":1,"featured_media":11593,"comment_status":"open","ping_status":"closed","sticky":false,"template":"","format":"standard","meta":{"footnotes":""},"categories":[3],"tags":[],"class_list":{"0":"post-11592","1":"post","2":"type-post","3":"status-publish","4":"format-standard","5":"has-post-thumbnail","7":"category-politica"},"yoast_head":"<!-- This site is optimized with the Yoast SEO plugin v27.4 - https:\/\/yoast.com\/product\/yoast-seo-wordpress\/ -->\n<title>M\u00e1s de 1.000 ni\u00f1os de Concepci\u00f3n viajan seguros con el Boleto Estudiantil - El Diario de Tucuman<\/title>\n<meta name=\"robots\" content=\"index, follow, max-snippet:-1, max-image-preview:large, max-video-preview:-1\" \/>\n<link rel=\"canonical\" href=\"https:\/\/www.eldiariodetucuman.com\/web\/mas-de-1-000-ninos-de-concepcion-viajan-seguros-con-el-boleto-estudiantil-2\/\" \/>\n<meta property=\"og:locale\" content=\"es_ES\" \/>\n<meta property=\"og:type\" content=\"article\" \/>\n<meta property=\"og:title\" content=\"M\u00e1s de 1.000 ni\u00f1os de Concepci\u00f3n viajan seguros con el Boleto Estudiantil - El Diario de Tucuman\" \/>\n<meta property=\"og:description\" content=\"El Boleto Estudiantil Gratuito (BEG) contin\u00faa siendo entregado en diferentes puntos de la provincia. En la oportunidad, el vicegobernador, a cargo del Poder Ejecutivo, Osvaldo Jaldo concret\u00f3 una nueva adjudicaci\u00f3n del beneficio a 200 estudiantes de Concepci\u00f3n. En esa ciudad el BEG ya lleg\u00f3 a 1.100 ni\u00f1os y adolescentes. Esta es la entrega de una [&hellip;]\" \/>\n<meta property=\"og:url\" content=\"https:\/\/www.eldiariodetucuman.com\/web\/mas-de-1-000-ninos-de-concepcion-viajan-seguros-con-el-boleto-estudiantil-2\/\" \/>\n<meta property=\"og:site_name\" content=\"El Diario de Tucuman\" \/>\n<meta property=\"article:published_time\" content=\"2018-06-02T03:08:30+00:00\" \/>\n<meta property=\"og:image\" content=\"https:\/\/www.eldiariodetucuman.com\/web\/wp-content\/uploads\/2018\/06\/7176c81626ed4a1759da64f37fb2bd44.jpeg\" \/>\n\t<meta property=\"og:image:width\" content=\"300\" \/>\n\t<meta property=\"og:image:height\" content=\"166\" \/>\n\t<meta property=\"og:image:type\" content=\"image\/jpeg\" \/>\n<meta name=\"author\" content=\"admin\" \/>\n<meta name=\"twitter:card\" content=\"summary_large_image\" \/>\n<meta name=\"twitter:label1\" content=\"Escrito por\" \/>\n\t<meta name=\"twitter:data1\" content=\"admin\" \/>\n\t<meta name=\"twitter:label2\" content=\"Tiempo de lectura\" \/>\n\t<meta name=\"twitter:data2\" content=\"2 minutos\" \/>\n<script type=\"application\/ld+json\" class=\"yoast-schema-graph\">{\"@context\":\"https:\\\/\\\/schema.org\",\"@graph\":[{\"@type\":\"Article\",\"@id\":\"https:\\\/\\\/www.eldiariodetucuman.com\\\/web\\\/mas-de-1-000-ninos-de-concepcion-viajan-seguros-con-el-boleto-estudiantil-2\\\/#article\",\"isPartOf\":{\"@id\":\"https:\\\/\\\/www.eldiariodetucuman.com\\\/web\\\/mas-de-1-000-ninos-de-concepcion-viajan-seguros-con-el-boleto-estudiantil-2\\\/\"},\"author\":{\"name\":\"admin\",\"@id\":\"https:\\\/\\\/www.eldiariodetucuman.com\\\/web\\\/#\\\/schema\\\/person\\\/9250197d75ab5483412e19678b121caa\"},\"headline\":\"M\u00e1s de 1.000 ni\u00f1os de Concepci\u00f3n viajan seguros con el Boleto Estudiantil\",\"datePublished\":\"2018-06-02T03:08:30+00:00\",\"mainEntityOfPage\":{\"@id\":\"https:\\\/\\\/www.eldiariodetucuman.com\\\/web\\\/mas-de-1-000-ninos-de-concepcion-viajan-seguros-con-el-boleto-estudiantil-2\\\/\"},\"wordCount\":344,\"commentCount\":0,\"publisher\":{\"@id\":\"https:\\\/\\\/www.eldiariodetucuman.com\\\/web\\\/#organization\"},\"image\":{\"@id\":\"https:\\\/\\\/www.eldiariodetucuman.com\\\/web\\\/mas-de-1-000-ninos-de-concepcion-viajan-seguros-con-el-boleto-estudiantil-2\\\/#primaryimage\"},\"thumbnailUrl\":\"https:\\\/\\\/www.eldiariodetucuman.com\\\/web\\\/wp-content\\\/uploads\\\/2018\\\/06\\\/7176c81626ed4a1759da64f37fb2bd44.jpeg\",\"articleSection\":[\"Politica\"],\"inLanguage\":\"es\",\"potentialAction\":[{\"@type\":\"CommentAction\",\"name\":\"Comment\",\"target\":[\"https:\\\/\\\/www.eldiariodetucuman.com\\\/web\\\/mas-de-1-000-ninos-de-concepcion-viajan-seguros-con-el-boleto-estudiantil-2\\\/#respond\"]}]},{\"@type\":\"WebPage\",\"@id\":\"https:\\\/\\\/www.eldiariodetucuman.com\\\/web\\\/mas-de-1-000-ninos-de-concepcion-viajan-seguros-con-el-boleto-estudiantil-2\\\/\",\"url\":\"https:\\\/\\\/www.eldiariodetucuman.com\\\/web\\\/mas-de-1-000-ninos-de-concepcion-viajan-seguros-con-el-boleto-estudiantil-2\\\/\",\"name\":\"M\u00e1s de 1.000 ni\u00f1os de Concepci\u00f3n viajan seguros con el Boleto Estudiantil - El Diario de Tucuman\",\"isPartOf\":{\"@id\":\"https:\\\/\\\/www.eldiariodetucuman.com\\\/web\\\/#website\"},\"primaryImageOfPage\":{\"@id\":\"https:\\\/\\\/www.eldiariodetucuman.com\\\/web\\\/mas-de-1-000-ninos-de-concepcion-viajan-seguros-con-el-boleto-estudiantil-2\\\/#primaryimage\"},\"image\":{\"@id\":\"https:\\\/\\\/www.eldiariodetucuman.com\\\/web\\\/mas-de-1-000-ninos-de-concepcion-viajan-seguros-con-el-boleto-estudiantil-2\\\/#primaryimage\"},\"thumbnailUrl\":\"https:\\\/\\\/www.eldiariodetucuman.com\\\/web\\\/wp-content\\\/uploads\\\/2018\\\/06\\\/7176c81626ed4a1759da64f37fb2bd44.jpeg\",\"datePublished\":\"2018-06-02T03:08:30+00:00\",\"breadcrumb\":{\"@id\":\"https:\\\/\\\/www.eldiariodetucuman.com\\\/web\\\/mas-de-1-000-ninos-de-concepcion-viajan-seguros-con-el-boleto-estudiantil-2\\\/#breadcrumb\"},\"inLanguage\":\"es\",\"potentialAction\":[{\"@type\":\"ReadAction\",\"target\":[\"https:\\\/\\\/www.eldiariodetucuman.com\\\/web\\\/mas-de-1-000-ninos-de-concepcion-viajan-seguros-con-el-boleto-estudiantil-2\\\/\"]}]},{\"@type\":\"ImageObject\",\"inLanguage\":\"es\",\"@id\":\"https:\\\/\\\/www.eldiariodetucuman.com\\\/web\\\/mas-de-1-000-ninos-de-concepcion-viajan-seguros-con-el-boleto-estudiantil-2\\\/#primaryimage\",\"url\":\"https:\\\/\\\/www.eldiariodetucuman.com\\\/web\\\/wp-content\\\/uploads\\\/2018\\\/06\\\/7176c81626ed4a1759da64f37fb2bd44.jpeg\",\"contentUrl\":\"https:\\\/\\\/www.eldiariodetucuman.com\\\/web\\\/wp-content\\\/uploads\\\/2018\\\/06\\\/7176c81626ed4a1759da64f37fb2bd44.jpeg\",\"width\":300,\"height\":166},{\"@type\":\"BreadcrumbList\",\"@id\":\"https:\\\/\\\/www.eldiariodetucuman.com\\\/web\\\/mas-de-1-000-ninos-de-concepcion-viajan-seguros-con-el-boleto-estudiantil-2\\\/#breadcrumb\",\"itemListElement\":[{\"@type\":\"ListItem\",\"position\":1,\"name\":\"Portada\",\"item\":\"https:\\\/\\\/www.eldiariodetucuman.com\\\/web\\\/\"},{\"@type\":\"ListItem\",\"position\":2,\"name\":\"M\u00e1s de 1.000 ni\u00f1os de Concepci\u00f3n viajan seguros con el Boleto Estudiantil\"}]},{\"@type\":\"WebSite\",\"@id\":\"https:\\\/\\\/www.eldiariodetucuman.com\\\/web\\\/#website\",\"url\":\"https:\\\/\\\/www.eldiariodetucuman.com\\\/web\\\/\",\"name\":\"El Diario de Tucuman\",\"description\":\"Diario Tucuman - Informaci\u00f3n y noticias\",\"publisher\":{\"@id\":\"https:\\\/\\\/www.eldiariodetucuman.com\\\/web\\\/#organization\"},\"potentialAction\":[{\"@type\":\"SearchAction\",\"target\":{\"@type\":\"EntryPoint\",\"urlTemplate\":\"https:\\\/\\\/www.eldiariodetucuman.com\\\/web\\\/?s={search_term_string}\"},\"query-input\":{\"@type\":\"PropertyValueSpecification\",\"valueRequired\":true,\"valueName\":\"search_term_string\"}}],\"inLanguage\":\"es\"},{\"@type\":\"Organization\",\"@id\":\"https:\\\/\\\/www.eldiariodetucuman.com\\\/web\\\/#organization\",\"name\":\"El Diario de Tucuman\",\"url\":\"https:\\\/\\\/www.eldiariodetucuman.com\\\/web\\\/\",\"logo\":{\"@type\":\"ImageObject\",\"inLanguage\":\"es\",\"@id\":\"https:\\\/\\\/www.eldiariodetucuman.com\\\/web\\\/#\\\/schema\\\/logo\\\/image\\\/\",\"url\":\"http:\\\/\\\/www.eldiariodetucuman.com\\\/web\\\/wp-content\\\/uploads\\\/2017\\\/12\\\/el-diario-de-tucuman.jpg\",\"contentUrl\":\"http:\\\/\\\/www.eldiariodetucuman.com\\\/web\\\/wp-content\\\/uploads\\\/2017\\\/12\\\/el-diario-de-tucuman.jpg\",\"width\":272,\"height\":92,\"caption\":\"El Diario de Tucuman\"},\"image\":{\"@id\":\"https:\\\/\\\/www.eldiariodetucuman.com\\\/web\\\/#\\\/schema\\\/logo\\\/image\\\/\"}},{\"@type\":\"Person\",\"@id\":\"https:\\\/\\\/www.eldiariodetucuman.com\\\/web\\\/#\\\/schema\\\/person\\\/9250197d75ab5483412e19678b121caa\",\"name\":\"admin\",\"image\":{\"@type\":\"ImageObject\",\"inLanguage\":\"es\",\"@id\":\"https:\\\/\\\/secure.gravatar.com\\\/avatar\\\/c44d117c2be811212c22cb481f6b8384b6873de103fbc49e7a03cc58d7dea4ac?s=96&d=mm&r=g\",\"url\":\"https:\\\/\\\/secure.gravatar.com\\\/avatar\\\/c44d117c2be811212c22cb481f6b8384b6873de103fbc49e7a03cc58d7dea4ac?s=96&d=mm&r=g\",\"contentUrl\":\"https:\\\/\\\/secure.gravatar.com\\\/avatar\\\/c44d117c2be811212c22cb481f6b8384b6873de103fbc49e7a03cc58d7dea4ac?s=96&d=mm&r=g\",\"caption\":\"admin\"},\"url\":\"https:\\\/\\\/www.eldiariodetucuman.com\\\/web\\\/author\\\/admin\\\/\"}]}<\/script>\n<!-- \/ Yoast SEO plugin. -->","yoast_head_json":{"title":"M\u00e1s de 1.000 ni\u00f1os de Concepci\u00f3n viajan seguros con el Boleto Estudiantil - El Diario de Tucuman","robots":{"index":"index","follow":"follow","max-snippet":"max-snippet:-1","max-image-preview":"max-image-preview:large","max-video-preview":"max-video-preview:-1"},"canonical":"https:\/\/www.eldiariodetucuman.com\/web\/mas-de-1-000-ninos-de-concepcion-viajan-seguros-con-el-boleto-estudiantil-2\/","og_locale":"es_ES","og_type":"article","og_title":"M\u00e1s de 1.000 ni\u00f1os de Concepci\u00f3n viajan seguros con el Boleto Estudiantil - El Diario de Tucuman","og_description":"El Boleto Estudiantil Gratuito (BEG) contin\u00faa siendo entregado en diferentes puntos de la provincia. En la oportunidad, el vicegobernador, a cargo del Poder Ejecutivo, Osvaldo Jaldo concret\u00f3 una nueva adjudicaci\u00f3n del beneficio a 200 estudiantes de Concepci\u00f3n. En esa ciudad el BEG ya lleg\u00f3 a 1.100 ni\u00f1os y adolescentes. Esta es la entrega de una [&hellip;]","og_url":"https:\/\/www.eldiariodetucuman.com\/web\/mas-de-1-000-ninos-de-concepcion-viajan-seguros-con-el-boleto-estudiantil-2\/","og_site_name":"El Diario de Tucuman","article_published_time":"2018-06-02T03:08:30+00:00","og_image":[{"width":300,"height":166,"url":"https:\/\/www.eldiariodetucuman.com\/web\/wp-content\/uploads\/2018\/06\/7176c81626ed4a1759da64f37fb2bd44.jpeg","type":"image\/jpeg"}],"author":"admin","twitter_card":"summary_large_image","twitter_misc":{"Escrito por":"admin","Tiempo de lectura":"2 minutos"},"schema":{"@context":"https:\/\/schema.org","@graph":[{"@type":"Article","@id":"https:\/\/www.eldiariodetucuman.com\/web\/mas-de-1-000-ninos-de-concepcion-viajan-seguros-con-el-boleto-estudiantil-2\/#article","isPartOf":{"@id":"https:\/\/www.eldiariodetucuman.com\/web\/mas-de-1-000-ninos-de-concepcion-viajan-seguros-con-el-boleto-estudiantil-2\/"},"author":{"name":"admin","@id":"https:\/\/www.eldiariodetucuman.com\/web\/#\/schema\/person\/9250197d75ab5483412e19678b121caa"},"headline":"M\u00e1s de 1.000 ni\u00f1os de Concepci\u00f3n viajan seguros con el Boleto Estudiantil","datePublished":"2018-06-02T03:08:30+00:00","mainEntityOfPage":{"@id":"https:\/\/www.eldiariodetucuman.com\/web\/mas-de-1-000-ninos-de-concepcion-viajan-seguros-con-el-boleto-estudiantil-2\/"},"wordCount":344,"commentCount":0,"publisher":{"@id":"https:\/\/www.eldiariodetucuman.com\/web\/#organization"},"image":{"@id":"https:\/\/www.eldiariodetucuman.com\/web\/mas-de-1-000-ninos-de-concepcion-viajan-seguros-con-el-boleto-estudiantil-2\/#primaryimage"},"thumbnailUrl":"https:\/\/www.eldiariodetucuman.com\/web\/wp-content\/uploads\/2018\/06\/7176c81626ed4a1759da64f37fb2bd44.jpeg","articleSection":["Politica"],"inLanguage":"es","potentialAction":[{"@type":"CommentAction","name":"Comment","target":["https:\/\/www.eldiariodetucuman.com\/web\/mas-de-1-000-ninos-de-concepcion-viajan-seguros-con-el-boleto-estudiantil-2\/#respond"]}]},{"@type":"WebPage","@id":"https:\/\/www.eldiariodetucuman.com\/web\/mas-de-1-000-ninos-de-concepcion-viajan-seguros-con-el-boleto-estudiantil-2\/","url":"https:\/\/www.eldiariodetucuman.com\/web\/mas-de-1-000-ninos-de-concepcion-viajan-seguros-con-el-boleto-estudiantil-2\/","name":"M\u00e1s de 1.000 ni\u00f1os de Concepci\u00f3n viajan seguros con el Boleto Estudiantil - El Diario de Tucuman","isPartOf":{"@id":"https:\/\/www.eldiariodetucuman.com\/web\/#website"},"primaryImageOfPage":{"@id":"https:\/\/www.eldiariodetucuman.com\/web\/mas-de-1-000-ninos-de-concepcion-viajan-seguros-con-el-boleto-estudiantil-2\/#primaryimage"},"image":{"@id":"https:\/\/www.eldiariodetucuman.com\/web\/mas-de-1-000-ninos-de-concepcion-viajan-seguros-con-el-boleto-estudiantil-2\/#primaryimage"},"thumbnailUrl":"https:\/\/www.eldiariodetucuman.com\/web\/wp-content\/uploads\/2018\/06\/7176c81626ed4a1759da64f37fb2bd44.jpeg","datePublished":"2018-06-02T03:08:30+00:00","breadcrumb":{"@id":"https:\/\/www.eldiariodetucuman.com\/web\/mas-de-1-000-ninos-de-concepcion-viajan-seguros-con-el-boleto-estudiantil-2\/#breadcrumb"},"inLanguage":"es","potentialAction":[{"@type":"ReadAction","target":["https:\/\/www.eldiariodetucuman.com\/web\/mas-de-1-000-ninos-de-concepcion-viajan-seguros-con-el-boleto-estudiantil-2\/"]}]},{"@type":"ImageObject","inLanguage":"es","@id":"https:\/\/www.eldiariodetucuman.com\/web\/mas-de-1-000-ninos-de-concepcion-viajan-seguros-con-el-boleto-estudiantil-2\/#primaryimage","url":"https:\/\/www.eldiariodetucuman.com\/web\/wp-content\/uploads\/2018\/06\/7176c81626ed4a1759da64f37fb2bd44.jpeg","contentUrl":"https:\/\/www.eldiariodetucuman.com\/web\/wp-content\/uploads\/2018\/06\/7176c81626ed4a1759da64f37fb2bd44.jpeg","width":300,"height":166},{"@type":"BreadcrumbList","@id":"https:\/\/www.eldiariodetucuman.com\/web\/mas-de-1-000-ninos-de-concepcion-viajan-seguros-con-el-boleto-estudiantil-2\/#breadcrumb","itemListElement":[{"@type":"ListItem","position":1,"name":"Portada","item":"https:\/\/www.eldiariodetucuman.com\/web\/"},{"@type":"ListItem","position":2,"name":"M\u00e1s de 1.000 ni\u00f1os de Concepci\u00f3n viajan seguros con el Boleto Estudiantil"}]},{"@type":"WebSite","@id":"https:\/\/www.eldiariodetucuman.com\/web\/#website","url":"https:\/\/www.eldiariodetucuman.com\/web\/","name":"El Diario de Tucuman","description":"Diario Tucuman - Informaci\u00f3n y noticias","publisher":{"@id":"https:\/\/www.eldiariodetucuman.com\/web\/#organization"},"potentialAction":[{"@type":"SearchAction","target":{"@type":"EntryPoint","urlTemplate":"https:\/\/www.eldiariodetucuman.com\/web\/?s={search_term_string}"},"query-input":{"@type":"PropertyValueSpecification","valueRequired":true,"valueName":"search_term_string"}}],"inLanguage":"es"},{"@type":"Organization","@id":"https:\/\/www.eldiariodetucuman.com\/web\/#organization","name":"El Diario de Tucuman","url":"https:\/\/www.eldiariodetucuman.com\/web\/","logo":{"@type":"ImageObject","inLanguage":"es","@id":"https:\/\/www.eldiariodetucuman.com\/web\/#\/schema\/logo\/image\/","url":"http:\/\/www.eldiariodetucuman.com\/web\/wp-content\/uploads\/2017\/12\/el-diario-de-tucuman.jpg","contentUrl":"http:\/\/www.eldiariodetucuman.com\/web\/wp-content\/uploads\/2017\/12\/el-diario-de-tucuman.jpg","width":272,"height":92,"caption":"El Diario de Tucuman"},"image":{"@id":"https:\/\/www.eldiariodetucuman.com\/web\/#\/schema\/logo\/image\/"}},{"@type":"Person","@id":"https:\/\/www.eldiariodetucuman.com\/web\/#\/schema\/person\/9250197d75ab5483412e19678b121caa","name":"admin","image":{"@type":"ImageObject","inLanguage":"es","@id":"https:\/\/secure.gravatar.com\/avatar\/c44d117c2be811212c22cb481f6b8384b6873de103fbc49e7a03cc58d7dea4ac?s=96&d=mm&r=g","url":"https:\/\/secure.gravatar.com\/avatar\/c44d117c2be811212c22cb481f6b8384b6873de103fbc49e7a03cc58d7dea4ac?s=96&d=mm&r=g","contentUrl":"https:\/\/secure.gravatar.com\/avatar\/c44d117c2be811212c22cb481f6b8384b6873de103fbc49e7a03cc58d7dea4ac?s=96&d=mm&r=g","caption":"admin"},"url":"https:\/\/www.eldiariodetucuman.com\/web\/author\/admin\/"}]}},"_links":{"self":[{"href":"https:\/\/www.eldiariodetucuman.com\/web\/wp-json\/wp\/v2\/posts\/11592","targetHints":{"allow":["GET"]}}],"collection":[{"href":"https:\/\/www.eldiariodetucuman.com\/web\/wp-json\/wp\/v2\/posts"}],"about":[{"href":"https:\/\/www.eldiariodetucuman.com\/web\/wp-json\/wp\/v2\/types\/post"}],"author":[{"embeddable":true,"href":"https:\/\/www.eldiariodetucuman.com\/web\/wp-json\/wp\/v2\/users\/1"}],"replies":[{"embeddable":true,"href":"https:\/\/www.eldiariodetucuman.com\/web\/wp-json\/wp\/v2\/comments?post=11592"}],"version-history":[{"count":1,"href":"https:\/\/www.eldiariodetucuman.com\/web\/wp-json\/wp\/v2\/posts\/11592\/revisions"}],"predecessor-version":[{"id":11594,"href":"https:\/\/www.eldiariodetucuman.com\/web\/wp-json\/wp\/v2\/posts\/11592\/revisions\/11594"}],"wp:featuredmedia":[{"embeddable":true,"href":"https:\/\/www.eldiariodetucuman.com\/web\/wp-json\/wp\/v2\/media\/11593"}],"wp:attachment":[{"href":"https:\/\/www.eldiariodetucuman.com\/web\/wp-json\/wp\/v2\/media?parent=11592"}],"wp:term":[{"taxonomy":"category","embeddable":true,"href":"https:\/\/www.eldiariodetucuman.com\/web\/wp-json\/wp\/v2\/categories?post=11592"},{"taxonomy":"post_tag","embeddable":true,"href":"https:\/\/www.eldiariodetucuman.com\/web\/wp-json\/wp\/v2\/tags?post=11592"}],"curies":[{"name":"wp","href":"https:\/\/api.w.org\/{rel}","templated":true}]}}