{"id":1107,"date":"2016-03-15T23:47:05","date_gmt":"2016-03-15T23:47:05","guid":{"rendered":"http:\/\/www.eldiariodetucuman.com\/web\/?p=1107"},"modified":"2016-03-15T23:47:05","modified_gmt":"2016-03-15T23:47:05","slug":"diego-bossio-yo-enfrente-a-los-buitres-dos-veces-estamos-negociando-con-la-peor-lacra","status":"publish","type":"post","link":"https:\/\/www.eldiariodetucuman.com\/web\/diego-bossio-yo-enfrente-a-los-buitres-dos-veces-estamos-negociando-con-la-peor-lacra\/","title":{"rendered":"Diego Bossio: \u00abyo enfrent\u00e9 a los buitres dos veces; estamos negociando con la peor lacra\u00bb"},"content":{"rendered":"<p>El diputado nacional Diego Bossio (PJ), que recientemente se escindi\u00f3 del bloque del Frente para la Victoria (FPV), record\u00f3 su gesti\u00f3n como jefe de la Anses bajo el gobierno de Cristina Fern\u00e1ndez durante la sesi\u00f3n de esta tarde donde se disute el acuerdo que propone Cambiemos frente a los tenedores de bonos de deuda restructurada. El diputado adelant\u00f3 que votar\u00e1 a favor del proyecto de Mauricio Macri.<!--more--><\/p>\n<p>\u00abNegociar con los buitres es negociar con la peor lacra. Tienen las peores m\u00e9todos. Me levant\u00e9 y hab\u00edan levantado los bienes de Anses. Yo enfrent\u00e9 a los buitres dos veces. Estamos negociando con la peor lacra del sistema financiero internacional\u00bb, dijo Bossio durante su alocuci\u00f3n en la sesi\u00f3n especial que se celebra en la C\u00e1mara de Diputados para votar el proyecto de ley que busca derogar las leyes Cerrojo y de Pago Soberano.<\/p>\n<p>\u00abNosotros entendemos que tiene que haber un nuevo cap\u00edtulo a cerrar en la Argentina. No creemos que esto sea tan lineal de pensar que baja un punto la tasa de inter\u00e9s. Pero tenemos que resolverlo, simplemente porque hay que empezar a resolver los problemas de la Argentina. Tienen que ver con el trabajo, la inclusi\u00f3n. Con los jubilados\u00bb, sostuvo.<\/p>\n<p>Y lanz\u00f3 una cr\u00edtica solapada al bloque kirchnerista: \u00abNo apostamos al fracaso. Quien apuesta al fracaso apuesta no al fracaso de un gobierno sino al fracaso de todos. As\u00ed nos hablaba N\u00e9stor Kirchner. Muchos hablaban del fracaso\u00bb, clam\u00f3.<\/p>\n<p>\u00abTenemos que tener puntos de coincidencia. No podemos vivir en lucha permanente. Tenemos que instalar un proyecto que nos una a todos. Tenemos que resolver\u00bb, agreg\u00f3. En el mismo sentido a\u00f1adi\u00f3: \u00abTenemos que poner por encima de los intereses partidarios, los intereses de la patria. Por eso hemos discutido y hemos tenido una responsabilidad. Hemos pedido un informe de 16 puntos al ejecutivo. Estas cosas hay que tomarlas con prudencia y responsabilidad\u00bb, dijo.<\/p>\n<p>\u00abVamos a aprobar y estamos convencidos de que la Argentina tiene que dar un paso adelante, es importante que se deroguen las leyes de Pago Soberano y Cerrojo\u00bb, sostuvo.<\/p>\n<p>Fuente: La Gaceta<\/p>\n","protected":false},"excerpt":{"rendered":"<p>El diputado nacional Diego Bossio (PJ), que recientemente se escindi\u00f3 del bloque del Frente para la Victoria (FPV), record\u00f3 su gesti\u00f3n como jefe de la Anses bajo el gobierno de Cristina Fern\u00e1ndez durante la sesi\u00f3n de esta tarde donde se disute el acuerdo que propone Cambiemos frente a los tenedores de bonos de deuda restructurada. [&hellip;]<\/p>\n","protected":false},"author":3,"featured_media":1108,"comment_status":"closed","ping_status":"open","sticky":false,"template":"","format":"standard","meta":{"footnotes":""},"categories":[1],"tags":[],"class_list":{"0":"post-1107","1":"post","2":"type-post","3":"status-publish","4":"format-standard","5":"has-post-thumbnail","7":"category-portada"},"yoast_head":"<!-- This site is optimized with the Yoast SEO plugin v27.4 - https:\/\/yoast.com\/product\/yoast-seo-wordpress\/ -->\n<title>Diego Bossio: &quot;yo enfrent\u00e9 a los buitres dos veces; estamos negociando con la peor lacra&quot; - El Diario de Tucuman<\/title>\n<meta name=\"robots\" content=\"index, follow, max-snippet:-1, max-image-preview:large, max-video-preview:-1\" \/>\n<link rel=\"canonical\" href=\"https:\/\/www.eldiariodetucuman.com\/web\/diego-bossio-yo-enfrente-a-los-buitres-dos-veces-estamos-negociando-con-la-peor-lacra\/\" \/>\n<meta property=\"og:locale\" content=\"es_ES\" \/>\n<meta property=\"og:type\" content=\"article\" \/>\n<meta property=\"og:title\" content=\"Diego Bossio: &quot;yo enfrent\u00e9 a los buitres dos veces; estamos negociando con la peor lacra&quot; - El Diario de Tucuman\" \/>\n<meta property=\"og:description\" content=\"El diputado nacional Diego Bossio (PJ), que recientemente se escindi\u00f3 del bloque del Frente para la Victoria (FPV), record\u00f3 su gesti\u00f3n como jefe de la Anses bajo el gobierno de Cristina Fern\u00e1ndez durante la sesi\u00f3n de esta tarde donde se disute el acuerdo que propone Cambiemos frente a los tenedores de bonos de deuda restructurada. [&hellip;]\" \/>\n<meta property=\"og:url\" content=\"https:\/\/www.eldiariodetucuman.com\/web\/diego-bossio-yo-enfrente-a-los-buitres-dos-veces-estamos-negociando-con-la-peor-lacra\/\" \/>\n<meta property=\"og:site_name\" content=\"El Diario de Tucuman\" \/>\n<meta property=\"article:published_time\" content=\"2016-03-15T23:47:05+00:00\" \/>\n<meta property=\"og:image\" content=\"https:\/\/www.eldiariodetucuman.com\/web\/wp-content\/uploads\/2016\/03\/bossio.jpg\" \/>\n\t<meta property=\"og:image:width\" content=\"970\" \/>\n\t<meta property=\"og:image:height\" content=\"546\" \/>\n\t<meta property=\"og:image:type\" content=\"image\/jpeg\" \/>\n<meta name=\"author\" content=\"El diario de Tucuman\" \/>\n<meta name=\"twitter:card\" content=\"summary_large_image\" \/>\n<meta name=\"twitter:label1\" content=\"Escrito por\" \/>\n\t<meta name=\"twitter:data1\" content=\"El diario de Tucuman\" \/>\n\t<meta name=\"twitter:label2\" content=\"Tiempo de lectura\" \/>\n\t<meta name=\"twitter:data2\" content=\"2 minutos\" \/>\n<script type=\"application\/ld+json\" class=\"yoast-schema-graph\">{\"@context\":\"https:\\\/\\\/schema.org\",\"@graph\":[{\"@type\":\"Article\",\"@id\":\"https:\\\/\\\/www.eldiariodetucuman.com\\\/web\\\/diego-bossio-yo-enfrente-a-los-buitres-dos-veces-estamos-negociando-con-la-peor-lacra\\\/#article\",\"isPartOf\":{\"@id\":\"https:\\\/\\\/www.eldiariodetucuman.com\\\/web\\\/diego-bossio-yo-enfrente-a-los-buitres-dos-veces-estamos-negociando-con-la-peor-lacra\\\/\"},\"author\":{\"name\":\"El diario de Tucuman\",\"@id\":\"https:\\\/\\\/www.eldiariodetucuman.com\\\/web\\\/#\\\/schema\\\/person\\\/3adbe300ecd6242af93c97dab1dc3ba1\"},\"headline\":\"Diego Bossio: \u00abyo enfrent\u00e9 a los buitres dos veces; estamos negociando con la peor lacra\u00bb\",\"datePublished\":\"2016-03-15T23:47:05+00:00\",\"mainEntityOfPage\":{\"@id\":\"https:\\\/\\\/www.eldiariodetucuman.com\\\/web\\\/diego-bossio-yo-enfrente-a-los-buitres-dos-veces-estamos-negociando-con-la-peor-lacra\\\/\"},\"wordCount\":370,\"publisher\":{\"@id\":\"https:\\\/\\\/www.eldiariodetucuman.com\\\/web\\\/#organization\"},\"image\":{\"@id\":\"https:\\\/\\\/www.eldiariodetucuman.com\\\/web\\\/diego-bossio-yo-enfrente-a-los-buitres-dos-veces-estamos-negociando-con-la-peor-lacra\\\/#primaryimage\"},\"thumbnailUrl\":\"https:\\\/\\\/www.eldiariodetucuman.com\\\/web\\\/wp-content\\\/uploads\\\/2016\\\/03\\\/bossio.jpg\",\"articleSection\":[\"Portada\"],\"inLanguage\":\"es\"},{\"@type\":\"WebPage\",\"@id\":\"https:\\\/\\\/www.eldiariodetucuman.com\\\/web\\\/diego-bossio-yo-enfrente-a-los-buitres-dos-veces-estamos-negociando-con-la-peor-lacra\\\/\",\"url\":\"https:\\\/\\\/www.eldiariodetucuman.com\\\/web\\\/diego-bossio-yo-enfrente-a-los-buitres-dos-veces-estamos-negociando-con-la-peor-lacra\\\/\",\"name\":\"Diego Bossio: \\\"yo enfrent\u00e9 a los buitres dos veces; estamos negociando con la peor lacra\\\" - El Diario de Tucuman\",\"isPartOf\":{\"@id\":\"https:\\\/\\\/www.eldiariodetucuman.com\\\/web\\\/#website\"},\"primaryImageOfPage\":{\"@id\":\"https:\\\/\\\/www.eldiariodetucuman.com\\\/web\\\/diego-bossio-yo-enfrente-a-los-buitres-dos-veces-estamos-negociando-con-la-peor-lacra\\\/#primaryimage\"},\"image\":{\"@id\":\"https:\\\/\\\/www.eldiariodetucuman.com\\\/web\\\/diego-bossio-yo-enfrente-a-los-buitres-dos-veces-estamos-negociando-con-la-peor-lacra\\\/#primaryimage\"},\"thumbnailUrl\":\"https:\\\/\\\/www.eldiariodetucuman.com\\\/web\\\/wp-content\\\/uploads\\\/2016\\\/03\\\/bossio.jpg\",\"datePublished\":\"2016-03-15T23:47:05+00:00\",\"breadcrumb\":{\"@id\":\"https:\\\/\\\/www.eldiariodetucuman.com\\\/web\\\/diego-bossio-yo-enfrente-a-los-buitres-dos-veces-estamos-negociando-con-la-peor-lacra\\\/#breadcrumb\"},\"inLanguage\":\"es\",\"potentialAction\":[{\"@type\":\"ReadAction\",\"target\":[\"https:\\\/\\\/www.eldiariodetucuman.com\\\/web\\\/diego-bossio-yo-enfrente-a-los-buitres-dos-veces-estamos-negociando-con-la-peor-lacra\\\/\"]}]},{\"@type\":\"ImageObject\",\"inLanguage\":\"es\",\"@id\":\"https:\\\/\\\/www.eldiariodetucuman.com\\\/web\\\/diego-bossio-yo-enfrente-a-los-buitres-dos-veces-estamos-negociando-con-la-peor-lacra\\\/#primaryimage\",\"url\":\"https:\\\/\\\/www.eldiariodetucuman.com\\\/web\\\/wp-content\\\/uploads\\\/2016\\\/03\\\/bossio.jpg\",\"contentUrl\":\"https:\\\/\\\/www.eldiariodetucuman.com\\\/web\\\/wp-content\\\/uploads\\\/2016\\\/03\\\/bossio.jpg\",\"width\":970,\"height\":546},{\"@type\":\"BreadcrumbList\",\"@id\":\"https:\\\/\\\/www.eldiariodetucuman.com\\\/web\\\/diego-bossio-yo-enfrente-a-los-buitres-dos-veces-estamos-negociando-con-la-peor-lacra\\\/#breadcrumb\",\"itemListElement\":[{\"@type\":\"ListItem\",\"position\":1,\"name\":\"Portada\",\"item\":\"https:\\\/\\\/www.eldiariodetucuman.com\\\/web\\\/\"},{\"@type\":\"ListItem\",\"position\":2,\"name\":\"Diego Bossio: \u00abyo enfrent\u00e9 a los buitres dos veces; estamos negociando con la peor lacra\u00bb\"}]},{\"@type\":\"WebSite\",\"@id\":\"https:\\\/\\\/www.eldiariodetucuman.com\\\/web\\\/#website\",\"url\":\"https:\\\/\\\/www.eldiariodetucuman.com\\\/web\\\/\",\"name\":\"El Diario de Tucuman\",\"description\":\"Diario Tucuman - Informaci\u00f3n y noticias\",\"publisher\":{\"@id\":\"https:\\\/\\\/www.eldiariodetucuman.com\\\/web\\\/#organization\"},\"potentialAction\":[{\"@type\":\"SearchAction\",\"target\":{\"@type\":\"EntryPoint\",\"urlTemplate\":\"https:\\\/\\\/www.eldiariodetucuman.com\\\/web\\\/?s={search_term_string}\"},\"query-input\":{\"@type\":\"PropertyValueSpecification\",\"valueRequired\":true,\"valueName\":\"search_term_string\"}}],\"inLanguage\":\"es\"},{\"@type\":\"Organization\",\"@id\":\"https:\\\/\\\/www.eldiariodetucuman.com\\\/web\\\/#organization\",\"name\":\"El Diario de Tucuman\",\"url\":\"https:\\\/\\\/www.eldiariodetucuman.com\\\/web\\\/\",\"logo\":{\"@type\":\"ImageObject\",\"inLanguage\":\"es\",\"@id\":\"https:\\\/\\\/www.eldiariodetucuman.com\\\/web\\\/#\\\/schema\\\/logo\\\/image\\\/\",\"url\":\"http:\\\/\\\/www.eldiariodetucuman.com\\\/web\\\/wp-content\\\/uploads\\\/2017\\\/12\\\/el-diario-de-tucuman.jpg\",\"contentUrl\":\"http:\\\/\\\/www.eldiariodetucuman.com\\\/web\\\/wp-content\\\/uploads\\\/2017\\\/12\\\/el-diario-de-tucuman.jpg\",\"width\":272,\"height\":92,\"caption\":\"El Diario de Tucuman\"},\"image\":{\"@id\":\"https:\\\/\\\/www.eldiariodetucuman.com\\\/web\\\/#\\\/schema\\\/logo\\\/image\\\/\"}},{\"@type\":\"Person\",\"@id\":\"https:\\\/\\\/www.eldiariodetucuman.com\\\/web\\\/#\\\/schema\\\/person\\\/3adbe300ecd6242af93c97dab1dc3ba1\",\"name\":\"El diario de Tucuman\",\"image\":{\"@type\":\"ImageObject\",\"inLanguage\":\"es\",\"@id\":\"https:\\\/\\\/secure.gravatar.com\\\/avatar\\\/b7214de193b24d0bd708ac5516aa13d0f20c6560795bfbee06857d5c8ac2f0b2?s=96&d=mm&r=g\",\"url\":\"https:\\\/\\\/secure.gravatar.com\\\/avatar\\\/b7214de193b24d0bd708ac5516aa13d0f20c6560795bfbee06857d5c8ac2f0b2?s=96&d=mm&r=g\",\"contentUrl\":\"https:\\\/\\\/secure.gravatar.com\\\/avatar\\\/b7214de193b24d0bd708ac5516aa13d0f20c6560795bfbee06857d5c8ac2f0b2?s=96&d=mm&r=g\",\"caption\":\"El diario de Tucuman\"},\"url\":\"https:\\\/\\\/www.eldiariodetucuman.com\\\/web\\\/author\\\/mgiobellina\\\/\"}]}<\/script>\n<!-- \/ Yoast SEO plugin. -->","yoast_head_json":{"title":"Diego Bossio: \"yo enfrent\u00e9 a los buitres dos veces; estamos negociando con la peor lacra\" - El Diario de Tucuman","robots":{"index":"index","follow":"follow","max-snippet":"max-snippet:-1","max-image-preview":"max-image-preview:large","max-video-preview":"max-video-preview:-1"},"canonical":"https:\/\/www.eldiariodetucuman.com\/web\/diego-bossio-yo-enfrente-a-los-buitres-dos-veces-estamos-negociando-con-la-peor-lacra\/","og_locale":"es_ES","og_type":"article","og_title":"Diego Bossio: \"yo enfrent\u00e9 a los buitres dos veces; estamos negociando con la peor lacra\" - El Diario de Tucuman","og_description":"El diputado nacional Diego Bossio (PJ), que recientemente se escindi\u00f3 del bloque del Frente para la Victoria (FPV), record\u00f3 su gesti\u00f3n como jefe de la Anses bajo el gobierno de Cristina Fern\u00e1ndez durante la sesi\u00f3n de esta tarde donde se disute el acuerdo que propone Cambiemos frente a los tenedores de bonos de deuda restructurada. [&hellip;]","og_url":"https:\/\/www.eldiariodetucuman.com\/web\/diego-bossio-yo-enfrente-a-los-buitres-dos-veces-estamos-negociando-con-la-peor-lacra\/","og_site_name":"El Diario de Tucuman","article_published_time":"2016-03-15T23:47:05+00:00","og_image":[{"width":970,"height":546,"url":"https:\/\/www.eldiariodetucuman.com\/web\/wp-content\/uploads\/2016\/03\/bossio.jpg","type":"image\/jpeg"}],"author":"El diario de Tucuman","twitter_card":"summary_large_image","twitter_misc":{"Escrito por":"El diario de Tucuman","Tiempo de lectura":"2 minutos"},"schema":{"@context":"https:\/\/schema.org","@graph":[{"@type":"Article","@id":"https:\/\/www.eldiariodetucuman.com\/web\/diego-bossio-yo-enfrente-a-los-buitres-dos-veces-estamos-negociando-con-la-peor-lacra\/#article","isPartOf":{"@id":"https:\/\/www.eldiariodetucuman.com\/web\/diego-bossio-yo-enfrente-a-los-buitres-dos-veces-estamos-negociando-con-la-peor-lacra\/"},"author":{"name":"El diario de Tucuman","@id":"https:\/\/www.eldiariodetucuman.com\/web\/#\/schema\/person\/3adbe300ecd6242af93c97dab1dc3ba1"},"headline":"Diego Bossio: \u00abyo enfrent\u00e9 a los buitres dos veces; estamos negociando con la peor lacra\u00bb","datePublished":"2016-03-15T23:47:05+00:00","mainEntityOfPage":{"@id":"https:\/\/www.eldiariodetucuman.com\/web\/diego-bossio-yo-enfrente-a-los-buitres-dos-veces-estamos-negociando-con-la-peor-lacra\/"},"wordCount":370,"publisher":{"@id":"https:\/\/www.eldiariodetucuman.com\/web\/#organization"},"image":{"@id":"https:\/\/www.eldiariodetucuman.com\/web\/diego-bossio-yo-enfrente-a-los-buitres-dos-veces-estamos-negociando-con-la-peor-lacra\/#primaryimage"},"thumbnailUrl":"https:\/\/www.eldiariodetucuman.com\/web\/wp-content\/uploads\/2016\/03\/bossio.jpg","articleSection":["Portada"],"inLanguage":"es"},{"@type":"WebPage","@id":"https:\/\/www.eldiariodetucuman.com\/web\/diego-bossio-yo-enfrente-a-los-buitres-dos-veces-estamos-negociando-con-la-peor-lacra\/","url":"https:\/\/www.eldiariodetucuman.com\/web\/diego-bossio-yo-enfrente-a-los-buitres-dos-veces-estamos-negociando-con-la-peor-lacra\/","name":"Diego Bossio: \"yo enfrent\u00e9 a los buitres dos veces; estamos negociando con la peor lacra\" - El Diario de Tucuman","isPartOf":{"@id":"https:\/\/www.eldiariodetucuman.com\/web\/#website"},"primaryImageOfPage":{"@id":"https:\/\/www.eldiariodetucuman.com\/web\/diego-bossio-yo-enfrente-a-los-buitres-dos-veces-estamos-negociando-con-la-peor-lacra\/#primaryimage"},"image":{"@id":"https:\/\/www.eldiariodetucuman.com\/web\/diego-bossio-yo-enfrente-a-los-buitres-dos-veces-estamos-negociando-con-la-peor-lacra\/#primaryimage"},"thumbnailUrl":"https:\/\/www.eldiariodetucuman.com\/web\/wp-content\/uploads\/2016\/03\/bossio.jpg","datePublished":"2016-03-15T23:47:05+00:00","breadcrumb":{"@id":"https:\/\/www.eldiariodetucuman.com\/web\/diego-bossio-yo-enfrente-a-los-buitres-dos-veces-estamos-negociando-con-la-peor-lacra\/#breadcrumb"},"inLanguage":"es","potentialAction":[{"@type":"ReadAction","target":["https:\/\/www.eldiariodetucuman.com\/web\/diego-bossio-yo-enfrente-a-los-buitres-dos-veces-estamos-negociando-con-la-peor-lacra\/"]}]},{"@type":"ImageObject","inLanguage":"es","@id":"https:\/\/www.eldiariodetucuman.com\/web\/diego-bossio-yo-enfrente-a-los-buitres-dos-veces-estamos-negociando-con-la-peor-lacra\/#primaryimage","url":"https:\/\/www.eldiariodetucuman.com\/web\/wp-content\/uploads\/2016\/03\/bossio.jpg","contentUrl":"https:\/\/www.eldiariodetucuman.com\/web\/wp-content\/uploads\/2016\/03\/bossio.jpg","width":970,"height":546},{"@type":"BreadcrumbList","@id":"https:\/\/www.eldiariodetucuman.com\/web\/diego-bossio-yo-enfrente-a-los-buitres-dos-veces-estamos-negociando-con-la-peor-lacra\/#breadcrumb","itemListElement":[{"@type":"ListItem","position":1,"name":"Portada","item":"https:\/\/www.eldiariodetucuman.com\/web\/"},{"@type":"ListItem","position":2,"name":"Diego Bossio: \u00abyo enfrent\u00e9 a los buitres dos veces; estamos negociando con la peor lacra\u00bb"}]},{"@type":"WebSite","@id":"https:\/\/www.eldiariodetucuman.com\/web\/#website","url":"https:\/\/www.eldiariodetucuman.com\/web\/","name":"El Diario de Tucuman","description":"Diario Tucuman - Informaci\u00f3n y noticias","publisher":{"@id":"https:\/\/www.eldiariodetucuman.com\/web\/#organization"},"potentialAction":[{"@type":"SearchAction","target":{"@type":"EntryPoint","urlTemplate":"https:\/\/www.eldiariodetucuman.com\/web\/?s={search_term_string}"},"query-input":{"@type":"PropertyValueSpecification","valueRequired":true,"valueName":"search_term_string"}}],"inLanguage":"es"},{"@type":"Organization","@id":"https:\/\/www.eldiariodetucuman.com\/web\/#organization","name":"El Diario de Tucuman","url":"https:\/\/www.eldiariodetucuman.com\/web\/","logo":{"@type":"ImageObject","inLanguage":"es","@id":"https:\/\/www.eldiariodetucuman.com\/web\/#\/schema\/logo\/image\/","url":"http:\/\/www.eldiariodetucuman.com\/web\/wp-content\/uploads\/2017\/12\/el-diario-de-tucuman.jpg","contentUrl":"http:\/\/www.eldiariodetucuman.com\/web\/wp-content\/uploads\/2017\/12\/el-diario-de-tucuman.jpg","width":272,"height":92,"caption":"El Diario de Tucuman"},"image":{"@id":"https:\/\/www.eldiariodetucuman.com\/web\/#\/schema\/logo\/image\/"}},{"@type":"Person","@id":"https:\/\/www.eldiariodetucuman.com\/web\/#\/schema\/person\/3adbe300ecd6242af93c97dab1dc3ba1","name":"El diario de Tucuman","image":{"@type":"ImageObject","inLanguage":"es","@id":"https:\/\/secure.gravatar.com\/avatar\/b7214de193b24d0bd708ac5516aa13d0f20c6560795bfbee06857d5c8ac2f0b2?s=96&d=mm&r=g","url":"https:\/\/secure.gravatar.com\/avatar\/b7214de193b24d0bd708ac5516aa13d0f20c6560795bfbee06857d5c8ac2f0b2?s=96&d=mm&r=g","contentUrl":"https:\/\/secure.gravatar.com\/avatar\/b7214de193b24d0bd708ac5516aa13d0f20c6560795bfbee06857d5c8ac2f0b2?s=96&d=mm&r=g","caption":"El diario de Tucuman"},"url":"https:\/\/www.eldiariodetucuman.com\/web\/author\/mgiobellina\/"}]}},"_links":{"self":[{"href":"https:\/\/www.eldiariodetucuman.com\/web\/wp-json\/wp\/v2\/posts\/1107","targetHints":{"allow":["GET"]}}],"collection":[{"href":"https:\/\/www.eldiariodetucuman.com\/web\/wp-json\/wp\/v2\/posts"}],"about":[{"href":"https:\/\/www.eldiariodetucuman.com\/web\/wp-json\/wp\/v2\/types\/post"}],"author":[{"embeddable":true,"href":"https:\/\/www.eldiariodetucuman.com\/web\/wp-json\/wp\/v2\/users\/3"}],"replies":[{"embeddable":true,"href":"https:\/\/www.eldiariodetucuman.com\/web\/wp-json\/wp\/v2\/comments?post=1107"}],"version-history":[{"count":1,"href":"https:\/\/www.eldiariodetucuman.com\/web\/wp-json\/wp\/v2\/posts\/1107\/revisions"}],"predecessor-version":[{"id":1109,"href":"https:\/\/www.eldiariodetucuman.com\/web\/wp-json\/wp\/v2\/posts\/1107\/revisions\/1109"}],"wp:featuredmedia":[{"embeddable":true,"href":"https:\/\/www.eldiariodetucuman.com\/web\/wp-json\/wp\/v2\/media\/1108"}],"wp:attachment":[{"href":"https:\/\/www.eldiariodetucuman.com\/web\/wp-json\/wp\/v2\/media?parent=1107"}],"wp:term":[{"taxonomy":"category","embeddable":true,"href":"https:\/\/www.eldiariodetucuman.com\/web\/wp-json\/wp\/v2\/categories?post=1107"},{"taxonomy":"post_tag","embeddable":true,"href":"https:\/\/www.eldiariodetucuman.com\/web\/wp-json\/wp\/v2\/tags?post=1107"}],"curies":[{"name":"wp","href":"https:\/\/api.w.org\/{rel}","templated":true}]}}