{"id":10228,"date":"2018-05-13T13:01:34","date_gmt":"2018-05-13T16:01:34","guid":{"rendered":"http:\/\/www.eldiariodetucuman.com\/web\/mil-kilometros-en-combi-la-travesia-de-los-artistas-tucumanos-que-participan-de-la-fiesta-nacional-del-teatro\/"},"modified":"2018-05-13T13:01:37","modified_gmt":"2018-05-13T16:01:37","slug":"mil-kilometros-en-combi-la-travesia-de-los-artistas-tucumanos-que-participan-de-la-fiesta-nacional-del-teatro","status":"publish","type":"post","link":"https:\/\/www.eldiariodetucuman.com\/web\/mil-kilometros-en-combi-la-travesia-de-los-artistas-tucumanos-que-participan-de-la-fiesta-nacional-del-teatro\/","title":{"rendered":"Mil kil\u00f3metros en combi: la traves\u00eda de los artistas tucumanos que participan de la Fiesta Nacional del Teatro"},"content":{"rendered":"<div>\n<div readability=\"133\">\n<p>Hace 20 a\u00f1os, Rosario fue sede de la primera Fiesta Nacional de Teatro fuera de la Capital Federal, organizada por el entonces flamante Instituto Nacional de Teatro (INT). Desde hace varios d\u00edas, la principal ciudad de Santa Fe respira la alegr\u00eda del retorno de los elencos de todo el pa\u00eds, con avisos publicitarios que convocan a llenar las salas y un clima de efervescencia en el sector, que hace olvidar la crisis que atraviesa la actividad.<\/p>\n<p>Entre ayer y hasta el s\u00e1bado, las preocupaciones de los teatristas se tomar\u00e1n un recreo. Hasta el mal clima de los d\u00edas previos le hace un gui\u00f1o a la propuesta, y el sol brilla sobre el r\u00edo Paran\u00e1. Es una se\u00f1al de buen augurio, porque bastante actividad est\u00e1 programada al aire libre o en espacios costeros, como el Centro de Expresiones Contempor\u00e1neas, un complejo de salas y oficinas donde est\u00e1 el INT y es el punto de encuentro de los artistas viajeros, que est\u00e1 entre el r\u00edo y el convenientemente bautizado Paseo de las Artes. En esa zona conviven el Galp\u00f3n de la M\u00fasica, la explanada donde se expresan las artes callejeras, los espacios de exposiciones de pl\u00e1stica y fotograf\u00eda (incluyendo ex silos graneros reconvertidos), la Isla de los Inventos y las propuestas infantiles (pensadas desde el concepto de la Ciudad de los Ni\u00f1os, del italiano Francesco Tonucci, en beneficio de la accesibilidad de los m\u00e1s peque\u00f1os), mercados de artesan\u00edas y oferta gastron\u00f3mica.<\/p>\n<p>Precisamente, la apertura fue al aire libre, en la explanada del Parque de Espa\u00f1a, un punto de encuentro de j\u00f3venes en skate o de rondas de canciones y guitarras que al cierre de esta edici\u00f3n era ocupado por las destrezas circenses del grupo local Mano a Mano y por una versi\u00f3n de los cordobeses de Cirulaxia Contraataca del c\u00e9lebre \u00abUb\u00fa\u00bb, de Alfred Jarry, texto precursor del absurdo a fines del I800.<\/p>\n<p>La ciudad comenz\u00f3 a sufrir desde temprano de la ma\u00f1ana de ayer una invasi\u00f3n silenciosa de 300 teatristas invitados de toda la Argentina, entre creadores, cr\u00edticos, funcionarios, estudiantes y p\u00fablico. Los convocados est\u00e1n alojados en cuatro hoteles c\u00e9ntricos (uno de ellos, ocupado \u00edntegramente por elencos) y son atendidos por 57 personas afectadas a sus necesidades, desde log\u00edsticas hasta art\u00edsticas. La ansiedad fluye cuando el horario de las funciones se acercan, como lo atestiguan los integrantes  de las 32 obras seleccionadas en las regiones del pa\u00eds (dos de ellas, tucumanas). La grilla se completa con homenajes, presentaciones de libros, mesas panel, talleres y espect\u00e1culos en adhesi\u00f3n. En total, en el m\u00e1ximo encuentro esc\u00e9nico argentino, la agenda abarca m\u00e1s de medio centenar de actividades.<\/p>\n<p>Luego de la inauguraci\u00f3n, estaba listo para presentarse anoche el elenco tucumano de \u00abEl circo de los Marsilli\u00bb, que dispuso de una combi para cubrir los poco menos de 1.000 kil\u00f3metros que distancian Rosario de Tucum\u00e1n; cuando se superaba esa marca, los tramos eran por avi\u00f3n. Llegaron sobre el mediod\u00eda, tras I2 horas de viaje y ocho antes de subir a escena.<\/p>\n<p class=\"style frase\">El grueso de las tareas organizativas recaen sobre el secretario general del INT, <b>Miguel Palma<\/b>, y su equipo. A diferencia de otras Fiestas, como las realizadas hace dos a\u00f1os en Tucum\u00e1n y el a\u00f1o pasado en Mendoza, no hay empleados porte\u00f1os atendiendo las necesidades, sino contratados locales.<\/p>\n<p>Ayer, antes de la inauguraci\u00f3n, se esperaba la llegada del director ejecutivo del organismo, el rafaelino <b>Marcelo Allasino<\/b>, sobre quien recae la responsabilidad pol\u00edtica del organismo, y del ministro de Cultura de la Naci\u00f3n, <b>Pablo Avelluto<\/b>. En cambio, desde el comienzo se sab\u00eda que para la abertura no iba a estar su par santafecina: <b>Mar\u00eda de los \u00c1ngeles Gonz\u00e1lez, <\/b>Chiqui para todos los artistas locales, est\u00e1 participando de una reuni\u00f3n internacional en Canad\u00e1 y regresar\u00e1 el martes al pa\u00eds. Abogada, gestora cultural y directora teatral, es considerada un paraguas protector del arte de primer nivel en la provincia. Su lugar, a la hora de los discursos, iba a ser ocupado por la secretaria de Cultura de su cartera, <b>M\u00f3nica Disc\u00e9pola<\/b>. Por la Municipalidad, tercera pata de los aportes para el encuentro que costar\u00e1 m\u00e1s de $I0 millones, iba a particiopar la intendenta M\u00f3nica Fein.<\/p>\n<p>Al p\u00fablico poco le importa la presencia de pol\u00edticos. Su atenci\u00f3n est\u00e1 centrada en las obras, con la promoci\u00f3n muy tentadora de que las entradas est\u00e1n a $80, la mitad de lo que cuestan normalmente tanto en Rosario como en Tucum\u00e1n. En tiempos de bolsillos flacos, se auguran salas llenas, lo cual es para festejar en s\u00ed mismo.<\/p>\n<\/p><\/div>\n<\/div>\n<p>Fuente: http:\/\/www.lagaceta.com.ar\/nota\/770383\/espectaculos\/mil-kilometros-combi-travesia-artistas-tucumanos-participan-fiesta-nacional-teatro.html<\/p>\n","protected":false},"excerpt":{"rendered":"<p>Hace 20 a\u00f1os, Rosario fue sede de la primera Fiesta Nacional de Teatro fuera de la Capital Federal, organizada por el entonces flamante Instituto Nacional de Teatro (INT). Desde hace varios d\u00edas, la principal ciudad de Santa Fe respira la alegr\u00eda del retorno de los elencos de todo el pa\u00eds, con avisos publicitarios que convocan [&hellip;]<\/p>\n","protected":false},"author":1,"featured_media":10229,"comment_status":"open","ping_status":"closed","sticky":false,"template":"","format":"standard","meta":{"footnotes":""},"categories":[152],"tags":[],"class_list":{"0":"post-10228","1":"post","2":"type-post","3":"status-publish","4":"format-standard","5":"has-post-thumbnail","7":"category-argentina"},"yoast_head":"<!-- This site is optimized with the Yoast SEO plugin v27.4 - https:\/\/yoast.com\/product\/yoast-seo-wordpress\/ -->\n<title>Mil kil\u00f3metros en combi: la traves\u00eda de los artistas tucumanos que participan de la Fiesta Nacional del Teatro - El Diario de Tucuman<\/title>\n<meta name=\"robots\" content=\"index, follow, max-snippet:-1, max-image-preview:large, max-video-preview:-1\" \/>\n<link rel=\"canonical\" href=\"https:\/\/www.eldiariodetucuman.com\/web\/mil-kilometros-en-combi-la-travesia-de-los-artistas-tucumanos-que-participan-de-la-fiesta-nacional-del-teatro\/\" \/>\n<meta property=\"og:locale\" content=\"es_ES\" \/>\n<meta property=\"og:type\" content=\"article\" \/>\n<meta property=\"og:title\" content=\"Mil kil\u00f3metros en combi: la traves\u00eda de los artistas tucumanos que participan de la Fiesta Nacional del Teatro - El Diario de Tucuman\" \/>\n<meta property=\"og:description\" content=\"Hace 20 a\u00f1os, Rosario fue sede de la primera Fiesta Nacional de Teatro fuera de la Capital Federal, organizada por el entonces flamante Instituto Nacional de Teatro (INT). Desde hace varios d\u00edas, la principal ciudad de Santa Fe respira la alegr\u00eda del retorno de los elencos de todo el pa\u00eds, con avisos publicitarios que convocan [&hellip;]\" \/>\n<meta property=\"og:url\" content=\"https:\/\/www.eldiariodetucuman.com\/web\/mil-kilometros-en-combi-la-travesia-de-los-artistas-tucumanos-que-participan-de-la-fiesta-nacional-del-teatro\/\" \/>\n<meta property=\"og:site_name\" content=\"El Diario de Tucuman\" \/>\n<meta property=\"article:published_time\" content=\"2018-05-13T16:01:34+00:00\" \/>\n<meta property=\"article:modified_time\" content=\"2018-05-13T16:01:37+00:00\" \/>\n<meta property=\"og:image\" content=\"https:\/\/www.eldiariodetucuman.com\/web\/wp-content\/uploads\/2018\/05\/84272ca817bac141dc84e248789538b1.jpeg\" \/>\n\t<meta property=\"og:image:width\" content=\"1500\" \/>\n\t<meta property=\"og:image:height\" content=\"850\" \/>\n\t<meta property=\"og:image:type\" content=\"image\/jpeg\" \/>\n<meta name=\"author\" content=\"admin\" \/>\n<meta name=\"twitter:card\" content=\"summary_large_image\" \/>\n<meta name=\"twitter:label1\" content=\"Escrito por\" \/>\n\t<meta name=\"twitter:data1\" content=\"admin\" \/>\n\t<meta name=\"twitter:label2\" content=\"Tiempo de lectura\" \/>\n\t<meta name=\"twitter:data2\" content=\"4 minutos\" \/>\n<script type=\"application\/ld+json\" class=\"yoast-schema-graph\">{\"@context\":\"https:\\\/\\\/schema.org\",\"@graph\":[{\"@type\":\"Article\",\"@id\":\"https:\\\/\\\/www.eldiariodetucuman.com\\\/web\\\/mil-kilometros-en-combi-la-travesia-de-los-artistas-tucumanos-que-participan-de-la-fiesta-nacional-del-teatro\\\/#article\",\"isPartOf\":{\"@id\":\"https:\\\/\\\/www.eldiariodetucuman.com\\\/web\\\/mil-kilometros-en-combi-la-travesia-de-los-artistas-tucumanos-que-participan-de-la-fiesta-nacional-del-teatro\\\/\"},\"author\":{\"name\":\"admin\",\"@id\":\"https:\\\/\\\/www.eldiariodetucuman.com\\\/web\\\/#\\\/schema\\\/person\\\/9250197d75ab5483412e19678b121caa\"},\"headline\":\"Mil kil\u00f3metros en combi: la traves\u00eda de los artistas tucumanos que participan de la Fiesta Nacional del Teatro\",\"datePublished\":\"2018-05-13T16:01:34+00:00\",\"dateModified\":\"2018-05-13T16:01:37+00:00\",\"mainEntityOfPage\":{\"@id\":\"https:\\\/\\\/www.eldiariodetucuman.com\\\/web\\\/mil-kilometros-en-combi-la-travesia-de-los-artistas-tucumanos-que-participan-de-la-fiesta-nacional-del-teatro\\\/\"},\"wordCount\":834,\"commentCount\":0,\"publisher\":{\"@id\":\"https:\\\/\\\/www.eldiariodetucuman.com\\\/web\\\/#organization\"},\"image\":{\"@id\":\"https:\\\/\\\/www.eldiariodetucuman.com\\\/web\\\/mil-kilometros-en-combi-la-travesia-de-los-artistas-tucumanos-que-participan-de-la-fiesta-nacional-del-teatro\\\/#primaryimage\"},\"thumbnailUrl\":\"https:\\\/\\\/www.eldiariodetucuman.com\\\/web\\\/wp-content\\\/uploads\\\/2018\\\/05\\\/84272ca817bac141dc84e248789538b1.jpeg\",\"articleSection\":[\"Argentina\"],\"inLanguage\":\"es\",\"potentialAction\":[{\"@type\":\"CommentAction\",\"name\":\"Comment\",\"target\":[\"https:\\\/\\\/www.eldiariodetucuman.com\\\/web\\\/mil-kilometros-en-combi-la-travesia-de-los-artistas-tucumanos-que-participan-de-la-fiesta-nacional-del-teatro\\\/#respond\"]}]},{\"@type\":\"WebPage\",\"@id\":\"https:\\\/\\\/www.eldiariodetucuman.com\\\/web\\\/mil-kilometros-en-combi-la-travesia-de-los-artistas-tucumanos-que-participan-de-la-fiesta-nacional-del-teatro\\\/\",\"url\":\"https:\\\/\\\/www.eldiariodetucuman.com\\\/web\\\/mil-kilometros-en-combi-la-travesia-de-los-artistas-tucumanos-que-participan-de-la-fiesta-nacional-del-teatro\\\/\",\"name\":\"Mil kil\u00f3metros en combi: la traves\u00eda de los artistas tucumanos que participan de la Fiesta Nacional del Teatro - El Diario de Tucuman\",\"isPartOf\":{\"@id\":\"https:\\\/\\\/www.eldiariodetucuman.com\\\/web\\\/#website\"},\"primaryImageOfPage\":{\"@id\":\"https:\\\/\\\/www.eldiariodetucuman.com\\\/web\\\/mil-kilometros-en-combi-la-travesia-de-los-artistas-tucumanos-que-participan-de-la-fiesta-nacional-del-teatro\\\/#primaryimage\"},\"image\":{\"@id\":\"https:\\\/\\\/www.eldiariodetucuman.com\\\/web\\\/mil-kilometros-en-combi-la-travesia-de-los-artistas-tucumanos-que-participan-de-la-fiesta-nacional-del-teatro\\\/#primaryimage\"},\"thumbnailUrl\":\"https:\\\/\\\/www.eldiariodetucuman.com\\\/web\\\/wp-content\\\/uploads\\\/2018\\\/05\\\/84272ca817bac141dc84e248789538b1.jpeg\",\"datePublished\":\"2018-05-13T16:01:34+00:00\",\"dateModified\":\"2018-05-13T16:01:37+00:00\",\"breadcrumb\":{\"@id\":\"https:\\\/\\\/www.eldiariodetucuman.com\\\/web\\\/mil-kilometros-en-combi-la-travesia-de-los-artistas-tucumanos-que-participan-de-la-fiesta-nacional-del-teatro\\\/#breadcrumb\"},\"inLanguage\":\"es\",\"potentialAction\":[{\"@type\":\"ReadAction\",\"target\":[\"https:\\\/\\\/www.eldiariodetucuman.com\\\/web\\\/mil-kilometros-en-combi-la-travesia-de-los-artistas-tucumanos-que-participan-de-la-fiesta-nacional-del-teatro\\\/\"]}]},{\"@type\":\"ImageObject\",\"inLanguage\":\"es\",\"@id\":\"https:\\\/\\\/www.eldiariodetucuman.com\\\/web\\\/mil-kilometros-en-combi-la-travesia-de-los-artistas-tucumanos-que-participan-de-la-fiesta-nacional-del-teatro\\\/#primaryimage\",\"url\":\"https:\\\/\\\/www.eldiariodetucuman.com\\\/web\\\/wp-content\\\/uploads\\\/2018\\\/05\\\/84272ca817bac141dc84e248789538b1.jpeg\",\"contentUrl\":\"https:\\\/\\\/www.eldiariodetucuman.com\\\/web\\\/wp-content\\\/uploads\\\/2018\\\/05\\\/84272ca817bac141dc84e248789538b1.jpeg\",\"width\":1500,\"height\":850},{\"@type\":\"BreadcrumbList\",\"@id\":\"https:\\\/\\\/www.eldiariodetucuman.com\\\/web\\\/mil-kilometros-en-combi-la-travesia-de-los-artistas-tucumanos-que-participan-de-la-fiesta-nacional-del-teatro\\\/#breadcrumb\",\"itemListElement\":[{\"@type\":\"ListItem\",\"position\":1,\"name\":\"Portada\",\"item\":\"https:\\\/\\\/www.eldiariodetucuman.com\\\/web\\\/\"},{\"@type\":\"ListItem\",\"position\":2,\"name\":\"Mil kil\u00f3metros en combi: la traves\u00eda de los artistas tucumanos que participan de la Fiesta Nacional del Teatro\"}]},{\"@type\":\"WebSite\",\"@id\":\"https:\\\/\\\/www.eldiariodetucuman.com\\\/web\\\/#website\",\"url\":\"https:\\\/\\\/www.eldiariodetucuman.com\\\/web\\\/\",\"name\":\"El Diario de Tucuman\",\"description\":\"Diario Tucuman - Informaci\u00f3n y noticias\",\"publisher\":{\"@id\":\"https:\\\/\\\/www.eldiariodetucuman.com\\\/web\\\/#organization\"},\"potentialAction\":[{\"@type\":\"SearchAction\",\"target\":{\"@type\":\"EntryPoint\",\"urlTemplate\":\"https:\\\/\\\/www.eldiariodetucuman.com\\\/web\\\/?s={search_term_string}\"},\"query-input\":{\"@type\":\"PropertyValueSpecification\",\"valueRequired\":true,\"valueName\":\"search_term_string\"}}],\"inLanguage\":\"es\"},{\"@type\":\"Organization\",\"@id\":\"https:\\\/\\\/www.eldiariodetucuman.com\\\/web\\\/#organization\",\"name\":\"El Diario de Tucuman\",\"url\":\"https:\\\/\\\/www.eldiariodetucuman.com\\\/web\\\/\",\"logo\":{\"@type\":\"ImageObject\",\"inLanguage\":\"es\",\"@id\":\"https:\\\/\\\/www.eldiariodetucuman.com\\\/web\\\/#\\\/schema\\\/logo\\\/image\\\/\",\"url\":\"http:\\\/\\\/www.eldiariodetucuman.com\\\/web\\\/wp-content\\\/uploads\\\/2017\\\/12\\\/el-diario-de-tucuman.jpg\",\"contentUrl\":\"http:\\\/\\\/www.eldiariodetucuman.com\\\/web\\\/wp-content\\\/uploads\\\/2017\\\/12\\\/el-diario-de-tucuman.jpg\",\"width\":272,\"height\":92,\"caption\":\"El Diario de Tucuman\"},\"image\":{\"@id\":\"https:\\\/\\\/www.eldiariodetucuman.com\\\/web\\\/#\\\/schema\\\/logo\\\/image\\\/\"}},{\"@type\":\"Person\",\"@id\":\"https:\\\/\\\/www.eldiariodetucuman.com\\\/web\\\/#\\\/schema\\\/person\\\/9250197d75ab5483412e19678b121caa\",\"name\":\"admin\",\"image\":{\"@type\":\"ImageObject\",\"inLanguage\":\"es\",\"@id\":\"https:\\\/\\\/secure.gravatar.com\\\/avatar\\\/c44d117c2be811212c22cb481f6b8384b6873de103fbc49e7a03cc58d7dea4ac?s=96&d=mm&r=g\",\"url\":\"https:\\\/\\\/secure.gravatar.com\\\/avatar\\\/c44d117c2be811212c22cb481f6b8384b6873de103fbc49e7a03cc58d7dea4ac?s=96&d=mm&r=g\",\"contentUrl\":\"https:\\\/\\\/secure.gravatar.com\\\/avatar\\\/c44d117c2be811212c22cb481f6b8384b6873de103fbc49e7a03cc58d7dea4ac?s=96&d=mm&r=g\",\"caption\":\"admin\"},\"url\":\"https:\\\/\\\/www.eldiariodetucuman.com\\\/web\\\/author\\\/admin\\\/\"}]}<\/script>\n<!-- \/ Yoast SEO plugin. -->","yoast_head_json":{"title":"Mil kil\u00f3metros en combi: la traves\u00eda de los artistas tucumanos que participan de la Fiesta Nacional del Teatro - El Diario de Tucuman","robots":{"index":"index","follow":"follow","max-snippet":"max-snippet:-1","max-image-preview":"max-image-preview:large","max-video-preview":"max-video-preview:-1"},"canonical":"https:\/\/www.eldiariodetucuman.com\/web\/mil-kilometros-en-combi-la-travesia-de-los-artistas-tucumanos-que-participan-de-la-fiesta-nacional-del-teatro\/","og_locale":"es_ES","og_type":"article","og_title":"Mil kil\u00f3metros en combi: la traves\u00eda de los artistas tucumanos que participan de la Fiesta Nacional del Teatro - El Diario de Tucuman","og_description":"Hace 20 a\u00f1os, Rosario fue sede de la primera Fiesta Nacional de Teatro fuera de la Capital Federal, organizada por el entonces flamante Instituto Nacional de Teatro (INT). Desde hace varios d\u00edas, la principal ciudad de Santa Fe respira la alegr\u00eda del retorno de los elencos de todo el pa\u00eds, con avisos publicitarios que convocan [&hellip;]","og_url":"https:\/\/www.eldiariodetucuman.com\/web\/mil-kilometros-en-combi-la-travesia-de-los-artistas-tucumanos-que-participan-de-la-fiesta-nacional-del-teatro\/","og_site_name":"El Diario de Tucuman","article_published_time":"2018-05-13T16:01:34+00:00","article_modified_time":"2018-05-13T16:01:37+00:00","og_image":[{"width":1500,"height":850,"url":"https:\/\/www.eldiariodetucuman.com\/web\/wp-content\/uploads\/2018\/05\/84272ca817bac141dc84e248789538b1.jpeg","type":"image\/jpeg"}],"author":"admin","twitter_card":"summary_large_image","twitter_misc":{"Escrito por":"admin","Tiempo de lectura":"4 minutos"},"schema":{"@context":"https:\/\/schema.org","@graph":[{"@type":"Article","@id":"https:\/\/www.eldiariodetucuman.com\/web\/mil-kilometros-en-combi-la-travesia-de-los-artistas-tucumanos-que-participan-de-la-fiesta-nacional-del-teatro\/#article","isPartOf":{"@id":"https:\/\/www.eldiariodetucuman.com\/web\/mil-kilometros-en-combi-la-travesia-de-los-artistas-tucumanos-que-participan-de-la-fiesta-nacional-del-teatro\/"},"author":{"name":"admin","@id":"https:\/\/www.eldiariodetucuman.com\/web\/#\/schema\/person\/9250197d75ab5483412e19678b121caa"},"headline":"Mil kil\u00f3metros en combi: la traves\u00eda de los artistas tucumanos que participan de la Fiesta Nacional del Teatro","datePublished":"2018-05-13T16:01:34+00:00","dateModified":"2018-05-13T16:01:37+00:00","mainEntityOfPage":{"@id":"https:\/\/www.eldiariodetucuman.com\/web\/mil-kilometros-en-combi-la-travesia-de-los-artistas-tucumanos-que-participan-de-la-fiesta-nacional-del-teatro\/"},"wordCount":834,"commentCount":0,"publisher":{"@id":"https:\/\/www.eldiariodetucuman.com\/web\/#organization"},"image":{"@id":"https:\/\/www.eldiariodetucuman.com\/web\/mil-kilometros-en-combi-la-travesia-de-los-artistas-tucumanos-que-participan-de-la-fiesta-nacional-del-teatro\/#primaryimage"},"thumbnailUrl":"https:\/\/www.eldiariodetucuman.com\/web\/wp-content\/uploads\/2018\/05\/84272ca817bac141dc84e248789538b1.jpeg","articleSection":["Argentina"],"inLanguage":"es","potentialAction":[{"@type":"CommentAction","name":"Comment","target":["https:\/\/www.eldiariodetucuman.com\/web\/mil-kilometros-en-combi-la-travesia-de-los-artistas-tucumanos-que-participan-de-la-fiesta-nacional-del-teatro\/#respond"]}]},{"@type":"WebPage","@id":"https:\/\/www.eldiariodetucuman.com\/web\/mil-kilometros-en-combi-la-travesia-de-los-artistas-tucumanos-que-participan-de-la-fiesta-nacional-del-teatro\/","url":"https:\/\/www.eldiariodetucuman.com\/web\/mil-kilometros-en-combi-la-travesia-de-los-artistas-tucumanos-que-participan-de-la-fiesta-nacional-del-teatro\/","name":"Mil kil\u00f3metros en combi: la traves\u00eda de los artistas tucumanos que participan de la Fiesta Nacional del Teatro - El Diario de Tucuman","isPartOf":{"@id":"https:\/\/www.eldiariodetucuman.com\/web\/#website"},"primaryImageOfPage":{"@id":"https:\/\/www.eldiariodetucuman.com\/web\/mil-kilometros-en-combi-la-travesia-de-los-artistas-tucumanos-que-participan-de-la-fiesta-nacional-del-teatro\/#primaryimage"},"image":{"@id":"https:\/\/www.eldiariodetucuman.com\/web\/mil-kilometros-en-combi-la-travesia-de-los-artistas-tucumanos-que-participan-de-la-fiesta-nacional-del-teatro\/#primaryimage"},"thumbnailUrl":"https:\/\/www.eldiariodetucuman.com\/web\/wp-content\/uploads\/2018\/05\/84272ca817bac141dc84e248789538b1.jpeg","datePublished":"2018-05-13T16:01:34+00:00","dateModified":"2018-05-13T16:01:37+00:00","breadcrumb":{"@id":"https:\/\/www.eldiariodetucuman.com\/web\/mil-kilometros-en-combi-la-travesia-de-los-artistas-tucumanos-que-participan-de-la-fiesta-nacional-del-teatro\/#breadcrumb"},"inLanguage":"es","potentialAction":[{"@type":"ReadAction","target":["https:\/\/www.eldiariodetucuman.com\/web\/mil-kilometros-en-combi-la-travesia-de-los-artistas-tucumanos-que-participan-de-la-fiesta-nacional-del-teatro\/"]}]},{"@type":"ImageObject","inLanguage":"es","@id":"https:\/\/www.eldiariodetucuman.com\/web\/mil-kilometros-en-combi-la-travesia-de-los-artistas-tucumanos-que-participan-de-la-fiesta-nacional-del-teatro\/#primaryimage","url":"https:\/\/www.eldiariodetucuman.com\/web\/wp-content\/uploads\/2018\/05\/84272ca817bac141dc84e248789538b1.jpeg","contentUrl":"https:\/\/www.eldiariodetucuman.com\/web\/wp-content\/uploads\/2018\/05\/84272ca817bac141dc84e248789538b1.jpeg","width":1500,"height":850},{"@type":"BreadcrumbList","@id":"https:\/\/www.eldiariodetucuman.com\/web\/mil-kilometros-en-combi-la-travesia-de-los-artistas-tucumanos-que-participan-de-la-fiesta-nacional-del-teatro\/#breadcrumb","itemListElement":[{"@type":"ListItem","position":1,"name":"Portada","item":"https:\/\/www.eldiariodetucuman.com\/web\/"},{"@type":"ListItem","position":2,"name":"Mil kil\u00f3metros en combi: la traves\u00eda de los artistas tucumanos que participan de la Fiesta Nacional del Teatro"}]},{"@type":"WebSite","@id":"https:\/\/www.eldiariodetucuman.com\/web\/#website","url":"https:\/\/www.eldiariodetucuman.com\/web\/","name":"El Diario de Tucuman","description":"Diario Tucuman - Informaci\u00f3n y noticias","publisher":{"@id":"https:\/\/www.eldiariodetucuman.com\/web\/#organization"},"potentialAction":[{"@type":"SearchAction","target":{"@type":"EntryPoint","urlTemplate":"https:\/\/www.eldiariodetucuman.com\/web\/?s={search_term_string}"},"query-input":{"@type":"PropertyValueSpecification","valueRequired":true,"valueName":"search_term_string"}}],"inLanguage":"es"},{"@type":"Organization","@id":"https:\/\/www.eldiariodetucuman.com\/web\/#organization","name":"El Diario de Tucuman","url":"https:\/\/www.eldiariodetucuman.com\/web\/","logo":{"@type":"ImageObject","inLanguage":"es","@id":"https:\/\/www.eldiariodetucuman.com\/web\/#\/schema\/logo\/image\/","url":"http:\/\/www.eldiariodetucuman.com\/web\/wp-content\/uploads\/2017\/12\/el-diario-de-tucuman.jpg","contentUrl":"http:\/\/www.eldiariodetucuman.com\/web\/wp-content\/uploads\/2017\/12\/el-diario-de-tucuman.jpg","width":272,"height":92,"caption":"El Diario de Tucuman"},"image":{"@id":"https:\/\/www.eldiariodetucuman.com\/web\/#\/schema\/logo\/image\/"}},{"@type":"Person","@id":"https:\/\/www.eldiariodetucuman.com\/web\/#\/schema\/person\/9250197d75ab5483412e19678b121caa","name":"admin","image":{"@type":"ImageObject","inLanguage":"es","@id":"https:\/\/secure.gravatar.com\/avatar\/c44d117c2be811212c22cb481f6b8384b6873de103fbc49e7a03cc58d7dea4ac?s=96&d=mm&r=g","url":"https:\/\/secure.gravatar.com\/avatar\/c44d117c2be811212c22cb481f6b8384b6873de103fbc49e7a03cc58d7dea4ac?s=96&d=mm&r=g","contentUrl":"https:\/\/secure.gravatar.com\/avatar\/c44d117c2be811212c22cb481f6b8384b6873de103fbc49e7a03cc58d7dea4ac?s=96&d=mm&r=g","caption":"admin"},"url":"https:\/\/www.eldiariodetucuman.com\/web\/author\/admin\/"}]}},"_links":{"self":[{"href":"https:\/\/www.eldiariodetucuman.com\/web\/wp-json\/wp\/v2\/posts\/10228","targetHints":{"allow":["GET"]}}],"collection":[{"href":"https:\/\/www.eldiariodetucuman.com\/web\/wp-json\/wp\/v2\/posts"}],"about":[{"href":"https:\/\/www.eldiariodetucuman.com\/web\/wp-json\/wp\/v2\/types\/post"}],"author":[{"embeddable":true,"href":"https:\/\/www.eldiariodetucuman.com\/web\/wp-json\/wp\/v2\/users\/1"}],"replies":[{"embeddable":true,"href":"https:\/\/www.eldiariodetucuman.com\/web\/wp-json\/wp\/v2\/comments?post=10228"}],"version-history":[{"count":1,"href":"https:\/\/www.eldiariodetucuman.com\/web\/wp-json\/wp\/v2\/posts\/10228\/revisions"}],"predecessor-version":[{"id":10230,"href":"https:\/\/www.eldiariodetucuman.com\/web\/wp-json\/wp\/v2\/posts\/10228\/revisions\/10230"}],"wp:featuredmedia":[{"embeddable":true,"href":"https:\/\/www.eldiariodetucuman.com\/web\/wp-json\/wp\/v2\/media\/10229"}],"wp:attachment":[{"href":"https:\/\/www.eldiariodetucuman.com\/web\/wp-json\/wp\/v2\/media?parent=10228"}],"wp:term":[{"taxonomy":"category","embeddable":true,"href":"https:\/\/www.eldiariodetucuman.com\/web\/wp-json\/wp\/v2\/categories?post=10228"},{"taxonomy":"post_tag","embeddable":true,"href":"https:\/\/www.eldiariodetucuman.com\/web\/wp-json\/wp\/v2\/tags?post=10228"}],"curies":[{"name":"wp","href":"https:\/\/api.w.org\/{rel}","templated":true}]}}