{"id":10225,"date":"2018-05-13T13:01:26","date_gmt":"2018-05-13T16:01:26","guid":{"rendered":"http:\/\/www.eldiariodetucuman.com\/web\/la-fiesta-nacional-de-teatro-se-puso-en-marcha-con-presencia-tucumana\/"},"modified":"2018-05-13T13:01:27","modified_gmt":"2018-05-13T16:01:27","slug":"la-fiesta-nacional-de-teatro-se-puso-en-marcha-con-presencia-tucumana","status":"publish","type":"post","link":"https:\/\/www.eldiariodetucuman.com\/web\/la-fiesta-nacional-de-teatro-se-puso-en-marcha-con-presencia-tucumana\/","title":{"rendered":"La Fiesta Nacional de Teatro se puso en marcha con presencia tucumana"},"content":{"rendered":"<div>\n<div readability=\"105\">\n<p>Hace 20 a\u00f1os, Rosario fue sede de la primera Fiesta Nacional de Teatro fuera de la Capital Federal, organizada por el entonces flamante Instituto Nacional de Teatro (INT). Desde hace varios d\u00edas, la principal ciudad de Santa Fe respira la alegr\u00eda del retorno de los elencos de todo el pa\u00eds, con avisos publicitarios que convocan a llenar las salas y un clima de efervescencia en el sector que hace olvidar la crisis que atraviesa la actividad.<\/p>\n<p>Hasta el pr\u00f3ximo s\u00e1bado las preocupaciones de los teatristas se tomar\u00e1n un recreo. El sol brilla sobre el r\u00edo Paran\u00e1 y es una se\u00f1al de buen augurio, porque bastante actividad est\u00e1 programada al aire libre o en espacios costeros, como el Centro de Expresiones Contempor\u00e1neas, un complejo de salas y oficinas donde est\u00e1 el INT y es el punto de encuentro de los artistas viajeros entre el r\u00edo y el Paseo de las Artes. En esa zona conviven el Galp\u00f3n de la M\u00fasica, la explanada donde se expresan las artes callejeras, los espacios de exposiciones de pl\u00e1stica y fotograf\u00eda, la Isla de los Inventos y las propuestas infantile, mercados de artesan\u00edas y oferta gastron\u00f3mica. Precisamente, la apertura fue al aire libre, en la explanada del Parque de Espa\u00f1a.<\/p>\n<p>La ciudad sufre una invasi\u00f3n silenciosa de 300 teatristas invitados de toda la Argentina, entre creadores, cr\u00edticos, funcionarios, estudiantes y p\u00fablico. La ansiedad fluye cuando el horario de las funciones se acercan, como lo atestiguan los integrantes  de las 32 obras seleccionadas (dos de ellas, tucumanas). La grilla se completa con homenajes, presentaciones de libros, mesas panel, talleres y espect\u00e1culos en adhesi\u00f3n. En total hay m\u00e1s de medio centenar de actividades.<\/p>\n<p>Luego de la inauguraci\u00f3n estaba listo para presentarse anoche el elenco tucumano de \u201cEl circo de los Marsilli\u201d, que en una combi cubri\u00f3 los poco menos de 1.000 kil\u00f3metros que distancian Rosario de Tucum\u00e1n. Llegaron sobre el mediod\u00eda, tras 12 horas de viaje y ocho antes de subir a escena.\u00a0\u00a0<\/p>\n<p>El grueso de las tareas organizativas recaen sobre el secretario general del INT, Miguel Palma, y su equipo. A diferencia de otras Fiestas, como las realizadas hace dos a\u00f1os en Tucum\u00e1n y el a\u00f1o pasado en Mendoza, no hay empleados porte\u00f1os atendiendo las necesidades, sino contratados locales.  <\/p>\n<p>Ayer, antes de la inauguraci\u00f3n, se esperaba la llegada del director ejecutivo del organismo, el rafaelino Marcelo Allasino, sobre quien recae la responsabilidad pol\u00edtica del organismo, y del ministro de Cultura de la Naci\u00f3n, Pablo Avelluto. Por la Municipalidad, tercera pata de los aportes para el encuentro que costar\u00e1 m\u00e1s de $10 millones, iba a participar la intendenta M\u00f3nica Fein.<\/p>\n<p>Al p\u00fablico poco le importa la presencia de pol\u00edticos. Su atenci\u00f3n est\u00e1 centrada en las obras, con la promoci\u00f3n muy tentadora de que las entradas est\u00e1n a $80, la mitad de lo que cuestan normalmente tanto en Rosario como en Tucum\u00e1n. En tiempos de bolsillos flacos, se auguran salas llenas, lo cual es para festejar en s\u00ed mismo.<\/p>\n<\/p><\/div>\n<\/div>\n<p>Fuente: http:\/\/www.lagaceta.com.ar\/nota\/770401\/espectaculos\/fiesta-nacional-teatro-se-puso-marcha-presencia-tucumana.html<\/p>\n","protected":false},"excerpt":{"rendered":"<p>Hace 20 a\u00f1os, Rosario fue sede de la primera Fiesta Nacional de Teatro fuera de la Capital Federal, organizada por el entonces flamante Instituto Nacional de Teatro (INT). Desde hace varios d\u00edas, la principal ciudad de Santa Fe respira la alegr\u00eda del retorno de los elencos de todo el pa\u00eds, con avisos publicitarios que convocan [&hellip;]<\/p>\n","protected":false},"author":1,"featured_media":10226,"comment_status":"open","ping_status":"closed","sticky":false,"template":"","format":"standard","meta":{"footnotes":""},"categories":[152],"tags":[],"class_list":{"0":"post-10225","1":"post","2":"type-post","3":"status-publish","4":"format-standard","5":"has-post-thumbnail","7":"category-argentina"},"yoast_head":"<!-- This site is optimized with the Yoast SEO plugin v27.4 - https:\/\/yoast.com\/product\/yoast-seo-wordpress\/ -->\n<title>La Fiesta Nacional de Teatro se puso en marcha con presencia tucumana - El Diario de Tucuman<\/title>\n<meta name=\"robots\" content=\"index, follow, max-snippet:-1, max-image-preview:large, max-video-preview:-1\" \/>\n<link rel=\"canonical\" href=\"https:\/\/www.eldiariodetucuman.com\/web\/la-fiesta-nacional-de-teatro-se-puso-en-marcha-con-presencia-tucumana\/\" \/>\n<meta property=\"og:locale\" content=\"es_ES\" \/>\n<meta property=\"og:type\" content=\"article\" \/>\n<meta property=\"og:title\" content=\"La Fiesta Nacional de Teatro se puso en marcha con presencia tucumana - El Diario de Tucuman\" \/>\n<meta property=\"og:description\" content=\"Hace 20 a\u00f1os, Rosario fue sede de la primera Fiesta Nacional de Teatro fuera de la Capital Federal, organizada por el entonces flamante Instituto Nacional de Teatro (INT). Desde hace varios d\u00edas, la principal ciudad de Santa Fe respira la alegr\u00eda del retorno de los elencos de todo el pa\u00eds, con avisos publicitarios que convocan [&hellip;]\" \/>\n<meta property=\"og:url\" content=\"https:\/\/www.eldiariodetucuman.com\/web\/la-fiesta-nacional-de-teatro-se-puso-en-marcha-con-presencia-tucumana\/\" \/>\n<meta property=\"og:site_name\" content=\"El Diario de Tucuman\" \/>\n<meta property=\"article:published_time\" content=\"2018-05-13T16:01:26+00:00\" \/>\n<meta property=\"article:modified_time\" content=\"2018-05-13T16:01:27+00:00\" \/>\n<meta property=\"og:image\" content=\"https:\/\/www.eldiariodetucuman.com\/web\/wp-content\/uploads\/2018\/05\/c7ff4deed9ecf9031314a064f2b54e29.jpeg\" \/>\n\t<meta property=\"og:image:width\" content=\"720\" \/>\n\t<meta property=\"og:image:height\" content=\"720\" \/>\n\t<meta property=\"og:image:type\" content=\"image\/jpeg\" \/>\n<meta name=\"author\" content=\"admin\" \/>\n<meta name=\"twitter:card\" content=\"summary_large_image\" \/>\n<meta name=\"twitter:label1\" content=\"Escrito por\" \/>\n\t<meta name=\"twitter:data1\" content=\"admin\" \/>\n\t<meta name=\"twitter:label2\" content=\"Tiempo de lectura\" \/>\n\t<meta name=\"twitter:data2\" content=\"3 minutos\" \/>\n<script type=\"application\/ld+json\" class=\"yoast-schema-graph\">{\"@context\":\"https:\\\/\\\/schema.org\",\"@graph\":[{\"@type\":\"Article\",\"@id\":\"https:\\\/\\\/www.eldiariodetucuman.com\\\/web\\\/la-fiesta-nacional-de-teatro-se-puso-en-marcha-con-presencia-tucumana\\\/#article\",\"isPartOf\":{\"@id\":\"https:\\\/\\\/www.eldiariodetucuman.com\\\/web\\\/la-fiesta-nacional-de-teatro-se-puso-en-marcha-con-presencia-tucumana\\\/\"},\"author\":{\"name\":\"admin\",\"@id\":\"https:\\\/\\\/www.eldiariodetucuman.com\\\/web\\\/#\\\/schema\\\/person\\\/9250197d75ab5483412e19678b121caa\"},\"headline\":\"La Fiesta Nacional de Teatro se puso en marcha con presencia tucumana\",\"datePublished\":\"2018-05-13T16:01:26+00:00\",\"dateModified\":\"2018-05-13T16:01:27+00:00\",\"mainEntityOfPage\":{\"@id\":\"https:\\\/\\\/www.eldiariodetucuman.com\\\/web\\\/la-fiesta-nacional-de-teatro-se-puso-en-marcha-con-presencia-tucumana\\\/\"},\"wordCount\":548,\"commentCount\":0,\"publisher\":{\"@id\":\"https:\\\/\\\/www.eldiariodetucuman.com\\\/web\\\/#organization\"},\"image\":{\"@id\":\"https:\\\/\\\/www.eldiariodetucuman.com\\\/web\\\/la-fiesta-nacional-de-teatro-se-puso-en-marcha-con-presencia-tucumana\\\/#primaryimage\"},\"thumbnailUrl\":\"https:\\\/\\\/www.eldiariodetucuman.com\\\/web\\\/wp-content\\\/uploads\\\/2018\\\/05\\\/c7ff4deed9ecf9031314a064f2b54e29.jpeg\",\"articleSection\":[\"Argentina\"],\"inLanguage\":\"es\",\"potentialAction\":[{\"@type\":\"CommentAction\",\"name\":\"Comment\",\"target\":[\"https:\\\/\\\/www.eldiariodetucuman.com\\\/web\\\/la-fiesta-nacional-de-teatro-se-puso-en-marcha-con-presencia-tucumana\\\/#respond\"]}]},{\"@type\":\"WebPage\",\"@id\":\"https:\\\/\\\/www.eldiariodetucuman.com\\\/web\\\/la-fiesta-nacional-de-teatro-se-puso-en-marcha-con-presencia-tucumana\\\/\",\"url\":\"https:\\\/\\\/www.eldiariodetucuman.com\\\/web\\\/la-fiesta-nacional-de-teatro-se-puso-en-marcha-con-presencia-tucumana\\\/\",\"name\":\"La Fiesta Nacional de Teatro se puso en marcha con presencia tucumana - El Diario de Tucuman\",\"isPartOf\":{\"@id\":\"https:\\\/\\\/www.eldiariodetucuman.com\\\/web\\\/#website\"},\"primaryImageOfPage\":{\"@id\":\"https:\\\/\\\/www.eldiariodetucuman.com\\\/web\\\/la-fiesta-nacional-de-teatro-se-puso-en-marcha-con-presencia-tucumana\\\/#primaryimage\"},\"image\":{\"@id\":\"https:\\\/\\\/www.eldiariodetucuman.com\\\/web\\\/la-fiesta-nacional-de-teatro-se-puso-en-marcha-con-presencia-tucumana\\\/#primaryimage\"},\"thumbnailUrl\":\"https:\\\/\\\/www.eldiariodetucuman.com\\\/web\\\/wp-content\\\/uploads\\\/2018\\\/05\\\/c7ff4deed9ecf9031314a064f2b54e29.jpeg\",\"datePublished\":\"2018-05-13T16:01:26+00:00\",\"dateModified\":\"2018-05-13T16:01:27+00:00\",\"breadcrumb\":{\"@id\":\"https:\\\/\\\/www.eldiariodetucuman.com\\\/web\\\/la-fiesta-nacional-de-teatro-se-puso-en-marcha-con-presencia-tucumana\\\/#breadcrumb\"},\"inLanguage\":\"es\",\"potentialAction\":[{\"@type\":\"ReadAction\",\"target\":[\"https:\\\/\\\/www.eldiariodetucuman.com\\\/web\\\/la-fiesta-nacional-de-teatro-se-puso-en-marcha-con-presencia-tucumana\\\/\"]}]},{\"@type\":\"ImageObject\",\"inLanguage\":\"es\",\"@id\":\"https:\\\/\\\/www.eldiariodetucuman.com\\\/web\\\/la-fiesta-nacional-de-teatro-se-puso-en-marcha-con-presencia-tucumana\\\/#primaryimage\",\"url\":\"https:\\\/\\\/www.eldiariodetucuman.com\\\/web\\\/wp-content\\\/uploads\\\/2018\\\/05\\\/c7ff4deed9ecf9031314a064f2b54e29.jpeg\",\"contentUrl\":\"https:\\\/\\\/www.eldiariodetucuman.com\\\/web\\\/wp-content\\\/uploads\\\/2018\\\/05\\\/c7ff4deed9ecf9031314a064f2b54e29.jpeg\",\"width\":720,\"height\":720},{\"@type\":\"BreadcrumbList\",\"@id\":\"https:\\\/\\\/www.eldiariodetucuman.com\\\/web\\\/la-fiesta-nacional-de-teatro-se-puso-en-marcha-con-presencia-tucumana\\\/#breadcrumb\",\"itemListElement\":[{\"@type\":\"ListItem\",\"position\":1,\"name\":\"Portada\",\"item\":\"https:\\\/\\\/www.eldiariodetucuman.com\\\/web\\\/\"},{\"@type\":\"ListItem\",\"position\":2,\"name\":\"La Fiesta Nacional de Teatro se puso en marcha con presencia tucumana\"}]},{\"@type\":\"WebSite\",\"@id\":\"https:\\\/\\\/www.eldiariodetucuman.com\\\/web\\\/#website\",\"url\":\"https:\\\/\\\/www.eldiariodetucuman.com\\\/web\\\/\",\"name\":\"El Diario de Tucuman\",\"description\":\"Diario Tucuman - Informaci\u00f3n y noticias\",\"publisher\":{\"@id\":\"https:\\\/\\\/www.eldiariodetucuman.com\\\/web\\\/#organization\"},\"potentialAction\":[{\"@type\":\"SearchAction\",\"target\":{\"@type\":\"EntryPoint\",\"urlTemplate\":\"https:\\\/\\\/www.eldiariodetucuman.com\\\/web\\\/?s={search_term_string}\"},\"query-input\":{\"@type\":\"PropertyValueSpecification\",\"valueRequired\":true,\"valueName\":\"search_term_string\"}}],\"inLanguage\":\"es\"},{\"@type\":\"Organization\",\"@id\":\"https:\\\/\\\/www.eldiariodetucuman.com\\\/web\\\/#organization\",\"name\":\"El Diario de Tucuman\",\"url\":\"https:\\\/\\\/www.eldiariodetucuman.com\\\/web\\\/\",\"logo\":{\"@type\":\"ImageObject\",\"inLanguage\":\"es\",\"@id\":\"https:\\\/\\\/www.eldiariodetucuman.com\\\/web\\\/#\\\/schema\\\/logo\\\/image\\\/\",\"url\":\"http:\\\/\\\/www.eldiariodetucuman.com\\\/web\\\/wp-content\\\/uploads\\\/2017\\\/12\\\/el-diario-de-tucuman.jpg\",\"contentUrl\":\"http:\\\/\\\/www.eldiariodetucuman.com\\\/web\\\/wp-content\\\/uploads\\\/2017\\\/12\\\/el-diario-de-tucuman.jpg\",\"width\":272,\"height\":92,\"caption\":\"El Diario de Tucuman\"},\"image\":{\"@id\":\"https:\\\/\\\/www.eldiariodetucuman.com\\\/web\\\/#\\\/schema\\\/logo\\\/image\\\/\"}},{\"@type\":\"Person\",\"@id\":\"https:\\\/\\\/www.eldiariodetucuman.com\\\/web\\\/#\\\/schema\\\/person\\\/9250197d75ab5483412e19678b121caa\",\"name\":\"admin\",\"image\":{\"@type\":\"ImageObject\",\"inLanguage\":\"es\",\"@id\":\"https:\\\/\\\/secure.gravatar.com\\\/avatar\\\/c44d117c2be811212c22cb481f6b8384b6873de103fbc49e7a03cc58d7dea4ac?s=96&d=mm&r=g\",\"url\":\"https:\\\/\\\/secure.gravatar.com\\\/avatar\\\/c44d117c2be811212c22cb481f6b8384b6873de103fbc49e7a03cc58d7dea4ac?s=96&d=mm&r=g\",\"contentUrl\":\"https:\\\/\\\/secure.gravatar.com\\\/avatar\\\/c44d117c2be811212c22cb481f6b8384b6873de103fbc49e7a03cc58d7dea4ac?s=96&d=mm&r=g\",\"caption\":\"admin\"},\"url\":\"https:\\\/\\\/www.eldiariodetucuman.com\\\/web\\\/author\\\/admin\\\/\"}]}<\/script>\n<!-- \/ Yoast SEO plugin. -->","yoast_head_json":{"title":"La Fiesta Nacional de Teatro se puso en marcha con presencia tucumana - El Diario de Tucuman","robots":{"index":"index","follow":"follow","max-snippet":"max-snippet:-1","max-image-preview":"max-image-preview:large","max-video-preview":"max-video-preview:-1"},"canonical":"https:\/\/www.eldiariodetucuman.com\/web\/la-fiesta-nacional-de-teatro-se-puso-en-marcha-con-presencia-tucumana\/","og_locale":"es_ES","og_type":"article","og_title":"La Fiesta Nacional de Teatro se puso en marcha con presencia tucumana - El Diario de Tucuman","og_description":"Hace 20 a\u00f1os, Rosario fue sede de la primera Fiesta Nacional de Teatro fuera de la Capital Federal, organizada por el entonces flamante Instituto Nacional de Teatro (INT). Desde hace varios d\u00edas, la principal ciudad de Santa Fe respira la alegr\u00eda del retorno de los elencos de todo el pa\u00eds, con avisos publicitarios que convocan [&hellip;]","og_url":"https:\/\/www.eldiariodetucuman.com\/web\/la-fiesta-nacional-de-teatro-se-puso-en-marcha-con-presencia-tucumana\/","og_site_name":"El Diario de Tucuman","article_published_time":"2018-05-13T16:01:26+00:00","article_modified_time":"2018-05-13T16:01:27+00:00","og_image":[{"width":720,"height":720,"url":"https:\/\/www.eldiariodetucuman.com\/web\/wp-content\/uploads\/2018\/05\/c7ff4deed9ecf9031314a064f2b54e29.jpeg","type":"image\/jpeg"}],"author":"admin","twitter_card":"summary_large_image","twitter_misc":{"Escrito por":"admin","Tiempo de lectura":"3 minutos"},"schema":{"@context":"https:\/\/schema.org","@graph":[{"@type":"Article","@id":"https:\/\/www.eldiariodetucuman.com\/web\/la-fiesta-nacional-de-teatro-se-puso-en-marcha-con-presencia-tucumana\/#article","isPartOf":{"@id":"https:\/\/www.eldiariodetucuman.com\/web\/la-fiesta-nacional-de-teatro-se-puso-en-marcha-con-presencia-tucumana\/"},"author":{"name":"admin","@id":"https:\/\/www.eldiariodetucuman.com\/web\/#\/schema\/person\/9250197d75ab5483412e19678b121caa"},"headline":"La Fiesta Nacional de Teatro se puso en marcha con presencia tucumana","datePublished":"2018-05-13T16:01:26+00:00","dateModified":"2018-05-13T16:01:27+00:00","mainEntityOfPage":{"@id":"https:\/\/www.eldiariodetucuman.com\/web\/la-fiesta-nacional-de-teatro-se-puso-en-marcha-con-presencia-tucumana\/"},"wordCount":548,"commentCount":0,"publisher":{"@id":"https:\/\/www.eldiariodetucuman.com\/web\/#organization"},"image":{"@id":"https:\/\/www.eldiariodetucuman.com\/web\/la-fiesta-nacional-de-teatro-se-puso-en-marcha-con-presencia-tucumana\/#primaryimage"},"thumbnailUrl":"https:\/\/www.eldiariodetucuman.com\/web\/wp-content\/uploads\/2018\/05\/c7ff4deed9ecf9031314a064f2b54e29.jpeg","articleSection":["Argentina"],"inLanguage":"es","potentialAction":[{"@type":"CommentAction","name":"Comment","target":["https:\/\/www.eldiariodetucuman.com\/web\/la-fiesta-nacional-de-teatro-se-puso-en-marcha-con-presencia-tucumana\/#respond"]}]},{"@type":"WebPage","@id":"https:\/\/www.eldiariodetucuman.com\/web\/la-fiesta-nacional-de-teatro-se-puso-en-marcha-con-presencia-tucumana\/","url":"https:\/\/www.eldiariodetucuman.com\/web\/la-fiesta-nacional-de-teatro-se-puso-en-marcha-con-presencia-tucumana\/","name":"La Fiesta Nacional de Teatro se puso en marcha con presencia tucumana - El Diario de Tucuman","isPartOf":{"@id":"https:\/\/www.eldiariodetucuman.com\/web\/#website"},"primaryImageOfPage":{"@id":"https:\/\/www.eldiariodetucuman.com\/web\/la-fiesta-nacional-de-teatro-se-puso-en-marcha-con-presencia-tucumana\/#primaryimage"},"image":{"@id":"https:\/\/www.eldiariodetucuman.com\/web\/la-fiesta-nacional-de-teatro-se-puso-en-marcha-con-presencia-tucumana\/#primaryimage"},"thumbnailUrl":"https:\/\/www.eldiariodetucuman.com\/web\/wp-content\/uploads\/2018\/05\/c7ff4deed9ecf9031314a064f2b54e29.jpeg","datePublished":"2018-05-13T16:01:26+00:00","dateModified":"2018-05-13T16:01:27+00:00","breadcrumb":{"@id":"https:\/\/www.eldiariodetucuman.com\/web\/la-fiesta-nacional-de-teatro-se-puso-en-marcha-con-presencia-tucumana\/#breadcrumb"},"inLanguage":"es","potentialAction":[{"@type":"ReadAction","target":["https:\/\/www.eldiariodetucuman.com\/web\/la-fiesta-nacional-de-teatro-se-puso-en-marcha-con-presencia-tucumana\/"]}]},{"@type":"ImageObject","inLanguage":"es","@id":"https:\/\/www.eldiariodetucuman.com\/web\/la-fiesta-nacional-de-teatro-se-puso-en-marcha-con-presencia-tucumana\/#primaryimage","url":"https:\/\/www.eldiariodetucuman.com\/web\/wp-content\/uploads\/2018\/05\/c7ff4deed9ecf9031314a064f2b54e29.jpeg","contentUrl":"https:\/\/www.eldiariodetucuman.com\/web\/wp-content\/uploads\/2018\/05\/c7ff4deed9ecf9031314a064f2b54e29.jpeg","width":720,"height":720},{"@type":"BreadcrumbList","@id":"https:\/\/www.eldiariodetucuman.com\/web\/la-fiesta-nacional-de-teatro-se-puso-en-marcha-con-presencia-tucumana\/#breadcrumb","itemListElement":[{"@type":"ListItem","position":1,"name":"Portada","item":"https:\/\/www.eldiariodetucuman.com\/web\/"},{"@type":"ListItem","position":2,"name":"La Fiesta Nacional de Teatro se puso en marcha con presencia tucumana"}]},{"@type":"WebSite","@id":"https:\/\/www.eldiariodetucuman.com\/web\/#website","url":"https:\/\/www.eldiariodetucuman.com\/web\/","name":"El Diario de Tucuman","description":"Diario Tucuman - Informaci\u00f3n y noticias","publisher":{"@id":"https:\/\/www.eldiariodetucuman.com\/web\/#organization"},"potentialAction":[{"@type":"SearchAction","target":{"@type":"EntryPoint","urlTemplate":"https:\/\/www.eldiariodetucuman.com\/web\/?s={search_term_string}"},"query-input":{"@type":"PropertyValueSpecification","valueRequired":true,"valueName":"search_term_string"}}],"inLanguage":"es"},{"@type":"Organization","@id":"https:\/\/www.eldiariodetucuman.com\/web\/#organization","name":"El Diario de Tucuman","url":"https:\/\/www.eldiariodetucuman.com\/web\/","logo":{"@type":"ImageObject","inLanguage":"es","@id":"https:\/\/www.eldiariodetucuman.com\/web\/#\/schema\/logo\/image\/","url":"http:\/\/www.eldiariodetucuman.com\/web\/wp-content\/uploads\/2017\/12\/el-diario-de-tucuman.jpg","contentUrl":"http:\/\/www.eldiariodetucuman.com\/web\/wp-content\/uploads\/2017\/12\/el-diario-de-tucuman.jpg","width":272,"height":92,"caption":"El Diario de Tucuman"},"image":{"@id":"https:\/\/www.eldiariodetucuman.com\/web\/#\/schema\/logo\/image\/"}},{"@type":"Person","@id":"https:\/\/www.eldiariodetucuman.com\/web\/#\/schema\/person\/9250197d75ab5483412e19678b121caa","name":"admin","image":{"@type":"ImageObject","inLanguage":"es","@id":"https:\/\/secure.gravatar.com\/avatar\/c44d117c2be811212c22cb481f6b8384b6873de103fbc49e7a03cc58d7dea4ac?s=96&d=mm&r=g","url":"https:\/\/secure.gravatar.com\/avatar\/c44d117c2be811212c22cb481f6b8384b6873de103fbc49e7a03cc58d7dea4ac?s=96&d=mm&r=g","contentUrl":"https:\/\/secure.gravatar.com\/avatar\/c44d117c2be811212c22cb481f6b8384b6873de103fbc49e7a03cc58d7dea4ac?s=96&d=mm&r=g","caption":"admin"},"url":"https:\/\/www.eldiariodetucuman.com\/web\/author\/admin\/"}]}},"_links":{"self":[{"href":"https:\/\/www.eldiariodetucuman.com\/web\/wp-json\/wp\/v2\/posts\/10225","targetHints":{"allow":["GET"]}}],"collection":[{"href":"https:\/\/www.eldiariodetucuman.com\/web\/wp-json\/wp\/v2\/posts"}],"about":[{"href":"https:\/\/www.eldiariodetucuman.com\/web\/wp-json\/wp\/v2\/types\/post"}],"author":[{"embeddable":true,"href":"https:\/\/www.eldiariodetucuman.com\/web\/wp-json\/wp\/v2\/users\/1"}],"replies":[{"embeddable":true,"href":"https:\/\/www.eldiariodetucuman.com\/web\/wp-json\/wp\/v2\/comments?post=10225"}],"version-history":[{"count":1,"href":"https:\/\/www.eldiariodetucuman.com\/web\/wp-json\/wp\/v2\/posts\/10225\/revisions"}],"predecessor-version":[{"id":10227,"href":"https:\/\/www.eldiariodetucuman.com\/web\/wp-json\/wp\/v2\/posts\/10225\/revisions\/10227"}],"wp:featuredmedia":[{"embeddable":true,"href":"https:\/\/www.eldiariodetucuman.com\/web\/wp-json\/wp\/v2\/media\/10226"}],"wp:attachment":[{"href":"https:\/\/www.eldiariodetucuman.com\/web\/wp-json\/wp\/v2\/media?parent=10225"}],"wp:term":[{"taxonomy":"category","embeddable":true,"href":"https:\/\/www.eldiariodetucuman.com\/web\/wp-json\/wp\/v2\/categories?post=10225"},{"taxonomy":"post_tag","embeddable":true,"href":"https:\/\/www.eldiariodetucuman.com\/web\/wp-json\/wp\/v2\/tags?post=10225"}],"curies":[{"name":"wp","href":"https:\/\/api.w.org\/{rel}","templated":true}]}}