{"id":10196,"date":"2018-05-13T11:41:49","date_gmt":"2018-05-13T14:41:49","guid":{"rendered":"http:\/\/www.eldiariodetucuman.com\/web\/el-pj-buscara-definir-una-postura-como-oposicion\/"},"modified":"2018-05-13T11:41:51","modified_gmt":"2018-05-13T14:41:51","slug":"el-pj-buscara-definir-una-postura-como-oposicion","status":"publish","type":"post","link":"https:\/\/www.eldiariodetucuman.com\/web\/el-pj-buscara-definir-una-postura-como-oposicion\/","title":{"rendered":"El PJ buscar\u00e1 definir una postura como oposici\u00f3n"},"content":{"rendered":"<div>\n<div readability=\"48.646464646465\">\n<p>La cita ser\u00e1 el <strong>pr\u00f3ximo martes<\/strong>, en un d\u00eda delicado para los mercados financieros porque en esa jornada <strong>vencer\u00e1n 670 millones de pesos en letras<\/strong> del Banco Central (Lebac). Los <a href=\"https:\/\/www.elintransigente.com\/politica\/2018\/5\/11\/los-gobernadores-peronistas-no-definieron-un-apoyo-al-acuerdo-con-el-fmi-490701.html\">gobernadores <\/a>del PJ se reunir\u00e1n en Buenos Aires para delinear una<strong> postura opositora <\/strong>frente al contexto actual de aumento del d\u00f3lar, el debate por las tarifas y el pedido de ayuda financiera al <a href=\"https:\/\/www.elintransigente.com\/economia\/2018\/5\/12\/batakis-sobre-el-fmi-se-pide-que-se-congelen-las-jubilaciones-490856.html\">FMI <\/a>por parte del gobierno oficial<\/p>\n<p>Seg\u00fan informaci\u00f3n que publica hoy el diario cordob\u00e9s La Voz del Interior, sumados a los gobernadores peronistas tambi\u00e9n se reunir\u00e1n los presidentes de los bloques legislativos del <strong>Peronismo Federal<\/strong>, <strong>Pablo Kosiner<\/strong> (C\u00e1mara de Diputados) y <strong>Miguel Pichetto<\/strong> (C\u00e1mara de Senadores). El almuerzo del martes se llevar\u00e1 a cabo en la Casa de Entre R\u00edos, en la<strong> ciudad de Buenos Aires<\/strong>.\u00a0<\/p>\n<aside class=\"htmlinline \"><ins class=\"adsbygoogle\" data-ad-layout=\"in-article\" data-ad-format=\"fluid\" data-ad-client=\"ca-pub-7781556717282971\" data-ad-slot=\"9383133609\"><\/ins><br \/>\n<\/aside>\n<p>Seg\u00fan\u00a0el diario cordob\u00e9s, por versiones que circulan, los gobernadores que alientan esta cumbre del PJ son Squiaretti y el gobernador de Salta, <strong>Juan Manuel Urtubey<\/strong>.\u00a0El mandatario cordob\u00e9s expres\u00f3 su postura en\u00a0su cuenta de Twitter: \u201cDe esta situaci\u00f3n que vive el pa\u00eds saldremos adelante si todos nos convencemos que debemos garantizar la gobernabilidad. Debemos evitar las grandes crisis, porque s\u00f3lo nos dejaron m\u00e1s pobres y m\u00e1s castigo a la clase media, a los trabajadores y a los m\u00e1s vulnerables\u201d.<\/p>\n<p>El jueves pasado el presidente Mauricio Macri se reuni\u00f3 con cinco mandatarios provinciales para informarles sobre su decisi\u00f3n de solicitar asistencia financiera al Fondo Monetario Internacional (FMI). Los gobernadores que asistieron al encuentro fueron Sergio U\u00f1ac (San Juan), Gustavo Bordet (Entre R\u00edos), Juan Manzur (Tucum\u00e1n), Domingo Peppo (Chaco) y Juan Manuel Squiaretti (C\u00f3rdoba).\u00a0<\/p>\n<p>El gobernador U\u00f1ac, uno de los presentes en la reuni\u00f3n, sobre el acuerdo del gobierno con el FMI, sostuvo: \u201cComo no conocemos los t\u00e9rminos del acuerdo con el fondo, ni tampoco lo conoce el gobierno nacional porque las conversaciones son incipientes, vamos a esperar a conocer la propuesta y ser prudentes\u00bb, seg\u00fan se cita en el diario \u00c1mbito Financiero.\u00a0<\/p>\n<p>\u00a0<\/p>\n<p>\u00a0<\/p>\n<p>\u00a0<\/p>\n<p>\u00a0<\/p>\n<\/div>\n<\/div>\n<p>Fuente: https:\/\/www.elintransigente.com\/politica\/2018\/5\/13\/el-pj-buscara-definir-una-postura-como-oposicion-490882.html<\/p>\n","protected":false},"excerpt":{"rendered":"<p>La cita ser\u00e1 el pr\u00f3ximo martes, en un d\u00eda delicado para los mercados financieros porque en esa jornada vencer\u00e1n 670 millones de pesos en letras del Banco Central (Lebac). Los gobernadores del PJ se reunir\u00e1n en Buenos Aires para delinear una postura opositora frente al contexto actual de aumento del d\u00f3lar, el debate por las [&hellip;]<\/p>\n","protected":false},"author":1,"featured_media":10197,"comment_status":"open","ping_status":"closed","sticky":false,"template":"","format":"standard","meta":{"footnotes":""},"categories":[1],"tags":[],"class_list":{"0":"post-10196","1":"post","2":"type-post","3":"status-publish","4":"format-standard","5":"has-post-thumbnail","7":"category-portada"},"yoast_head":"<!-- This site is optimized with the Yoast SEO plugin v27.4 - https:\/\/yoast.com\/product\/yoast-seo-wordpress\/ -->\n<title>El PJ buscar\u00e1 definir una postura como oposici\u00f3n - El Diario de Tucuman<\/title>\n<meta name=\"robots\" content=\"index, follow, max-snippet:-1, max-image-preview:large, max-video-preview:-1\" \/>\n<link rel=\"canonical\" href=\"https:\/\/www.eldiariodetucuman.com\/web\/el-pj-buscara-definir-una-postura-como-oposicion\/\" \/>\n<meta property=\"og:locale\" content=\"es_ES\" \/>\n<meta property=\"og:type\" content=\"article\" \/>\n<meta property=\"og:title\" content=\"El PJ buscar\u00e1 definir una postura como oposici\u00f3n - El Diario de Tucuman\" \/>\n<meta property=\"og:description\" content=\"La cita ser\u00e1 el pr\u00f3ximo martes, en un d\u00eda delicado para los mercados financieros porque en esa jornada vencer\u00e1n 670 millones de pesos en letras del Banco Central (Lebac). Los gobernadores del PJ se reunir\u00e1n en Buenos Aires para delinear una postura opositora frente al contexto actual de aumento del d\u00f3lar, el debate por las [&hellip;]\" \/>\n<meta property=\"og:url\" content=\"https:\/\/www.eldiariodetucuman.com\/web\/el-pj-buscara-definir-una-postura-como-oposicion\/\" \/>\n<meta property=\"og:site_name\" content=\"El Diario de Tucuman\" \/>\n<meta property=\"article:published_time\" content=\"2018-05-13T14:41:49+00:00\" \/>\n<meta property=\"article:modified_time\" content=\"2018-05-13T14:41:51+00:00\" \/>\n<meta property=\"og:image\" content=\"https:\/\/www.eldiariodetucuman.com\/web\/wp-content\/uploads\/2018\/05\/afee8965f19d061574f4f43a15cc8dad.jpeg\" \/>\n\t<meta property=\"og:image:width\" content=\"960\" \/>\n\t<meta property=\"og:image:height\" content=\"638\" \/>\n\t<meta property=\"og:image:type\" content=\"image\/jpeg\" \/>\n<meta name=\"author\" content=\"admin\" \/>\n<meta name=\"twitter:card\" content=\"summary_large_image\" \/>\n<meta name=\"twitter:label1\" content=\"Escrito por\" \/>\n\t<meta name=\"twitter:data1\" content=\"admin\" \/>\n\t<meta name=\"twitter:label2\" content=\"Tiempo de lectura\" \/>\n\t<meta name=\"twitter:data2\" content=\"2 minutos\" \/>\n<script type=\"application\/ld+json\" class=\"yoast-schema-graph\">{\"@context\":\"https:\\\/\\\/schema.org\",\"@graph\":[{\"@type\":\"Article\",\"@id\":\"https:\\\/\\\/www.eldiariodetucuman.com\\\/web\\\/el-pj-buscara-definir-una-postura-como-oposicion\\\/#article\",\"isPartOf\":{\"@id\":\"https:\\\/\\\/www.eldiariodetucuman.com\\\/web\\\/el-pj-buscara-definir-una-postura-como-oposicion\\\/\"},\"author\":{\"name\":\"admin\",\"@id\":\"https:\\\/\\\/www.eldiariodetucuman.com\\\/web\\\/#\\\/schema\\\/person\\\/9250197d75ab5483412e19678b121caa\"},\"headline\":\"El PJ buscar\u00e1 definir una postura como oposici\u00f3n\",\"datePublished\":\"2018-05-13T14:41:49+00:00\",\"dateModified\":\"2018-05-13T14:41:51+00:00\",\"mainEntityOfPage\":{\"@id\":\"https:\\\/\\\/www.eldiariodetucuman.com\\\/web\\\/el-pj-buscara-definir-una-postura-como-oposicion\\\/\"},\"wordCount\":369,\"commentCount\":0,\"publisher\":{\"@id\":\"https:\\\/\\\/www.eldiariodetucuman.com\\\/web\\\/#organization\"},\"image\":{\"@id\":\"https:\\\/\\\/www.eldiariodetucuman.com\\\/web\\\/el-pj-buscara-definir-una-postura-como-oposicion\\\/#primaryimage\"},\"thumbnailUrl\":\"https:\\\/\\\/www.eldiariodetucuman.com\\\/web\\\/wp-content\\\/uploads\\\/2018\\\/05\\\/afee8965f19d061574f4f43a15cc8dad.jpeg\",\"articleSection\":[\"Portada\"],\"inLanguage\":\"es\",\"potentialAction\":[{\"@type\":\"CommentAction\",\"name\":\"Comment\",\"target\":[\"https:\\\/\\\/www.eldiariodetucuman.com\\\/web\\\/el-pj-buscara-definir-una-postura-como-oposicion\\\/#respond\"]}]},{\"@type\":\"WebPage\",\"@id\":\"https:\\\/\\\/www.eldiariodetucuman.com\\\/web\\\/el-pj-buscara-definir-una-postura-como-oposicion\\\/\",\"url\":\"https:\\\/\\\/www.eldiariodetucuman.com\\\/web\\\/el-pj-buscara-definir-una-postura-como-oposicion\\\/\",\"name\":\"El PJ buscar\u00e1 definir una postura como oposici\u00f3n - El Diario de Tucuman\",\"isPartOf\":{\"@id\":\"https:\\\/\\\/www.eldiariodetucuman.com\\\/web\\\/#website\"},\"primaryImageOfPage\":{\"@id\":\"https:\\\/\\\/www.eldiariodetucuman.com\\\/web\\\/el-pj-buscara-definir-una-postura-como-oposicion\\\/#primaryimage\"},\"image\":{\"@id\":\"https:\\\/\\\/www.eldiariodetucuman.com\\\/web\\\/el-pj-buscara-definir-una-postura-como-oposicion\\\/#primaryimage\"},\"thumbnailUrl\":\"https:\\\/\\\/www.eldiariodetucuman.com\\\/web\\\/wp-content\\\/uploads\\\/2018\\\/05\\\/afee8965f19d061574f4f43a15cc8dad.jpeg\",\"datePublished\":\"2018-05-13T14:41:49+00:00\",\"dateModified\":\"2018-05-13T14:41:51+00:00\",\"breadcrumb\":{\"@id\":\"https:\\\/\\\/www.eldiariodetucuman.com\\\/web\\\/el-pj-buscara-definir-una-postura-como-oposicion\\\/#breadcrumb\"},\"inLanguage\":\"es\",\"potentialAction\":[{\"@type\":\"ReadAction\",\"target\":[\"https:\\\/\\\/www.eldiariodetucuman.com\\\/web\\\/el-pj-buscara-definir-una-postura-como-oposicion\\\/\"]}]},{\"@type\":\"ImageObject\",\"inLanguage\":\"es\",\"@id\":\"https:\\\/\\\/www.eldiariodetucuman.com\\\/web\\\/el-pj-buscara-definir-una-postura-como-oposicion\\\/#primaryimage\",\"url\":\"https:\\\/\\\/www.eldiariodetucuman.com\\\/web\\\/wp-content\\\/uploads\\\/2018\\\/05\\\/afee8965f19d061574f4f43a15cc8dad.jpeg\",\"contentUrl\":\"https:\\\/\\\/www.eldiariodetucuman.com\\\/web\\\/wp-content\\\/uploads\\\/2018\\\/05\\\/afee8965f19d061574f4f43a15cc8dad.jpeg\",\"width\":960,\"height\":638},{\"@type\":\"BreadcrumbList\",\"@id\":\"https:\\\/\\\/www.eldiariodetucuman.com\\\/web\\\/el-pj-buscara-definir-una-postura-como-oposicion\\\/#breadcrumb\",\"itemListElement\":[{\"@type\":\"ListItem\",\"position\":1,\"name\":\"Portada\",\"item\":\"https:\\\/\\\/www.eldiariodetucuman.com\\\/web\\\/\"},{\"@type\":\"ListItem\",\"position\":2,\"name\":\"El PJ buscar\u00e1 definir una postura como oposici\u00f3n\"}]},{\"@type\":\"WebSite\",\"@id\":\"https:\\\/\\\/www.eldiariodetucuman.com\\\/web\\\/#website\",\"url\":\"https:\\\/\\\/www.eldiariodetucuman.com\\\/web\\\/\",\"name\":\"El Diario de Tucuman\",\"description\":\"Diario Tucuman - Informaci\u00f3n y noticias\",\"publisher\":{\"@id\":\"https:\\\/\\\/www.eldiariodetucuman.com\\\/web\\\/#organization\"},\"potentialAction\":[{\"@type\":\"SearchAction\",\"target\":{\"@type\":\"EntryPoint\",\"urlTemplate\":\"https:\\\/\\\/www.eldiariodetucuman.com\\\/web\\\/?s={search_term_string}\"},\"query-input\":{\"@type\":\"PropertyValueSpecification\",\"valueRequired\":true,\"valueName\":\"search_term_string\"}}],\"inLanguage\":\"es\"},{\"@type\":\"Organization\",\"@id\":\"https:\\\/\\\/www.eldiariodetucuman.com\\\/web\\\/#organization\",\"name\":\"El Diario de Tucuman\",\"url\":\"https:\\\/\\\/www.eldiariodetucuman.com\\\/web\\\/\",\"logo\":{\"@type\":\"ImageObject\",\"inLanguage\":\"es\",\"@id\":\"https:\\\/\\\/www.eldiariodetucuman.com\\\/web\\\/#\\\/schema\\\/logo\\\/image\\\/\",\"url\":\"http:\\\/\\\/www.eldiariodetucuman.com\\\/web\\\/wp-content\\\/uploads\\\/2017\\\/12\\\/el-diario-de-tucuman.jpg\",\"contentUrl\":\"http:\\\/\\\/www.eldiariodetucuman.com\\\/web\\\/wp-content\\\/uploads\\\/2017\\\/12\\\/el-diario-de-tucuman.jpg\",\"width\":272,\"height\":92,\"caption\":\"El Diario de Tucuman\"},\"image\":{\"@id\":\"https:\\\/\\\/www.eldiariodetucuman.com\\\/web\\\/#\\\/schema\\\/logo\\\/image\\\/\"}},{\"@type\":\"Person\",\"@id\":\"https:\\\/\\\/www.eldiariodetucuman.com\\\/web\\\/#\\\/schema\\\/person\\\/9250197d75ab5483412e19678b121caa\",\"name\":\"admin\",\"image\":{\"@type\":\"ImageObject\",\"inLanguage\":\"es\",\"@id\":\"https:\\\/\\\/secure.gravatar.com\\\/avatar\\\/c44d117c2be811212c22cb481f6b8384b6873de103fbc49e7a03cc58d7dea4ac?s=96&d=mm&r=g\",\"url\":\"https:\\\/\\\/secure.gravatar.com\\\/avatar\\\/c44d117c2be811212c22cb481f6b8384b6873de103fbc49e7a03cc58d7dea4ac?s=96&d=mm&r=g\",\"contentUrl\":\"https:\\\/\\\/secure.gravatar.com\\\/avatar\\\/c44d117c2be811212c22cb481f6b8384b6873de103fbc49e7a03cc58d7dea4ac?s=96&d=mm&r=g\",\"caption\":\"admin\"},\"url\":\"https:\\\/\\\/www.eldiariodetucuman.com\\\/web\\\/author\\\/admin\\\/\"}]}<\/script>\n<!-- \/ Yoast SEO plugin. -->","yoast_head_json":{"title":"El PJ buscar\u00e1 definir una postura como oposici\u00f3n - El Diario de Tucuman","robots":{"index":"index","follow":"follow","max-snippet":"max-snippet:-1","max-image-preview":"max-image-preview:large","max-video-preview":"max-video-preview:-1"},"canonical":"https:\/\/www.eldiariodetucuman.com\/web\/el-pj-buscara-definir-una-postura-como-oposicion\/","og_locale":"es_ES","og_type":"article","og_title":"El PJ buscar\u00e1 definir una postura como oposici\u00f3n - El Diario de Tucuman","og_description":"La cita ser\u00e1 el pr\u00f3ximo martes, en un d\u00eda delicado para los mercados financieros porque en esa jornada vencer\u00e1n 670 millones de pesos en letras del Banco Central (Lebac). Los gobernadores del PJ se reunir\u00e1n en Buenos Aires para delinear una postura opositora frente al contexto actual de aumento del d\u00f3lar, el debate por las [&hellip;]","og_url":"https:\/\/www.eldiariodetucuman.com\/web\/el-pj-buscara-definir-una-postura-como-oposicion\/","og_site_name":"El Diario de Tucuman","article_published_time":"2018-05-13T14:41:49+00:00","article_modified_time":"2018-05-13T14:41:51+00:00","og_image":[{"width":960,"height":638,"url":"https:\/\/www.eldiariodetucuman.com\/web\/wp-content\/uploads\/2018\/05\/afee8965f19d061574f4f43a15cc8dad.jpeg","type":"image\/jpeg"}],"author":"admin","twitter_card":"summary_large_image","twitter_misc":{"Escrito por":"admin","Tiempo de lectura":"2 minutos"},"schema":{"@context":"https:\/\/schema.org","@graph":[{"@type":"Article","@id":"https:\/\/www.eldiariodetucuman.com\/web\/el-pj-buscara-definir-una-postura-como-oposicion\/#article","isPartOf":{"@id":"https:\/\/www.eldiariodetucuman.com\/web\/el-pj-buscara-definir-una-postura-como-oposicion\/"},"author":{"name":"admin","@id":"https:\/\/www.eldiariodetucuman.com\/web\/#\/schema\/person\/9250197d75ab5483412e19678b121caa"},"headline":"El PJ buscar\u00e1 definir una postura como oposici\u00f3n","datePublished":"2018-05-13T14:41:49+00:00","dateModified":"2018-05-13T14:41:51+00:00","mainEntityOfPage":{"@id":"https:\/\/www.eldiariodetucuman.com\/web\/el-pj-buscara-definir-una-postura-como-oposicion\/"},"wordCount":369,"commentCount":0,"publisher":{"@id":"https:\/\/www.eldiariodetucuman.com\/web\/#organization"},"image":{"@id":"https:\/\/www.eldiariodetucuman.com\/web\/el-pj-buscara-definir-una-postura-como-oposicion\/#primaryimage"},"thumbnailUrl":"https:\/\/www.eldiariodetucuman.com\/web\/wp-content\/uploads\/2018\/05\/afee8965f19d061574f4f43a15cc8dad.jpeg","articleSection":["Portada"],"inLanguage":"es","potentialAction":[{"@type":"CommentAction","name":"Comment","target":["https:\/\/www.eldiariodetucuman.com\/web\/el-pj-buscara-definir-una-postura-como-oposicion\/#respond"]}]},{"@type":"WebPage","@id":"https:\/\/www.eldiariodetucuman.com\/web\/el-pj-buscara-definir-una-postura-como-oposicion\/","url":"https:\/\/www.eldiariodetucuman.com\/web\/el-pj-buscara-definir-una-postura-como-oposicion\/","name":"El PJ buscar\u00e1 definir una postura como oposici\u00f3n - El Diario de Tucuman","isPartOf":{"@id":"https:\/\/www.eldiariodetucuman.com\/web\/#website"},"primaryImageOfPage":{"@id":"https:\/\/www.eldiariodetucuman.com\/web\/el-pj-buscara-definir-una-postura-como-oposicion\/#primaryimage"},"image":{"@id":"https:\/\/www.eldiariodetucuman.com\/web\/el-pj-buscara-definir-una-postura-como-oposicion\/#primaryimage"},"thumbnailUrl":"https:\/\/www.eldiariodetucuman.com\/web\/wp-content\/uploads\/2018\/05\/afee8965f19d061574f4f43a15cc8dad.jpeg","datePublished":"2018-05-13T14:41:49+00:00","dateModified":"2018-05-13T14:41:51+00:00","breadcrumb":{"@id":"https:\/\/www.eldiariodetucuman.com\/web\/el-pj-buscara-definir-una-postura-como-oposicion\/#breadcrumb"},"inLanguage":"es","potentialAction":[{"@type":"ReadAction","target":["https:\/\/www.eldiariodetucuman.com\/web\/el-pj-buscara-definir-una-postura-como-oposicion\/"]}]},{"@type":"ImageObject","inLanguage":"es","@id":"https:\/\/www.eldiariodetucuman.com\/web\/el-pj-buscara-definir-una-postura-como-oposicion\/#primaryimage","url":"https:\/\/www.eldiariodetucuman.com\/web\/wp-content\/uploads\/2018\/05\/afee8965f19d061574f4f43a15cc8dad.jpeg","contentUrl":"https:\/\/www.eldiariodetucuman.com\/web\/wp-content\/uploads\/2018\/05\/afee8965f19d061574f4f43a15cc8dad.jpeg","width":960,"height":638},{"@type":"BreadcrumbList","@id":"https:\/\/www.eldiariodetucuman.com\/web\/el-pj-buscara-definir-una-postura-como-oposicion\/#breadcrumb","itemListElement":[{"@type":"ListItem","position":1,"name":"Portada","item":"https:\/\/www.eldiariodetucuman.com\/web\/"},{"@type":"ListItem","position":2,"name":"El PJ buscar\u00e1 definir una postura como oposici\u00f3n"}]},{"@type":"WebSite","@id":"https:\/\/www.eldiariodetucuman.com\/web\/#website","url":"https:\/\/www.eldiariodetucuman.com\/web\/","name":"El Diario de Tucuman","description":"Diario Tucuman - Informaci\u00f3n y noticias","publisher":{"@id":"https:\/\/www.eldiariodetucuman.com\/web\/#organization"},"potentialAction":[{"@type":"SearchAction","target":{"@type":"EntryPoint","urlTemplate":"https:\/\/www.eldiariodetucuman.com\/web\/?s={search_term_string}"},"query-input":{"@type":"PropertyValueSpecification","valueRequired":true,"valueName":"search_term_string"}}],"inLanguage":"es"},{"@type":"Organization","@id":"https:\/\/www.eldiariodetucuman.com\/web\/#organization","name":"El Diario de Tucuman","url":"https:\/\/www.eldiariodetucuman.com\/web\/","logo":{"@type":"ImageObject","inLanguage":"es","@id":"https:\/\/www.eldiariodetucuman.com\/web\/#\/schema\/logo\/image\/","url":"http:\/\/www.eldiariodetucuman.com\/web\/wp-content\/uploads\/2017\/12\/el-diario-de-tucuman.jpg","contentUrl":"http:\/\/www.eldiariodetucuman.com\/web\/wp-content\/uploads\/2017\/12\/el-diario-de-tucuman.jpg","width":272,"height":92,"caption":"El Diario de Tucuman"},"image":{"@id":"https:\/\/www.eldiariodetucuman.com\/web\/#\/schema\/logo\/image\/"}},{"@type":"Person","@id":"https:\/\/www.eldiariodetucuman.com\/web\/#\/schema\/person\/9250197d75ab5483412e19678b121caa","name":"admin","image":{"@type":"ImageObject","inLanguage":"es","@id":"https:\/\/secure.gravatar.com\/avatar\/c44d117c2be811212c22cb481f6b8384b6873de103fbc49e7a03cc58d7dea4ac?s=96&d=mm&r=g","url":"https:\/\/secure.gravatar.com\/avatar\/c44d117c2be811212c22cb481f6b8384b6873de103fbc49e7a03cc58d7dea4ac?s=96&d=mm&r=g","contentUrl":"https:\/\/secure.gravatar.com\/avatar\/c44d117c2be811212c22cb481f6b8384b6873de103fbc49e7a03cc58d7dea4ac?s=96&d=mm&r=g","caption":"admin"},"url":"https:\/\/www.eldiariodetucuman.com\/web\/author\/admin\/"}]}},"_links":{"self":[{"href":"https:\/\/www.eldiariodetucuman.com\/web\/wp-json\/wp\/v2\/posts\/10196","targetHints":{"allow":["GET"]}}],"collection":[{"href":"https:\/\/www.eldiariodetucuman.com\/web\/wp-json\/wp\/v2\/posts"}],"about":[{"href":"https:\/\/www.eldiariodetucuman.com\/web\/wp-json\/wp\/v2\/types\/post"}],"author":[{"embeddable":true,"href":"https:\/\/www.eldiariodetucuman.com\/web\/wp-json\/wp\/v2\/users\/1"}],"replies":[{"embeddable":true,"href":"https:\/\/www.eldiariodetucuman.com\/web\/wp-json\/wp\/v2\/comments?post=10196"}],"version-history":[{"count":1,"href":"https:\/\/www.eldiariodetucuman.com\/web\/wp-json\/wp\/v2\/posts\/10196\/revisions"}],"predecessor-version":[{"id":10198,"href":"https:\/\/www.eldiariodetucuman.com\/web\/wp-json\/wp\/v2\/posts\/10196\/revisions\/10198"}],"wp:featuredmedia":[{"embeddable":true,"href":"https:\/\/www.eldiariodetucuman.com\/web\/wp-json\/wp\/v2\/media\/10197"}],"wp:attachment":[{"href":"https:\/\/www.eldiariodetucuman.com\/web\/wp-json\/wp\/v2\/media?parent=10196"}],"wp:term":[{"taxonomy":"category","embeddable":true,"href":"https:\/\/www.eldiariodetucuman.com\/web\/wp-json\/wp\/v2\/categories?post=10196"},{"taxonomy":"post_tag","embeddable":true,"href":"https:\/\/www.eldiariodetucuman.com\/web\/wp-json\/wp\/v2\/tags?post=10196"}],"curies":[{"name":"wp","href":"https:\/\/api.w.org\/{rel}","templated":true}]}}