{"id":10190,"date":"2018-05-12T12:59:30","date_gmt":"2018-05-12T15:59:30","guid":{"rendered":"http:\/\/www.eldiariodetucuman.com\/web\/mas-propuestas-musicales-para-esta-noche\/"},"modified":"2018-05-12T12:59:31","modified_gmt":"2018-05-12T15:59:31","slug":"mas-propuestas-musicales-para-esta-noche","status":"publish","type":"post","link":"https:\/\/www.eldiariodetucuman.com\/web\/mas-propuestas-musicales-para-esta-noche\/","title":{"rendered":"M\u00e1s propuestas musicales para esta noche"},"content":{"rendered":"<div>\n<div readability=\"241\">\n<p>rock\u00a0<\/p>\n<p>encuentro a beneficio de un comedor social<\/p>\n<p>El pilet\u00f3n del parque Avellaneda ser\u00e1 el escenario del festival Rock del Nuestro a partir de las 20, con las actuaciones de Amaranthus, Rock\u2019N Lobos, Vampiro Indio, Aneurixma, Maldito Azar y Asado Chino. La entrada es libre y gratuita, con el objetivo de reunir aportes a beneficio de El Rancho de Mario, un comedor social que funciona en el barrio San Jorge.<\/p>\n<p>Andrea rold\u00e1n propone un recital\u00a0 de a dos<\/p>\n<p>\u201cEntre vos y yo\u201d es el nombre del recital que Andrea Rold\u00e1n ofrecer\u00e1 desde las 23.50 en La Negra Restaurante (General Paz y Miguel Lillo). La acompar\u00e1n Rodrigo Soriano, Gonzalo Arag\u00f3n, Mat\u00edas Tirador y Dami\u00e1n Rodr\u00edguez.<\/p>\n<p>power tr\u00edo en jos\u00e9 cuervo<\/p>\n<p>Burro de Arranque se presentar\u00e1 desde la medianoche en Jos\u00e9 Cuervo (Miguel Lillo 350), con su repertorio de cl\u00e1sicos del rock y del blues. La banda est\u00e1 integrada por los tucumanos Gonzalo Fares, Gustavo Pipi P\u00e9rez Rossi y Facundo Castelli, en el formato de power tr\u00edo.<\/p>\n<p>folclore\u00a0<\/p>\n<p>homenaje a tito segura<\/p>\n<p>En El Alto de la Lechuza (24 de Septiembre y Marco Avellaneda) desde las 22 habr\u00e1 un homenaje a Tito Segura, con la participaci\u00f3n de Zamba 4, Gabriel S\u00e1nchez, Armando \u00c1lvarez y del juje\u00f1o El Changuito Zafrero.<\/p>\n<p>ritmos tucumanos en el aljibe<\/p>\n<p>Los Hilere\u00f1os ser\u00e1 el n\u00famero central que la pe\u00f1a El Aljibe (Las Heras y Cris\u00f3stomo \u00c1lvarez) presentar\u00e1 desde las 22 en su escenario folcl\u00f3rico. Tambi\u00e9n anuncian a Fernando Navarro y al grupo Ra\u00edces.<\/p>\n<p>el tributo de lucho hoyos<\/p>\n<p>Composiciones cl\u00e1sicas de Rolando Chivo Valladares, los hermanos N\u00fa\u00f1ez, Atahualpa Yupanqui, el Cuchi Leguizam\u00f3n y el Pato Gentilini integran el repertorio que interpretar\u00e1 esta noche Lucho Hoyos. El guitarrista estar\u00e1 desde las 23 en Casa Managua (San Juan 1.015).<\/p>\n<p>dos presentaciones gratuitas<\/p>\n<p>Un repertorio tradicional del folclore argentino y latinoamericano ser\u00e1 interpretado por Nancy Pedro y Eduardo Picco esta noche en la Terminal Tucum\u00e1n (avenida Br\u00edgido Ter\u00e1n 250), con entrada libre y gratuita. A las 20.30 actuar\u00e1n en la plaza seca y una hora despu\u00e9s, en el patio de comidas.<\/p>\n<p>jazz\u00a0<\/p>\n<p>contrabando en pangea<\/p>\n<p>Gabriel Isa en guitarra, Jos\u00e9 L\u00e1zzara en bajo y Juan Quinteros en bater\u00eda integran Contrabando Jazz. La formaci\u00f3n presentar\u00e1 standards del g\u00e9nero desde las 23 en el bar autogestionado Pangea (Laprida 289).\u00a0<\/p>\n<p>dibujos y m\u00fasica\u00a0<\/p>\n<p>la sinf\u00f3nica vuelve a tocar los cl\u00e1sicos, con proyecciones en vivo<\/p>\n<p>\u00daltima funci\u00f3n de \u201cLa Sinf\u00f3nica y los dibujos animados\u201d, la idea de Roberto Buffo de musicalizar con la Orquesta Sinf\u00f3nica de la Universidad Nacional de Tucum\u00e1n distintas escenas de pel\u00edculas cl\u00e1sicas de animaci\u00f3n. La despedida ser\u00e1 a las 22, en el teatro Alberdi (Jujuy y Cris\u00f3stomo \u00c1lvarez), con la promoci\u00f3n de entradas 2 x 1 para los socios del Club LA GACETA. Se proyectar\u00e1n partes de \u201cCoco\u201d, \u201cLa sirenita\u201d, \u201cLa era del hielo\u201d, \u201cMi villano favorito\u201d y \u201cFrozen\u201d, entre otras producciones.<\/p>\n<p>en taf\u00ed viejo\u00a0<\/p>\n<p>festival infinito al aire libre<\/p>\n<p>La avenida Alem, de Taf\u00ed Viejo, se transformar\u00e1 en el escenario de la segunda edici\u00f3n del Festival Infinito, impulsado por la Fundaci\u00f3n Juntarnos, el colectivo cultural El Sue\u00f1ero y la Municipalidad de esa ciudad. Los recitales comenzar\u00e1n a las 19.30, y est\u00e1n anunciados Javier Fiori Grupo, La Maribanda, la Orquesta Plazoleta All Stars y el grupo de danzas Kunya Lero.<\/p>\n<p>show del recuerdo<\/p>\n<p>referentes de la \u00e9poca de oro en alberdi<\/p>\n<p>Hace una d\u00e9cada falleci\u00f3 el m\u00fasico popular tucumano Henry Varela, quien proyect\u00f3 su arte desde Concepci\u00f3n. Esta noche, desde las 22 y en el Centro Cultural Juan Bautista Alberdi de esa Municipalidad del sur de la provincia, se recordar\u00e1 esa \u00e9poca dorada en la voz de Luis Mayuya Far\u00edas, \u00c1ngel Chich\u00ed Arroyo y Roky Nelson, quienes integraron la banda S\u00e1tiros.<\/p>\n<p>zumbath\u00f3n solidario<\/p>\n<p>baile por la negra cele<\/p>\n<p>En el Centro de Integraci\u00f3n Comunitaria que la Municipalidad de San Miguel de Tucum\u00e1n tiene en avenida Adolfo de la Vega 550, hoy desde las 17 se realizar\u00e1 un baile popular de zumba, bautizado el Zumbath\u00f3n Solidario. La actividad es a beneficio de La Negra Cele.<\/p>\n<p><b><br \/>\nRock |\u00a0Encuentro a beneficio de un comedor social<\/b><br \/>El pilet\u00f3n del parque Avellaneda ser\u00e1 el escenario del festival Rock del Nuestro a partir de las 20, con las actuaciones de Amaranthus, Rock\u2019N Lobos, Vampiro Indio, Aneurixma, Maldito Azar y Asado Chino. La entrada es libre y gratuita, con el objetivo de reunir aportes a beneficio de El Rancho de Mario, un comedor social que funciona en el barrio San Jorge.<\/p>\n<p><b>Andrea Rold\u00e1n propone un recital\u00a0 de a dos<\/b><br \/>\u201cEntre vos y yo\u201d es el nombre del recital que Andrea Rold\u00e1n ofrecer\u00e1 desde las 23.50 en La Negra Restaurante (General Paz y Miguel Lillo). La acompar\u00e1n Rodrigo Soriano, Gonzalo Arag\u00f3n, Mat\u00edas Tirador y Dami\u00e1n Rodr\u00edguez.<\/p>\n<p><b>Power Tr\u00edo en Jos\u00e9 Cuervo<\/b><br \/>Burro de Arranque se presentar\u00e1 desde la medianoche en Jos\u00e9 Cuervo (Miguel Lillo 350), con su repertorio de cl\u00e1sicos del rock y del blues. La banda est\u00e1 integrada por los tucumanos Gonzalo Fares, Gustavo Pipi P\u00e9rez Rossi y Facundo Castelli, en el formato de power tr\u00edo.<\/p>\n<p><b>Folclore |\u00a0Homenaje a Tito Segura<\/b><br \/>En El Alto de la Lechuza (24 de Septiembre y Marco Avellaneda) desde las 22 habr\u00e1 un homenaje a Tito Segura, con la participaci\u00f3n de Zamba 4, Gabriel S\u00e1nchez, Armando \u00c1lvarez y del juje\u00f1o El Changuito Zafrero.<\/p>\n<p><b>Ritmos tucumanos en El Aljibe<\/b><br \/>Los Hilere\u00f1os ser\u00e1 el n\u00famero central que la pe\u00f1a El Aljibe (Las Heras y Cris\u00f3stomo \u00c1lvarez) presentar\u00e1 desde las 22 en su escenario folcl\u00f3rico. Tambi\u00e9n anuncian a Fernando Navarro y al grupo Ra\u00edces.<\/p>\n<p><b>El tributo de Lucho Hoyos<\/b><br \/>Composiciones cl\u00e1sicas de Rolando Chivo Valladares, los hermanos N\u00fa\u00f1ez, Atahualpa Yupanqui, el Cuchi Leguizam\u00f3n y el Pato Gentilini integran el repertorio que interpretar\u00e1 esta noche Lucho Hoyos. El guitarrista estar\u00e1 desde las 23 en Casa Managua (San Juan 1.015).<\/p>\n<p><b>Dos presentaciones gratuitas<\/b><br \/>Un repertorio tradicional del folclore argentino y latinoamericano ser\u00e1 interpretado por Nancy Pedro y Eduardo Picco esta noche en la Terminal Tucum\u00e1n (avenida Br\u00edgido Ter\u00e1n 250), con entrada libre y gratuita. A las 20.30 actuar\u00e1n en la plaza seca y una hora despu\u00e9s, en el patio de comidas.<\/p>\n<p><b>Jazz |\u00a0contrabando en Pangea<\/b><br \/>Gabriel Isa en guitarra, Jos\u00e9 L\u00e1zzara en bajo y Juan Quinteros en bater\u00eda integran Contrabando Jazz. La formaci\u00f3n presentar\u00e1 standards del g\u00e9nero desde las 23 en el bar autogestionado Pangea (Laprida 289).<\/p>\n<p><b>Dibujos y m\u00fasica |\u00a0La Sinf\u00f3nica vuelve a tocar los cl\u00e1sicos, con proyecciones en vivo<\/b><br \/>\u00daltima funci\u00f3n de \u201cLa Sinf\u00f3nica y los dibujos animados\u201d, la idea de Roberto Buffo de musicalizar con la Orquesta Sinf\u00f3nica de la Universidad Nacional de Tucum\u00e1n distintas escenas de pel\u00edculas cl\u00e1sicas de animaci\u00f3n. La despedida ser\u00e1 a las 22, en el teatro Alberdi (Jujuy y Cris\u00f3stomo \u00c1lvarez), con la promoci\u00f3n de entradas 2 x 1 para los socios del Club LA GACETA. Se proyectar\u00e1n partes de \u201cCoco\u201d, \u201cLa sirenita\u201d, \u201cLa era del hielo\u201d, \u201cMi villano favorito\u201d y \u201cFrozen\u201d, entre otras producciones.<\/p>\n<p><b>En Taf\u00ed Viejo |\u00a0Festival Infinito al aire libre<\/b><br \/>La avenida Alem, de Taf\u00ed Viejo, se transformar\u00e1 en el escenario de la segunda edici\u00f3n del Festival Infinito, impulsado por la Fundaci\u00f3n Juntarnos, el colectivo cultural El Sue\u00f1ero y la Municipalidad de esa ciudad. Los recitales comenzar\u00e1n a las 19.30, y est\u00e1n anunciados Javier Fiori Grupo, La Maribanda, la Orquesta Plazoleta All Stars y el grupo de danzas Kunya Lero.<\/p>\n<p><b>Show del recuerdo |\u00a0Referentes de la \u00e9poca de oro en Alberdi<\/b><br \/>Hace una d\u00e9cada falleci\u00f3 el m\u00fasico popular tucumano Henry Varela, quien proyect\u00f3 su arte desde Concepci\u00f3n. Esta noche, desde las 22 y en el Centro Cultural Juan Bautista Alberdi de esa Municipalidad del sur de la provincia, se recordar\u00e1 esa \u00e9poca dorada en la voz de Luis Mayuya Far\u00edas, \u00c1ngel Chich\u00ed Arroyo y Roky Nelson, quienes integraron la banda S\u00e1tiros.<\/p>\n<p><b>Zumbath\u00f3n Solidario |\u00a0Baile por la Negra Cele<\/b><br \/>En el Centro de Integraci\u00f3n Comunitaria que la Municipalidad de San Miguel de Tucum\u00e1n tiene en avenida Adolfo de la Vega 550, hoy desde las 17 se realizar\u00e1 un baile popular de zumba, bautizado el Zumbath\u00f3n Solidario. La actividad es a beneficio de La Negra Cele.<br mce_bogus=\"1\"><\/p>\n<\/p><\/div>\n<\/div>\n<p>Fuente: http:\/\/www.lagaceta.com.ar\/nota\/770284\/espectaculos\/mas-propuestas-musicales-para-esta-noche.html<\/p>\n","protected":false},"excerpt":{"rendered":"<p>rock\u00a0 encuentro a beneficio de un comedor social El pilet\u00f3n del parque Avellaneda ser\u00e1 el escenario del festival Rock del Nuestro a partir de las 20, con las actuaciones de Amaranthus, Rock\u2019N Lobos, Vampiro Indio, Aneurixma, Maldito Azar y Asado Chino. La entrada es libre y gratuita, con el objetivo de reunir aportes a beneficio [&hellip;]<\/p>\n","protected":false},"author":1,"featured_media":10191,"comment_status":"open","ping_status":"closed","sticky":false,"template":"","format":"standard","meta":{"footnotes":""},"categories":[152],"tags":[],"class_list":{"0":"post-10190","1":"post","2":"type-post","3":"status-publish","4":"format-standard","5":"has-post-thumbnail","7":"category-argentina"},"yoast_head":"<!-- This site is optimized with the Yoast SEO plugin v27.5 - https:\/\/yoast.com\/product\/yoast-seo-wordpress\/ -->\n<title>M\u00e1s propuestas musicales para esta noche - El Diario de Tucuman<\/title>\n<meta name=\"robots\" content=\"index, follow, max-snippet:-1, max-image-preview:large, max-video-preview:-1\" \/>\n<link rel=\"canonical\" href=\"https:\/\/www.eldiariodetucuman.com\/web\/mas-propuestas-musicales-para-esta-noche\/\" \/>\n<meta property=\"og:locale\" content=\"es_ES\" \/>\n<meta property=\"og:type\" content=\"article\" \/>\n<meta property=\"og:title\" content=\"M\u00e1s propuestas musicales para esta noche - El Diario de Tucuman\" \/>\n<meta property=\"og:description\" content=\"rock\u00a0 encuentro a beneficio de un comedor social El pilet\u00f3n del parque Avellaneda ser\u00e1 el escenario del festival Rock del Nuestro a partir de las 20, con las actuaciones de Amaranthus, Rock\u2019N Lobos, Vampiro Indio, Aneurixma, Maldito Azar y Asado Chino. La entrada es libre y gratuita, con el objetivo de reunir aportes a beneficio [&hellip;]\" \/>\n<meta property=\"og:url\" content=\"https:\/\/www.eldiariodetucuman.com\/web\/mas-propuestas-musicales-para-esta-noche\/\" \/>\n<meta property=\"og:site_name\" content=\"El Diario de Tucuman\" \/>\n<meta property=\"article:published_time\" content=\"2018-05-12T15:59:30+00:00\" \/>\n<meta property=\"article:modified_time\" content=\"2018-05-12T15:59:31+00:00\" \/>\n<meta property=\"og:image\" content=\"https:\/\/www.eldiariodetucuman.com\/web\/wp-content\/uploads\/2018\/05\/c7ff4deed9ecf9031314a064f2b54e29.jpeg\" \/>\n\t<meta property=\"og:image:width\" content=\"720\" \/>\n\t<meta property=\"og:image:height\" content=\"720\" \/>\n\t<meta property=\"og:image:type\" content=\"image\/jpeg\" \/>\n<meta name=\"author\" content=\"admin\" \/>\n<meta name=\"twitter:card\" content=\"summary_large_image\" \/>\n<meta name=\"twitter:label1\" content=\"Escrito por\" \/>\n\t<meta name=\"twitter:data1\" content=\"admin\" \/>\n\t<meta name=\"twitter:label2\" content=\"Tiempo de lectura\" \/>\n\t<meta name=\"twitter:data2\" content=\"7 minutos\" \/>\n<script type=\"application\/ld+json\" class=\"yoast-schema-graph\">{\"@context\":\"https:\\\/\\\/schema.org\",\"@graph\":[{\"@type\":\"Article\",\"@id\":\"https:\\\/\\\/www.eldiariodetucuman.com\\\/web\\\/mas-propuestas-musicales-para-esta-noche\\\/#article\",\"isPartOf\":{\"@id\":\"https:\\\/\\\/www.eldiariodetucuman.com\\\/web\\\/mas-propuestas-musicales-para-esta-noche\\\/\"},\"author\":{\"name\":\"admin\",\"@id\":\"https:\\\/\\\/www.eldiariodetucuman.com\\\/web\\\/#\\\/schema\\\/person\\\/9250197d75ab5483412e19678b121caa\"},\"headline\":\"M\u00e1s propuestas musicales para esta noche\",\"datePublished\":\"2018-05-12T15:59:30+00:00\",\"dateModified\":\"2018-05-12T15:59:31+00:00\",\"mainEntityOfPage\":{\"@id\":\"https:\\\/\\\/www.eldiariodetucuman.com\\\/web\\\/mas-propuestas-musicales-para-esta-noche\\\/\"},\"wordCount\":1427,\"commentCount\":0,\"publisher\":{\"@id\":\"https:\\\/\\\/www.eldiariodetucuman.com\\\/web\\\/#organization\"},\"image\":{\"@id\":\"https:\\\/\\\/www.eldiariodetucuman.com\\\/web\\\/mas-propuestas-musicales-para-esta-noche\\\/#primaryimage\"},\"thumbnailUrl\":\"https:\\\/\\\/www.eldiariodetucuman.com\\\/web\\\/wp-content\\\/uploads\\\/2018\\\/05\\\/c7ff4deed9ecf9031314a064f2b54e29.jpeg\",\"articleSection\":[\"Argentina\"],\"inLanguage\":\"es\",\"potentialAction\":[{\"@type\":\"CommentAction\",\"name\":\"Comment\",\"target\":[\"https:\\\/\\\/www.eldiariodetucuman.com\\\/web\\\/mas-propuestas-musicales-para-esta-noche\\\/#respond\"]}]},{\"@type\":\"WebPage\",\"@id\":\"https:\\\/\\\/www.eldiariodetucuman.com\\\/web\\\/mas-propuestas-musicales-para-esta-noche\\\/\",\"url\":\"https:\\\/\\\/www.eldiariodetucuman.com\\\/web\\\/mas-propuestas-musicales-para-esta-noche\\\/\",\"name\":\"M\u00e1s propuestas musicales para esta noche - El Diario de Tucuman\",\"isPartOf\":{\"@id\":\"https:\\\/\\\/www.eldiariodetucuman.com\\\/web\\\/#website\"},\"primaryImageOfPage\":{\"@id\":\"https:\\\/\\\/www.eldiariodetucuman.com\\\/web\\\/mas-propuestas-musicales-para-esta-noche\\\/#primaryimage\"},\"image\":{\"@id\":\"https:\\\/\\\/www.eldiariodetucuman.com\\\/web\\\/mas-propuestas-musicales-para-esta-noche\\\/#primaryimage\"},\"thumbnailUrl\":\"https:\\\/\\\/www.eldiariodetucuman.com\\\/web\\\/wp-content\\\/uploads\\\/2018\\\/05\\\/c7ff4deed9ecf9031314a064f2b54e29.jpeg\",\"datePublished\":\"2018-05-12T15:59:30+00:00\",\"dateModified\":\"2018-05-12T15:59:31+00:00\",\"breadcrumb\":{\"@id\":\"https:\\\/\\\/www.eldiariodetucuman.com\\\/web\\\/mas-propuestas-musicales-para-esta-noche\\\/#breadcrumb\"},\"inLanguage\":\"es\",\"potentialAction\":[{\"@type\":\"ReadAction\",\"target\":[\"https:\\\/\\\/www.eldiariodetucuman.com\\\/web\\\/mas-propuestas-musicales-para-esta-noche\\\/\"]}]},{\"@type\":\"ImageObject\",\"inLanguage\":\"es\",\"@id\":\"https:\\\/\\\/www.eldiariodetucuman.com\\\/web\\\/mas-propuestas-musicales-para-esta-noche\\\/#primaryimage\",\"url\":\"https:\\\/\\\/www.eldiariodetucuman.com\\\/web\\\/wp-content\\\/uploads\\\/2018\\\/05\\\/c7ff4deed9ecf9031314a064f2b54e29.jpeg\",\"contentUrl\":\"https:\\\/\\\/www.eldiariodetucuman.com\\\/web\\\/wp-content\\\/uploads\\\/2018\\\/05\\\/c7ff4deed9ecf9031314a064f2b54e29.jpeg\",\"width\":720,\"height\":720},{\"@type\":\"BreadcrumbList\",\"@id\":\"https:\\\/\\\/www.eldiariodetucuman.com\\\/web\\\/mas-propuestas-musicales-para-esta-noche\\\/#breadcrumb\",\"itemListElement\":[{\"@type\":\"ListItem\",\"position\":1,\"name\":\"Portada\",\"item\":\"https:\\\/\\\/www.eldiariodetucuman.com\\\/web\\\/\"},{\"@type\":\"ListItem\",\"position\":2,\"name\":\"M\u00e1s propuestas musicales para esta noche\"}]},{\"@type\":\"WebSite\",\"@id\":\"https:\\\/\\\/www.eldiariodetucuman.com\\\/web\\\/#website\",\"url\":\"https:\\\/\\\/www.eldiariodetucuman.com\\\/web\\\/\",\"name\":\"El Diario de Tucuman\",\"description\":\"Diario Tucuman - Informaci\u00f3n y noticias\",\"publisher\":{\"@id\":\"https:\\\/\\\/www.eldiariodetucuman.com\\\/web\\\/#organization\"},\"potentialAction\":[{\"@type\":\"SearchAction\",\"target\":{\"@type\":\"EntryPoint\",\"urlTemplate\":\"https:\\\/\\\/www.eldiariodetucuman.com\\\/web\\\/?s={search_term_string}\"},\"query-input\":{\"@type\":\"PropertyValueSpecification\",\"valueRequired\":true,\"valueName\":\"search_term_string\"}}],\"inLanguage\":\"es\"},{\"@type\":\"Organization\",\"@id\":\"https:\\\/\\\/www.eldiariodetucuman.com\\\/web\\\/#organization\",\"name\":\"El Diario de Tucuman\",\"url\":\"https:\\\/\\\/www.eldiariodetucuman.com\\\/web\\\/\",\"logo\":{\"@type\":\"ImageObject\",\"inLanguage\":\"es\",\"@id\":\"https:\\\/\\\/www.eldiariodetucuman.com\\\/web\\\/#\\\/schema\\\/logo\\\/image\\\/\",\"url\":\"http:\\\/\\\/www.eldiariodetucuman.com\\\/web\\\/wp-content\\\/uploads\\\/2017\\\/12\\\/el-diario-de-tucuman.jpg\",\"contentUrl\":\"http:\\\/\\\/www.eldiariodetucuman.com\\\/web\\\/wp-content\\\/uploads\\\/2017\\\/12\\\/el-diario-de-tucuman.jpg\",\"width\":272,\"height\":92,\"caption\":\"El Diario de Tucuman\"},\"image\":{\"@id\":\"https:\\\/\\\/www.eldiariodetucuman.com\\\/web\\\/#\\\/schema\\\/logo\\\/image\\\/\"}},{\"@type\":\"Person\",\"@id\":\"https:\\\/\\\/www.eldiariodetucuman.com\\\/web\\\/#\\\/schema\\\/person\\\/9250197d75ab5483412e19678b121caa\",\"name\":\"admin\",\"image\":{\"@type\":\"ImageObject\",\"inLanguage\":\"es\",\"@id\":\"https:\\\/\\\/secure.gravatar.com\\\/avatar\\\/c44d117c2be811212c22cb481f6b8384b6873de103fbc49e7a03cc58d7dea4ac?s=96&d=mm&r=g\",\"url\":\"https:\\\/\\\/secure.gravatar.com\\\/avatar\\\/c44d117c2be811212c22cb481f6b8384b6873de103fbc49e7a03cc58d7dea4ac?s=96&d=mm&r=g\",\"contentUrl\":\"https:\\\/\\\/secure.gravatar.com\\\/avatar\\\/c44d117c2be811212c22cb481f6b8384b6873de103fbc49e7a03cc58d7dea4ac?s=96&d=mm&r=g\",\"caption\":\"admin\"},\"url\":\"https:\\\/\\\/www.eldiariodetucuman.com\\\/web\\\/author\\\/admin\\\/\"}]}<\/script>\n<!-- \/ Yoast SEO plugin. -->","yoast_head_json":{"title":"M\u00e1s propuestas musicales para esta noche - El Diario de Tucuman","robots":{"index":"index","follow":"follow","max-snippet":"max-snippet:-1","max-image-preview":"max-image-preview:large","max-video-preview":"max-video-preview:-1"},"canonical":"https:\/\/www.eldiariodetucuman.com\/web\/mas-propuestas-musicales-para-esta-noche\/","og_locale":"es_ES","og_type":"article","og_title":"M\u00e1s propuestas musicales para esta noche - El Diario de Tucuman","og_description":"rock\u00a0 encuentro a beneficio de un comedor social El pilet\u00f3n del parque Avellaneda ser\u00e1 el escenario del festival Rock del Nuestro a partir de las 20, con las actuaciones de Amaranthus, Rock\u2019N Lobos, Vampiro Indio, Aneurixma, Maldito Azar y Asado Chino. La entrada es libre y gratuita, con el objetivo de reunir aportes a beneficio [&hellip;]","og_url":"https:\/\/www.eldiariodetucuman.com\/web\/mas-propuestas-musicales-para-esta-noche\/","og_site_name":"El Diario de Tucuman","article_published_time":"2018-05-12T15:59:30+00:00","article_modified_time":"2018-05-12T15:59:31+00:00","og_image":[{"width":720,"height":720,"url":"https:\/\/www.eldiariodetucuman.com\/web\/wp-content\/uploads\/2018\/05\/c7ff4deed9ecf9031314a064f2b54e29.jpeg","type":"image\/jpeg"}],"author":"admin","twitter_card":"summary_large_image","twitter_misc":{"Escrito por":"admin","Tiempo de lectura":"7 minutos"},"schema":{"@context":"https:\/\/schema.org","@graph":[{"@type":"Article","@id":"https:\/\/www.eldiariodetucuman.com\/web\/mas-propuestas-musicales-para-esta-noche\/#article","isPartOf":{"@id":"https:\/\/www.eldiariodetucuman.com\/web\/mas-propuestas-musicales-para-esta-noche\/"},"author":{"name":"admin","@id":"https:\/\/www.eldiariodetucuman.com\/web\/#\/schema\/person\/9250197d75ab5483412e19678b121caa"},"headline":"M\u00e1s propuestas musicales para esta noche","datePublished":"2018-05-12T15:59:30+00:00","dateModified":"2018-05-12T15:59:31+00:00","mainEntityOfPage":{"@id":"https:\/\/www.eldiariodetucuman.com\/web\/mas-propuestas-musicales-para-esta-noche\/"},"wordCount":1427,"commentCount":0,"publisher":{"@id":"https:\/\/www.eldiariodetucuman.com\/web\/#organization"},"image":{"@id":"https:\/\/www.eldiariodetucuman.com\/web\/mas-propuestas-musicales-para-esta-noche\/#primaryimage"},"thumbnailUrl":"https:\/\/www.eldiariodetucuman.com\/web\/wp-content\/uploads\/2018\/05\/c7ff4deed9ecf9031314a064f2b54e29.jpeg","articleSection":["Argentina"],"inLanguage":"es","potentialAction":[{"@type":"CommentAction","name":"Comment","target":["https:\/\/www.eldiariodetucuman.com\/web\/mas-propuestas-musicales-para-esta-noche\/#respond"]}]},{"@type":"WebPage","@id":"https:\/\/www.eldiariodetucuman.com\/web\/mas-propuestas-musicales-para-esta-noche\/","url":"https:\/\/www.eldiariodetucuman.com\/web\/mas-propuestas-musicales-para-esta-noche\/","name":"M\u00e1s propuestas musicales para esta noche - El Diario de Tucuman","isPartOf":{"@id":"https:\/\/www.eldiariodetucuman.com\/web\/#website"},"primaryImageOfPage":{"@id":"https:\/\/www.eldiariodetucuman.com\/web\/mas-propuestas-musicales-para-esta-noche\/#primaryimage"},"image":{"@id":"https:\/\/www.eldiariodetucuman.com\/web\/mas-propuestas-musicales-para-esta-noche\/#primaryimage"},"thumbnailUrl":"https:\/\/www.eldiariodetucuman.com\/web\/wp-content\/uploads\/2018\/05\/c7ff4deed9ecf9031314a064f2b54e29.jpeg","datePublished":"2018-05-12T15:59:30+00:00","dateModified":"2018-05-12T15:59:31+00:00","breadcrumb":{"@id":"https:\/\/www.eldiariodetucuman.com\/web\/mas-propuestas-musicales-para-esta-noche\/#breadcrumb"},"inLanguage":"es","potentialAction":[{"@type":"ReadAction","target":["https:\/\/www.eldiariodetucuman.com\/web\/mas-propuestas-musicales-para-esta-noche\/"]}]},{"@type":"ImageObject","inLanguage":"es","@id":"https:\/\/www.eldiariodetucuman.com\/web\/mas-propuestas-musicales-para-esta-noche\/#primaryimage","url":"https:\/\/www.eldiariodetucuman.com\/web\/wp-content\/uploads\/2018\/05\/c7ff4deed9ecf9031314a064f2b54e29.jpeg","contentUrl":"https:\/\/www.eldiariodetucuman.com\/web\/wp-content\/uploads\/2018\/05\/c7ff4deed9ecf9031314a064f2b54e29.jpeg","width":720,"height":720},{"@type":"BreadcrumbList","@id":"https:\/\/www.eldiariodetucuman.com\/web\/mas-propuestas-musicales-para-esta-noche\/#breadcrumb","itemListElement":[{"@type":"ListItem","position":1,"name":"Portada","item":"https:\/\/www.eldiariodetucuman.com\/web\/"},{"@type":"ListItem","position":2,"name":"M\u00e1s propuestas musicales para esta noche"}]},{"@type":"WebSite","@id":"https:\/\/www.eldiariodetucuman.com\/web\/#website","url":"https:\/\/www.eldiariodetucuman.com\/web\/","name":"El Diario de Tucuman","description":"Diario Tucuman - Informaci\u00f3n y noticias","publisher":{"@id":"https:\/\/www.eldiariodetucuman.com\/web\/#organization"},"potentialAction":[{"@type":"SearchAction","target":{"@type":"EntryPoint","urlTemplate":"https:\/\/www.eldiariodetucuman.com\/web\/?s={search_term_string}"},"query-input":{"@type":"PropertyValueSpecification","valueRequired":true,"valueName":"search_term_string"}}],"inLanguage":"es"},{"@type":"Organization","@id":"https:\/\/www.eldiariodetucuman.com\/web\/#organization","name":"El Diario de Tucuman","url":"https:\/\/www.eldiariodetucuman.com\/web\/","logo":{"@type":"ImageObject","inLanguage":"es","@id":"https:\/\/www.eldiariodetucuman.com\/web\/#\/schema\/logo\/image\/","url":"http:\/\/www.eldiariodetucuman.com\/web\/wp-content\/uploads\/2017\/12\/el-diario-de-tucuman.jpg","contentUrl":"http:\/\/www.eldiariodetucuman.com\/web\/wp-content\/uploads\/2017\/12\/el-diario-de-tucuman.jpg","width":272,"height":92,"caption":"El Diario de Tucuman"},"image":{"@id":"https:\/\/www.eldiariodetucuman.com\/web\/#\/schema\/logo\/image\/"}},{"@type":"Person","@id":"https:\/\/www.eldiariodetucuman.com\/web\/#\/schema\/person\/9250197d75ab5483412e19678b121caa","name":"admin","image":{"@type":"ImageObject","inLanguage":"es","@id":"https:\/\/secure.gravatar.com\/avatar\/c44d117c2be811212c22cb481f6b8384b6873de103fbc49e7a03cc58d7dea4ac?s=96&d=mm&r=g","url":"https:\/\/secure.gravatar.com\/avatar\/c44d117c2be811212c22cb481f6b8384b6873de103fbc49e7a03cc58d7dea4ac?s=96&d=mm&r=g","contentUrl":"https:\/\/secure.gravatar.com\/avatar\/c44d117c2be811212c22cb481f6b8384b6873de103fbc49e7a03cc58d7dea4ac?s=96&d=mm&r=g","caption":"admin"},"url":"https:\/\/www.eldiariodetucuman.com\/web\/author\/admin\/"}]}},"_links":{"self":[{"href":"https:\/\/www.eldiariodetucuman.com\/web\/wp-json\/wp\/v2\/posts\/10190","targetHints":{"allow":["GET"]}}],"collection":[{"href":"https:\/\/www.eldiariodetucuman.com\/web\/wp-json\/wp\/v2\/posts"}],"about":[{"href":"https:\/\/www.eldiariodetucuman.com\/web\/wp-json\/wp\/v2\/types\/post"}],"author":[{"embeddable":true,"href":"https:\/\/www.eldiariodetucuman.com\/web\/wp-json\/wp\/v2\/users\/1"}],"replies":[{"embeddable":true,"href":"https:\/\/www.eldiariodetucuman.com\/web\/wp-json\/wp\/v2\/comments?post=10190"}],"version-history":[{"count":1,"href":"https:\/\/www.eldiariodetucuman.com\/web\/wp-json\/wp\/v2\/posts\/10190\/revisions"}],"predecessor-version":[{"id":10192,"href":"https:\/\/www.eldiariodetucuman.com\/web\/wp-json\/wp\/v2\/posts\/10190\/revisions\/10192"}],"wp:featuredmedia":[{"embeddable":true,"href":"https:\/\/www.eldiariodetucuman.com\/web\/wp-json\/wp\/v2\/media\/10191"}],"wp:attachment":[{"href":"https:\/\/www.eldiariodetucuman.com\/web\/wp-json\/wp\/v2\/media?parent=10190"}],"wp:term":[{"taxonomy":"category","embeddable":true,"href":"https:\/\/www.eldiariodetucuman.com\/web\/wp-json\/wp\/v2\/categories?post=10190"},{"taxonomy":"post_tag","embeddable":true,"href":"https:\/\/www.eldiariodetucuman.com\/web\/wp-json\/wp\/v2\/tags?post=10190"}],"curies":[{"name":"wp","href":"https:\/\/api.w.org\/{rel}","templated":true}]}}